{"id":26842,"date":"2022-09-07T16:24:33","date_gmt":"2022-09-07T16:24:33","guid":{"rendered":"https:\/\/www.africa-press.net\/cameroun\/politique\/cameroun-le-bresil-veut-investir-dans-lagro-business"},"modified":"2022-09-07T16:24:47","modified_gmt":"2022-09-07T16:24:47","slug":"cameroun-le-bresil-veut-investir-dans-lagro-business","status":"publish","type":"post","link":"https:\/\/www.africa-press.net\/cameroun\/economie\/cameroun-le-bresil-veut-investir-dans-lagro-business","title":{"rendered":"Cameroun: Le Br\u00e9sil veut investir dans l\u2019agro-business"},"content":{"rendered":"<p><span style=\"color: #ff6600\"><strong>Africa-Press &#8211; Cameroun. <\/strong><\/span>Gabriel Mba\u00efrobe, ministre camerounais de l\u2019Agriculture et du d\u00e9veloppement rural (Minader) et ses homologues Gabriel Dodo Ndoke (Mines, de l\u2019industrie et du d\u00e9veloppement technologique), Achille Bassilekin III (Petites et Moyennes Entreprises, de l&rsquo;Economie Sociale et de l&rsquo;Artisanat) et Dr Ta\u00efga (Elevage, des p\u00eaches et des industries animales) ont conjointement re\u00e7u le lundi 05 septembre, une d\u00e9l\u00e9gation d\u2019hommes d\u2019affaires br\u00e9siliens.<\/p>\n<p>Ces derniers vont passer 07 jours au Cameroun pour parler des opportunit\u00e9s de d\u00e9veloppement d\u2019entreprises rentables g\u00e9r\u00e9es par les jeunes hommes et femmes camerounais dans les fili\u00e8res agropastorales porteuses. Le Br\u00e9sil est depuis 2005, le premier exportateur mondial de viande bovine et se situe au 2e rang mondial pour le cheptel bovin (tonnage et\/ou valeur), derri\u00e8re l&rsquo;Inde dont les vaches ont un tout autre statut et un tout autre r\u00f4le.<\/p>\n<p>Gabriel Mba\u00efrobe a expliqu\u00e9 que le Cameroun va saisir cette opportunit\u00e9 pour mobiliser les technico-financiers br\u00e9siliens afin de booster l\u2019entrepreneuriat jeune et permettre aux petites et moyennes entreprises et \u00e0 certains op\u00e9rateurs \u00e9conomiques de nouer des relations d\u2019affaires avec les entrepreneurs locaux.<\/p>\n<p>Les ressources naturelles du Br\u00e9sil, sa superficie, ses conditions climatiques et ses efforts men\u00e9s en mati\u00e8re de modernisation en font un des tous premiers producteurs agricoles au monde. Le Br\u00e9sil est aujourd\u2019hui le 4\u00e8me agro-exportateur mondial derri\u00e8re les Etats-Unis d\u2019Am\u00e9rique, les Pays-Bas, l\u2019Allemagne, et juste devant la France.<\/p>\n<p>Le pays fait partie des premiers producteurs et exportateurs mondiaux de nombreuses mati\u00e8res premi\u00e8res en 2013, le Br\u00e9sil a occup\u00e9 la 1\u00e8re place dans le domaine du sucre, jus d\u2019oranges, caf\u00e9 ; deuxi\u00e8me en \u00e9thanol et viande bovine ; deuxi\u00e8me producteur mais 1er exportateur en soja ; 3e producteur et 1er exportateur de viande de volailles ; 3e producteur et 2nd exportateur de ma\u00efs ; 4e en viande porcine.<\/p>\n<p><b>Jean Daniel Obama<\/b><\/p>\n<p><strong>Pour plus d&rsquo;informations et d&rsquo;analyses sur la <a href=\"https:\/\/www.africa-press.net\/cameroun\">Cameroun<\/a>, suivez <a href=\"https:\/\/www.africa-press.net\/\">Africa-Press<\/a><\/strong><\/p>\n","protected":false},"excerpt":{"rendered":"<p>Africa-Press &#8211; Cameroun. Gabriel Mba\u00efrobe, ministre camerounais de l\u2019Agriculture et du d\u00e9veloppement rural (Minader) et ses homologues Gabriel Dodo Ndoke (Mines, de l\u2019industrie et du d\u00e9veloppement technologique), Achille Bassilekin III (Petites et Moyennes Entreprises, de l&rsquo;Economie Sociale et de l&rsquo;Artisanat) et Dr Ta\u00efga (Elevage, des p\u00eaches et des industries animales) ont conjointement re\u00e7u le lundi [&hellip;]<\/p>\n","protected":false},"author":82,"featured_media":26841,"comment_status":"open","ping_status":"closed","sticky":false,"template":"","format":"standard","meta":{"footnotes":""},"categories":[3,11,10],"tags":[36,50,49],"class_list":["post-26842","post","type-post","status-publish","format-standard","has-post-thumbnail","hentry","category-economie","category-homepage-french","category-toutes-les-actualites","tag-africa-press","tag-africa-press-cameroun","tag-cameroun"],"yoast_head":"<!-- This site is optimized with the Yoast SEO Premium plugin v26.1 (Yoast SEO v27.0) - https:\/\/yoast.com\/product\/yoast-seo-premium-wordpress\/ -->\n<title>Cameroun: Le Br\u00e9sil veut investir dans l\u2019agro-business - Cameroun<\/title>\n<meta name=\"description\" content=\"Gabriel Mba\u00efrobe, ministre camerounais de l\u2019Agriculture et du d\u00e9veloppement rural (Minader) et ses homologues Gabriel Do ...\" \/>\n<meta name=\"robots\" content=\"index, follow, max-snippet:-1, max-image-preview:large, max-video-preview:-1\" \/>\n<link rel=\"canonical\" href=\"https:\/\/www.africa-press.net\/cameroun\/economie\/cameroun-le-bresil-veut-investir-dans-lagro-business\" \/>\n<meta property=\"og:locale\" content=\"fr_FR\" \/>\n<meta property=\"og:type\" content=\"article\" \/>\n<meta property=\"og:title\" content=\"Cameroun: Le Br\u00e9sil veut investir dans l\u2019agro-business\" \/>\n<meta property=\"og:description\" content=\"Gabriel Mba\u00efrobe, ministre camerounais de l\u2019Agriculture et du d\u00e9veloppement rural (Minader) et ses homologues Gabriel Do ...\" \/>\n<meta property=\"og:url\" content=\"https:\/\/www.africa-press.net\/cameroun\/economie\/cameroun-le-bresil-veut-investir-dans-lagro-business\" \/>\n<meta property=\"og:site_name\" content=\"Cameroun\" \/>\n<meta property=\"article:published_time\" content=\"2022-09-07T16:24:33+00:00\" \/>\n<meta property=\"article:modified_time\" content=\"2022-09-07T16:24:47+00:00\" \/>\n<meta property=\"og:image\" content=\"https:\/\/static.africa-press.net\/cameroun\/sites\/57\/2022\/09\/img-6318c5b598a2f.jpg\" \/>\n\t<meta property=\"og:image:width\" content=\"800\" \/>\n\t<meta property=\"og:image:height\" content=\"450\" \/>\n\t<meta property=\"og:image:type\" content=\"image\/jpeg\" \/>\n<meta name=\"author\" content=\"cfeditorfr\" \/>\n<meta name=\"twitter:card\" content=\"summary_large_image\" \/>\n<meta name=\"twitter:label1\" content=\"\u00c9crit par\" \/>\n\t<meta name=\"twitter:data1\" content=\"cfeditorfr\" \/>\n\t<meta name=\"twitter:label2\" content=\"Dur\u00e9e de lecture estim\u00e9e\" \/>\n\t<meta name=\"twitter:data2\" content=\"2 minutes\" \/>\n<script type=\"application\/ld+json\" class=\"yoast-schema-graph\">{\"@context\":\"https:\/\/schema.org\",\"@graph\":[{\"@type\":\"Article\",\"@id\":\"https:\/\/www.africa-press.net\/cameroun\/economie\/cameroun-le-bresil-veut-investir-dans-lagro-business#article\",\"isPartOf\":{\"@id\":\"https:\/\/www.africa-press.net\/cameroun\/economie\/cameroun-le-bresil-veut-investir-dans-lagro-business\"},\"author\":{\"name\":\"cfeditorfr\",\"@id\":\"https:\/\/www.africa-press.net\/cameroun\/#\/schema\/person\/2b1cf3cd81a31e3cd26889ca66d677f1\"},\"headline\":\"Cameroun: Le Br\u00e9sil veut investir dans l\u2019agro-business\",\"datePublished\":\"2022-09-07T16:24:33+00:00\",\"dateModified\":\"2022-09-07T16:24:47+00:00\",\"mainEntityOfPage\":{\"@id\":\"https:\/\/www.africa-press.net\/cameroun\/economie\/cameroun-le-bresil-veut-investir-dans-lagro-business\"},\"wordCount\":352,\"commentCount\":0,\"image\":{\"@id\":\"https:\/\/www.africa-press.net\/cameroun\/economie\/cameroun-le-bresil-veut-investir-dans-lagro-business#primaryimage\"},\"thumbnailUrl\":\"https:\/\/static.africa-press.net\/cameroun\/sites\/57\/2022\/09\/img-6318c5b598a2f.jpg\",\"keywords\":[\"Africa Press\",\"Africa Press-Cameroun\",\"Cameroun\"],\"articleSection\":[\"\u00c9conomie\",\"homepage-french\",\"Toutes les actualit\u00e9s\"],\"inLanguage\":\"fr-FR\",\"potentialAction\":[{\"@type\":\"CommentAction\",\"name\":\"Comment\",\"target\":[\"https:\/\/www.africa-press.net\/cameroun\/economie\/cameroun-le-bresil-veut-investir-dans-lagro-business#respond\"]}]},{\"@type\":\"WebPage\",\"@id\":\"https:\/\/www.africa-press.net\/cameroun\/economie\/cameroun-le-bresil-veut-investir-dans-lagro-business\",\"url\":\"https:\/\/www.africa-press.net\/cameroun\/economie\/cameroun-le-bresil-veut-investir-dans-lagro-business\",\"name\":\"Cameroun: Le Br\u00e9sil veut investir dans l\u2019agro-business - Cameroun\",\"isPartOf\":{\"@id\":\"https:\/\/www.africa-press.net\/cameroun\/#website\"},\"primaryImageOfPage\":{\"@id\":\"https:\/\/www.africa-press.net\/cameroun\/economie\/cameroun-le-bresil-veut-investir-dans-lagro-business#primaryimage\"},\"image\":{\"@id\":\"https:\/\/www.africa-press.net\/cameroun\/economie\/cameroun-le-bresil-veut-investir-dans-lagro-business#primaryimage\"},\"thumbnailUrl\":\"https:\/\/static.africa-press.net\/cameroun\/sites\/57\/2022\/09\/img-6318c5b598a2f.jpg\",\"datePublished\":\"2022-09-07T16:24:33+00:00\",\"dateModified\":\"2022-09-07T16:24:47+00:00\",\"author\":{\"@id\":\"https:\/\/www.africa-press.net\/cameroun\/#\/schema\/person\/2b1cf3cd81a31e3cd26889ca66d677f1\"},\"description\":\"Gabriel Mba\u00efrobe, ministre camerounais de l\u2019Agriculture et du d\u00e9veloppement rural (Minader) et ses homologues Gabriel Do ...\",\"breadcrumb\":{\"@id\":\"https:\/\/www.africa-press.net\/cameroun\/economie\/cameroun-le-bresil-veut-investir-dans-lagro-business#breadcrumb\"},\"inLanguage\":\"fr-FR\",\"potentialAction\":[{\"@type\":\"ReadAction\",\"target\":[\"https:\/\/www.africa-press.net\/cameroun\/economie\/cameroun-le-bresil-veut-investir-dans-lagro-business\"]}]},{\"@type\":\"ImageObject\",\"inLanguage\":\"fr-FR\",\"@id\":\"https:\/\/www.africa-press.net\/cameroun\/economie\/cameroun-le-bresil-veut-investir-dans-lagro-business#primaryimage\",\"url\":\"https:\/\/static.africa-press.net\/cameroun\/sites\/57\/2022\/09\/img-6318c5b598a2f.jpg\",\"contentUrl\":\"https:\/\/static.africa-press.net\/cameroun\/sites\/57\/2022\/09\/img-6318c5b598a2f.jpg\",\"width\":800,\"height\":450,\"caption\":\"Cameroun: Le Br\u00e9sil veut investir dans l\u2019agro-business\"},{\"@type\":\"BreadcrumbList\",\"@id\":\"https:\/\/www.africa-press.net\/cameroun\/economie\/cameroun-le-bresil-veut-investir-dans-lagro-business#breadcrumb\",\"itemListElement\":[{\"@type\":\"ListItem\",\"position\":1,\"name\":\"Accueil\",\"item\":\"https:\/\/www.africa-press.net\/cameroun\/\"},{\"@type\":\"ListItem\",\"position\":2,\"name\":\"Cameroun: Le Br\u00e9sil veut investir dans l\u2019agro-business\"}]},{\"@type\":\"WebSite\",\"@id\":\"https:\/\/www.africa-press.net\/cameroun\/#website\",\"url\":\"https:\/\/www.africa-press.net\/cameroun\/\",\"name\":\"Cameroun\",\"description\":\"Just another Africa News Agency Sites site\",\"potentialAction\":[{\"@type\":\"SearchAction\",\"target\":{\"@type\":\"EntryPoint\",\"urlTemplate\":\"https:\/\/www.africa-press.net\/cameroun\/?s={search_term_string}\"},\"query-input\":{\"@type\":\"PropertyValueSpecification\",\"valueRequired\":true,\"valueName\":\"search_term_string\"}}],\"inLanguage\":\"fr-FR\"},{\"@type\":\"Person\",\"@id\":\"https:\/\/www.africa-press.net\/cameroun\/#\/schema\/person\/2b1cf3cd81a31e3cd26889ca66d677f1\",\"name\":\"cfeditorfr\"}]}<\/script>\n<!-- \/ Yoast SEO Premium plugin. -->","yoast_head_json":{"title":"Cameroun: Le Br\u00e9sil veut investir dans l\u2019agro-business - Cameroun","description":"Gabriel Mba\u00efrobe, ministre camerounais de l\u2019Agriculture et du d\u00e9veloppement rural (Minader) et ses homologues Gabriel Do ...","robots":{"index":"index","follow":"follow","max-snippet":"max-snippet:-1","max-image-preview":"max-image-preview:large","max-video-preview":"max-video-preview:-1"},"canonical":"https:\/\/www.africa-press.net\/cameroun\/economie\/cameroun-le-bresil-veut-investir-dans-lagro-business","og_locale":"fr_FR","og_type":"article","og_title":"Cameroun: Le Br\u00e9sil veut investir dans l\u2019agro-business","og_description":"Gabriel Mba\u00efrobe, ministre camerounais de l\u2019Agriculture et du d\u00e9veloppement rural (Minader) et ses homologues Gabriel Do ...","og_url":"https:\/\/www.africa-press.net\/cameroun\/economie\/cameroun-le-bresil-veut-investir-dans-lagro-business","og_site_name":"Cameroun","article_published_time":"2022-09-07T16:24:33+00:00","article_modified_time":"2022-09-07T16:24:47+00:00","og_image":[{"width":800,"height":450,"url":"https:\/\/static.africa-press.net\/cameroun\/sites\/57\/2022\/09\/img-6318c5b598a2f.jpg","type":"image\/jpeg"}],"author":"cfeditorfr","twitter_card":"summary_large_image","twitter_misc":{"\u00c9crit par":"cfeditorfr","Dur\u00e9e de lecture estim\u00e9e":"2 minutes"},"schema":{"@context":"https:\/\/schema.org","@graph":[{"@type":"Article","@id":"https:\/\/www.africa-press.net\/cameroun\/economie\/cameroun-le-bresil-veut-investir-dans-lagro-business#article","isPartOf":{"@id":"https:\/\/www.africa-press.net\/cameroun\/economie\/cameroun-le-bresil-veut-investir-dans-lagro-business"},"author":{"name":"cfeditorfr","@id":"https:\/\/www.africa-press.net\/cameroun\/#\/schema\/person\/2b1cf3cd81a31e3cd26889ca66d677f1"},"headline":"Cameroun: Le Br\u00e9sil veut investir dans l\u2019agro-business","datePublished":"2022-09-07T16:24:33+00:00","dateModified":"2022-09-07T16:24:47+00:00","mainEntityOfPage":{"@id":"https:\/\/www.africa-press.net\/cameroun\/economie\/cameroun-le-bresil-veut-investir-dans-lagro-business"},"wordCount":352,"commentCount":0,"image":{"@id":"https:\/\/www.africa-press.net\/cameroun\/economie\/cameroun-le-bresil-veut-investir-dans-lagro-business#primaryimage"},"thumbnailUrl":"https:\/\/static.africa-press.net\/cameroun\/sites\/57\/2022\/09\/img-6318c5b598a2f.jpg","keywords":["Africa Press","Africa Press-Cameroun","Cameroun"],"articleSection":["\u00c9conomie","homepage-french","Toutes les actualit\u00e9s"],"inLanguage":"fr-FR","potentialAction":[{"@type":"CommentAction","name":"Comment","target":["https:\/\/www.africa-press.net\/cameroun\/economie\/cameroun-le-bresil-veut-investir-dans-lagro-business#respond"]}]},{"@type":"WebPage","@id":"https:\/\/www.africa-press.net\/cameroun\/economie\/cameroun-le-bresil-veut-investir-dans-lagro-business","url":"https:\/\/www.africa-press.net\/cameroun\/economie\/cameroun-le-bresil-veut-investir-dans-lagro-business","name":"Cameroun: Le Br\u00e9sil veut investir dans l\u2019agro-business - Cameroun","isPartOf":{"@id":"https:\/\/www.africa-press.net\/cameroun\/#website"},"primaryImageOfPage":{"@id":"https:\/\/www.africa-press.net\/cameroun\/economie\/cameroun-le-bresil-veut-investir-dans-lagro-business#primaryimage"},"image":{"@id":"https:\/\/www.africa-press.net\/cameroun\/economie\/cameroun-le-bresil-veut-investir-dans-lagro-business#primaryimage"},"thumbnailUrl":"https:\/\/static.africa-press.net\/cameroun\/sites\/57\/2022\/09\/img-6318c5b598a2f.jpg","datePublished":"2022-09-07T16:24:33+00:00","dateModified":"2022-09-07T16:24:47+00:00","author":{"@id":"https:\/\/www.africa-press.net\/cameroun\/#\/schema\/person\/2b1cf3cd81a31e3cd26889ca66d677f1"},"description":"Gabriel Mba\u00efrobe, ministre camerounais de l\u2019Agriculture et du d\u00e9veloppement rural (Minader) et ses homologues Gabriel Do ...","breadcrumb":{"@id":"https:\/\/www.africa-press.net\/cameroun\/economie\/cameroun-le-bresil-veut-investir-dans-lagro-business#breadcrumb"},"inLanguage":"fr-FR","potentialAction":[{"@type":"ReadAction","target":["https:\/\/www.africa-press.net\/cameroun\/economie\/cameroun-le-bresil-veut-investir-dans-lagro-business"]}]},{"@type":"ImageObject","inLanguage":"fr-FR","@id":"https:\/\/www.africa-press.net\/cameroun\/economie\/cameroun-le-bresil-veut-investir-dans-lagro-business#primaryimage","url":"https:\/\/static.africa-press.net\/cameroun\/sites\/57\/2022\/09\/img-6318c5b598a2f.jpg","contentUrl":"https:\/\/static.africa-press.net\/cameroun\/sites\/57\/2022\/09\/img-6318c5b598a2f.jpg","width":800,"height":450,"caption":"Cameroun: Le Br\u00e9sil veut investir dans l\u2019agro-business"},{"@type":"BreadcrumbList","@id":"https:\/\/www.africa-press.net\/cameroun\/economie\/cameroun-le-bresil-veut-investir-dans-lagro-business#breadcrumb","itemListElement":[{"@type":"ListItem","position":1,"name":"Accueil","item":"https:\/\/www.africa-press.net\/cameroun\/"},{"@type":"ListItem","position":2,"name":"Cameroun: Le Br\u00e9sil veut investir dans l\u2019agro-business"}]},{"@type":"WebSite","@id":"https:\/\/www.africa-press.net\/cameroun\/#website","url":"https:\/\/www.africa-press.net\/cameroun\/","name":"Cameroun","description":"Just another Africa News Agency Sites site","potentialAction":[{"@type":"SearchAction","target":{"@type":"EntryPoint","urlTemplate":"https:\/\/www.africa-press.net\/cameroun\/?s={search_term_string}"},"query-input":{"@type":"PropertyValueSpecification","valueRequired":true,"valueName":"search_term_string"}}],"inLanguage":"fr-FR"},{"@type":"Person","@id":"https:\/\/www.africa-press.net\/cameroun\/#\/schema\/person\/2b1cf3cd81a31e3cd26889ca66d677f1","name":"cfeditorfr"}]}},"_links":{"self":[{"href":"https:\/\/www.africa-press.net\/cameroun\/wp-json\/wp\/v2\/posts\/26842","targetHints":{"allow":["GET"]}}],"collection":[{"href":"https:\/\/www.africa-press.net\/cameroun\/wp-json\/wp\/v2\/posts"}],"about":[{"href":"https:\/\/www.africa-press.net\/cameroun\/wp-json\/wp\/v2\/types\/post"}],"author":[{"embeddable":true,"href":"https:\/\/www.africa-press.net\/cameroun\/wp-json\/wp\/v2\/users\/82"}],"replies":[{"embeddable":true,"href":"https:\/\/www.africa-press.net\/cameroun\/wp-json\/wp\/v2\/comments?post=26842"}],"version-history":[{"count":0,"href":"https:\/\/www.africa-press.net\/cameroun\/wp-json\/wp\/v2\/posts\/26842\/revisions"}],"wp:featuredmedia":[{"embeddable":true,"href":"https:\/\/www.africa-press.net\/cameroun\/wp-json\/wp\/v2\/media\/26841"}],"wp:attachment":[{"href":"https:\/\/www.africa-press.net\/cameroun\/wp-json\/wp\/v2\/media?parent=26842"}],"wp:term":[{"taxonomy":"category","embeddable":true,"href":"https:\/\/www.africa-press.net\/cameroun\/wp-json\/wp\/v2\/categories?post=26842"},{"taxonomy":"post_tag","embeddable":true,"href":"https:\/\/www.africa-press.net\/cameroun\/wp-json\/wp\/v2\/tags?post=26842"}],"curies":[{"name":"wp","href":"https:\/\/api.w.org\/{rel}","templated":true}]}}