{"id":26860,"date":"2022-09-07T14:11:13","date_gmt":"2022-09-07T14:11:13","guid":{"rendered":"https:\/\/www.africa-press.net\/cameroun\/politique\/medias-le-journaliste-jean-paul-choun-nyat-equinoxe-television-analyse-les-recents-passages-dernest-obama-a-canal-2-international-et-ltm-tv"},"modified":"2022-09-07T16:28:39","modified_gmt":"2022-09-07T16:28:39","slug":"medias-le-journaliste-jean-paul-choun-nyat-equinoxe-television-analyse-les-recents-passages-dernest-obama-a-canal-2-international-et-ltm-tv","status":"publish","type":"post","link":"https:\/\/www.africa-press.net\/cameroun\/dossiers\/medias-le-journaliste-jean-paul-choun-nyat-equinoxe-television-analyse-les-recents-passages-dernest-obama-a-canal-2-international-et-ltm-tv","title":{"rendered":"M\u00e9dias: Le journaliste Jean-Paul  Choun Nyat  (Equinoxe T\u00e9l\u00e9vision) analyse les r\u00e9cents passages d\u2019Ernest Obama \u00e0 Canal 2 International et LTM TV"},"content":{"rendered":"<p><span style=\"color: #ff6600\"><strong>Africa-Press &#8211; Cameroun. <\/strong><\/span>Jean-Paul Choun Nyat pose un regard d\u2019expert sur les deux duels m\u00e9diatiques auxquels s\u2019est livr\u00e9 le chef du d\u00e9partement de la communication de la F\u00e9d\u00e9ration Camerounaise de Football (FECAFOOT), Ernest Obama , le 31 Ao\u00fbt face \u00e0 Rodrigue Tongue sur Canal 2 International et le 5 Septembre 2022 devant Joly Koum sur LTM TV. Dans une analyse publi\u00e9e sur Facebook ce 7 Septembre, le journaliste en service \u00e0 Equinoxe T\u00e9l\u00e9vision pointe des \u00ab d\u00e9faillances \u00bb des trois acteurs qui ont \u00ab marqu\u00e9 des points \u00e0 la dimension de leur niveau et sens de professionnalisme \u00bb. Il passe au crible la technique d\u2019interview, la compr\u00e9hension et la ma\u00eetrise du sujet \u00e0 d\u00e9battre et la tenue du plateau sont pass\u00e9s au crible.<\/p>\n<p>Choun Nyat reproche \u00e0 Rodrigue Tongue d\u2019avoir voulu \u00ab coincer \u00bb son invit\u00e9 et d\u2019\u00eatre rest\u00e9 accroch\u00e9 \u00e0 son t\u00e9l\u00e9phone d\u2019o\u00f9 il semblait tirer ses questions. Quant \u00e0 Joly Koum, il pense qu\u2019il \u00ab a mal d\u00e9roul\u00e9 son sujet \u00bb et que comme Tongue, il n\u2019\u00e9voluait pas dans son domaine de pr\u00e9dilection. <b>\u00ab Ne leur tenons pas rigueur, Rodrigue Tongue et Joly Koum n\u2019\u00e9voluaient pas sur leur couloir de pr\u00e9dilection, pourtant des journalistes sportifs plus aguerris en questions de foot, auraient fait mieux, pardonnez la faiblesse humaine de le penser ainsi \u00bb<\/b>, explique Jean-Paul Choun Nyat.<\/p>\n<p><b>Voici dans sa version int\u00e9grale la r\u00e9flexion qu\u2019il a publi\u00e9e ce mercredi <\/b><\/p>\n<p>JEU DE QUESTIONS &#8211; R\u00c9PONSES \u00c0 LA T\u00c9L\u00c9 : QUI A BROUILL\u00c9 LE SIGNAL CHEZ LES T\u00c9L\u00c9SPECTATEURS ?<\/p>\n<p>Depuis le passage du Chef D\u00e9partement Communication de la Fecafoot sur Canal 2 et Ltm, le public entend, \u00e9coute et lit des milliers de commentaires et analyses sens\u00e9s et insens\u00e9s sur les prestations d\u2019Ernest Obama, Rodrigue Tongue et Joly Koum.<\/p>\n<p>Loin des r\u00e9actions subjectives et \u00e9motionnelles observ\u00e9es en fonction des affinit\u00e9s sympathiques ou des relents d\u2019antipathie, des petits calculs d\u2019int\u00e9r\u00eats inavou\u00e9s, les trois acteurs ont chacun marqu\u00e9 des points \u00e0 la dimension de leur niveau et sens de professionnalisme, et c\u2019est tout \u00e0 leur honneur.<\/p>\n<p>Cependant, durant ces \u00e9missions tr\u00e8s courues, ce trio a brill\u00e9 par des d\u00e9faillances qui ont laiss\u00e9 des milliers de t\u00e9l\u00e9spectateurs insatisfaits.<\/p>\n<p>Esquisse de lecture triangulaire de la technique d\u2019interview, la compr\u00e9hension et la ma\u00eetrise du sujet \u00e0 d\u00e9battre, puis la tenue du plateau. L\u2019erreur \u00e9tant de l\u2019humain, les trois protagonistes ont commis plusieurs durant ces \u00e9missions.<\/p>\n<p>&#8211; Erreur 1 : Rodrigue Tongue de Canal 2 a fait fi du principe du jeu de questions &#8211; r\u00e9ponses, interrompant syst\u00e9matiquement l\u2019invit\u00e9 dans son r\u00f4le de bien informer, renseigner et \u00e9difier le public sur l\u2019actualit\u00e9 foisonnante \u00e0 la Fecafoot ( d\u00e9nonciations des non-dits de l\u2019assembl\u00e9e g\u00e9n\u00e9rale ordinaire, la dissolution de la LFPC, l\u2019exclusion du pr\u00e9sident du CTFP, les suspicions de flou dans le contrat Fecafoot &#8211; One All Sports Equipment, participation des lions au mondial dans deux mois, etc. )<\/p>\n<p>Mais tr\u00e8s obs\u00e9d\u00e9 par la vieille mauvaise habitude de vouloir \u00e0 tout prix &lt;&gt; sur le plateau, le pr\u00e9sentateur de la cha\u00eene verte par ses interruptions intempestives faisant office de relances, a emp\u00each\u00e9 Ernest Obama de communiquer, et donc brouillant par ses interf\u00e9rences, la th\u00e9orie de Lasswell au fondement de toute communication, contraignant ainsi la Fecafoot aux prolongations-rattrapage \u00e0 Ltm pour une interview pourtant dite &lt;&gt; au d\u00e9part, bien dommage !<\/p>\n<p>Erreur 2 : Compr\u00e9hension et ma\u00eetrise du sujet abord\u00e9. Des questions et relances des pr\u00e9sentateurs, transparaissaient une impr\u00e9paration, avec un Rodrigue Tongue d\u00e9concentr\u00e9 par les questions lui parvenant et son invit\u00e9 de lui demander avec insistance de le fixer quand il lui parle et non se coincer \u00e0 la lecture des questions qu\u2019il n\u2019a pas pu formuler pour les lui poser. Quoi de plus horrible pour un pr\u00e9sentateur consciencieux d\u2019\u00eatre rappel\u00e9 \u00e0 l\u2019ordre en mondovision par son invit\u00e9 toutes les minutes !<\/p>\n<p>Et justement sur ce terrain l\u00e0, Joly Koum est all\u00e9 de digressions en digressions, Obama dans sa posture d\u2019ancien pr\u00e9sentateur lui rappelant qu\u2019il perd de pr\u00e9cieuses minutes sur des questions d\u00e9j\u00e0 abord\u00e9s et \u00e9vacu\u00e9es.<\/p>\n<p>Il se d\u00e9note aussi que le grand Joly a mal d\u00e9roul\u00e9 son sujet, pourtant la th\u00e9matique \u00e9tait unique et m\u00eame inscrite \u00e0 crever la vue au bas l\u2019\u00e9cran &lt;&gt; Cons\u00e9quence, le grand Joly s\u2019est \u00e9loign\u00e9 du sujet en revenant sur le pass\u00e9 professionnel de son invit\u00e9, lui extorquant des avis bien connus de tous sur son ancien employeur et ex-coll\u00e8gues. Pour preuve, le nombre de morceaux choisis de la plateforme Mediatude sur ce r\u00e9chauff\u00e9 en dit long. Ne leur tenons pas rigueur, Rodrigue Tongue et Joly Koum n\u2019\u00e9voluaient pas sur leur couloir de pr\u00e9dilection, pourtant des journalistes sportifs plus aguerris en questions de foot, auraient fait mieux, pardonnez la faiblesse humaine de le penser ainsi.<\/p>\n<p>Erreur 3 : Tenue du plateau. Au cours de ces entretiens, les deux pr\u00e9sentateurs n\u2019ont pas fait le distinguo entre Obama le journaliste et Obama le communicant corporate, une confusion de r\u00f4les qui les a tous les deux embourb\u00e9s.<\/p>\n<p>Erreur de l\u2019invit\u00e9 : Ernest Obama \u00e0 Canal2 international comme \u00e0 Ltm est malgr\u00e9 tout, rest\u00e9 concentr\u00e9 sur son sujet, recadrant ses interviewers toutes les minutes sur les pertes de temps et d\u00e9non\u00e7ant leurs techniques de diversion qui irritaient bien la majorit\u00e9 de t\u00e9l\u00e9spectateurs.<\/p>\n<p>Son erreur, avoir fait plus pr\u00e9valoir sa casquette de journaliste et moins celle de communicateur, se laissant d\u00e9tourner de son objectif principal par un \u00e9change sur son pass\u00e9 professionnel qui n\u2019avait aucun lien au th\u00e8me du d\u00e9bat.<\/p>\n<p>\u00c9voquer l\u2019appel re\u00e7u du philosophe Fridolin Nke qui voulait rencontrer Samuel Eto\u2019o n\u2019avait pas sa place dans son message. Sa tentative d\u2019imposer l\u2019omerta sur la collaboration tumultueuse entre le Pr\u00e9sident Samuel Eto\u2019o et le Pr\u00e9sident du CTFP, d\u2019ailleurs le G\u00e9n\u00e9ral Semengue a d\u00e9menti les assertions de Ernest Obama. D\u2019autre part, ses d\u00e9clarations sur son pass\u00e9 occupent plus l\u2019espace public avec les r\u00e9pliques incendiaires de ses anciens coll\u00e8gues. Tout cela a bien dilu\u00e9 sa v\u00e9ritable raison d\u2019\u00eatre \u00e0 la t\u00e9l\u00e9vision et partant presque toute sa communication.<\/p>\n<p>Pour cette liste non exhaustive des erreurs \u00e0 ne pas commettre observ\u00e9es \u00e0 ces deux \u00e9missions t\u00e9l\u00e9 sur Canal 2 et Ltm, il faut conclure que le public a regard\u00e9 03 bons journalistes mais deux mauvais interviewers et un mauvais communicateur.<\/p>\n<p>Jean Paul Choun Nyat<\/p>\n<p>Journaliste et Expert en Communication dipl\u00f4m\u00e9 de l\u2019ESSTIC.<\/p>\n<p><strong>Pour plus d&rsquo;informations et d&rsquo;analyses sur la <a href=\"https:\/\/www.africa-press.net\/cameroun\">Cameroun<\/a>, suivez <a href=\"https:\/\/www.africa-press.net\/\">Africa-Press<\/a><\/strong><\/p>\n","protected":false},"excerpt":{"rendered":"<p>Africa-Press &#8211; Cameroun. Jean-Paul Choun Nyat pose un regard d\u2019expert sur les deux duels m\u00e9diatiques auxquels s\u2019est livr\u00e9 le chef du d\u00e9partement de la communication de la F\u00e9d\u00e9ration Camerounaise de Football (FECAFOOT), Ernest Obama , le 31 Ao\u00fbt face \u00e0 Rodrigue Tongue sur Canal 2 International et le 5 Septembre 2022 devant Joly Koum sur [&hellip;]<\/p>\n","protected":false},"author":82,"featured_media":26859,"comment_status":"open","ping_status":"closed","sticky":false,"template":"","format":"standard","meta":{"footnotes":""},"categories":[7,11,10],"tags":[36,50,49],"class_list":["post-26860","post","type-post","status-publish","format-standard","has-post-thumbnail","hentry","category-dossiers","category-homepage-french","category-toutes-les-actualites","tag-africa-press","tag-africa-press-cameroun","tag-cameroun"],"yoast_head":"<!-- This site is optimized with the Yoast SEO Premium plugin v26.1 (Yoast SEO v27.0) - https:\/\/yoast.com\/product\/yoast-seo-premium-wordpress\/ -->\n<title>M\u00e9dias: Le journaliste Jean-Paul Choun Nyat (Equinoxe T\u00e9l\u00e9vision) analyse les r\u00e9cents passages d\u2019Ernest Obama \u00e0 Canal 2 International et LTM TV - Cameroun<\/title>\n<meta name=\"description\" content=\"Jean-Paul Choun Nyat pose un regard d\u2019expert sur les deux duels m\u00e9diatiques auxquels s\u2019est livr\u00e9 le chef du d\u00e9partement ...\" \/>\n<meta name=\"robots\" content=\"index, follow, max-snippet:-1, max-image-preview:large, max-video-preview:-1\" \/>\n<link rel=\"canonical\" href=\"https:\/\/www.africa-press.net\/cameroun\/dossiers\/medias-le-journaliste-jean-paul-choun-nyat-equinoxe-television-analyse-les-recents-passages-dernest-obama-a-canal-2-international-et-ltm-tv\" \/>\n<meta property=\"og:locale\" content=\"fr_FR\" \/>\n<meta property=\"og:type\" content=\"article\" \/>\n<meta property=\"og:title\" content=\"M\u00e9dias: Le journaliste Jean-Paul Choun Nyat (Equinoxe T\u00e9l\u00e9vision) analyse les r\u00e9cents passages d\u2019Ernest Obama \u00e0 Canal 2 International et LTM TV\" \/>\n<meta property=\"og:description\" content=\"Jean-Paul Choun Nyat pose un regard d\u2019expert sur les deux duels m\u00e9diatiques auxquels s\u2019est livr\u00e9 le chef du d\u00e9partement ...\" \/>\n<meta property=\"og:url\" content=\"https:\/\/www.africa-press.net\/cameroun\/dossiers\/medias-le-journaliste-jean-paul-choun-nyat-equinoxe-television-analyse-les-recents-passages-dernest-obama-a-canal-2-international-et-ltm-tv\" \/>\n<meta property=\"og:site_name\" content=\"Cameroun\" \/>\n<meta property=\"article:published_time\" content=\"2022-09-07T14:11:13+00:00\" \/>\n<meta property=\"article:modified_time\" content=\"2022-09-07T16:28:39+00:00\" \/>\n<meta property=\"og:image\" content=\"https:\/\/static.africa-press.net\/cameroun\/sites\/57\/2022\/09\/img-6318c68f06236.jpg\" \/>\n\t<meta property=\"og:image:width\" content=\"800\" \/>\n\t<meta property=\"og:image:height\" content=\"636\" \/>\n\t<meta property=\"og:image:type\" content=\"image\/jpeg\" \/>\n<meta name=\"author\" content=\"cfeditorfr\" \/>\n<meta name=\"twitter:card\" content=\"summary_large_image\" \/>\n<meta name=\"twitter:label1\" content=\"\u00c9crit par\" \/>\n\t<meta name=\"twitter:data1\" content=\"cfeditorfr\" \/>\n\t<meta name=\"twitter:label2\" content=\"Dur\u00e9e de lecture estim\u00e9e\" \/>\n\t<meta name=\"twitter:data2\" content=\"6 minutes\" \/>\n<script type=\"application\/ld+json\" class=\"yoast-schema-graph\">{\"@context\":\"https:\/\/schema.org\",\"@graph\":[{\"@type\":\"Article\",\"@id\":\"https:\/\/www.africa-press.net\/cameroun\/dossiers\/medias-le-journaliste-jean-paul-choun-nyat-equinoxe-television-analyse-les-recents-passages-dernest-obama-a-canal-2-international-et-ltm-tv#article\",\"isPartOf\":{\"@id\":\"https:\/\/www.africa-press.net\/cameroun\/dossiers\/medias-le-journaliste-jean-paul-choun-nyat-equinoxe-television-analyse-les-recents-passages-dernest-obama-a-canal-2-international-et-ltm-tv\"},\"author\":{\"name\":\"cfeditorfr\",\"@id\":\"https:\/\/www.africa-press.net\/cameroun\/#\/schema\/person\/2b1cf3cd81a31e3cd26889ca66d677f1\"},\"headline\":\"M\u00e9dias: Le journaliste Jean-Paul Choun Nyat (Equinoxe T\u00e9l\u00e9vision) analyse les r\u00e9cents passages d\u2019Ernest Obama \u00e0 Canal 2 International et LTM TV\",\"datePublished\":\"2022-09-07T14:11:13+00:00\",\"dateModified\":\"2022-09-07T16:28:39+00:00\",\"mainEntityOfPage\":{\"@id\":\"https:\/\/www.africa-press.net\/cameroun\/dossiers\/medias-le-journaliste-jean-paul-choun-nyat-equinoxe-television-analyse-les-recents-passages-dernest-obama-a-canal-2-international-et-ltm-tv\"},\"wordCount\":1161,\"commentCount\":0,\"image\":{\"@id\":\"https:\/\/www.africa-press.net\/cameroun\/dossiers\/medias-le-journaliste-jean-paul-choun-nyat-equinoxe-television-analyse-les-recents-passages-dernest-obama-a-canal-2-international-et-ltm-tv#primaryimage\"},\"thumbnailUrl\":\"https:\/\/static.africa-press.net\/cameroun\/sites\/57\/2022\/09\/img-6318c68f06236.jpg\",\"keywords\":[\"Africa Press\",\"Africa Press-Cameroun\",\"Cameroun\"],\"articleSection\":[\"Dossiers\",\"homepage-french\",\"Toutes les actualit\u00e9s\"],\"inLanguage\":\"fr-FR\",\"potentialAction\":[{\"@type\":\"CommentAction\",\"name\":\"Comment\",\"target\":[\"https:\/\/www.africa-press.net\/cameroun\/dossiers\/medias-le-journaliste-jean-paul-choun-nyat-equinoxe-television-analyse-les-recents-passages-dernest-obama-a-canal-2-international-et-ltm-tv#respond\"]}]},{\"@type\":\"WebPage\",\"@id\":\"https:\/\/www.africa-press.net\/cameroun\/dossiers\/medias-le-journaliste-jean-paul-choun-nyat-equinoxe-television-analyse-les-recents-passages-dernest-obama-a-canal-2-international-et-ltm-tv\",\"url\":\"https:\/\/www.africa-press.net\/cameroun\/dossiers\/medias-le-journaliste-jean-paul-choun-nyat-equinoxe-television-analyse-les-recents-passages-dernest-obama-a-canal-2-international-et-ltm-tv\",\"name\":\"M\u00e9dias: Le journaliste Jean-Paul Choun Nyat (Equinoxe T\u00e9l\u00e9vision) analyse les r\u00e9cents passages d\u2019Ernest Obama \u00e0 Canal 2 International et LTM TV - Cameroun\",\"isPartOf\":{\"@id\":\"https:\/\/www.africa-press.net\/cameroun\/#website\"},\"primaryImageOfPage\":{\"@id\":\"https:\/\/www.africa-press.net\/cameroun\/dossiers\/medias-le-journaliste-jean-paul-choun-nyat-equinoxe-television-analyse-les-recents-passages-dernest-obama-a-canal-2-international-et-ltm-tv#primaryimage\"},\"image\":{\"@id\":\"https:\/\/www.africa-press.net\/cameroun\/dossiers\/medias-le-journaliste-jean-paul-choun-nyat-equinoxe-television-analyse-les-recents-passages-dernest-obama-a-canal-2-international-et-ltm-tv#primaryimage\"},\"thumbnailUrl\":\"https:\/\/static.africa-press.net\/cameroun\/sites\/57\/2022\/09\/img-6318c68f06236.jpg\",\"datePublished\":\"2022-09-07T14:11:13+00:00\",\"dateModified\":\"2022-09-07T16:28:39+00:00\",\"author\":{\"@id\":\"https:\/\/www.africa-press.net\/cameroun\/#\/schema\/person\/2b1cf3cd81a31e3cd26889ca66d677f1\"},\"description\":\"Jean-Paul Choun Nyat pose un regard d\u2019expert sur les deux duels m\u00e9diatiques auxquels s\u2019est livr\u00e9 le chef du d\u00e9partement ...\",\"breadcrumb\":{\"@id\":\"https:\/\/www.africa-press.net\/cameroun\/dossiers\/medias-le-journaliste-jean-paul-choun-nyat-equinoxe-television-analyse-les-recents-passages-dernest-obama-a-canal-2-international-et-ltm-tv#breadcrumb\"},\"inLanguage\":\"fr-FR\",\"potentialAction\":[{\"@type\":\"ReadAction\",\"target\":[\"https:\/\/www.africa-press.net\/cameroun\/dossiers\/medias-le-journaliste-jean-paul-choun-nyat-equinoxe-television-analyse-les-recents-passages-dernest-obama-a-canal-2-international-et-ltm-tv\"]}]},{\"@type\":\"ImageObject\",\"inLanguage\":\"fr-FR\",\"@id\":\"https:\/\/www.africa-press.net\/cameroun\/dossiers\/medias-le-journaliste-jean-paul-choun-nyat-equinoxe-television-analyse-les-recents-passages-dernest-obama-a-canal-2-international-et-ltm-tv#primaryimage\",\"url\":\"https:\/\/static.africa-press.net\/cameroun\/sites\/57\/2022\/09\/img-6318c68f06236.jpg\",\"contentUrl\":\"https:\/\/static.africa-press.net\/cameroun\/sites\/57\/2022\/09\/img-6318c68f06236.jpg\",\"width\":800,\"height\":636,\"caption\":\"M\u00e9dias: Le journaliste Jean-Paul Choun Nyat (Equinoxe T\u00e9l\u00e9vision) analyse les r\u00e9cents passages d\u2019Ernest Obama \u00e0 Canal 2 International et LTM TV\"},{\"@type\":\"BreadcrumbList\",\"@id\":\"https:\/\/www.africa-press.net\/cameroun\/dossiers\/medias-le-journaliste-jean-paul-choun-nyat-equinoxe-television-analyse-les-recents-passages-dernest-obama-a-canal-2-international-et-ltm-tv#breadcrumb\",\"itemListElement\":[{\"@type\":\"ListItem\",\"position\":1,\"name\":\"Accueil\",\"item\":\"https:\/\/www.africa-press.net\/cameroun\/\"},{\"@type\":\"ListItem\",\"position\":2,\"name\":\"M\u00e9dias: Le journaliste Jean-Paul Choun Nyat (Equinoxe T\u00e9l\u00e9vision) analyse les r\u00e9cents passages d\u2019Ernest Obama \u00e0 Canal 2 International et LTM TV\"}]},{\"@type\":\"WebSite\",\"@id\":\"https:\/\/www.africa-press.net\/cameroun\/#website\",\"url\":\"https:\/\/www.africa-press.net\/cameroun\/\",\"name\":\"Cameroun\",\"description\":\"Just another Africa News Agency Sites site\",\"potentialAction\":[{\"@type\":\"SearchAction\",\"target\":{\"@type\":\"EntryPoint\",\"urlTemplate\":\"https:\/\/www.africa-press.net\/cameroun\/?s={search_term_string}\"},\"query-input\":{\"@type\":\"PropertyValueSpecification\",\"valueRequired\":true,\"valueName\":\"search_term_string\"}}],\"inLanguage\":\"fr-FR\"},{\"@type\":\"Person\",\"@id\":\"https:\/\/www.africa-press.net\/cameroun\/#\/schema\/person\/2b1cf3cd81a31e3cd26889ca66d677f1\",\"name\":\"cfeditorfr\"}]}<\/script>\n<!-- \/ Yoast SEO Premium plugin. -->","yoast_head_json":{"title":"M\u00e9dias: Le journaliste Jean-Paul Choun Nyat (Equinoxe T\u00e9l\u00e9vision) analyse les r\u00e9cents passages d\u2019Ernest Obama \u00e0 Canal 2 International et LTM TV - Cameroun","description":"Jean-Paul Choun Nyat pose un regard d\u2019expert sur les deux duels m\u00e9diatiques auxquels s\u2019est livr\u00e9 le chef du d\u00e9partement ...","robots":{"index":"index","follow":"follow","max-snippet":"max-snippet:-1","max-image-preview":"max-image-preview:large","max-video-preview":"max-video-preview:-1"},"canonical":"https:\/\/www.africa-press.net\/cameroun\/dossiers\/medias-le-journaliste-jean-paul-choun-nyat-equinoxe-television-analyse-les-recents-passages-dernest-obama-a-canal-2-international-et-ltm-tv","og_locale":"fr_FR","og_type":"article","og_title":"M\u00e9dias: Le journaliste Jean-Paul Choun Nyat (Equinoxe T\u00e9l\u00e9vision) analyse les r\u00e9cents passages d\u2019Ernest Obama \u00e0 Canal 2 International et LTM TV","og_description":"Jean-Paul Choun Nyat pose un regard d\u2019expert sur les deux duels m\u00e9diatiques auxquels s\u2019est livr\u00e9 le chef du d\u00e9partement ...","og_url":"https:\/\/www.africa-press.net\/cameroun\/dossiers\/medias-le-journaliste-jean-paul-choun-nyat-equinoxe-television-analyse-les-recents-passages-dernest-obama-a-canal-2-international-et-ltm-tv","og_site_name":"Cameroun","article_published_time":"2022-09-07T14:11:13+00:00","article_modified_time":"2022-09-07T16:28:39+00:00","og_image":[{"width":800,"height":636,"url":"https:\/\/static.africa-press.net\/cameroun\/sites\/57\/2022\/09\/img-6318c68f06236.jpg","type":"image\/jpeg"}],"author":"cfeditorfr","twitter_card":"summary_large_image","twitter_misc":{"\u00c9crit par":"cfeditorfr","Dur\u00e9e de lecture estim\u00e9e":"6 minutes"},"schema":{"@context":"https:\/\/schema.org","@graph":[{"@type":"Article","@id":"https:\/\/www.africa-press.net\/cameroun\/dossiers\/medias-le-journaliste-jean-paul-choun-nyat-equinoxe-television-analyse-les-recents-passages-dernest-obama-a-canal-2-international-et-ltm-tv#article","isPartOf":{"@id":"https:\/\/www.africa-press.net\/cameroun\/dossiers\/medias-le-journaliste-jean-paul-choun-nyat-equinoxe-television-analyse-les-recents-passages-dernest-obama-a-canal-2-international-et-ltm-tv"},"author":{"name":"cfeditorfr","@id":"https:\/\/www.africa-press.net\/cameroun\/#\/schema\/person\/2b1cf3cd81a31e3cd26889ca66d677f1"},"headline":"M\u00e9dias: Le journaliste Jean-Paul Choun Nyat (Equinoxe T\u00e9l\u00e9vision) analyse les r\u00e9cents passages d\u2019Ernest Obama \u00e0 Canal 2 International et LTM TV","datePublished":"2022-09-07T14:11:13+00:00","dateModified":"2022-09-07T16:28:39+00:00","mainEntityOfPage":{"@id":"https:\/\/www.africa-press.net\/cameroun\/dossiers\/medias-le-journaliste-jean-paul-choun-nyat-equinoxe-television-analyse-les-recents-passages-dernest-obama-a-canal-2-international-et-ltm-tv"},"wordCount":1161,"commentCount":0,"image":{"@id":"https:\/\/www.africa-press.net\/cameroun\/dossiers\/medias-le-journaliste-jean-paul-choun-nyat-equinoxe-television-analyse-les-recents-passages-dernest-obama-a-canal-2-international-et-ltm-tv#primaryimage"},"thumbnailUrl":"https:\/\/static.africa-press.net\/cameroun\/sites\/57\/2022\/09\/img-6318c68f06236.jpg","keywords":["Africa Press","Africa Press-Cameroun","Cameroun"],"articleSection":["Dossiers","homepage-french","Toutes les actualit\u00e9s"],"inLanguage":"fr-FR","potentialAction":[{"@type":"CommentAction","name":"Comment","target":["https:\/\/www.africa-press.net\/cameroun\/dossiers\/medias-le-journaliste-jean-paul-choun-nyat-equinoxe-television-analyse-les-recents-passages-dernest-obama-a-canal-2-international-et-ltm-tv#respond"]}]},{"@type":"WebPage","@id":"https:\/\/www.africa-press.net\/cameroun\/dossiers\/medias-le-journaliste-jean-paul-choun-nyat-equinoxe-television-analyse-les-recents-passages-dernest-obama-a-canal-2-international-et-ltm-tv","url":"https:\/\/www.africa-press.net\/cameroun\/dossiers\/medias-le-journaliste-jean-paul-choun-nyat-equinoxe-television-analyse-les-recents-passages-dernest-obama-a-canal-2-international-et-ltm-tv","name":"M\u00e9dias: Le journaliste Jean-Paul Choun Nyat (Equinoxe T\u00e9l\u00e9vision) analyse les r\u00e9cents passages d\u2019Ernest Obama \u00e0 Canal 2 International et LTM TV - Cameroun","isPartOf":{"@id":"https:\/\/www.africa-press.net\/cameroun\/#website"},"primaryImageOfPage":{"@id":"https:\/\/www.africa-press.net\/cameroun\/dossiers\/medias-le-journaliste-jean-paul-choun-nyat-equinoxe-television-analyse-les-recents-passages-dernest-obama-a-canal-2-international-et-ltm-tv#primaryimage"},"image":{"@id":"https:\/\/www.africa-press.net\/cameroun\/dossiers\/medias-le-journaliste-jean-paul-choun-nyat-equinoxe-television-analyse-les-recents-passages-dernest-obama-a-canal-2-international-et-ltm-tv#primaryimage"},"thumbnailUrl":"https:\/\/static.africa-press.net\/cameroun\/sites\/57\/2022\/09\/img-6318c68f06236.jpg","datePublished":"2022-09-07T14:11:13+00:00","dateModified":"2022-09-07T16:28:39+00:00","author":{"@id":"https:\/\/www.africa-press.net\/cameroun\/#\/schema\/person\/2b1cf3cd81a31e3cd26889ca66d677f1"},"description":"Jean-Paul Choun Nyat pose un regard d\u2019expert sur les deux duels m\u00e9diatiques auxquels s\u2019est livr\u00e9 le chef du d\u00e9partement ...","breadcrumb":{"@id":"https:\/\/www.africa-press.net\/cameroun\/dossiers\/medias-le-journaliste-jean-paul-choun-nyat-equinoxe-television-analyse-les-recents-passages-dernest-obama-a-canal-2-international-et-ltm-tv#breadcrumb"},"inLanguage":"fr-FR","potentialAction":[{"@type":"ReadAction","target":["https:\/\/www.africa-press.net\/cameroun\/dossiers\/medias-le-journaliste-jean-paul-choun-nyat-equinoxe-television-analyse-les-recents-passages-dernest-obama-a-canal-2-international-et-ltm-tv"]}]},{"@type":"ImageObject","inLanguage":"fr-FR","@id":"https:\/\/www.africa-press.net\/cameroun\/dossiers\/medias-le-journaliste-jean-paul-choun-nyat-equinoxe-television-analyse-les-recents-passages-dernest-obama-a-canal-2-international-et-ltm-tv#primaryimage","url":"https:\/\/static.africa-press.net\/cameroun\/sites\/57\/2022\/09\/img-6318c68f06236.jpg","contentUrl":"https:\/\/static.africa-press.net\/cameroun\/sites\/57\/2022\/09\/img-6318c68f06236.jpg","width":800,"height":636,"caption":"M\u00e9dias: Le journaliste Jean-Paul Choun Nyat (Equinoxe T\u00e9l\u00e9vision) analyse les r\u00e9cents passages d\u2019Ernest Obama \u00e0 Canal 2 International et LTM TV"},{"@type":"BreadcrumbList","@id":"https:\/\/www.africa-press.net\/cameroun\/dossiers\/medias-le-journaliste-jean-paul-choun-nyat-equinoxe-television-analyse-les-recents-passages-dernest-obama-a-canal-2-international-et-ltm-tv#breadcrumb","itemListElement":[{"@type":"ListItem","position":1,"name":"Accueil","item":"https:\/\/www.africa-press.net\/cameroun\/"},{"@type":"ListItem","position":2,"name":"M\u00e9dias: Le journaliste Jean-Paul Choun Nyat (Equinoxe T\u00e9l\u00e9vision) analyse les r\u00e9cents passages d\u2019Ernest Obama \u00e0 Canal 2 International et LTM TV"}]},{"@type":"WebSite","@id":"https:\/\/www.africa-press.net\/cameroun\/#website","url":"https:\/\/www.africa-press.net\/cameroun\/","name":"Cameroun","description":"Just another Africa News Agency Sites site","potentialAction":[{"@type":"SearchAction","target":{"@type":"EntryPoint","urlTemplate":"https:\/\/www.africa-press.net\/cameroun\/?s={search_term_string}"},"query-input":{"@type":"PropertyValueSpecification","valueRequired":true,"valueName":"search_term_string"}}],"inLanguage":"fr-FR"},{"@type":"Person","@id":"https:\/\/www.africa-press.net\/cameroun\/#\/schema\/person\/2b1cf3cd81a31e3cd26889ca66d677f1","name":"cfeditorfr"}]}},"_links":{"self":[{"href":"https:\/\/www.africa-press.net\/cameroun\/wp-json\/wp\/v2\/posts\/26860","targetHints":{"allow":["GET"]}}],"collection":[{"href":"https:\/\/www.africa-press.net\/cameroun\/wp-json\/wp\/v2\/posts"}],"about":[{"href":"https:\/\/www.africa-press.net\/cameroun\/wp-json\/wp\/v2\/types\/post"}],"author":[{"embeddable":true,"href":"https:\/\/www.africa-press.net\/cameroun\/wp-json\/wp\/v2\/users\/82"}],"replies":[{"embeddable":true,"href":"https:\/\/www.africa-press.net\/cameroun\/wp-json\/wp\/v2\/comments?post=26860"}],"version-history":[{"count":0,"href":"https:\/\/www.africa-press.net\/cameroun\/wp-json\/wp\/v2\/posts\/26860\/revisions"}],"wp:featuredmedia":[{"embeddable":true,"href":"https:\/\/www.africa-press.net\/cameroun\/wp-json\/wp\/v2\/media\/26859"}],"wp:attachment":[{"href":"https:\/\/www.africa-press.net\/cameroun\/wp-json\/wp\/v2\/media?parent=26860"}],"wp:term":[{"taxonomy":"category","embeddable":true,"href":"https:\/\/www.africa-press.net\/cameroun\/wp-json\/wp\/v2\/categories?post=26860"},{"taxonomy":"post_tag","embeddable":true,"href":"https:\/\/www.africa-press.net\/cameroun\/wp-json\/wp\/v2\/tags?post=26860"}],"curies":[{"name":"wp","href":"https:\/\/api.w.org\/{rel}","templated":true}]}}