{"id":26881,"date":"2022-09-07T15:05:52","date_gmt":"2022-09-07T15:05:52","guid":{"rendered":"https:\/\/www.africa-press.net\/cameroun\/politique\/cameroun-sdf-la-commission-du-nec-littoral-annule-les-recentes-cooptations"},"modified":"2022-09-07T16:34:14","modified_gmt":"2022-09-07T16:34:14","slug":"cameroun-sdf-la-commission-du-nec-littoral-annule-les-recentes-cooptations","status":"publish","type":"post","link":"https:\/\/www.africa-press.net\/cameroun\/politique\/cameroun-sdf-la-commission-du-nec-littoral-annule-les-recentes-cooptations","title":{"rendered":"Cameroun-SDF : la commission du Nec Littoral annule les r\u00e9centes cooptations"},"content":{"rendered":"<p><span style=\"color: #ff6600\"><strong>Africa-Press &#8211; Cameroun. <\/strong><\/span><b>Dans un rappel \u00e0 l\u2019ordre en date du 7 septembre 2022, le pr\u00e9sident l\u2019instance en charge des renouvellements d\u00e9clare ces op\u00e9rations nulles.<\/b><\/p>\n<p>C\u2019est un rebondissement dans le cadre des renouvellements des organes de base du Social democratic front dans le Littoral. Dans un rappel \u00e0 l\u2019ordre, Vanigasen MoChiggle chef de la d\u00e9l\u00e9gation de la commission du Nec en charge des renouvellements dans la r\u00e9gion s\u2019adresse au pr\u00e9sident r\u00e9gional Sdf, aux coordonnateurs d\u00e9partementaux et aux pr\u00e9sidents des circonscriptions \u00e9lectorales. Agissant au nom de la commission, son message est clair.<\/p>\n<p>\u00ab <b>Il est imp\u00e9rieux de vous informer que toute cooptation ou proc\u00e9dure disciplinaire faite lors des renouvellements est nulle et de nul effet. J\u2019invite tous les responsables irr\u00e9guli\u00e8rement remplac\u00e9s \u00e0 leurs poste de continuer \u00e0 exercer sereinement leur fonction dans leurs structures respectives en attendant les conf\u00e9rences \u00e9lectives<\/b> \u00bb, peut-on lire dans le rappel \u00e0 l\u2019ordre.<\/p>\n<p>Aux termes de ce document, la d\u00e9cision s\u2019explique. Elle s\u2019appuie sur l\u2019expiration du mandat de tous les responsables des structures de la r\u00e9gion du Littoral. \u00ab <b>Leur mandat \u00e9tant expir\u00e9, ils ne sauraient proc\u00e9der aux cooptations, proc\u00e9dures disciplinaires ou exclusions, car de telles proc\u00e9dures sont proscrites en pareille circonstances<\/b> \u00bb, rappelle le pr\u00e9sident de la commission.<\/p>\n<p>Parmi les personnes coopt\u00e9es r\u00e9cemment, figurent Jean Robert Wafo. L\u2019ancien ministre de la communication du Shadow cabinet a \u00e9t\u00e9 r\u00e9cemment coopt\u00e9 par le comit\u00e9 ex\u00e9cutif r\u00e9gional en qualit\u00e9 de coordonnateur d\u00e9partemental pour le Wouri. A la lecture de la marche du parti de Ni John Fru Ndi dans le Littoral, cette cooptation semble-t-elle faire faire peur \u00e0 la hi\u00e9rarchie conservatiste du parti ?<\/p>\n<p><strong>Pour plus d&rsquo;informations et d&rsquo;analyses sur la <a href=\"https:\/\/www.africa-press.net\/cameroun\">Cameroun<\/a>, suivez <a href=\"https:\/\/www.africa-press.net\/\">Africa-Press<\/a><\/strong><\/p>\n","protected":false},"excerpt":{"rendered":"<p>Africa-Press &#8211; Cameroun. Dans un rappel \u00e0 l\u2019ordre en date du 7 septembre 2022, le pr\u00e9sident l\u2019instance en charge des renouvellements d\u00e9clare ces op\u00e9rations nulles. C\u2019est un rebondissement dans le cadre des renouvellements des organes de base du Social democratic front dans le Littoral. Dans un rappel \u00e0 l\u2019ordre, Vanigasen MoChiggle chef de la d\u00e9l\u00e9gation [&hellip;]<\/p>\n","protected":false},"author":82,"featured_media":26880,"comment_status":"open","ping_status":"closed","sticky":false,"template":"","format":"standard","meta":{"footnotes":""},"categories":[11,2,10],"tags":[36,50,49],"class_list":["post-26881","post","type-post","status-publish","format-standard","has-post-thumbnail","hentry","category-homepage-french","category-politique","category-toutes-les-actualites","tag-africa-press","tag-africa-press-cameroun","tag-cameroun"],"yoast_head":"<!-- This site is optimized with the Yoast SEO Premium plugin v26.1 (Yoast SEO v27.0) - https:\/\/yoast.com\/product\/yoast-seo-premium-wordpress\/ -->\n<title>Cameroun-SDF : la commission du Nec Littoral annule les r\u00e9centes cooptations - Cameroun<\/title>\n<meta name=\"description\" content=\"Dans un rappel \u00e0 l\u2019ordre en date du 7 septembre 2022, le pr\u00e9sident l\u2019instance en charge des renouvellements d\u00e9clare c ...\" \/>\n<meta name=\"robots\" content=\"index, follow, max-snippet:-1, max-image-preview:large, max-video-preview:-1\" \/>\n<link rel=\"canonical\" href=\"https:\/\/www.africa-press.net\/cameroun\/politique\/cameroun-sdf-la-commission-du-nec-littoral-annule-les-recentes-cooptations\" \/>\n<meta property=\"og:locale\" content=\"fr_FR\" \/>\n<meta property=\"og:type\" content=\"article\" \/>\n<meta property=\"og:title\" content=\"Cameroun-SDF : la commission du Nec Littoral annule les r\u00e9centes cooptations\" \/>\n<meta property=\"og:description\" content=\"Dans un rappel \u00e0 l\u2019ordre en date du 7 septembre 2022, le pr\u00e9sident l\u2019instance en charge des renouvellements d\u00e9clare c ...\" \/>\n<meta property=\"og:url\" content=\"https:\/\/www.africa-press.net\/cameroun\/politique\/cameroun-sdf-la-commission-du-nec-littoral-annule-les-recentes-cooptations\" \/>\n<meta property=\"og:site_name\" content=\"Cameroun\" \/>\n<meta property=\"article:published_time\" content=\"2022-09-07T15:05:52+00:00\" \/>\n<meta property=\"article:modified_time\" content=\"2022-09-07T16:34:14+00:00\" \/>\n<meta property=\"og:image\" content=\"https:\/\/static.africa-press.net\/cameroun\/sites\/57\/2022\/09\/img-6318c7e586b80.jpg\" \/>\n\t<meta property=\"og:image:width\" content=\"800\" \/>\n\t<meta property=\"og:image:height\" content=\"513\" \/>\n\t<meta property=\"og:image:type\" content=\"image\/jpeg\" \/>\n<meta name=\"author\" content=\"cfeditorfr\" \/>\n<meta name=\"twitter:card\" content=\"summary_large_image\" \/>\n<meta name=\"twitter:label1\" content=\"\u00c9crit par\" \/>\n\t<meta name=\"twitter:data1\" content=\"cfeditorfr\" \/>\n\t<meta name=\"twitter:label2\" content=\"Dur\u00e9e de lecture estim\u00e9e\" \/>\n\t<meta name=\"twitter:data2\" content=\"2 minutes\" \/>\n<script type=\"application\/ld+json\" class=\"yoast-schema-graph\">{\"@context\":\"https:\/\/schema.org\",\"@graph\":[{\"@type\":\"Article\",\"@id\":\"https:\/\/www.africa-press.net\/cameroun\/politique\/cameroun-sdf-la-commission-du-nec-littoral-annule-les-recentes-cooptations#article\",\"isPartOf\":{\"@id\":\"https:\/\/www.africa-press.net\/cameroun\/politique\/cameroun-sdf-la-commission-du-nec-littoral-annule-les-recentes-cooptations\"},\"author\":{\"name\":\"cfeditorfr\",\"@id\":\"https:\/\/www.africa-press.net\/cameroun\/#\/schema\/person\/2b1cf3cd81a31e3cd26889ca66d677f1\"},\"headline\":\"Cameroun-SDF : la commission du Nec Littoral annule les r\u00e9centes cooptations\",\"datePublished\":\"2022-09-07T15:05:52+00:00\",\"dateModified\":\"2022-09-07T16:34:14+00:00\",\"mainEntityOfPage\":{\"@id\":\"https:\/\/www.africa-press.net\/cameroun\/politique\/cameroun-sdf-la-commission-du-nec-littoral-annule-les-recentes-cooptations\"},\"wordCount\":316,\"commentCount\":0,\"image\":{\"@id\":\"https:\/\/www.africa-press.net\/cameroun\/politique\/cameroun-sdf-la-commission-du-nec-littoral-annule-les-recentes-cooptations#primaryimage\"},\"thumbnailUrl\":\"https:\/\/static.africa-press.net\/cameroun\/sites\/57\/2022\/09\/img-6318c7e586b80.jpg\",\"keywords\":[\"Africa Press\",\"Africa Press-Cameroun\",\"Cameroun\"],\"articleSection\":[\"homepage-french\",\"Politique\",\"Toutes les actualit\u00e9s\"],\"inLanguage\":\"fr-FR\",\"potentialAction\":[{\"@type\":\"CommentAction\",\"name\":\"Comment\",\"target\":[\"https:\/\/www.africa-press.net\/cameroun\/politique\/cameroun-sdf-la-commission-du-nec-littoral-annule-les-recentes-cooptations#respond\"]}]},{\"@type\":\"WebPage\",\"@id\":\"https:\/\/www.africa-press.net\/cameroun\/politique\/cameroun-sdf-la-commission-du-nec-littoral-annule-les-recentes-cooptations\",\"url\":\"https:\/\/www.africa-press.net\/cameroun\/politique\/cameroun-sdf-la-commission-du-nec-littoral-annule-les-recentes-cooptations\",\"name\":\"Cameroun-SDF : la commission du Nec Littoral annule les r\u00e9centes cooptations - Cameroun\",\"isPartOf\":{\"@id\":\"https:\/\/www.africa-press.net\/cameroun\/#website\"},\"primaryImageOfPage\":{\"@id\":\"https:\/\/www.africa-press.net\/cameroun\/politique\/cameroun-sdf-la-commission-du-nec-littoral-annule-les-recentes-cooptations#primaryimage\"},\"image\":{\"@id\":\"https:\/\/www.africa-press.net\/cameroun\/politique\/cameroun-sdf-la-commission-du-nec-littoral-annule-les-recentes-cooptations#primaryimage\"},\"thumbnailUrl\":\"https:\/\/static.africa-press.net\/cameroun\/sites\/57\/2022\/09\/img-6318c7e586b80.jpg\",\"datePublished\":\"2022-09-07T15:05:52+00:00\",\"dateModified\":\"2022-09-07T16:34:14+00:00\",\"author\":{\"@id\":\"https:\/\/www.africa-press.net\/cameroun\/#\/schema\/person\/2b1cf3cd81a31e3cd26889ca66d677f1\"},\"description\":\"Dans un rappel \u00e0 l\u2019ordre en date du 7 septembre 2022, le pr\u00e9sident l\u2019instance en charge des renouvellements d\u00e9clare c ...\",\"breadcrumb\":{\"@id\":\"https:\/\/www.africa-press.net\/cameroun\/politique\/cameroun-sdf-la-commission-du-nec-littoral-annule-les-recentes-cooptations#breadcrumb\"},\"inLanguage\":\"fr-FR\",\"potentialAction\":[{\"@type\":\"ReadAction\",\"target\":[\"https:\/\/www.africa-press.net\/cameroun\/politique\/cameroun-sdf-la-commission-du-nec-littoral-annule-les-recentes-cooptations\"]}]},{\"@type\":\"ImageObject\",\"inLanguage\":\"fr-FR\",\"@id\":\"https:\/\/www.africa-press.net\/cameroun\/politique\/cameroun-sdf-la-commission-du-nec-littoral-annule-les-recentes-cooptations#primaryimage\",\"url\":\"https:\/\/static.africa-press.net\/cameroun\/sites\/57\/2022\/09\/img-6318c7e586b80.jpg\",\"contentUrl\":\"https:\/\/static.africa-press.net\/cameroun\/sites\/57\/2022\/09\/img-6318c7e586b80.jpg\",\"width\":800,\"height\":513,\"caption\":\"Cameroun-SDF : la commission du Nec Littoral annule les r\u00e9centes cooptations\"},{\"@type\":\"BreadcrumbList\",\"@id\":\"https:\/\/www.africa-press.net\/cameroun\/politique\/cameroun-sdf-la-commission-du-nec-littoral-annule-les-recentes-cooptations#breadcrumb\",\"itemListElement\":[{\"@type\":\"ListItem\",\"position\":1,\"name\":\"Accueil\",\"item\":\"https:\/\/www.africa-press.net\/cameroun\/\"},{\"@type\":\"ListItem\",\"position\":2,\"name\":\"Cameroun-SDF : la commission du Nec Littoral annule les r\u00e9centes cooptations\"}]},{\"@type\":\"WebSite\",\"@id\":\"https:\/\/www.africa-press.net\/cameroun\/#website\",\"url\":\"https:\/\/www.africa-press.net\/cameroun\/\",\"name\":\"Cameroun\",\"description\":\"Just another Africa News Agency Sites site\",\"potentialAction\":[{\"@type\":\"SearchAction\",\"target\":{\"@type\":\"EntryPoint\",\"urlTemplate\":\"https:\/\/www.africa-press.net\/cameroun\/?s={search_term_string}\"},\"query-input\":{\"@type\":\"PropertyValueSpecification\",\"valueRequired\":true,\"valueName\":\"search_term_string\"}}],\"inLanguage\":\"fr-FR\"},{\"@type\":\"Person\",\"@id\":\"https:\/\/www.africa-press.net\/cameroun\/#\/schema\/person\/2b1cf3cd81a31e3cd26889ca66d677f1\",\"name\":\"cfeditorfr\"}]}<\/script>\n<!-- \/ Yoast SEO Premium plugin. -->","yoast_head_json":{"title":"Cameroun-SDF : la commission du Nec Littoral annule les r\u00e9centes cooptations - Cameroun","description":"Dans un rappel \u00e0 l\u2019ordre en date du 7 septembre 2022, le pr\u00e9sident l\u2019instance en charge des renouvellements d\u00e9clare c ...","robots":{"index":"index","follow":"follow","max-snippet":"max-snippet:-1","max-image-preview":"max-image-preview:large","max-video-preview":"max-video-preview:-1"},"canonical":"https:\/\/www.africa-press.net\/cameroun\/politique\/cameroun-sdf-la-commission-du-nec-littoral-annule-les-recentes-cooptations","og_locale":"fr_FR","og_type":"article","og_title":"Cameroun-SDF : la commission du Nec Littoral annule les r\u00e9centes cooptations","og_description":"Dans un rappel \u00e0 l\u2019ordre en date du 7 septembre 2022, le pr\u00e9sident l\u2019instance en charge des renouvellements d\u00e9clare c ...","og_url":"https:\/\/www.africa-press.net\/cameroun\/politique\/cameroun-sdf-la-commission-du-nec-littoral-annule-les-recentes-cooptations","og_site_name":"Cameroun","article_published_time":"2022-09-07T15:05:52+00:00","article_modified_time":"2022-09-07T16:34:14+00:00","og_image":[{"width":800,"height":513,"url":"https:\/\/static.africa-press.net\/cameroun\/sites\/57\/2022\/09\/img-6318c7e586b80.jpg","type":"image\/jpeg"}],"author":"cfeditorfr","twitter_card":"summary_large_image","twitter_misc":{"\u00c9crit par":"cfeditorfr","Dur\u00e9e de lecture estim\u00e9e":"2 minutes"},"schema":{"@context":"https:\/\/schema.org","@graph":[{"@type":"Article","@id":"https:\/\/www.africa-press.net\/cameroun\/politique\/cameroun-sdf-la-commission-du-nec-littoral-annule-les-recentes-cooptations#article","isPartOf":{"@id":"https:\/\/www.africa-press.net\/cameroun\/politique\/cameroun-sdf-la-commission-du-nec-littoral-annule-les-recentes-cooptations"},"author":{"name":"cfeditorfr","@id":"https:\/\/www.africa-press.net\/cameroun\/#\/schema\/person\/2b1cf3cd81a31e3cd26889ca66d677f1"},"headline":"Cameroun-SDF : la commission du Nec Littoral annule les r\u00e9centes cooptations","datePublished":"2022-09-07T15:05:52+00:00","dateModified":"2022-09-07T16:34:14+00:00","mainEntityOfPage":{"@id":"https:\/\/www.africa-press.net\/cameroun\/politique\/cameroun-sdf-la-commission-du-nec-littoral-annule-les-recentes-cooptations"},"wordCount":316,"commentCount":0,"image":{"@id":"https:\/\/www.africa-press.net\/cameroun\/politique\/cameroun-sdf-la-commission-du-nec-littoral-annule-les-recentes-cooptations#primaryimage"},"thumbnailUrl":"https:\/\/static.africa-press.net\/cameroun\/sites\/57\/2022\/09\/img-6318c7e586b80.jpg","keywords":["Africa Press","Africa Press-Cameroun","Cameroun"],"articleSection":["homepage-french","Politique","Toutes les actualit\u00e9s"],"inLanguage":"fr-FR","potentialAction":[{"@type":"CommentAction","name":"Comment","target":["https:\/\/www.africa-press.net\/cameroun\/politique\/cameroun-sdf-la-commission-du-nec-littoral-annule-les-recentes-cooptations#respond"]}]},{"@type":"WebPage","@id":"https:\/\/www.africa-press.net\/cameroun\/politique\/cameroun-sdf-la-commission-du-nec-littoral-annule-les-recentes-cooptations","url":"https:\/\/www.africa-press.net\/cameroun\/politique\/cameroun-sdf-la-commission-du-nec-littoral-annule-les-recentes-cooptations","name":"Cameroun-SDF : la commission du Nec Littoral annule les r\u00e9centes cooptations - Cameroun","isPartOf":{"@id":"https:\/\/www.africa-press.net\/cameroun\/#website"},"primaryImageOfPage":{"@id":"https:\/\/www.africa-press.net\/cameroun\/politique\/cameroun-sdf-la-commission-du-nec-littoral-annule-les-recentes-cooptations#primaryimage"},"image":{"@id":"https:\/\/www.africa-press.net\/cameroun\/politique\/cameroun-sdf-la-commission-du-nec-littoral-annule-les-recentes-cooptations#primaryimage"},"thumbnailUrl":"https:\/\/static.africa-press.net\/cameroun\/sites\/57\/2022\/09\/img-6318c7e586b80.jpg","datePublished":"2022-09-07T15:05:52+00:00","dateModified":"2022-09-07T16:34:14+00:00","author":{"@id":"https:\/\/www.africa-press.net\/cameroun\/#\/schema\/person\/2b1cf3cd81a31e3cd26889ca66d677f1"},"description":"Dans un rappel \u00e0 l\u2019ordre en date du 7 septembre 2022, le pr\u00e9sident l\u2019instance en charge des renouvellements d\u00e9clare c ...","breadcrumb":{"@id":"https:\/\/www.africa-press.net\/cameroun\/politique\/cameroun-sdf-la-commission-du-nec-littoral-annule-les-recentes-cooptations#breadcrumb"},"inLanguage":"fr-FR","potentialAction":[{"@type":"ReadAction","target":["https:\/\/www.africa-press.net\/cameroun\/politique\/cameroun-sdf-la-commission-du-nec-littoral-annule-les-recentes-cooptations"]}]},{"@type":"ImageObject","inLanguage":"fr-FR","@id":"https:\/\/www.africa-press.net\/cameroun\/politique\/cameroun-sdf-la-commission-du-nec-littoral-annule-les-recentes-cooptations#primaryimage","url":"https:\/\/static.africa-press.net\/cameroun\/sites\/57\/2022\/09\/img-6318c7e586b80.jpg","contentUrl":"https:\/\/static.africa-press.net\/cameroun\/sites\/57\/2022\/09\/img-6318c7e586b80.jpg","width":800,"height":513,"caption":"Cameroun-SDF : la commission du Nec Littoral annule les r\u00e9centes cooptations"},{"@type":"BreadcrumbList","@id":"https:\/\/www.africa-press.net\/cameroun\/politique\/cameroun-sdf-la-commission-du-nec-littoral-annule-les-recentes-cooptations#breadcrumb","itemListElement":[{"@type":"ListItem","position":1,"name":"Accueil","item":"https:\/\/www.africa-press.net\/cameroun\/"},{"@type":"ListItem","position":2,"name":"Cameroun-SDF : la commission du Nec Littoral annule les r\u00e9centes cooptations"}]},{"@type":"WebSite","@id":"https:\/\/www.africa-press.net\/cameroun\/#website","url":"https:\/\/www.africa-press.net\/cameroun\/","name":"Cameroun","description":"Just another Africa News Agency Sites site","potentialAction":[{"@type":"SearchAction","target":{"@type":"EntryPoint","urlTemplate":"https:\/\/www.africa-press.net\/cameroun\/?s={search_term_string}"},"query-input":{"@type":"PropertyValueSpecification","valueRequired":true,"valueName":"search_term_string"}}],"inLanguage":"fr-FR"},{"@type":"Person","@id":"https:\/\/www.africa-press.net\/cameroun\/#\/schema\/person\/2b1cf3cd81a31e3cd26889ca66d677f1","name":"cfeditorfr"}]}},"_links":{"self":[{"href":"https:\/\/www.africa-press.net\/cameroun\/wp-json\/wp\/v2\/posts\/26881","targetHints":{"allow":["GET"]}}],"collection":[{"href":"https:\/\/www.africa-press.net\/cameroun\/wp-json\/wp\/v2\/posts"}],"about":[{"href":"https:\/\/www.africa-press.net\/cameroun\/wp-json\/wp\/v2\/types\/post"}],"author":[{"embeddable":true,"href":"https:\/\/www.africa-press.net\/cameroun\/wp-json\/wp\/v2\/users\/82"}],"replies":[{"embeddable":true,"href":"https:\/\/www.africa-press.net\/cameroun\/wp-json\/wp\/v2\/comments?post=26881"}],"version-history":[{"count":0,"href":"https:\/\/www.africa-press.net\/cameroun\/wp-json\/wp\/v2\/posts\/26881\/revisions"}],"wp:featuredmedia":[{"embeddable":true,"href":"https:\/\/www.africa-press.net\/cameroun\/wp-json\/wp\/v2\/media\/26880"}],"wp:attachment":[{"href":"https:\/\/www.africa-press.net\/cameroun\/wp-json\/wp\/v2\/media?parent=26881"}],"wp:term":[{"taxonomy":"category","embeddable":true,"href":"https:\/\/www.africa-press.net\/cameroun\/wp-json\/wp\/v2\/categories?post=26881"},{"taxonomy":"post_tag","embeddable":true,"href":"https:\/\/www.africa-press.net\/cameroun\/wp-json\/wp\/v2\/tags?post=26881"}],"curies":[{"name":"wp","href":"https:\/\/api.w.org\/{rel}","templated":true}]}}