{"id":26884,"date":"2022-09-07T15:16:35","date_gmt":"2022-09-07T15:16:35","guid":{"rendered":"https:\/\/www.africa-press.net\/cameroun\/politique\/cyclisme-le-tour-du-cameroun-repousse-pour-des-contraintes-budgetaires"},"modified":"2022-09-07T16:54:07","modified_gmt":"2022-09-07T16:54:07","slug":"cyclisme-le-tour-du-cameroun-repousse-pour-des-contraintes-budgetaires","status":"publish","type":"post","link":"https:\/\/www.africa-press.net\/cameroun\/sports\/cyclisme-le-tour-du-cameroun-repousse-pour-des-contraintes-budgetaires","title":{"rendered":"Cyclisme: le tour du Cameroun repouss\u00e9 pour des contraintes budg\u00e9taires"},"content":{"rendered":"<p><span style=\"color: #ff6600\"><strong>Africa-Press &#8211; Cameroun. <\/strong><\/span>Initialement pr\u00e9vu pour d\u00e9marrer le 2 octobre 2022 \u00e0 Garoua, le coup d\u2019envoi de la comp\u00e9tition sera donn\u00e9 plut\u00f4t \u00e0 Yaound\u00e9 et ce, \u00e0 une date ult\u00e9rieure, laisse entendre le comit\u00e9 d\u2019organisation.<\/p>\n<p>Plusieurs facteurs relatifs \u00e0 l\u2019organisation de la <b>22e \u00e9dition du tour du Cameroun<\/b> ont \u00e9t\u00e9 revus. La comp\u00e9tition de <b>cyclisme<\/b> aussi appel\u00e9e <b>Grand prix international Chantal Biya<\/b> connait des contraintes budg\u00e9taires. Pour voir le bout du tunnel, il faut serrer la ceinture.<\/p>\n<p>Cela a commenc\u00e9 par un d\u00e9calage du lancement du tournoi. La course selon le calendrier pr\u00e9c\u00e9demment publi\u00e9, devait d\u00e9buter le 2 octobre 2022 \u00e0 Garoua dans la r\u00e9gion du Nord. Or le budget allou\u00e9 au comit\u00e9 a rendu cela impossible.<\/p>\n<p>Ce qui est maintenant pr\u00e9vu est de d\u00e9marrer la comp\u00e9tition le 4 octobre 2022 \u00e0 Bafia. Les cyclistes auront pour point d\u2019arriv\u00e9e la cit\u00e9 capitale, Yaound\u00e9, pour une distance de 122.8km.<\/p>\n<p>L\u2019autre modification est celle li\u00e9e \u00e0 la pr\u00e9sentation des comp\u00e9titeurs. La date \u00e0 retenir est le 03 octobre 2022 du c\u00f4t\u00e9 de l\u2019esplanade du stade Ahmadou Ahidjo et plus le 01 octobre 2022. Pour ce qui est du reste, il n\u2019y a pas grand changement. La course va couvrir une distance de 601 km couvrant trois villes dont Yaound\u00e9, Ebolowa et Sangm\u00e9lima.<\/p>\n<p><strong>Pour plus d&rsquo;informations et d&rsquo;analyses sur la <a href=\"https:\/\/www.africa-press.net\/cameroun\">Cameroun<\/a>, suivez <a href=\"https:\/\/www.africa-press.net\/\">Africa-Press<\/a><\/strong><\/p>\n","protected":false},"excerpt":{"rendered":"<p>Africa-Press &#8211; Cameroun. Initialement pr\u00e9vu pour d\u00e9marrer le 2 octobre 2022 \u00e0 Garoua, le coup d\u2019envoi de la comp\u00e9tition sera donn\u00e9 plut\u00f4t \u00e0 Yaound\u00e9 et ce, \u00e0 une date ult\u00e9rieure, laisse entendre le comit\u00e9 d\u2019organisation. Plusieurs facteurs relatifs \u00e0 l\u2019organisation de la 22e \u00e9dition du tour du Cameroun ont \u00e9t\u00e9 revus. La comp\u00e9tition de cyclisme [&hellip;]<\/p>\n","protected":false},"author":82,"featured_media":26883,"comment_status":"open","ping_status":"closed","sticky":false,"template":"","format":"standard","meta":{"footnotes":""},"categories":[11,6,10],"tags":[36,50,49],"class_list":["post-26884","post","type-post","status-publish","format-standard","has-post-thumbnail","hentry","category-homepage-french","category-sports","category-toutes-les-actualites","tag-africa-press","tag-africa-press-cameroun","tag-cameroun"],"yoast_head":"<!-- This site is optimized with the Yoast SEO Premium plugin v26.1 (Yoast SEO v27.0) - https:\/\/yoast.com\/product\/yoast-seo-premium-wordpress\/ -->\n<title>Cyclisme: le tour du Cameroun repouss\u00e9 pour des contraintes budg\u00e9taires - Cameroun<\/title>\n<meta name=\"description\" content=\"Initialement pr\u00e9vu pour d\u00e9marrer le 2 octobre 2022 \u00e0 Garoua, le coup d\u2019envoi de la comp\u00e9tition sera donn\u00e9 plut\u00f4t \u00e0 ...\" \/>\n<meta name=\"robots\" content=\"index, follow, max-snippet:-1, max-image-preview:large, max-video-preview:-1\" \/>\n<link rel=\"canonical\" href=\"https:\/\/www.africa-press.net\/cameroun\/sports\/cyclisme-le-tour-du-cameroun-repousse-pour-des-contraintes-budgetaires\" \/>\n<meta property=\"og:locale\" content=\"fr_FR\" \/>\n<meta property=\"og:type\" content=\"article\" \/>\n<meta property=\"og:title\" content=\"Cyclisme: le tour du Cameroun repouss\u00e9 pour des contraintes budg\u00e9taires\" \/>\n<meta property=\"og:description\" content=\"Initialement pr\u00e9vu pour d\u00e9marrer le 2 octobre 2022 \u00e0 Garoua, le coup d\u2019envoi de la comp\u00e9tition sera donn\u00e9 plut\u00f4t \u00e0 ...\" \/>\n<meta property=\"og:url\" content=\"https:\/\/www.africa-press.net\/cameroun\/sports\/cyclisme-le-tour-du-cameroun-repousse-pour-des-contraintes-budgetaires\" \/>\n<meta property=\"og:site_name\" content=\"Cameroun\" \/>\n<meta property=\"article:published_time\" content=\"2022-09-07T15:16:35+00:00\" \/>\n<meta property=\"article:modified_time\" content=\"2022-09-07T16:54:07+00:00\" \/>\n<meta property=\"og:image\" content=\"https:\/\/static.africa-press.net\/cameroun\/sites\/57\/2022\/09\/img-6318c80ecdbb3.jpg\" \/>\n\t<meta property=\"og:image:width\" content=\"720\" \/>\n\t<meta property=\"og:image:height\" content=\"451\" \/>\n\t<meta property=\"og:image:type\" content=\"image\/jpeg\" \/>\n<meta name=\"author\" content=\"cfeditorfr\" \/>\n<meta name=\"twitter:card\" content=\"summary_large_image\" \/>\n<meta name=\"twitter:label1\" content=\"\u00c9crit par\" \/>\n\t<meta name=\"twitter:data1\" content=\"cfeditorfr\" \/>\n\t<meta name=\"twitter:label2\" content=\"Dur\u00e9e de lecture estim\u00e9e\" \/>\n\t<meta name=\"twitter:data2\" content=\"2 minutes\" \/>\n<script type=\"application\/ld+json\" class=\"yoast-schema-graph\">{\"@context\":\"https:\/\/schema.org\",\"@graph\":[{\"@type\":\"Article\",\"@id\":\"https:\/\/www.africa-press.net\/cameroun\/sports\/cyclisme-le-tour-du-cameroun-repousse-pour-des-contraintes-budgetaires#article\",\"isPartOf\":{\"@id\":\"https:\/\/www.africa-press.net\/cameroun\/sports\/cyclisme-le-tour-du-cameroun-repousse-pour-des-contraintes-budgetaires\"},\"author\":{\"name\":\"cfeditorfr\",\"@id\":\"https:\/\/www.africa-press.net\/cameroun\/#\/schema\/person\/2b1cf3cd81a31e3cd26889ca66d677f1\"},\"headline\":\"Cyclisme: le tour du Cameroun repouss\u00e9 pour des contraintes budg\u00e9taires\",\"datePublished\":\"2022-09-07T15:16:35+00:00\",\"dateModified\":\"2022-09-07T16:54:07+00:00\",\"mainEntityOfPage\":{\"@id\":\"https:\/\/www.africa-press.net\/cameroun\/sports\/cyclisme-le-tour-du-cameroun-repousse-pour-des-contraintes-budgetaires\"},\"wordCount\":243,\"commentCount\":0,\"image\":{\"@id\":\"https:\/\/www.africa-press.net\/cameroun\/sports\/cyclisme-le-tour-du-cameroun-repousse-pour-des-contraintes-budgetaires#primaryimage\"},\"thumbnailUrl\":\"https:\/\/static.africa-press.net\/cameroun\/sites\/57\/2022\/09\/img-6318c80ecdbb3.jpg\",\"keywords\":[\"Africa Press\",\"Africa Press-Cameroun\",\"Cameroun\"],\"articleSection\":[\"homepage-french\",\"Sports\",\"Toutes les actualit\u00e9s\"],\"inLanguage\":\"fr-FR\",\"potentialAction\":[{\"@type\":\"CommentAction\",\"name\":\"Comment\",\"target\":[\"https:\/\/www.africa-press.net\/cameroun\/sports\/cyclisme-le-tour-du-cameroun-repousse-pour-des-contraintes-budgetaires#respond\"]}]},{\"@type\":\"WebPage\",\"@id\":\"https:\/\/www.africa-press.net\/cameroun\/sports\/cyclisme-le-tour-du-cameroun-repousse-pour-des-contraintes-budgetaires\",\"url\":\"https:\/\/www.africa-press.net\/cameroun\/sports\/cyclisme-le-tour-du-cameroun-repousse-pour-des-contraintes-budgetaires\",\"name\":\"Cyclisme: le tour du Cameroun repouss\u00e9 pour des contraintes budg\u00e9taires - Cameroun\",\"isPartOf\":{\"@id\":\"https:\/\/www.africa-press.net\/cameroun\/#website\"},\"primaryImageOfPage\":{\"@id\":\"https:\/\/www.africa-press.net\/cameroun\/sports\/cyclisme-le-tour-du-cameroun-repousse-pour-des-contraintes-budgetaires#primaryimage\"},\"image\":{\"@id\":\"https:\/\/www.africa-press.net\/cameroun\/sports\/cyclisme-le-tour-du-cameroun-repousse-pour-des-contraintes-budgetaires#primaryimage\"},\"thumbnailUrl\":\"https:\/\/static.africa-press.net\/cameroun\/sites\/57\/2022\/09\/img-6318c80ecdbb3.jpg\",\"datePublished\":\"2022-09-07T15:16:35+00:00\",\"dateModified\":\"2022-09-07T16:54:07+00:00\",\"author\":{\"@id\":\"https:\/\/www.africa-press.net\/cameroun\/#\/schema\/person\/2b1cf3cd81a31e3cd26889ca66d677f1\"},\"description\":\"Initialement pr\u00e9vu pour d\u00e9marrer le 2 octobre 2022 \u00e0 Garoua, le coup d\u2019envoi de la comp\u00e9tition sera donn\u00e9 plut\u00f4t \u00e0 ...\",\"breadcrumb\":{\"@id\":\"https:\/\/www.africa-press.net\/cameroun\/sports\/cyclisme-le-tour-du-cameroun-repousse-pour-des-contraintes-budgetaires#breadcrumb\"},\"inLanguage\":\"fr-FR\",\"potentialAction\":[{\"@type\":\"ReadAction\",\"target\":[\"https:\/\/www.africa-press.net\/cameroun\/sports\/cyclisme-le-tour-du-cameroun-repousse-pour-des-contraintes-budgetaires\"]}]},{\"@type\":\"ImageObject\",\"inLanguage\":\"fr-FR\",\"@id\":\"https:\/\/www.africa-press.net\/cameroun\/sports\/cyclisme-le-tour-du-cameroun-repousse-pour-des-contraintes-budgetaires#primaryimage\",\"url\":\"https:\/\/static.africa-press.net\/cameroun\/sites\/57\/2022\/09\/img-6318c80ecdbb3.jpg\",\"contentUrl\":\"https:\/\/static.africa-press.net\/cameroun\/sites\/57\/2022\/09\/img-6318c80ecdbb3.jpg\",\"width\":720,\"height\":451,\"caption\":\"Cyclisme: le tour du Cameroun repouss\u00e9 pour des contraintes budg\u00e9taires\"},{\"@type\":\"BreadcrumbList\",\"@id\":\"https:\/\/www.africa-press.net\/cameroun\/sports\/cyclisme-le-tour-du-cameroun-repousse-pour-des-contraintes-budgetaires#breadcrumb\",\"itemListElement\":[{\"@type\":\"ListItem\",\"position\":1,\"name\":\"Accueil\",\"item\":\"https:\/\/www.africa-press.net\/cameroun\/\"},{\"@type\":\"ListItem\",\"position\":2,\"name\":\"Cyclisme: le tour du Cameroun repouss\u00e9 pour des contraintes budg\u00e9taires\"}]},{\"@type\":\"WebSite\",\"@id\":\"https:\/\/www.africa-press.net\/cameroun\/#website\",\"url\":\"https:\/\/www.africa-press.net\/cameroun\/\",\"name\":\"Cameroun\",\"description\":\"Just another Africa News Agency Sites site\",\"potentialAction\":[{\"@type\":\"SearchAction\",\"target\":{\"@type\":\"EntryPoint\",\"urlTemplate\":\"https:\/\/www.africa-press.net\/cameroun\/?s={search_term_string}\"},\"query-input\":{\"@type\":\"PropertyValueSpecification\",\"valueRequired\":true,\"valueName\":\"search_term_string\"}}],\"inLanguage\":\"fr-FR\"},{\"@type\":\"Person\",\"@id\":\"https:\/\/www.africa-press.net\/cameroun\/#\/schema\/person\/2b1cf3cd81a31e3cd26889ca66d677f1\",\"name\":\"cfeditorfr\"}]}<\/script>\n<!-- \/ Yoast SEO Premium plugin. -->","yoast_head_json":{"title":"Cyclisme: le tour du Cameroun repouss\u00e9 pour des contraintes budg\u00e9taires - Cameroun","description":"Initialement pr\u00e9vu pour d\u00e9marrer le 2 octobre 2022 \u00e0 Garoua, le coup d\u2019envoi de la comp\u00e9tition sera donn\u00e9 plut\u00f4t \u00e0 ...","robots":{"index":"index","follow":"follow","max-snippet":"max-snippet:-1","max-image-preview":"max-image-preview:large","max-video-preview":"max-video-preview:-1"},"canonical":"https:\/\/www.africa-press.net\/cameroun\/sports\/cyclisme-le-tour-du-cameroun-repousse-pour-des-contraintes-budgetaires","og_locale":"fr_FR","og_type":"article","og_title":"Cyclisme: le tour du Cameroun repouss\u00e9 pour des contraintes budg\u00e9taires","og_description":"Initialement pr\u00e9vu pour d\u00e9marrer le 2 octobre 2022 \u00e0 Garoua, le coup d\u2019envoi de la comp\u00e9tition sera donn\u00e9 plut\u00f4t \u00e0 ...","og_url":"https:\/\/www.africa-press.net\/cameroun\/sports\/cyclisme-le-tour-du-cameroun-repousse-pour-des-contraintes-budgetaires","og_site_name":"Cameroun","article_published_time":"2022-09-07T15:16:35+00:00","article_modified_time":"2022-09-07T16:54:07+00:00","og_image":[{"width":720,"height":451,"url":"https:\/\/static.africa-press.net\/cameroun\/sites\/57\/2022\/09\/img-6318c80ecdbb3.jpg","type":"image\/jpeg"}],"author":"cfeditorfr","twitter_card":"summary_large_image","twitter_misc":{"\u00c9crit par":"cfeditorfr","Dur\u00e9e de lecture estim\u00e9e":"2 minutes"},"schema":{"@context":"https:\/\/schema.org","@graph":[{"@type":"Article","@id":"https:\/\/www.africa-press.net\/cameroun\/sports\/cyclisme-le-tour-du-cameroun-repousse-pour-des-contraintes-budgetaires#article","isPartOf":{"@id":"https:\/\/www.africa-press.net\/cameroun\/sports\/cyclisme-le-tour-du-cameroun-repousse-pour-des-contraintes-budgetaires"},"author":{"name":"cfeditorfr","@id":"https:\/\/www.africa-press.net\/cameroun\/#\/schema\/person\/2b1cf3cd81a31e3cd26889ca66d677f1"},"headline":"Cyclisme: le tour du Cameroun repouss\u00e9 pour des contraintes budg\u00e9taires","datePublished":"2022-09-07T15:16:35+00:00","dateModified":"2022-09-07T16:54:07+00:00","mainEntityOfPage":{"@id":"https:\/\/www.africa-press.net\/cameroun\/sports\/cyclisme-le-tour-du-cameroun-repousse-pour-des-contraintes-budgetaires"},"wordCount":243,"commentCount":0,"image":{"@id":"https:\/\/www.africa-press.net\/cameroun\/sports\/cyclisme-le-tour-du-cameroun-repousse-pour-des-contraintes-budgetaires#primaryimage"},"thumbnailUrl":"https:\/\/static.africa-press.net\/cameroun\/sites\/57\/2022\/09\/img-6318c80ecdbb3.jpg","keywords":["Africa Press","Africa Press-Cameroun","Cameroun"],"articleSection":["homepage-french","Sports","Toutes les actualit\u00e9s"],"inLanguage":"fr-FR","potentialAction":[{"@type":"CommentAction","name":"Comment","target":["https:\/\/www.africa-press.net\/cameroun\/sports\/cyclisme-le-tour-du-cameroun-repousse-pour-des-contraintes-budgetaires#respond"]}]},{"@type":"WebPage","@id":"https:\/\/www.africa-press.net\/cameroun\/sports\/cyclisme-le-tour-du-cameroun-repousse-pour-des-contraintes-budgetaires","url":"https:\/\/www.africa-press.net\/cameroun\/sports\/cyclisme-le-tour-du-cameroun-repousse-pour-des-contraintes-budgetaires","name":"Cyclisme: le tour du Cameroun repouss\u00e9 pour des contraintes budg\u00e9taires - Cameroun","isPartOf":{"@id":"https:\/\/www.africa-press.net\/cameroun\/#website"},"primaryImageOfPage":{"@id":"https:\/\/www.africa-press.net\/cameroun\/sports\/cyclisme-le-tour-du-cameroun-repousse-pour-des-contraintes-budgetaires#primaryimage"},"image":{"@id":"https:\/\/www.africa-press.net\/cameroun\/sports\/cyclisme-le-tour-du-cameroun-repousse-pour-des-contraintes-budgetaires#primaryimage"},"thumbnailUrl":"https:\/\/static.africa-press.net\/cameroun\/sites\/57\/2022\/09\/img-6318c80ecdbb3.jpg","datePublished":"2022-09-07T15:16:35+00:00","dateModified":"2022-09-07T16:54:07+00:00","author":{"@id":"https:\/\/www.africa-press.net\/cameroun\/#\/schema\/person\/2b1cf3cd81a31e3cd26889ca66d677f1"},"description":"Initialement pr\u00e9vu pour d\u00e9marrer le 2 octobre 2022 \u00e0 Garoua, le coup d\u2019envoi de la comp\u00e9tition sera donn\u00e9 plut\u00f4t \u00e0 ...","breadcrumb":{"@id":"https:\/\/www.africa-press.net\/cameroun\/sports\/cyclisme-le-tour-du-cameroun-repousse-pour-des-contraintes-budgetaires#breadcrumb"},"inLanguage":"fr-FR","potentialAction":[{"@type":"ReadAction","target":["https:\/\/www.africa-press.net\/cameroun\/sports\/cyclisme-le-tour-du-cameroun-repousse-pour-des-contraintes-budgetaires"]}]},{"@type":"ImageObject","inLanguage":"fr-FR","@id":"https:\/\/www.africa-press.net\/cameroun\/sports\/cyclisme-le-tour-du-cameroun-repousse-pour-des-contraintes-budgetaires#primaryimage","url":"https:\/\/static.africa-press.net\/cameroun\/sites\/57\/2022\/09\/img-6318c80ecdbb3.jpg","contentUrl":"https:\/\/static.africa-press.net\/cameroun\/sites\/57\/2022\/09\/img-6318c80ecdbb3.jpg","width":720,"height":451,"caption":"Cyclisme: le tour du Cameroun repouss\u00e9 pour des contraintes budg\u00e9taires"},{"@type":"BreadcrumbList","@id":"https:\/\/www.africa-press.net\/cameroun\/sports\/cyclisme-le-tour-du-cameroun-repousse-pour-des-contraintes-budgetaires#breadcrumb","itemListElement":[{"@type":"ListItem","position":1,"name":"Accueil","item":"https:\/\/www.africa-press.net\/cameroun\/"},{"@type":"ListItem","position":2,"name":"Cyclisme: le tour du Cameroun repouss\u00e9 pour des contraintes budg\u00e9taires"}]},{"@type":"WebSite","@id":"https:\/\/www.africa-press.net\/cameroun\/#website","url":"https:\/\/www.africa-press.net\/cameroun\/","name":"Cameroun","description":"Just another Africa News Agency Sites site","potentialAction":[{"@type":"SearchAction","target":{"@type":"EntryPoint","urlTemplate":"https:\/\/www.africa-press.net\/cameroun\/?s={search_term_string}"},"query-input":{"@type":"PropertyValueSpecification","valueRequired":true,"valueName":"search_term_string"}}],"inLanguage":"fr-FR"},{"@type":"Person","@id":"https:\/\/www.africa-press.net\/cameroun\/#\/schema\/person\/2b1cf3cd81a31e3cd26889ca66d677f1","name":"cfeditorfr"}]}},"_links":{"self":[{"href":"https:\/\/www.africa-press.net\/cameroun\/wp-json\/wp\/v2\/posts\/26884","targetHints":{"allow":["GET"]}}],"collection":[{"href":"https:\/\/www.africa-press.net\/cameroun\/wp-json\/wp\/v2\/posts"}],"about":[{"href":"https:\/\/www.africa-press.net\/cameroun\/wp-json\/wp\/v2\/types\/post"}],"author":[{"embeddable":true,"href":"https:\/\/www.africa-press.net\/cameroun\/wp-json\/wp\/v2\/users\/82"}],"replies":[{"embeddable":true,"href":"https:\/\/www.africa-press.net\/cameroun\/wp-json\/wp\/v2\/comments?post=26884"}],"version-history":[{"count":0,"href":"https:\/\/www.africa-press.net\/cameroun\/wp-json\/wp\/v2\/posts\/26884\/revisions"}],"wp:featuredmedia":[{"embeddable":true,"href":"https:\/\/www.africa-press.net\/cameroun\/wp-json\/wp\/v2\/media\/26883"}],"wp:attachment":[{"href":"https:\/\/www.africa-press.net\/cameroun\/wp-json\/wp\/v2\/media?parent=26884"}],"wp:term":[{"taxonomy":"category","embeddable":true,"href":"https:\/\/www.africa-press.net\/cameroun\/wp-json\/wp\/v2\/categories?post=26884"},{"taxonomy":"post_tag","embeddable":true,"href":"https:\/\/www.africa-press.net\/cameroun\/wp-json\/wp\/v2\/tags?post=26884"}],"curies":[{"name":"wp","href":"https:\/\/api.w.org\/{rel}","templated":true}]}}