{"id":26896,"date":"2022-09-07T15:47:08","date_gmt":"2022-09-07T15:47:08","guid":{"rendered":"https:\/\/www.africa-press.net\/cameroun\/politique\/fret-maritime-le-cameroun-proroge-pour-la-3e-fois-la-reduction-de-la-base-imposable-en-douane"},"modified":"2022-09-07T16:37:31","modified_gmt":"2022-09-07T16:37:31","slug":"fret-maritime-le-cameroun-proroge-pour-la-3e-fois-la-reduction-de-la-base-imposable-en-douane","status":"publish","type":"post","link":"https:\/\/www.africa-press.net\/cameroun\/economie\/fret-maritime-le-cameroun-proroge-pour-la-3e-fois-la-reduction-de-la-base-imposable-en-douane","title":{"rendered":"Fret maritime\u00a0: le Cameroun proroge pour la 3e fois la r\u00e9duction de la base imposable en douane"},"content":{"rendered":"<p><span style=\"color: #ff6600\"><strong>Africa-Press &#8211; Cameroun. <\/strong><\/span>Investir au Cameroun) &#8211; Le 1er septembre 2022, le ministre des Finances, Louis Paul Motaz\u00e9, a sign\u00e9 une nouvelle d\u00e9cision prorogeant jusqu\u2019au 30 novembre 2022, la mesure d\u2019abattement de 80% du co\u00fbt du fret \u00e0 int\u00e9grer dans la valeur en douane des marchandises import\u00e9es par voie maritime. Il s\u2019agit de la 3e prorogation de cette mesure, apr\u00e8s celles d\u00e9cid\u00e9es les 28 f\u00e9vrier et 3 juin 2022.<\/p>\n<p>Pour rappel, cette mesure avait \u00e9t\u00e9 prise le 16 novembre 2021, dans un \u00ab<b>\u2009contexte d\u2019augmentation in\u00e9dite du co\u00fbt du transport international des marchandises\u2009<\/b>\u00bb, avait expliqu\u00e9 le ministre des Finances. Par cette mesure, le gouvernement camerounais contribue \u00e0 att\u00e9nuer les surco\u00fbts impos\u00e9s aux op\u00e9rateurs \u00e9conomiques par une conjoncture internationale post-Covid 19 morose, aggrav\u00e9e par le conflit russo-ukrainien.<\/p>\n<p>L\u2019abattement de 80% du co\u00fbt du fret \u00e0 prendre en compte dans la d\u00e9termination de la valeur en douane des marchandises import\u00e9es par voie maritime, avait pr\u00e9cis\u00e9 le ministre Motaz\u00e9, est une r\u00e9ponse aux plaintes exprim\u00e9es par le Groupement inter-patronal du Cameroun (Gicam), la principale organisation patronale du pays.<\/p>\n<p>En effet, dans un communiqu\u00e9 publi\u00e9 le 9 novembre 2021, le Gicam avait r\u00e9v\u00e9l\u00e9 que les entreprises de divers secteurs d\u2019activit\u00e9s faisaient face \u00e0 une<b> \u00ab\u2009hausse sans pr\u00e9c\u00e9dent des prix des produits \u00e0 l\u2019importation et du fret maritime,<\/b> <b>avec des augmentations variant 20 \u00e0 400%\u2009\u00bb. <\/b>Au regard de cette r\u00e9alit\u00e9, l\u2019organisation patronale envisageait <b>\u00ab\u2009purement et simplement l\u2019arr\u00eat des activit\u00e9s d\u2019importation et de production au 1er janvier 2022<\/b>\u2009\u00bb, si les entreprises \u00ab\u2009<b>ne sont plus en mesure de s\u2019ajuster\u2009\u00bb.<\/b><\/p>\n<p><b>BRM <\/b><\/p>\n<p><strong>Pour plus d&rsquo;informations et d&rsquo;analyses sur la <a href=\"https:\/\/www.africa-press.net\/cameroun\">Cameroun<\/a>, suivez <a href=\"https:\/\/www.africa-press.net\/\">Africa-Press<\/a><\/strong><\/p>\n","protected":false},"excerpt":{"rendered":"<p>Africa-Press &#8211; Cameroun. Investir au Cameroun) &#8211; Le 1er septembre 2022, le ministre des Finances, Louis Paul Motaz\u00e9, a sign\u00e9 une nouvelle d\u00e9cision prorogeant jusqu\u2019au 30 novembre 2022, la mesure d\u2019abattement de 80% du co\u00fbt du fret \u00e0 int\u00e9grer dans la valeur en douane des marchandises import\u00e9es par voie maritime. Il s\u2019agit de la 3e [&hellip;]<\/p>\n","protected":false},"author":82,"featured_media":26895,"comment_status":"open","ping_status":"closed","sticky":false,"template":"","format":"standard","meta":{"footnotes":""},"categories":[3,11,10],"tags":[36,50,49],"class_list":["post-26896","post","type-post","status-publish","format-standard","has-post-thumbnail","hentry","category-economie","category-homepage-french","category-toutes-les-actualites","tag-africa-press","tag-africa-press-cameroun","tag-cameroun"],"yoast_head":"<!-- This site is optimized with the Yoast SEO Premium plugin v26.1 (Yoast SEO v27.0) - https:\/\/yoast.com\/product\/yoast-seo-premium-wordpress\/ -->\n<title>Fret maritime\u00a0: le Cameroun proroge pour la 3e fois la r\u00e9duction de la base imposable en douane - Cameroun<\/title>\n<meta name=\"description\" content=\"Investir au Cameroun) - Le 1er septembre 2022, le ministre des Finances, Louis Paul Motaz\u00e9, a sign\u00e9 une nouvelle d\u00e9cisio ...\" \/>\n<meta name=\"robots\" content=\"index, follow, max-snippet:-1, max-image-preview:large, max-video-preview:-1\" \/>\n<link rel=\"canonical\" href=\"https:\/\/www.africa-press.net\/cameroun\/economie\/fret-maritime-le-cameroun-proroge-pour-la-3e-fois-la-reduction-de-la-base-imposable-en-douane\" \/>\n<meta property=\"og:locale\" content=\"fr_FR\" \/>\n<meta property=\"og:type\" content=\"article\" \/>\n<meta property=\"og:title\" content=\"Fret maritime\u00a0: le Cameroun proroge pour la 3e fois la r\u00e9duction de la base imposable en douane\" \/>\n<meta property=\"og:description\" content=\"Investir au Cameroun) - Le 1er septembre 2022, le ministre des Finances, Louis Paul Motaz\u00e9, a sign\u00e9 une nouvelle d\u00e9cisio ...\" \/>\n<meta property=\"og:url\" content=\"https:\/\/www.africa-press.net\/cameroun\/economie\/fret-maritime-le-cameroun-proroge-pour-la-3e-fois-la-reduction-de-la-base-imposable-en-douane\" \/>\n<meta property=\"og:site_name\" content=\"Cameroun\" \/>\n<meta property=\"article:published_time\" content=\"2022-09-07T15:47:08+00:00\" \/>\n<meta property=\"article:modified_time\" content=\"2022-09-07T16:37:31+00:00\" \/>\n<meta property=\"og:image\" content=\"https:\/\/static.africa-press.net\/cameroun\/sites\/57\/2022\/09\/img-6318c8a8cd99d.jpg\" \/>\n\t<meta property=\"og:image:width\" content=\"720\" \/>\n\t<meta property=\"og:image:height\" content=\"479\" \/>\n\t<meta property=\"og:image:type\" content=\"image\/jpeg\" \/>\n<meta name=\"author\" content=\"cfeditorfr\" \/>\n<meta name=\"twitter:card\" content=\"summary_large_image\" \/>\n<meta name=\"twitter:label1\" content=\"\u00c9crit par\" \/>\n\t<meta name=\"twitter:data1\" content=\"cfeditorfr\" \/>\n\t<meta name=\"twitter:label2\" content=\"Dur\u00e9e de lecture estim\u00e9e\" \/>\n\t<meta name=\"twitter:data2\" content=\"2 minutes\" \/>\n<script type=\"application\/ld+json\" class=\"yoast-schema-graph\">{\"@context\":\"https:\/\/schema.org\",\"@graph\":[{\"@type\":\"Article\",\"@id\":\"https:\/\/www.africa-press.net\/cameroun\/economie\/fret-maritime-le-cameroun-proroge-pour-la-3e-fois-la-reduction-de-la-base-imposable-en-douane#article\",\"isPartOf\":{\"@id\":\"https:\/\/www.africa-press.net\/cameroun\/economie\/fret-maritime-le-cameroun-proroge-pour-la-3e-fois-la-reduction-de-la-base-imposable-en-douane\"},\"author\":{\"name\":\"cfeditorfr\",\"@id\":\"https:\/\/www.africa-press.net\/cameroun\/#\/schema\/person\/2b1cf3cd81a31e3cd26889ca66d677f1\"},\"headline\":\"Fret maritime\u00a0: le Cameroun proroge pour la 3e fois la r\u00e9duction de la base imposable en douane\",\"datePublished\":\"2022-09-07T15:47:08+00:00\",\"dateModified\":\"2022-09-07T16:37:31+00:00\",\"mainEntityOfPage\":{\"@id\":\"https:\/\/www.africa-press.net\/cameroun\/economie\/fret-maritime-le-cameroun-proroge-pour-la-3e-fois-la-reduction-de-la-base-imposable-en-douane\"},\"wordCount\":300,\"commentCount\":0,\"image\":{\"@id\":\"https:\/\/www.africa-press.net\/cameroun\/economie\/fret-maritime-le-cameroun-proroge-pour-la-3e-fois-la-reduction-de-la-base-imposable-en-douane#primaryimage\"},\"thumbnailUrl\":\"https:\/\/static.africa-press.net\/cameroun\/sites\/57\/2022\/09\/img-6318c8a8cd99d.jpg\",\"keywords\":[\"Africa Press\",\"Africa Press-Cameroun\",\"Cameroun\"],\"articleSection\":[\"\u00c9conomie\",\"homepage-french\",\"Toutes les actualit\u00e9s\"],\"inLanguage\":\"fr-FR\",\"potentialAction\":[{\"@type\":\"CommentAction\",\"name\":\"Comment\",\"target\":[\"https:\/\/www.africa-press.net\/cameroun\/economie\/fret-maritime-le-cameroun-proroge-pour-la-3e-fois-la-reduction-de-la-base-imposable-en-douane#respond\"]}]},{\"@type\":\"WebPage\",\"@id\":\"https:\/\/www.africa-press.net\/cameroun\/economie\/fret-maritime-le-cameroun-proroge-pour-la-3e-fois-la-reduction-de-la-base-imposable-en-douane\",\"url\":\"https:\/\/www.africa-press.net\/cameroun\/economie\/fret-maritime-le-cameroun-proroge-pour-la-3e-fois-la-reduction-de-la-base-imposable-en-douane\",\"name\":\"Fret maritime\u00a0: le Cameroun proroge pour la 3e fois la r\u00e9duction de la base imposable en douane - Cameroun\",\"isPartOf\":{\"@id\":\"https:\/\/www.africa-press.net\/cameroun\/#website\"},\"primaryImageOfPage\":{\"@id\":\"https:\/\/www.africa-press.net\/cameroun\/economie\/fret-maritime-le-cameroun-proroge-pour-la-3e-fois-la-reduction-de-la-base-imposable-en-douane#primaryimage\"},\"image\":{\"@id\":\"https:\/\/www.africa-press.net\/cameroun\/economie\/fret-maritime-le-cameroun-proroge-pour-la-3e-fois-la-reduction-de-la-base-imposable-en-douane#primaryimage\"},\"thumbnailUrl\":\"https:\/\/static.africa-press.net\/cameroun\/sites\/57\/2022\/09\/img-6318c8a8cd99d.jpg\",\"datePublished\":\"2022-09-07T15:47:08+00:00\",\"dateModified\":\"2022-09-07T16:37:31+00:00\",\"author\":{\"@id\":\"https:\/\/www.africa-press.net\/cameroun\/#\/schema\/person\/2b1cf3cd81a31e3cd26889ca66d677f1\"},\"description\":\"Investir au Cameroun) - Le 1er septembre 2022, le ministre des Finances, Louis Paul Motaz\u00e9, a sign\u00e9 une nouvelle d\u00e9cisio ...\",\"breadcrumb\":{\"@id\":\"https:\/\/www.africa-press.net\/cameroun\/economie\/fret-maritime-le-cameroun-proroge-pour-la-3e-fois-la-reduction-de-la-base-imposable-en-douane#breadcrumb\"},\"inLanguage\":\"fr-FR\",\"potentialAction\":[{\"@type\":\"ReadAction\",\"target\":[\"https:\/\/www.africa-press.net\/cameroun\/economie\/fret-maritime-le-cameroun-proroge-pour-la-3e-fois-la-reduction-de-la-base-imposable-en-douane\"]}]},{\"@type\":\"ImageObject\",\"inLanguage\":\"fr-FR\",\"@id\":\"https:\/\/www.africa-press.net\/cameroun\/economie\/fret-maritime-le-cameroun-proroge-pour-la-3e-fois-la-reduction-de-la-base-imposable-en-douane#primaryimage\",\"url\":\"https:\/\/static.africa-press.net\/cameroun\/sites\/57\/2022\/09\/img-6318c8a8cd99d.jpg\",\"contentUrl\":\"https:\/\/static.africa-press.net\/cameroun\/sites\/57\/2022\/09\/img-6318c8a8cd99d.jpg\",\"width\":720,\"height\":479,\"caption\":\"Fret maritime\u00a0: le Cameroun proroge pour la 3e fois la r\u00e9duction de la base imposable en douane\"},{\"@type\":\"BreadcrumbList\",\"@id\":\"https:\/\/www.africa-press.net\/cameroun\/economie\/fret-maritime-le-cameroun-proroge-pour-la-3e-fois-la-reduction-de-la-base-imposable-en-douane#breadcrumb\",\"itemListElement\":[{\"@type\":\"ListItem\",\"position\":1,\"name\":\"Accueil\",\"item\":\"https:\/\/www.africa-press.net\/cameroun\/\"},{\"@type\":\"ListItem\",\"position\":2,\"name\":\"Fret maritime\u00a0: le Cameroun proroge pour la 3e fois la r\u00e9duction de la base imposable en douane\"}]},{\"@type\":\"WebSite\",\"@id\":\"https:\/\/www.africa-press.net\/cameroun\/#website\",\"url\":\"https:\/\/www.africa-press.net\/cameroun\/\",\"name\":\"Cameroun\",\"description\":\"Just another Africa News Agency Sites site\",\"potentialAction\":[{\"@type\":\"SearchAction\",\"target\":{\"@type\":\"EntryPoint\",\"urlTemplate\":\"https:\/\/www.africa-press.net\/cameroun\/?s={search_term_string}\"},\"query-input\":{\"@type\":\"PropertyValueSpecification\",\"valueRequired\":true,\"valueName\":\"search_term_string\"}}],\"inLanguage\":\"fr-FR\"},{\"@type\":\"Person\",\"@id\":\"https:\/\/www.africa-press.net\/cameroun\/#\/schema\/person\/2b1cf3cd81a31e3cd26889ca66d677f1\",\"name\":\"cfeditorfr\"}]}<\/script>\n<!-- \/ Yoast SEO Premium plugin. -->","yoast_head_json":{"title":"Fret maritime\u00a0: le Cameroun proroge pour la 3e fois la r\u00e9duction de la base imposable en douane - Cameroun","description":"Investir au Cameroun) - Le 1er septembre 2022, le ministre des Finances, Louis Paul Motaz\u00e9, a sign\u00e9 une nouvelle d\u00e9cisio ...","robots":{"index":"index","follow":"follow","max-snippet":"max-snippet:-1","max-image-preview":"max-image-preview:large","max-video-preview":"max-video-preview:-1"},"canonical":"https:\/\/www.africa-press.net\/cameroun\/economie\/fret-maritime-le-cameroun-proroge-pour-la-3e-fois-la-reduction-de-la-base-imposable-en-douane","og_locale":"fr_FR","og_type":"article","og_title":"Fret maritime\u00a0: le Cameroun proroge pour la 3e fois la r\u00e9duction de la base imposable en douane","og_description":"Investir au Cameroun) - Le 1er septembre 2022, le ministre des Finances, Louis Paul Motaz\u00e9, a sign\u00e9 une nouvelle d\u00e9cisio ...","og_url":"https:\/\/www.africa-press.net\/cameroun\/economie\/fret-maritime-le-cameroun-proroge-pour-la-3e-fois-la-reduction-de-la-base-imposable-en-douane","og_site_name":"Cameroun","article_published_time":"2022-09-07T15:47:08+00:00","article_modified_time":"2022-09-07T16:37:31+00:00","og_image":[{"width":720,"height":479,"url":"https:\/\/static.africa-press.net\/cameroun\/sites\/57\/2022\/09\/img-6318c8a8cd99d.jpg","type":"image\/jpeg"}],"author":"cfeditorfr","twitter_card":"summary_large_image","twitter_misc":{"\u00c9crit par":"cfeditorfr","Dur\u00e9e de lecture estim\u00e9e":"2 minutes"},"schema":{"@context":"https:\/\/schema.org","@graph":[{"@type":"Article","@id":"https:\/\/www.africa-press.net\/cameroun\/economie\/fret-maritime-le-cameroun-proroge-pour-la-3e-fois-la-reduction-de-la-base-imposable-en-douane#article","isPartOf":{"@id":"https:\/\/www.africa-press.net\/cameroun\/economie\/fret-maritime-le-cameroun-proroge-pour-la-3e-fois-la-reduction-de-la-base-imposable-en-douane"},"author":{"name":"cfeditorfr","@id":"https:\/\/www.africa-press.net\/cameroun\/#\/schema\/person\/2b1cf3cd81a31e3cd26889ca66d677f1"},"headline":"Fret maritime\u00a0: le Cameroun proroge pour la 3e fois la r\u00e9duction de la base imposable en douane","datePublished":"2022-09-07T15:47:08+00:00","dateModified":"2022-09-07T16:37:31+00:00","mainEntityOfPage":{"@id":"https:\/\/www.africa-press.net\/cameroun\/economie\/fret-maritime-le-cameroun-proroge-pour-la-3e-fois-la-reduction-de-la-base-imposable-en-douane"},"wordCount":300,"commentCount":0,"image":{"@id":"https:\/\/www.africa-press.net\/cameroun\/economie\/fret-maritime-le-cameroun-proroge-pour-la-3e-fois-la-reduction-de-la-base-imposable-en-douane#primaryimage"},"thumbnailUrl":"https:\/\/static.africa-press.net\/cameroun\/sites\/57\/2022\/09\/img-6318c8a8cd99d.jpg","keywords":["Africa Press","Africa Press-Cameroun","Cameroun"],"articleSection":["\u00c9conomie","homepage-french","Toutes les actualit\u00e9s"],"inLanguage":"fr-FR","potentialAction":[{"@type":"CommentAction","name":"Comment","target":["https:\/\/www.africa-press.net\/cameroun\/economie\/fret-maritime-le-cameroun-proroge-pour-la-3e-fois-la-reduction-de-la-base-imposable-en-douane#respond"]}]},{"@type":"WebPage","@id":"https:\/\/www.africa-press.net\/cameroun\/economie\/fret-maritime-le-cameroun-proroge-pour-la-3e-fois-la-reduction-de-la-base-imposable-en-douane","url":"https:\/\/www.africa-press.net\/cameroun\/economie\/fret-maritime-le-cameroun-proroge-pour-la-3e-fois-la-reduction-de-la-base-imposable-en-douane","name":"Fret maritime\u00a0: le Cameroun proroge pour la 3e fois la r\u00e9duction de la base imposable en douane - Cameroun","isPartOf":{"@id":"https:\/\/www.africa-press.net\/cameroun\/#website"},"primaryImageOfPage":{"@id":"https:\/\/www.africa-press.net\/cameroun\/economie\/fret-maritime-le-cameroun-proroge-pour-la-3e-fois-la-reduction-de-la-base-imposable-en-douane#primaryimage"},"image":{"@id":"https:\/\/www.africa-press.net\/cameroun\/economie\/fret-maritime-le-cameroun-proroge-pour-la-3e-fois-la-reduction-de-la-base-imposable-en-douane#primaryimage"},"thumbnailUrl":"https:\/\/static.africa-press.net\/cameroun\/sites\/57\/2022\/09\/img-6318c8a8cd99d.jpg","datePublished":"2022-09-07T15:47:08+00:00","dateModified":"2022-09-07T16:37:31+00:00","author":{"@id":"https:\/\/www.africa-press.net\/cameroun\/#\/schema\/person\/2b1cf3cd81a31e3cd26889ca66d677f1"},"description":"Investir au Cameroun) - Le 1er septembre 2022, le ministre des Finances, Louis Paul Motaz\u00e9, a sign\u00e9 une nouvelle d\u00e9cisio ...","breadcrumb":{"@id":"https:\/\/www.africa-press.net\/cameroun\/economie\/fret-maritime-le-cameroun-proroge-pour-la-3e-fois-la-reduction-de-la-base-imposable-en-douane#breadcrumb"},"inLanguage":"fr-FR","potentialAction":[{"@type":"ReadAction","target":["https:\/\/www.africa-press.net\/cameroun\/economie\/fret-maritime-le-cameroun-proroge-pour-la-3e-fois-la-reduction-de-la-base-imposable-en-douane"]}]},{"@type":"ImageObject","inLanguage":"fr-FR","@id":"https:\/\/www.africa-press.net\/cameroun\/economie\/fret-maritime-le-cameroun-proroge-pour-la-3e-fois-la-reduction-de-la-base-imposable-en-douane#primaryimage","url":"https:\/\/static.africa-press.net\/cameroun\/sites\/57\/2022\/09\/img-6318c8a8cd99d.jpg","contentUrl":"https:\/\/static.africa-press.net\/cameroun\/sites\/57\/2022\/09\/img-6318c8a8cd99d.jpg","width":720,"height":479,"caption":"Fret maritime\u00a0: le Cameroun proroge pour la 3e fois la r\u00e9duction de la base imposable en douane"},{"@type":"BreadcrumbList","@id":"https:\/\/www.africa-press.net\/cameroun\/economie\/fret-maritime-le-cameroun-proroge-pour-la-3e-fois-la-reduction-de-la-base-imposable-en-douane#breadcrumb","itemListElement":[{"@type":"ListItem","position":1,"name":"Accueil","item":"https:\/\/www.africa-press.net\/cameroun\/"},{"@type":"ListItem","position":2,"name":"Fret maritime\u00a0: le Cameroun proroge pour la 3e fois la r\u00e9duction de la base imposable en douane"}]},{"@type":"WebSite","@id":"https:\/\/www.africa-press.net\/cameroun\/#website","url":"https:\/\/www.africa-press.net\/cameroun\/","name":"Cameroun","description":"Just another Africa News Agency Sites site","potentialAction":[{"@type":"SearchAction","target":{"@type":"EntryPoint","urlTemplate":"https:\/\/www.africa-press.net\/cameroun\/?s={search_term_string}"},"query-input":{"@type":"PropertyValueSpecification","valueRequired":true,"valueName":"search_term_string"}}],"inLanguage":"fr-FR"},{"@type":"Person","@id":"https:\/\/www.africa-press.net\/cameroun\/#\/schema\/person\/2b1cf3cd81a31e3cd26889ca66d677f1","name":"cfeditorfr"}]}},"_links":{"self":[{"href":"https:\/\/www.africa-press.net\/cameroun\/wp-json\/wp\/v2\/posts\/26896","targetHints":{"allow":["GET"]}}],"collection":[{"href":"https:\/\/www.africa-press.net\/cameroun\/wp-json\/wp\/v2\/posts"}],"about":[{"href":"https:\/\/www.africa-press.net\/cameroun\/wp-json\/wp\/v2\/types\/post"}],"author":[{"embeddable":true,"href":"https:\/\/www.africa-press.net\/cameroun\/wp-json\/wp\/v2\/users\/82"}],"replies":[{"embeddable":true,"href":"https:\/\/www.africa-press.net\/cameroun\/wp-json\/wp\/v2\/comments?post=26896"}],"version-history":[{"count":0,"href":"https:\/\/www.africa-press.net\/cameroun\/wp-json\/wp\/v2\/posts\/26896\/revisions"}],"wp:featuredmedia":[{"embeddable":true,"href":"https:\/\/www.africa-press.net\/cameroun\/wp-json\/wp\/v2\/media\/26895"}],"wp:attachment":[{"href":"https:\/\/www.africa-press.net\/cameroun\/wp-json\/wp\/v2\/media?parent=26896"}],"wp:term":[{"taxonomy":"category","embeddable":true,"href":"https:\/\/www.africa-press.net\/cameroun\/wp-json\/wp\/v2\/categories?post=26896"},{"taxonomy":"post_tag","embeddable":true,"href":"https:\/\/www.africa-press.net\/cameroun\/wp-json\/wp\/v2\/tags?post=26896"}],"curies":[{"name":"wp","href":"https:\/\/api.w.org\/{rel}","templated":true}]}}