{"id":26928,"date":"2022-09-08T13:35:21","date_gmt":"2022-09-08T13:35:21","guid":{"rendered":"https:\/\/www.africa-press.net\/cameroun\/politique\/crise-anglophone-six-morts-dans-une-attaque-separatiste-sur-la-route-douala-kumba"},"modified":"2022-09-08T16:24:49","modified_gmt":"2022-09-08T16:24:49","slug":"crise-anglophone-six-morts-dans-une-attaque-separatiste-sur-la-route-douala-kumba","status":"publish","type":"post","link":"https:\/\/www.africa-press.net\/cameroun\/politique\/crise-anglophone-six-morts-dans-une-attaque-separatiste-sur-la-route-douala-kumba","title":{"rendered":"Crise anglophone\u00a0: Six morts dans une attaque s\u00e9paratiste sur la route Douala \u2013 Kumba"},"content":{"rendered":"<p><span style=\"color: #ff6600\"><strong>Africa-Press &#8211; Cameroun. <\/strong><\/span>Le mardi 06 septembre 2022, au lendemain d\u2019une nouvelle ville morte impos\u00e9e aux populations des R\u00e9gions du Sud-Ouest et du Nord-Ouest par les s\u00e9paratistes depuis le d\u00e9clenchement de la crise anglophone en 2017, les passagers d\u2019un car de l\u2019agence Golden express ont cru pouvoir voyager sereinement de Douala \u00e0 destination de Kumba. Ils ont \u00e9t\u00e9 surpris apr\u00e8s avoir travers\u00e9 la ville de Buea, par une bande de terroristes lourdement arm\u00e9e.<\/p>\n<p>Les pr\u00e9sum\u00e9s s\u00e9paratistes ont ouvert le feu sur le v\u00e9hicule de transport en commun, tuant sur le coup six passagers. \u00ab Le bilan de cette attaque terroriste cruelle et barbare fait \u00e9tat de six morts dont une femme et cinq hommes. Ainsi que huit bless\u00e9s dont six femmes. Tous les morts et les bless\u00e9s ont \u00e9t\u00e9 transport\u00e9s \u00e0 l\u2019h\u00f4pital r\u00e9gional de Buea \u00bb a indiqu\u00e9 le ministre de la communication, porte-parole du gouvernement dans un communiqu\u00e9 publi\u00e9 ce mercredi 07 septembre 2022.<\/p>\n<p>Il n\u2019a pas manqu\u00e9 de souligner que le gouvernement de la R\u00e9publique condamne avec la plus grande fermet\u00e9, \u00ab cette attaque l\u00e2che et ignoble perp\u00e9tr\u00e9e contre des civils innocents, par des terroristes qui ont perdu toute humanit\u00e9, dans le but de semer la terreur au sein des populations et de compromettre ainsi une rentr\u00e9e scolaire porteuse d\u2019espoir dans la R\u00e9gion du Sud-Ouest \u00bb.<\/p>\n<p><strong>Pour plus d&rsquo;informations et d&rsquo;analyses sur la <a href=\"https:\/\/www.africa-press.net\/cameroun\">Cameroun<\/a>, suivez <a href=\"https:\/\/www.africa-press.net\/\">Africa-Press<\/a><\/strong><\/p>\n","protected":false},"excerpt":{"rendered":"<p>Africa-Press &#8211; Cameroun. Le mardi 06 septembre 2022, au lendemain d\u2019une nouvelle ville morte impos\u00e9e aux populations des R\u00e9gions du Sud-Ouest et du Nord-Ouest par les s\u00e9paratistes depuis le d\u00e9clenchement de la crise anglophone en 2017, les passagers d\u2019un car de l\u2019agence Golden express ont cru pouvoir voyager sereinement de Douala \u00e0 destination de Kumba. [&hellip;]<\/p>\n","protected":false},"author":82,"featured_media":26927,"comment_status":"open","ping_status":"closed","sticky":false,"template":"","format":"standard","meta":{"footnotes":""},"categories":[11,2,10],"tags":[36,50,49],"class_list":["post-26928","post","type-post","status-publish","format-standard","has-post-thumbnail","hentry","category-homepage-french","category-politique","category-toutes-les-actualites","tag-africa-press","tag-africa-press-cameroun","tag-cameroun"],"yoast_head":"<!-- This site is optimized with the Yoast SEO Premium plugin v26.1 (Yoast SEO v27.0) - https:\/\/yoast.com\/product\/yoast-seo-premium-wordpress\/ -->\n<title>Crise anglophone\u00a0: Six morts dans une attaque s\u00e9paratiste sur la route Douala \u2013 Kumba - Cameroun<\/title>\n<meta name=\"description\" content=\"Le mardi 06 septembre 2022, au lendemain d\u2019une nouvelle ville morte impos\u00e9e aux populations des R\u00e9gions du Sud-Ouest et ...\" \/>\n<meta name=\"robots\" content=\"index, follow, max-snippet:-1, max-image-preview:large, max-video-preview:-1\" \/>\n<link rel=\"canonical\" href=\"https:\/\/www.africa-press.net\/cameroun\/politique\/crise-anglophone-six-morts-dans-une-attaque-separatiste-sur-la-route-douala-kumba\" \/>\n<meta property=\"og:locale\" content=\"fr_FR\" \/>\n<meta property=\"og:type\" content=\"article\" \/>\n<meta property=\"og:title\" content=\"Crise anglophone\u00a0: Six morts dans une attaque s\u00e9paratiste sur la route Douala \u2013 Kumba\" \/>\n<meta property=\"og:description\" content=\"Le mardi 06 septembre 2022, au lendemain d\u2019une nouvelle ville morte impos\u00e9e aux populations des R\u00e9gions du Sud-Ouest et ...\" \/>\n<meta property=\"og:url\" content=\"https:\/\/www.africa-press.net\/cameroun\/politique\/crise-anglophone-six-morts-dans-une-attaque-separatiste-sur-la-route-douala-kumba\" \/>\n<meta property=\"og:site_name\" content=\"Cameroun\" \/>\n<meta property=\"article:published_time\" content=\"2022-09-08T13:35:21+00:00\" \/>\n<meta property=\"article:modified_time\" content=\"2022-09-08T16:24:49+00:00\" \/>\n<meta property=\"og:image\" content=\"https:\/\/static.africa-press.net\/cameroun\/sites\/57\/2022\/09\/img-631a172671be3.jpg\" \/>\n\t<meta property=\"og:image:width\" content=\"800\" \/>\n\t<meta property=\"og:image:height\" content=\"530\" \/>\n\t<meta property=\"og:image:type\" content=\"image\/jpeg\" \/>\n<meta name=\"author\" content=\"cfeditorfr\" \/>\n<meta name=\"twitter:card\" content=\"summary_large_image\" \/>\n<meta name=\"twitter:label1\" content=\"\u00c9crit par\" \/>\n\t<meta name=\"twitter:data1\" content=\"cfeditorfr\" \/>\n\t<meta name=\"twitter:label2\" content=\"Dur\u00e9e de lecture estim\u00e9e\" \/>\n\t<meta name=\"twitter:data2\" content=\"2 minutes\" \/>\n<script type=\"application\/ld+json\" class=\"yoast-schema-graph\">{\"@context\":\"https:\/\/schema.org\",\"@graph\":[{\"@type\":\"Article\",\"@id\":\"https:\/\/www.africa-press.net\/cameroun\/politique\/crise-anglophone-six-morts-dans-une-attaque-separatiste-sur-la-route-douala-kumba#article\",\"isPartOf\":{\"@id\":\"https:\/\/www.africa-press.net\/cameroun\/politique\/crise-anglophone-six-morts-dans-une-attaque-separatiste-sur-la-route-douala-kumba\"},\"author\":{\"name\":\"cfeditorfr\",\"@id\":\"https:\/\/www.africa-press.net\/cameroun\/#\/schema\/person\/2b1cf3cd81a31e3cd26889ca66d677f1\"},\"headline\":\"Crise anglophone\u00a0: Six morts dans une attaque s\u00e9paratiste sur la route Douala \u2013 Kumba\",\"datePublished\":\"2022-09-08T13:35:21+00:00\",\"dateModified\":\"2022-09-08T16:24:49+00:00\",\"mainEntityOfPage\":{\"@id\":\"https:\/\/www.africa-press.net\/cameroun\/politique\/crise-anglophone-six-morts-dans-une-attaque-separatiste-sur-la-route-douala-kumba\"},\"wordCount\":260,\"commentCount\":0,\"image\":{\"@id\":\"https:\/\/www.africa-press.net\/cameroun\/politique\/crise-anglophone-six-morts-dans-une-attaque-separatiste-sur-la-route-douala-kumba#primaryimage\"},\"thumbnailUrl\":\"https:\/\/static.africa-press.net\/cameroun\/sites\/57\/2022\/09\/img-631a172671be3.jpg\",\"keywords\":[\"Africa Press\",\"Africa Press-Cameroun\",\"Cameroun\"],\"articleSection\":[\"homepage-french\",\"Politique\",\"Toutes les actualit\u00e9s\"],\"inLanguage\":\"fr-FR\",\"potentialAction\":[{\"@type\":\"CommentAction\",\"name\":\"Comment\",\"target\":[\"https:\/\/www.africa-press.net\/cameroun\/politique\/crise-anglophone-six-morts-dans-une-attaque-separatiste-sur-la-route-douala-kumba#respond\"]}]},{\"@type\":\"WebPage\",\"@id\":\"https:\/\/www.africa-press.net\/cameroun\/politique\/crise-anglophone-six-morts-dans-une-attaque-separatiste-sur-la-route-douala-kumba\",\"url\":\"https:\/\/www.africa-press.net\/cameroun\/politique\/crise-anglophone-six-morts-dans-une-attaque-separatiste-sur-la-route-douala-kumba\",\"name\":\"Crise anglophone\u00a0: Six morts dans une attaque s\u00e9paratiste sur la route Douala \u2013 Kumba - Cameroun\",\"isPartOf\":{\"@id\":\"https:\/\/www.africa-press.net\/cameroun\/#website\"},\"primaryImageOfPage\":{\"@id\":\"https:\/\/www.africa-press.net\/cameroun\/politique\/crise-anglophone-six-morts-dans-une-attaque-separatiste-sur-la-route-douala-kumba#primaryimage\"},\"image\":{\"@id\":\"https:\/\/www.africa-press.net\/cameroun\/politique\/crise-anglophone-six-morts-dans-une-attaque-separatiste-sur-la-route-douala-kumba#primaryimage\"},\"thumbnailUrl\":\"https:\/\/static.africa-press.net\/cameroun\/sites\/57\/2022\/09\/img-631a172671be3.jpg\",\"datePublished\":\"2022-09-08T13:35:21+00:00\",\"dateModified\":\"2022-09-08T16:24:49+00:00\",\"author\":{\"@id\":\"https:\/\/www.africa-press.net\/cameroun\/#\/schema\/person\/2b1cf3cd81a31e3cd26889ca66d677f1\"},\"description\":\"Le mardi 06 septembre 2022, au lendemain d\u2019une nouvelle ville morte impos\u00e9e aux populations des R\u00e9gions du Sud-Ouest et ...\",\"breadcrumb\":{\"@id\":\"https:\/\/www.africa-press.net\/cameroun\/politique\/crise-anglophone-six-morts-dans-une-attaque-separatiste-sur-la-route-douala-kumba#breadcrumb\"},\"inLanguage\":\"fr-FR\",\"potentialAction\":[{\"@type\":\"ReadAction\",\"target\":[\"https:\/\/www.africa-press.net\/cameroun\/politique\/crise-anglophone-six-morts-dans-une-attaque-separatiste-sur-la-route-douala-kumba\"]}]},{\"@type\":\"ImageObject\",\"inLanguage\":\"fr-FR\",\"@id\":\"https:\/\/www.africa-press.net\/cameroun\/politique\/crise-anglophone-six-morts-dans-une-attaque-separatiste-sur-la-route-douala-kumba#primaryimage\",\"url\":\"https:\/\/static.africa-press.net\/cameroun\/sites\/57\/2022\/09\/img-631a172671be3.jpg\",\"contentUrl\":\"https:\/\/static.africa-press.net\/cameroun\/sites\/57\/2022\/09\/img-631a172671be3.jpg\",\"width\":800,\"height\":530,\"caption\":\"Crise anglophone\u00a0: Six morts dans une attaque s\u00e9paratiste sur la route Douala \u2013 Kumba\"},{\"@type\":\"BreadcrumbList\",\"@id\":\"https:\/\/www.africa-press.net\/cameroun\/politique\/crise-anglophone-six-morts-dans-une-attaque-separatiste-sur-la-route-douala-kumba#breadcrumb\",\"itemListElement\":[{\"@type\":\"ListItem\",\"position\":1,\"name\":\"Accueil\",\"item\":\"https:\/\/www.africa-press.net\/cameroun\/\"},{\"@type\":\"ListItem\",\"position\":2,\"name\":\"Crise anglophone\u00a0: Six morts dans une attaque s\u00e9paratiste sur la route Douala \u2013 Kumba\"}]},{\"@type\":\"WebSite\",\"@id\":\"https:\/\/www.africa-press.net\/cameroun\/#website\",\"url\":\"https:\/\/www.africa-press.net\/cameroun\/\",\"name\":\"Cameroun\",\"description\":\"Just another Africa News Agency Sites site\",\"potentialAction\":[{\"@type\":\"SearchAction\",\"target\":{\"@type\":\"EntryPoint\",\"urlTemplate\":\"https:\/\/www.africa-press.net\/cameroun\/?s={search_term_string}\"},\"query-input\":{\"@type\":\"PropertyValueSpecification\",\"valueRequired\":true,\"valueName\":\"search_term_string\"}}],\"inLanguage\":\"fr-FR\"},{\"@type\":\"Person\",\"@id\":\"https:\/\/www.africa-press.net\/cameroun\/#\/schema\/person\/2b1cf3cd81a31e3cd26889ca66d677f1\",\"name\":\"cfeditorfr\"}]}<\/script>\n<!-- \/ Yoast SEO Premium plugin. -->","yoast_head_json":{"title":"Crise anglophone\u00a0: Six morts dans une attaque s\u00e9paratiste sur la route Douala \u2013 Kumba - Cameroun","description":"Le mardi 06 septembre 2022, au lendemain d\u2019une nouvelle ville morte impos\u00e9e aux populations des R\u00e9gions du Sud-Ouest et ...","robots":{"index":"index","follow":"follow","max-snippet":"max-snippet:-1","max-image-preview":"max-image-preview:large","max-video-preview":"max-video-preview:-1"},"canonical":"https:\/\/www.africa-press.net\/cameroun\/politique\/crise-anglophone-six-morts-dans-une-attaque-separatiste-sur-la-route-douala-kumba","og_locale":"fr_FR","og_type":"article","og_title":"Crise anglophone\u00a0: Six morts dans une attaque s\u00e9paratiste sur la route Douala \u2013 Kumba","og_description":"Le mardi 06 septembre 2022, au lendemain d\u2019une nouvelle ville morte impos\u00e9e aux populations des R\u00e9gions du Sud-Ouest et ...","og_url":"https:\/\/www.africa-press.net\/cameroun\/politique\/crise-anglophone-six-morts-dans-une-attaque-separatiste-sur-la-route-douala-kumba","og_site_name":"Cameroun","article_published_time":"2022-09-08T13:35:21+00:00","article_modified_time":"2022-09-08T16:24:49+00:00","og_image":[{"width":800,"height":530,"url":"https:\/\/static.africa-press.net\/cameroun\/sites\/57\/2022\/09\/img-631a172671be3.jpg","type":"image\/jpeg"}],"author":"cfeditorfr","twitter_card":"summary_large_image","twitter_misc":{"\u00c9crit par":"cfeditorfr","Dur\u00e9e de lecture estim\u00e9e":"2 minutes"},"schema":{"@context":"https:\/\/schema.org","@graph":[{"@type":"Article","@id":"https:\/\/www.africa-press.net\/cameroun\/politique\/crise-anglophone-six-morts-dans-une-attaque-separatiste-sur-la-route-douala-kumba#article","isPartOf":{"@id":"https:\/\/www.africa-press.net\/cameroun\/politique\/crise-anglophone-six-morts-dans-une-attaque-separatiste-sur-la-route-douala-kumba"},"author":{"name":"cfeditorfr","@id":"https:\/\/www.africa-press.net\/cameroun\/#\/schema\/person\/2b1cf3cd81a31e3cd26889ca66d677f1"},"headline":"Crise anglophone\u00a0: Six morts dans une attaque s\u00e9paratiste sur la route Douala \u2013 Kumba","datePublished":"2022-09-08T13:35:21+00:00","dateModified":"2022-09-08T16:24:49+00:00","mainEntityOfPage":{"@id":"https:\/\/www.africa-press.net\/cameroun\/politique\/crise-anglophone-six-morts-dans-une-attaque-separatiste-sur-la-route-douala-kumba"},"wordCount":260,"commentCount":0,"image":{"@id":"https:\/\/www.africa-press.net\/cameroun\/politique\/crise-anglophone-six-morts-dans-une-attaque-separatiste-sur-la-route-douala-kumba#primaryimage"},"thumbnailUrl":"https:\/\/static.africa-press.net\/cameroun\/sites\/57\/2022\/09\/img-631a172671be3.jpg","keywords":["Africa Press","Africa Press-Cameroun","Cameroun"],"articleSection":["homepage-french","Politique","Toutes les actualit\u00e9s"],"inLanguage":"fr-FR","potentialAction":[{"@type":"CommentAction","name":"Comment","target":["https:\/\/www.africa-press.net\/cameroun\/politique\/crise-anglophone-six-morts-dans-une-attaque-separatiste-sur-la-route-douala-kumba#respond"]}]},{"@type":"WebPage","@id":"https:\/\/www.africa-press.net\/cameroun\/politique\/crise-anglophone-six-morts-dans-une-attaque-separatiste-sur-la-route-douala-kumba","url":"https:\/\/www.africa-press.net\/cameroun\/politique\/crise-anglophone-six-morts-dans-une-attaque-separatiste-sur-la-route-douala-kumba","name":"Crise anglophone\u00a0: Six morts dans une attaque s\u00e9paratiste sur la route Douala \u2013 Kumba - Cameroun","isPartOf":{"@id":"https:\/\/www.africa-press.net\/cameroun\/#website"},"primaryImageOfPage":{"@id":"https:\/\/www.africa-press.net\/cameroun\/politique\/crise-anglophone-six-morts-dans-une-attaque-separatiste-sur-la-route-douala-kumba#primaryimage"},"image":{"@id":"https:\/\/www.africa-press.net\/cameroun\/politique\/crise-anglophone-six-morts-dans-une-attaque-separatiste-sur-la-route-douala-kumba#primaryimage"},"thumbnailUrl":"https:\/\/static.africa-press.net\/cameroun\/sites\/57\/2022\/09\/img-631a172671be3.jpg","datePublished":"2022-09-08T13:35:21+00:00","dateModified":"2022-09-08T16:24:49+00:00","author":{"@id":"https:\/\/www.africa-press.net\/cameroun\/#\/schema\/person\/2b1cf3cd81a31e3cd26889ca66d677f1"},"description":"Le mardi 06 septembre 2022, au lendemain d\u2019une nouvelle ville morte impos\u00e9e aux populations des R\u00e9gions du Sud-Ouest et ...","breadcrumb":{"@id":"https:\/\/www.africa-press.net\/cameroun\/politique\/crise-anglophone-six-morts-dans-une-attaque-separatiste-sur-la-route-douala-kumba#breadcrumb"},"inLanguage":"fr-FR","potentialAction":[{"@type":"ReadAction","target":["https:\/\/www.africa-press.net\/cameroun\/politique\/crise-anglophone-six-morts-dans-une-attaque-separatiste-sur-la-route-douala-kumba"]}]},{"@type":"ImageObject","inLanguage":"fr-FR","@id":"https:\/\/www.africa-press.net\/cameroun\/politique\/crise-anglophone-six-morts-dans-une-attaque-separatiste-sur-la-route-douala-kumba#primaryimage","url":"https:\/\/static.africa-press.net\/cameroun\/sites\/57\/2022\/09\/img-631a172671be3.jpg","contentUrl":"https:\/\/static.africa-press.net\/cameroun\/sites\/57\/2022\/09\/img-631a172671be3.jpg","width":800,"height":530,"caption":"Crise anglophone\u00a0: Six morts dans une attaque s\u00e9paratiste sur la route Douala \u2013 Kumba"},{"@type":"BreadcrumbList","@id":"https:\/\/www.africa-press.net\/cameroun\/politique\/crise-anglophone-six-morts-dans-une-attaque-separatiste-sur-la-route-douala-kumba#breadcrumb","itemListElement":[{"@type":"ListItem","position":1,"name":"Accueil","item":"https:\/\/www.africa-press.net\/cameroun\/"},{"@type":"ListItem","position":2,"name":"Crise anglophone\u00a0: Six morts dans une attaque s\u00e9paratiste sur la route Douala \u2013 Kumba"}]},{"@type":"WebSite","@id":"https:\/\/www.africa-press.net\/cameroun\/#website","url":"https:\/\/www.africa-press.net\/cameroun\/","name":"Cameroun","description":"Just another Africa News Agency Sites site","potentialAction":[{"@type":"SearchAction","target":{"@type":"EntryPoint","urlTemplate":"https:\/\/www.africa-press.net\/cameroun\/?s={search_term_string}"},"query-input":{"@type":"PropertyValueSpecification","valueRequired":true,"valueName":"search_term_string"}}],"inLanguage":"fr-FR"},{"@type":"Person","@id":"https:\/\/www.africa-press.net\/cameroun\/#\/schema\/person\/2b1cf3cd81a31e3cd26889ca66d677f1","name":"cfeditorfr"}]}},"_links":{"self":[{"href":"https:\/\/www.africa-press.net\/cameroun\/wp-json\/wp\/v2\/posts\/26928","targetHints":{"allow":["GET"]}}],"collection":[{"href":"https:\/\/www.africa-press.net\/cameroun\/wp-json\/wp\/v2\/posts"}],"about":[{"href":"https:\/\/www.africa-press.net\/cameroun\/wp-json\/wp\/v2\/types\/post"}],"author":[{"embeddable":true,"href":"https:\/\/www.africa-press.net\/cameroun\/wp-json\/wp\/v2\/users\/82"}],"replies":[{"embeddable":true,"href":"https:\/\/www.africa-press.net\/cameroun\/wp-json\/wp\/v2\/comments?post=26928"}],"version-history":[{"count":0,"href":"https:\/\/www.africa-press.net\/cameroun\/wp-json\/wp\/v2\/posts\/26928\/revisions"}],"wp:featuredmedia":[{"embeddable":true,"href":"https:\/\/www.africa-press.net\/cameroun\/wp-json\/wp\/v2\/media\/26927"}],"wp:attachment":[{"href":"https:\/\/www.africa-press.net\/cameroun\/wp-json\/wp\/v2\/media?parent=26928"}],"wp:term":[{"taxonomy":"category","embeddable":true,"href":"https:\/\/www.africa-press.net\/cameroun\/wp-json\/wp\/v2\/categories?post=26928"},{"taxonomy":"post_tag","embeddable":true,"href":"https:\/\/www.africa-press.net\/cameroun\/wp-json\/wp\/v2\/tags?post=26928"}],"curies":[{"name":"wp","href":"https:\/\/api.w.org\/{rel}","templated":true}]}}