{"id":26934,"date":"2022-09-08T13:48:11","date_gmt":"2022-09-08T13:48:11","guid":{"rendered":"https:\/\/www.africa-press.net\/cameroun\/politique\/yaounde-5-des-fournitures-scolaires-a-250-familles-deplacees-internes-du-nord-ouest-et-du-sud-ouest"},"modified":"2022-09-08T16:26:42","modified_gmt":"2022-09-08T16:26:42","slug":"yaounde-5-des-fournitures-scolaires-a-250-familles-deplacees-internes-du-nord-ouest-et-du-sud-ouest","status":"publish","type":"post","link":"https:\/\/www.africa-press.net\/cameroun\/toutes-les-actualites\/yaounde-5-des-fournitures-scolaires-a-250-familles-deplacees-internes-du-nord-ouest-et-du-sud-ouest","title":{"rendered":"Yaound\u00e9 5: Des fournitures scolaires \u00e0 250 familles d\u00e9plac\u00e9es internes du Nord-Ouest et du Sud-Ouest"},"content":{"rendered":"<p><span style=\"color: #ff6600\"><strong>Africa-Press &#8211; Cameroun. <\/strong><\/span>Le gymnase du stade Omnisports de Yaound\u00e9 a servi de cadre hier mercredi 07 septembre 2022 \u00e0 la c\u00e9r\u00e9monie de remise des dons \u00e0 250 familles des d\u00e9plac\u00e9s internes des r\u00e9gions du Nord-Ouest et du Sud-Ouest. Outre les manuels scolaires, les b\u00e9n\u00e9ficiaires ont \u00e9galement eu droit \u00e0 des provisions alimentaires.<\/p>\n<p>\u00ab <b>Cette c\u00e9r\u00e9monie s\u2019est tenue dans le cadre de la solidarit\u00e9 de la commune d\u2019arrondissement de Yaound\u00e9 5 envers les ressortissants des communaut\u00e9s du Nord-Ouest et du Sud-Ouest qui vivent sur le territoire de notre commune. Lorsqu\u2019une partie des populations de notre pays rencontre des difficult\u00e9s, nous avons le devoir en tant que commune, de les assister. C\u2019est le sens de cette c\u00e9r\u00e9monie qui s\u2019est faite avec l\u2019appui d\u2019une \u00e9lite, monsieur Fa\u00ef Yengo Emmanuel <\/b>\u00bb a expliqu\u00e9 Augustin Bala, maire de la commune d\u2019arrondissement de Yaound\u00e9 5.<\/p>\n<p>A en croire le chef de l\u2019ex\u00e9cutif communal du 5\u00e8me arrondissement de Yaound\u00e9, \u00ab l\u2019objectif de cette c\u00e9r\u00e9monie \u00e9tait de rassurer la communaut\u00e9 anglophone qu\u2019elle est chez elle \u00e0 Yaound\u00e9 5 et que nous sommes pr\u00eats \u00e0 les accompagner au quotidien, pour qu\u2019ils se sentent enti\u00e8rement Camerounais ici \u00e0 Yaound\u00e9 5, malgr\u00e9 les difficult\u00e9s que ces communaut\u00e9s rencontrent dans leurs r\u00e9gions d\u2019origine \u00bb.<\/p>\n<p>Un message bien capt\u00e9 par ces d\u00e9plac\u00e9s internes qui ont exprim\u00e9 leur satisfaction vis-\u00e0-vis non seulement du maire, mais \u00e9galement de la commune de Yaound\u00e9 5 qui les accueille.<\/p>\n<p>Outre l\u2019honorable d\u00e9put\u00e9 Georgette Menana, les adjoints au maire de la commune de Yaound\u00e9 5 entre autres, ladite c\u00e9r\u00e9monie a \u00e9galement connu la pr\u00e9sence tr\u00e8s remarqu\u00e9e et appr\u00e9ci\u00e9e par les populations de Ya\u00ef Yengo Francis, coordonnateur national du Comit\u00e9 National de D\u00e9sarmement, de D\u00e9mobilisation et de R\u00e9int\u00e9gration (CNDDR).<\/p>\n<p><b>Jean Daniel Obama<\/b><\/p>\n<p><strong>Pour plus d&rsquo;informations et d&rsquo;analyses sur la <a href=\"https:\/\/www.africa-press.net\/cameroun\">Cameroun<\/a>, suivez <a href=\"https:\/\/www.africa-press.net\/\">Africa-Press<\/a><\/strong><\/p>\n","protected":false},"excerpt":{"rendered":"<p>Africa-Press &#8211; Cameroun. Le gymnase du stade Omnisports de Yaound\u00e9 a servi de cadre hier mercredi 07 septembre 2022 \u00e0 la c\u00e9r\u00e9monie de remise des dons \u00e0 250 familles des d\u00e9plac\u00e9s internes des r\u00e9gions du Nord-Ouest et du Sud-Ouest. Outre les manuels scolaires, les b\u00e9n\u00e9ficiaires ont \u00e9galement eu droit \u00e0 des provisions alimentaires. \u00ab Cette [&hellip;]<\/p>\n","protected":false},"author":82,"featured_media":26933,"comment_status":"open","ping_status":"closed","sticky":false,"template":"","format":"standard","meta":{"footnotes":""},"categories":[21,11,10],"tags":[36,50,49],"class_list":["post-26934","post","type-post","status-publish","format-standard","has-post-thumbnail","hentry","category-communaute","category-homepage-french","category-toutes-les-actualites","tag-africa-press","tag-africa-press-cameroun","tag-cameroun"],"yoast_head":"<!-- This site is optimized with the Yoast SEO Premium plugin v26.1 (Yoast SEO v27.0) - https:\/\/yoast.com\/product\/yoast-seo-premium-wordpress\/ -->\n<title>Yaound\u00e9 5: Des fournitures scolaires \u00e0 250 familles d\u00e9plac\u00e9es internes du Nord-Ouest et du Sud-Ouest - Cameroun<\/title>\n<meta name=\"description\" content=\"Le gymnase du stade Omnisports de Yaound\u00e9 a servi de cadre hier mercredi 07 septembre 2022 \u00e0 la c\u00e9r\u00e9monie de remise des ...\" \/>\n<meta name=\"robots\" content=\"index, follow, max-snippet:-1, max-image-preview:large, max-video-preview:-1\" \/>\n<link rel=\"canonical\" href=\"https:\/\/www.africa-press.net\/cameroun\/toutes-les-actualites\/yaounde-5-des-fournitures-scolaires-a-250-familles-deplacees-internes-du-nord-ouest-et-du-sud-ouest\" \/>\n<meta property=\"og:locale\" content=\"fr_FR\" \/>\n<meta property=\"og:type\" content=\"article\" \/>\n<meta property=\"og:title\" content=\"Yaound\u00e9 5: Des fournitures scolaires \u00e0 250 familles d\u00e9plac\u00e9es internes du Nord-Ouest et du Sud-Ouest\" \/>\n<meta property=\"og:description\" content=\"Le gymnase du stade Omnisports de Yaound\u00e9 a servi de cadre hier mercredi 07 septembre 2022 \u00e0 la c\u00e9r\u00e9monie de remise des ...\" \/>\n<meta property=\"og:url\" content=\"https:\/\/www.africa-press.net\/cameroun\/toutes-les-actualites\/yaounde-5-des-fournitures-scolaires-a-250-familles-deplacees-internes-du-nord-ouest-et-du-sud-ouest\" \/>\n<meta property=\"og:site_name\" content=\"Cameroun\" \/>\n<meta property=\"article:published_time\" content=\"2022-09-08T13:48:11+00:00\" \/>\n<meta property=\"article:modified_time\" content=\"2022-09-08T16:26:42+00:00\" \/>\n<meta property=\"og:image\" content=\"https:\/\/static.africa-press.net\/cameroun\/sites\/57\/2022\/09\/img-631a17920dd7a.jpg\" \/>\n\t<meta property=\"og:image:width\" content=\"800\" \/>\n\t<meta property=\"og:image:height\" content=\"450\" \/>\n\t<meta property=\"og:image:type\" content=\"image\/jpeg\" \/>\n<meta name=\"author\" content=\"cfeditorfr\" \/>\n<meta name=\"twitter:card\" content=\"summary_large_image\" \/>\n<meta name=\"twitter:label1\" content=\"\u00c9crit par\" \/>\n\t<meta name=\"twitter:data1\" content=\"cfeditorfr\" \/>\n\t<meta name=\"twitter:label2\" content=\"Dur\u00e9e de lecture estim\u00e9e\" \/>\n\t<meta name=\"twitter:data2\" content=\"2 minutes\" \/>\n<script type=\"application\/ld+json\" class=\"yoast-schema-graph\">{\"@context\":\"https:\/\/schema.org\",\"@graph\":[{\"@type\":\"Article\",\"@id\":\"https:\/\/www.africa-press.net\/cameroun\/toutes-les-actualites\/yaounde-5-des-fournitures-scolaires-a-250-familles-deplacees-internes-du-nord-ouest-et-du-sud-ouest#article\",\"isPartOf\":{\"@id\":\"https:\/\/www.africa-press.net\/cameroun\/toutes-les-actualites\/yaounde-5-des-fournitures-scolaires-a-250-familles-deplacees-internes-du-nord-ouest-et-du-sud-ouest\"},\"author\":{\"name\":\"cfeditorfr\",\"@id\":\"https:\/\/www.africa-press.net\/cameroun\/#\/schema\/person\/2b1cf3cd81a31e3cd26889ca66d677f1\"},\"headline\":\"Yaound\u00e9 5: Des fournitures scolaires \u00e0 250 familles d\u00e9plac\u00e9es internes du Nord-Ouest et du Sud-Ouest\",\"datePublished\":\"2022-09-08T13:48:11+00:00\",\"dateModified\":\"2022-09-08T16:26:42+00:00\",\"mainEntityOfPage\":{\"@id\":\"https:\/\/www.africa-press.net\/cameroun\/toutes-les-actualites\/yaounde-5-des-fournitures-scolaires-a-250-familles-deplacees-internes-du-nord-ouest-et-du-sud-ouest\"},\"wordCount\":340,\"commentCount\":0,\"image\":{\"@id\":\"https:\/\/www.africa-press.net\/cameroun\/toutes-les-actualites\/yaounde-5-des-fournitures-scolaires-a-250-familles-deplacees-internes-du-nord-ouest-et-du-sud-ouest#primaryimage\"},\"thumbnailUrl\":\"https:\/\/static.africa-press.net\/cameroun\/sites\/57\/2022\/09\/img-631a17920dd7a.jpg\",\"keywords\":[\"Africa Press\",\"Africa Press-Cameroun\",\"Cameroun\"],\"articleSection\":[\"Communaut\u00e9\",\"homepage-french\",\"Toutes les actualit\u00e9s\"],\"inLanguage\":\"fr-FR\",\"potentialAction\":[{\"@type\":\"CommentAction\",\"name\":\"Comment\",\"target\":[\"https:\/\/www.africa-press.net\/cameroun\/toutes-les-actualites\/yaounde-5-des-fournitures-scolaires-a-250-familles-deplacees-internes-du-nord-ouest-et-du-sud-ouest#respond\"]}]},{\"@type\":\"WebPage\",\"@id\":\"https:\/\/www.africa-press.net\/cameroun\/toutes-les-actualites\/yaounde-5-des-fournitures-scolaires-a-250-familles-deplacees-internes-du-nord-ouest-et-du-sud-ouest\",\"url\":\"https:\/\/www.africa-press.net\/cameroun\/toutes-les-actualites\/yaounde-5-des-fournitures-scolaires-a-250-familles-deplacees-internes-du-nord-ouest-et-du-sud-ouest\",\"name\":\"Yaound\u00e9 5: Des fournitures scolaires \u00e0 250 familles d\u00e9plac\u00e9es internes du Nord-Ouest et du Sud-Ouest - Cameroun\",\"isPartOf\":{\"@id\":\"https:\/\/www.africa-press.net\/cameroun\/#website\"},\"primaryImageOfPage\":{\"@id\":\"https:\/\/www.africa-press.net\/cameroun\/toutes-les-actualites\/yaounde-5-des-fournitures-scolaires-a-250-familles-deplacees-internes-du-nord-ouest-et-du-sud-ouest#primaryimage\"},\"image\":{\"@id\":\"https:\/\/www.africa-press.net\/cameroun\/toutes-les-actualites\/yaounde-5-des-fournitures-scolaires-a-250-familles-deplacees-internes-du-nord-ouest-et-du-sud-ouest#primaryimage\"},\"thumbnailUrl\":\"https:\/\/static.africa-press.net\/cameroun\/sites\/57\/2022\/09\/img-631a17920dd7a.jpg\",\"datePublished\":\"2022-09-08T13:48:11+00:00\",\"dateModified\":\"2022-09-08T16:26:42+00:00\",\"author\":{\"@id\":\"https:\/\/www.africa-press.net\/cameroun\/#\/schema\/person\/2b1cf3cd81a31e3cd26889ca66d677f1\"},\"description\":\"Le gymnase du stade Omnisports de Yaound\u00e9 a servi de cadre hier mercredi 07 septembre 2022 \u00e0 la c\u00e9r\u00e9monie de remise des ...\",\"breadcrumb\":{\"@id\":\"https:\/\/www.africa-press.net\/cameroun\/toutes-les-actualites\/yaounde-5-des-fournitures-scolaires-a-250-familles-deplacees-internes-du-nord-ouest-et-du-sud-ouest#breadcrumb\"},\"inLanguage\":\"fr-FR\",\"potentialAction\":[{\"@type\":\"ReadAction\",\"target\":[\"https:\/\/www.africa-press.net\/cameroun\/toutes-les-actualites\/yaounde-5-des-fournitures-scolaires-a-250-familles-deplacees-internes-du-nord-ouest-et-du-sud-ouest\"]}]},{\"@type\":\"ImageObject\",\"inLanguage\":\"fr-FR\",\"@id\":\"https:\/\/www.africa-press.net\/cameroun\/toutes-les-actualites\/yaounde-5-des-fournitures-scolaires-a-250-familles-deplacees-internes-du-nord-ouest-et-du-sud-ouest#primaryimage\",\"url\":\"https:\/\/static.africa-press.net\/cameroun\/sites\/57\/2022\/09\/img-631a17920dd7a.jpg\",\"contentUrl\":\"https:\/\/static.africa-press.net\/cameroun\/sites\/57\/2022\/09\/img-631a17920dd7a.jpg\",\"width\":800,\"height\":450,\"caption\":\"Yaound\u00e9 5: Des fournitures scolaires \u00e0 250 familles d\u00e9plac\u00e9es internes du Nord-Ouest et du Sud-Ouest\"},{\"@type\":\"BreadcrumbList\",\"@id\":\"https:\/\/www.africa-press.net\/cameroun\/toutes-les-actualites\/yaounde-5-des-fournitures-scolaires-a-250-familles-deplacees-internes-du-nord-ouest-et-du-sud-ouest#breadcrumb\",\"itemListElement\":[{\"@type\":\"ListItem\",\"position\":1,\"name\":\"Accueil\",\"item\":\"https:\/\/www.africa-press.net\/cameroun\/\"},{\"@type\":\"ListItem\",\"position\":2,\"name\":\"Yaound\u00e9 5: Des fournitures scolaires \u00e0 250 familles d\u00e9plac\u00e9es internes du Nord-Ouest et du Sud-Ouest\"}]},{\"@type\":\"WebSite\",\"@id\":\"https:\/\/www.africa-press.net\/cameroun\/#website\",\"url\":\"https:\/\/www.africa-press.net\/cameroun\/\",\"name\":\"Cameroun\",\"description\":\"Just another Africa News Agency Sites site\",\"potentialAction\":[{\"@type\":\"SearchAction\",\"target\":{\"@type\":\"EntryPoint\",\"urlTemplate\":\"https:\/\/www.africa-press.net\/cameroun\/?s={search_term_string}\"},\"query-input\":{\"@type\":\"PropertyValueSpecification\",\"valueRequired\":true,\"valueName\":\"search_term_string\"}}],\"inLanguage\":\"fr-FR\"},{\"@type\":\"Person\",\"@id\":\"https:\/\/www.africa-press.net\/cameroun\/#\/schema\/person\/2b1cf3cd81a31e3cd26889ca66d677f1\",\"name\":\"cfeditorfr\"}]}<\/script>\n<!-- \/ Yoast SEO Premium plugin. -->","yoast_head_json":{"title":"Yaound\u00e9 5: Des fournitures scolaires \u00e0 250 familles d\u00e9plac\u00e9es internes du Nord-Ouest et du Sud-Ouest - Cameroun","description":"Le gymnase du stade Omnisports de Yaound\u00e9 a servi de cadre hier mercredi 07 septembre 2022 \u00e0 la c\u00e9r\u00e9monie de remise des ...","robots":{"index":"index","follow":"follow","max-snippet":"max-snippet:-1","max-image-preview":"max-image-preview:large","max-video-preview":"max-video-preview:-1"},"canonical":"https:\/\/www.africa-press.net\/cameroun\/toutes-les-actualites\/yaounde-5-des-fournitures-scolaires-a-250-familles-deplacees-internes-du-nord-ouest-et-du-sud-ouest","og_locale":"fr_FR","og_type":"article","og_title":"Yaound\u00e9 5: Des fournitures scolaires \u00e0 250 familles d\u00e9plac\u00e9es internes du Nord-Ouest et du Sud-Ouest","og_description":"Le gymnase du stade Omnisports de Yaound\u00e9 a servi de cadre hier mercredi 07 septembre 2022 \u00e0 la c\u00e9r\u00e9monie de remise des ...","og_url":"https:\/\/www.africa-press.net\/cameroun\/toutes-les-actualites\/yaounde-5-des-fournitures-scolaires-a-250-familles-deplacees-internes-du-nord-ouest-et-du-sud-ouest","og_site_name":"Cameroun","article_published_time":"2022-09-08T13:48:11+00:00","article_modified_time":"2022-09-08T16:26:42+00:00","og_image":[{"width":800,"height":450,"url":"https:\/\/static.africa-press.net\/cameroun\/sites\/57\/2022\/09\/img-631a17920dd7a.jpg","type":"image\/jpeg"}],"author":"cfeditorfr","twitter_card":"summary_large_image","twitter_misc":{"\u00c9crit par":"cfeditorfr","Dur\u00e9e de lecture estim\u00e9e":"2 minutes"},"schema":{"@context":"https:\/\/schema.org","@graph":[{"@type":"Article","@id":"https:\/\/www.africa-press.net\/cameroun\/toutes-les-actualites\/yaounde-5-des-fournitures-scolaires-a-250-familles-deplacees-internes-du-nord-ouest-et-du-sud-ouest#article","isPartOf":{"@id":"https:\/\/www.africa-press.net\/cameroun\/toutes-les-actualites\/yaounde-5-des-fournitures-scolaires-a-250-familles-deplacees-internes-du-nord-ouest-et-du-sud-ouest"},"author":{"name":"cfeditorfr","@id":"https:\/\/www.africa-press.net\/cameroun\/#\/schema\/person\/2b1cf3cd81a31e3cd26889ca66d677f1"},"headline":"Yaound\u00e9 5: Des fournitures scolaires \u00e0 250 familles d\u00e9plac\u00e9es internes du Nord-Ouest et du Sud-Ouest","datePublished":"2022-09-08T13:48:11+00:00","dateModified":"2022-09-08T16:26:42+00:00","mainEntityOfPage":{"@id":"https:\/\/www.africa-press.net\/cameroun\/toutes-les-actualites\/yaounde-5-des-fournitures-scolaires-a-250-familles-deplacees-internes-du-nord-ouest-et-du-sud-ouest"},"wordCount":340,"commentCount":0,"image":{"@id":"https:\/\/www.africa-press.net\/cameroun\/toutes-les-actualites\/yaounde-5-des-fournitures-scolaires-a-250-familles-deplacees-internes-du-nord-ouest-et-du-sud-ouest#primaryimage"},"thumbnailUrl":"https:\/\/static.africa-press.net\/cameroun\/sites\/57\/2022\/09\/img-631a17920dd7a.jpg","keywords":["Africa Press","Africa Press-Cameroun","Cameroun"],"articleSection":["Communaut\u00e9","homepage-french","Toutes les actualit\u00e9s"],"inLanguage":"fr-FR","potentialAction":[{"@type":"CommentAction","name":"Comment","target":["https:\/\/www.africa-press.net\/cameroun\/toutes-les-actualites\/yaounde-5-des-fournitures-scolaires-a-250-familles-deplacees-internes-du-nord-ouest-et-du-sud-ouest#respond"]}]},{"@type":"WebPage","@id":"https:\/\/www.africa-press.net\/cameroun\/toutes-les-actualites\/yaounde-5-des-fournitures-scolaires-a-250-familles-deplacees-internes-du-nord-ouest-et-du-sud-ouest","url":"https:\/\/www.africa-press.net\/cameroun\/toutes-les-actualites\/yaounde-5-des-fournitures-scolaires-a-250-familles-deplacees-internes-du-nord-ouest-et-du-sud-ouest","name":"Yaound\u00e9 5: Des fournitures scolaires \u00e0 250 familles d\u00e9plac\u00e9es internes du Nord-Ouest et du Sud-Ouest - Cameroun","isPartOf":{"@id":"https:\/\/www.africa-press.net\/cameroun\/#website"},"primaryImageOfPage":{"@id":"https:\/\/www.africa-press.net\/cameroun\/toutes-les-actualites\/yaounde-5-des-fournitures-scolaires-a-250-familles-deplacees-internes-du-nord-ouest-et-du-sud-ouest#primaryimage"},"image":{"@id":"https:\/\/www.africa-press.net\/cameroun\/toutes-les-actualites\/yaounde-5-des-fournitures-scolaires-a-250-familles-deplacees-internes-du-nord-ouest-et-du-sud-ouest#primaryimage"},"thumbnailUrl":"https:\/\/static.africa-press.net\/cameroun\/sites\/57\/2022\/09\/img-631a17920dd7a.jpg","datePublished":"2022-09-08T13:48:11+00:00","dateModified":"2022-09-08T16:26:42+00:00","author":{"@id":"https:\/\/www.africa-press.net\/cameroun\/#\/schema\/person\/2b1cf3cd81a31e3cd26889ca66d677f1"},"description":"Le gymnase du stade Omnisports de Yaound\u00e9 a servi de cadre hier mercredi 07 septembre 2022 \u00e0 la c\u00e9r\u00e9monie de remise des ...","breadcrumb":{"@id":"https:\/\/www.africa-press.net\/cameroun\/toutes-les-actualites\/yaounde-5-des-fournitures-scolaires-a-250-familles-deplacees-internes-du-nord-ouest-et-du-sud-ouest#breadcrumb"},"inLanguage":"fr-FR","potentialAction":[{"@type":"ReadAction","target":["https:\/\/www.africa-press.net\/cameroun\/toutes-les-actualites\/yaounde-5-des-fournitures-scolaires-a-250-familles-deplacees-internes-du-nord-ouest-et-du-sud-ouest"]}]},{"@type":"ImageObject","inLanguage":"fr-FR","@id":"https:\/\/www.africa-press.net\/cameroun\/toutes-les-actualites\/yaounde-5-des-fournitures-scolaires-a-250-familles-deplacees-internes-du-nord-ouest-et-du-sud-ouest#primaryimage","url":"https:\/\/static.africa-press.net\/cameroun\/sites\/57\/2022\/09\/img-631a17920dd7a.jpg","contentUrl":"https:\/\/static.africa-press.net\/cameroun\/sites\/57\/2022\/09\/img-631a17920dd7a.jpg","width":800,"height":450,"caption":"Yaound\u00e9 5: Des fournitures scolaires \u00e0 250 familles d\u00e9plac\u00e9es internes du Nord-Ouest et du Sud-Ouest"},{"@type":"BreadcrumbList","@id":"https:\/\/www.africa-press.net\/cameroun\/toutes-les-actualites\/yaounde-5-des-fournitures-scolaires-a-250-familles-deplacees-internes-du-nord-ouest-et-du-sud-ouest#breadcrumb","itemListElement":[{"@type":"ListItem","position":1,"name":"Accueil","item":"https:\/\/www.africa-press.net\/cameroun\/"},{"@type":"ListItem","position":2,"name":"Yaound\u00e9 5: Des fournitures scolaires \u00e0 250 familles d\u00e9plac\u00e9es internes du Nord-Ouest et du Sud-Ouest"}]},{"@type":"WebSite","@id":"https:\/\/www.africa-press.net\/cameroun\/#website","url":"https:\/\/www.africa-press.net\/cameroun\/","name":"Cameroun","description":"Just another Africa News Agency Sites site","potentialAction":[{"@type":"SearchAction","target":{"@type":"EntryPoint","urlTemplate":"https:\/\/www.africa-press.net\/cameroun\/?s={search_term_string}"},"query-input":{"@type":"PropertyValueSpecification","valueRequired":true,"valueName":"search_term_string"}}],"inLanguage":"fr-FR"},{"@type":"Person","@id":"https:\/\/www.africa-press.net\/cameroun\/#\/schema\/person\/2b1cf3cd81a31e3cd26889ca66d677f1","name":"cfeditorfr"}]}},"_links":{"self":[{"href":"https:\/\/www.africa-press.net\/cameroun\/wp-json\/wp\/v2\/posts\/26934","targetHints":{"allow":["GET"]}}],"collection":[{"href":"https:\/\/www.africa-press.net\/cameroun\/wp-json\/wp\/v2\/posts"}],"about":[{"href":"https:\/\/www.africa-press.net\/cameroun\/wp-json\/wp\/v2\/types\/post"}],"author":[{"embeddable":true,"href":"https:\/\/www.africa-press.net\/cameroun\/wp-json\/wp\/v2\/users\/82"}],"replies":[{"embeddable":true,"href":"https:\/\/www.africa-press.net\/cameroun\/wp-json\/wp\/v2\/comments?post=26934"}],"version-history":[{"count":0,"href":"https:\/\/www.africa-press.net\/cameroun\/wp-json\/wp\/v2\/posts\/26934\/revisions"}],"wp:featuredmedia":[{"embeddable":true,"href":"https:\/\/www.africa-press.net\/cameroun\/wp-json\/wp\/v2\/media\/26933"}],"wp:attachment":[{"href":"https:\/\/www.africa-press.net\/cameroun\/wp-json\/wp\/v2\/media?parent=26934"}],"wp:term":[{"taxonomy":"category","embeddable":true,"href":"https:\/\/www.africa-press.net\/cameroun\/wp-json\/wp\/v2\/categories?post=26934"},{"taxonomy":"post_tag","embeddable":true,"href":"https:\/\/www.africa-press.net\/cameroun\/wp-json\/wp\/v2\/tags?post=26934"}],"curies":[{"name":"wp","href":"https:\/\/api.w.org\/{rel}","templated":true}]}}