{"id":26946,"date":"2022-09-08T14:23:22","date_gmt":"2022-09-08T14:23:22","guid":{"rendered":"https:\/\/www.africa-press.net\/cameroun\/politique\/attaque-du-6-septembre-2022-dans-le-sud-ouest-le-communique-du-gouvernement"},"modified":"2022-09-08T17:18:44","modified_gmt":"2022-09-08T17:18:44","slug":"attaque-du-6-septembre-2022-dans-le-sud-ouest-le-communique-du-gouvernement","status":"publish","type":"post","link":"https:\/\/www.africa-press.net\/cameroun\/politique\/attaque-du-6-septembre-2022-dans-le-sud-ouest-le-communique-du-gouvernement","title":{"rendered":"Attaque du 6 Septembre 2022 dans le Sud-Ouest: Le Communiqu\u00e9 du Gouvernement"},"content":{"rendered":"<p><span style=\"color: #ff6600\"><strong>Africa-Press &#8211; Cameroun.\u00a0<\/strong><\/span>\u00ab\u00a0Le Gouvernement de la R\u00e9publique condamne avec la plus grande fermet\u00e9, cette attaque lache et ignoble perpetr\u00e9e contre des civils innocents, par des terroristes qui ont perdu toute humanit\u00e9, dans le but de semer la terreur au sein des populations\u00a0\u00bb.<\/p>\n<div>\n<p><strong>Le communiqu\u00e9:<\/strong><\/p>\n<div id='gallery-1' class='gallery galleryid-26946 gallery-columns-2 gallery-size-full'><figure class='gallery-item'>\n\t\t\t<div class='gallery-icon portrait'>\n\t\t\t\t<a href='https:\/\/www.africa-press.net\/cameroun\/politique\/attaque-du-6-septembre-2022-dans-le-sud-ouest-le-communique-du-gouvernement\/attachment\/attaque_06_09_22_communique_002_5645464_ns_900_cameroon-info-p-net_800xm1x'><img loading=\"lazy\" decoding=\"async\" width=\"800\" height=\"1120\" src=\"https:\/\/static.africa-press.net\/cameroun\/sites\/57\/2022\/09\/attaque_06_09_22_communique_002_5645464_ns_900_cameroon-info-p-net_800xm1x.jpg\" class=\"attachment-full size-full\" alt=\"\" srcset=\"https:\/\/static.africa-press.net\/cameroun\/sites\/57\/2022\/09\/attaque_06_09_22_communique_002_5645464_ns_900_cameroon-info-p-net_800xm1x.jpg 800w, https:\/\/static.africa-press.net\/cameroun\/sites\/57\/2022\/09\/attaque_06_09_22_communique_002_5645464_ns_900_cameroon-info-p-net_800xm1x-214x300.jpg 214w, https:\/\/static.africa-press.net\/cameroun\/sites\/57\/2022\/09\/attaque_06_09_22_communique_002_5645464_ns_900_cameroon-info-p-net_800xm1x-731x1024.jpg 731w, https:\/\/static.africa-press.net\/cameroun\/sites\/57\/2022\/09\/attaque_06_09_22_communique_002_5645464_ns_900_cameroon-info-p-net_800xm1x-768x1075.jpg 768w\" sizes=\"auto, (max-width: 800px) 100vw, 800px\" \/><\/a>\n\t\t\t<\/div><\/figure><figure class='gallery-item'>\n\t\t\t<div class='gallery-icon portrait'>\n\t\t\t\t<a href='https:\/\/www.africa-press.net\/cameroun\/politique\/attaque-du-6-septembre-2022-dans-le-sud-ouest-le-communique-du-gouvernement\/attachment\/attaque_06_09_22_communique_001_5645464_ns_900_cameroon-info-p-net_800xm1x'><img loading=\"lazy\" decoding=\"async\" width=\"800\" height=\"1131\" src=\"https:\/\/static.africa-press.net\/cameroun\/sites\/57\/2022\/09\/attaque_06_09_22_communique_001_5645464_ns_900_cameroon-info-p-net_800xm1x.jpg\" class=\"attachment-full size-full\" alt=\"\" srcset=\"https:\/\/static.africa-press.net\/cameroun\/sites\/57\/2022\/09\/attaque_06_09_22_communique_001_5645464_ns_900_cameroon-info-p-net_800xm1x.jpg 800w, https:\/\/static.africa-press.net\/cameroun\/sites\/57\/2022\/09\/attaque_06_09_22_communique_001_5645464_ns_900_cameroon-info-p-net_800xm1x-212x300.jpg 212w, https:\/\/static.africa-press.net\/cameroun\/sites\/57\/2022\/09\/attaque_06_09_22_communique_001_5645464_ns_900_cameroon-info-p-net_800xm1x-724x1024.jpg 724w, https:\/\/static.africa-press.net\/cameroun\/sites\/57\/2022\/09\/attaque_06_09_22_communique_001_5645464_ns_900_cameroon-info-p-net_800xm1x-768x1086.jpg 768w\" sizes=\"auto, (max-width: 800px) 100vw, 800px\" \/><\/a>\n\t\t\t<\/div><\/figure>\n\t\t<\/div>\n\n<\/div>\n<p><strong>Pour plus d&rsquo;informations et d&rsquo;analyses sur la <a href=\"https:\/\/www.africa-press.net\/cameroun\">Cameroun<\/a>, suivez <a href=\"https:\/\/www.africa-press.net\/\">Africa-Press<\/a><\/strong><\/p>\n","protected":false},"excerpt":{"rendered":"<p>Africa-Press &#8211; Cameroun.\u00a0\u00ab\u00a0Le Gouvernement de la R\u00e9publique condamne avec la plus grande fermet\u00e9, cette attaque lache et ignoble perpetr\u00e9e contre des civils innocents, par des terroristes qui ont perdu toute humanit\u00e9, dans le but de semer la terreur au sein des populations\u00a0\u00bb. Le communiqu\u00e9: Pour plus d&rsquo;informations et d&rsquo;analyses sur la Cameroun, suivez Africa-Press<\/p>\n","protected":false},"author":82,"featured_media":26945,"comment_status":"open","ping_status":"closed","sticky":false,"template":"","format":"standard","meta":{"footnotes":""},"categories":[11,2,20,10],"tags":[36,50,49],"class_list":["post-26946","post","type-post","status-publish","format-standard","has-post-thumbnail","hentry","category-homepage-french","category-politique","category-top-nouvelles","category-toutes-les-actualites","tag-africa-press","tag-africa-press-cameroun","tag-cameroun"],"yoast_head":"<!-- This site is optimized with the Yoast SEO Premium plugin v26.1 (Yoast SEO v27.0) - https:\/\/yoast.com\/product\/yoast-seo-premium-wordpress\/ -->\n<title>Attaque du 6 Septembre 2022 dans le Sud-Ouest: Le Communiqu\u00e9 du Gouvernement - Cameroun<\/title>\n<meta name=\"description\" content=\"Le communiqu\u00e9: Pour plus d&#039;informations et d&#039;analyses sur la Ca ...\" \/>\n<meta name=\"robots\" content=\"index, follow, max-snippet:-1, max-image-preview:large, max-video-preview:-1\" \/>\n<link rel=\"canonical\" href=\"https:\/\/www.africa-press.net\/cameroun\/politique\/attaque-du-6-septembre-2022-dans-le-sud-ouest-le-communique-du-gouvernement\" \/>\n<meta property=\"og:locale\" content=\"fr_FR\" \/>\n<meta property=\"og:type\" content=\"article\" \/>\n<meta property=\"og:title\" content=\"Attaque du 6 Septembre 2022 dans le Sud-Ouest: Le Communiqu\u00e9 du Gouvernement\" \/>\n<meta property=\"og:description\" content=\"Le communiqu\u00e9: Pour plus d&#039;informations et d&#039;analyses sur la Ca ...\" \/>\n<meta property=\"og:url\" content=\"https:\/\/www.africa-press.net\/cameroun\/politique\/attaque-du-6-septembre-2022-dans-le-sud-ouest-le-communique-du-gouvernement\" \/>\n<meta property=\"og:site_name\" content=\"Cameroun\" \/>\n<meta property=\"article:published_time\" content=\"2022-09-08T14:23:22+00:00\" \/>\n<meta property=\"article:modified_time\" content=\"2022-09-08T17:18:44+00:00\" \/>\n<meta property=\"og:image\" content=\"https:\/\/static.africa-press.net\/cameroun\/sites\/57\/2022\/09\/img-631a18558a954.jpg\" \/>\n\t<meta property=\"og:image:width\" content=\"800\" \/>\n\t<meta property=\"og:image:height\" content=\"483\" \/>\n\t<meta property=\"og:image:type\" content=\"image\/jpeg\" \/>\n<meta name=\"author\" content=\"cfeditorfr\" \/>\n<meta name=\"twitter:card\" content=\"summary_large_image\" \/>\n<meta name=\"twitter:label1\" content=\"\u00c9crit par\" \/>\n\t<meta name=\"twitter:data1\" content=\"cfeditorfr\" \/>\n\t<meta name=\"twitter:label2\" content=\"Dur\u00e9e de lecture estim\u00e9e\" \/>\n\t<meta name=\"twitter:data2\" content=\"1 minute\" \/>\n<script type=\"application\/ld+json\" class=\"yoast-schema-graph\">{\"@context\":\"https:\/\/schema.org\",\"@graph\":[{\"@type\":\"Article\",\"@id\":\"https:\/\/www.africa-press.net\/cameroun\/politique\/attaque-du-6-septembre-2022-dans-le-sud-ouest-le-communique-du-gouvernement#article\",\"isPartOf\":{\"@id\":\"https:\/\/www.africa-press.net\/cameroun\/politique\/attaque-du-6-septembre-2022-dans-le-sud-ouest-le-communique-du-gouvernement\"},\"author\":{\"name\":\"cfeditorfr\",\"@id\":\"https:\/\/www.africa-press.net\/cameroun\/#\/schema\/person\/2b1cf3cd81a31e3cd26889ca66d677f1\"},\"headline\":\"Attaque du 6 Septembre 2022 dans le Sud-Ouest: Le Communiqu\u00e9 du Gouvernement\",\"datePublished\":\"2022-09-08T14:23:22+00:00\",\"dateModified\":\"2022-09-08T17:18:44+00:00\",\"mainEntityOfPage\":{\"@id\":\"https:\/\/www.africa-press.net\/cameroun\/politique\/attaque-du-6-septembre-2022-dans-le-sud-ouest-le-communique-du-gouvernement\"},\"wordCount\":74,\"commentCount\":0,\"image\":{\"@id\":\"https:\/\/www.africa-press.net\/cameroun\/politique\/attaque-du-6-septembre-2022-dans-le-sud-ouest-le-communique-du-gouvernement#primaryimage\"},\"thumbnailUrl\":\"https:\/\/static.africa-press.net\/cameroun\/sites\/57\/2022\/09\/img-631a18558a954.jpg\",\"keywords\":[\"Africa Press\",\"Africa Press-Cameroun\",\"Cameroun\"],\"articleSection\":[\"homepage-french\",\"Politique\",\"Top Nouvelles\",\"Toutes les actualit\u00e9s\"],\"inLanguage\":\"fr-FR\",\"potentialAction\":[{\"@type\":\"CommentAction\",\"name\":\"Comment\",\"target\":[\"https:\/\/www.africa-press.net\/cameroun\/politique\/attaque-du-6-septembre-2022-dans-le-sud-ouest-le-communique-du-gouvernement#respond\"]}]},{\"@type\":\"WebPage\",\"@id\":\"https:\/\/www.africa-press.net\/cameroun\/politique\/attaque-du-6-septembre-2022-dans-le-sud-ouest-le-communique-du-gouvernement\",\"url\":\"https:\/\/www.africa-press.net\/cameroun\/politique\/attaque-du-6-septembre-2022-dans-le-sud-ouest-le-communique-du-gouvernement\",\"name\":\"Attaque du 6 Septembre 2022 dans le Sud-Ouest: Le Communiqu\u00e9 du Gouvernement - Cameroun\",\"isPartOf\":{\"@id\":\"https:\/\/www.africa-press.net\/cameroun\/#website\"},\"primaryImageOfPage\":{\"@id\":\"https:\/\/www.africa-press.net\/cameroun\/politique\/attaque-du-6-septembre-2022-dans-le-sud-ouest-le-communique-du-gouvernement#primaryimage\"},\"image\":{\"@id\":\"https:\/\/www.africa-press.net\/cameroun\/politique\/attaque-du-6-septembre-2022-dans-le-sud-ouest-le-communique-du-gouvernement#primaryimage\"},\"thumbnailUrl\":\"https:\/\/static.africa-press.net\/cameroun\/sites\/57\/2022\/09\/img-631a18558a954.jpg\",\"datePublished\":\"2022-09-08T14:23:22+00:00\",\"dateModified\":\"2022-09-08T17:18:44+00:00\",\"author\":{\"@id\":\"https:\/\/www.africa-press.net\/cameroun\/#\/schema\/person\/2b1cf3cd81a31e3cd26889ca66d677f1\"},\"description\":\"Le communiqu\u00e9: Pour plus d'informations et d'analyses sur la Ca ...\",\"breadcrumb\":{\"@id\":\"https:\/\/www.africa-press.net\/cameroun\/politique\/attaque-du-6-septembre-2022-dans-le-sud-ouest-le-communique-du-gouvernement#breadcrumb\"},\"inLanguage\":\"fr-FR\",\"potentialAction\":[{\"@type\":\"ReadAction\",\"target\":[\"https:\/\/www.africa-press.net\/cameroun\/politique\/attaque-du-6-septembre-2022-dans-le-sud-ouest-le-communique-du-gouvernement\"]}]},{\"@type\":\"ImageObject\",\"inLanguage\":\"fr-FR\",\"@id\":\"https:\/\/www.africa-press.net\/cameroun\/politique\/attaque-du-6-septembre-2022-dans-le-sud-ouest-le-communique-du-gouvernement#primaryimage\",\"url\":\"https:\/\/static.africa-press.net\/cameroun\/sites\/57\/2022\/09\/img-631a18558a954.jpg\",\"contentUrl\":\"https:\/\/static.africa-press.net\/cameroun\/sites\/57\/2022\/09\/img-631a18558a954.jpg\",\"width\":800,\"height\":483,\"caption\":\"Attaque du 6 Septembre 2022 dans le Sud-Ouest: Le Communiqu\u00e9 du Gouvernement\"},{\"@type\":\"BreadcrumbList\",\"@id\":\"https:\/\/www.africa-press.net\/cameroun\/politique\/attaque-du-6-septembre-2022-dans-le-sud-ouest-le-communique-du-gouvernement#breadcrumb\",\"itemListElement\":[{\"@type\":\"ListItem\",\"position\":1,\"name\":\"Accueil\",\"item\":\"https:\/\/www.africa-press.net\/cameroun\/\"},{\"@type\":\"ListItem\",\"position\":2,\"name\":\"Attaque du 6 Septembre 2022 dans le Sud-Ouest: Le Communiqu\u00e9 du Gouvernement\"}]},{\"@type\":\"WebSite\",\"@id\":\"https:\/\/www.africa-press.net\/cameroun\/#website\",\"url\":\"https:\/\/www.africa-press.net\/cameroun\/\",\"name\":\"Cameroun\",\"description\":\"Just another Africa News Agency Sites site\",\"potentialAction\":[{\"@type\":\"SearchAction\",\"target\":{\"@type\":\"EntryPoint\",\"urlTemplate\":\"https:\/\/www.africa-press.net\/cameroun\/?s={search_term_string}\"},\"query-input\":{\"@type\":\"PropertyValueSpecification\",\"valueRequired\":true,\"valueName\":\"search_term_string\"}}],\"inLanguage\":\"fr-FR\"},{\"@type\":\"Person\",\"@id\":\"https:\/\/www.africa-press.net\/cameroun\/#\/schema\/person\/2b1cf3cd81a31e3cd26889ca66d677f1\",\"name\":\"cfeditorfr\"}]}<\/script>\n<!-- \/ Yoast SEO Premium plugin. -->","yoast_head_json":{"title":"Attaque du 6 Septembre 2022 dans le Sud-Ouest: Le Communiqu\u00e9 du Gouvernement - Cameroun","description":"Le communiqu\u00e9: Pour plus d'informations et d'analyses sur la Ca ...","robots":{"index":"index","follow":"follow","max-snippet":"max-snippet:-1","max-image-preview":"max-image-preview:large","max-video-preview":"max-video-preview:-1"},"canonical":"https:\/\/www.africa-press.net\/cameroun\/politique\/attaque-du-6-septembre-2022-dans-le-sud-ouest-le-communique-du-gouvernement","og_locale":"fr_FR","og_type":"article","og_title":"Attaque du 6 Septembre 2022 dans le Sud-Ouest: Le Communiqu\u00e9 du Gouvernement","og_description":"Le communiqu\u00e9: Pour plus d'informations et d'analyses sur la Ca ...","og_url":"https:\/\/www.africa-press.net\/cameroun\/politique\/attaque-du-6-septembre-2022-dans-le-sud-ouest-le-communique-du-gouvernement","og_site_name":"Cameroun","article_published_time":"2022-09-08T14:23:22+00:00","article_modified_time":"2022-09-08T17:18:44+00:00","og_image":[{"width":800,"height":483,"url":"https:\/\/static.africa-press.net\/cameroun\/sites\/57\/2022\/09\/img-631a18558a954.jpg","type":"image\/jpeg"}],"author":"cfeditorfr","twitter_card":"summary_large_image","twitter_misc":{"\u00c9crit par":"cfeditorfr","Dur\u00e9e de lecture estim\u00e9e":"1 minute"},"schema":{"@context":"https:\/\/schema.org","@graph":[{"@type":"Article","@id":"https:\/\/www.africa-press.net\/cameroun\/politique\/attaque-du-6-septembre-2022-dans-le-sud-ouest-le-communique-du-gouvernement#article","isPartOf":{"@id":"https:\/\/www.africa-press.net\/cameroun\/politique\/attaque-du-6-septembre-2022-dans-le-sud-ouest-le-communique-du-gouvernement"},"author":{"name":"cfeditorfr","@id":"https:\/\/www.africa-press.net\/cameroun\/#\/schema\/person\/2b1cf3cd81a31e3cd26889ca66d677f1"},"headline":"Attaque du 6 Septembre 2022 dans le Sud-Ouest: Le Communiqu\u00e9 du Gouvernement","datePublished":"2022-09-08T14:23:22+00:00","dateModified":"2022-09-08T17:18:44+00:00","mainEntityOfPage":{"@id":"https:\/\/www.africa-press.net\/cameroun\/politique\/attaque-du-6-septembre-2022-dans-le-sud-ouest-le-communique-du-gouvernement"},"wordCount":74,"commentCount":0,"image":{"@id":"https:\/\/www.africa-press.net\/cameroun\/politique\/attaque-du-6-septembre-2022-dans-le-sud-ouest-le-communique-du-gouvernement#primaryimage"},"thumbnailUrl":"https:\/\/static.africa-press.net\/cameroun\/sites\/57\/2022\/09\/img-631a18558a954.jpg","keywords":["Africa Press","Africa Press-Cameroun","Cameroun"],"articleSection":["homepage-french","Politique","Top Nouvelles","Toutes les actualit\u00e9s"],"inLanguage":"fr-FR","potentialAction":[{"@type":"CommentAction","name":"Comment","target":["https:\/\/www.africa-press.net\/cameroun\/politique\/attaque-du-6-septembre-2022-dans-le-sud-ouest-le-communique-du-gouvernement#respond"]}]},{"@type":"WebPage","@id":"https:\/\/www.africa-press.net\/cameroun\/politique\/attaque-du-6-septembre-2022-dans-le-sud-ouest-le-communique-du-gouvernement","url":"https:\/\/www.africa-press.net\/cameroun\/politique\/attaque-du-6-septembre-2022-dans-le-sud-ouest-le-communique-du-gouvernement","name":"Attaque du 6 Septembre 2022 dans le Sud-Ouest: Le Communiqu\u00e9 du Gouvernement - Cameroun","isPartOf":{"@id":"https:\/\/www.africa-press.net\/cameroun\/#website"},"primaryImageOfPage":{"@id":"https:\/\/www.africa-press.net\/cameroun\/politique\/attaque-du-6-septembre-2022-dans-le-sud-ouest-le-communique-du-gouvernement#primaryimage"},"image":{"@id":"https:\/\/www.africa-press.net\/cameroun\/politique\/attaque-du-6-septembre-2022-dans-le-sud-ouest-le-communique-du-gouvernement#primaryimage"},"thumbnailUrl":"https:\/\/static.africa-press.net\/cameroun\/sites\/57\/2022\/09\/img-631a18558a954.jpg","datePublished":"2022-09-08T14:23:22+00:00","dateModified":"2022-09-08T17:18:44+00:00","author":{"@id":"https:\/\/www.africa-press.net\/cameroun\/#\/schema\/person\/2b1cf3cd81a31e3cd26889ca66d677f1"},"description":"Le communiqu\u00e9: Pour plus d'informations et d'analyses sur la Ca ...","breadcrumb":{"@id":"https:\/\/www.africa-press.net\/cameroun\/politique\/attaque-du-6-septembre-2022-dans-le-sud-ouest-le-communique-du-gouvernement#breadcrumb"},"inLanguage":"fr-FR","potentialAction":[{"@type":"ReadAction","target":["https:\/\/www.africa-press.net\/cameroun\/politique\/attaque-du-6-septembre-2022-dans-le-sud-ouest-le-communique-du-gouvernement"]}]},{"@type":"ImageObject","inLanguage":"fr-FR","@id":"https:\/\/www.africa-press.net\/cameroun\/politique\/attaque-du-6-septembre-2022-dans-le-sud-ouest-le-communique-du-gouvernement#primaryimage","url":"https:\/\/static.africa-press.net\/cameroun\/sites\/57\/2022\/09\/img-631a18558a954.jpg","contentUrl":"https:\/\/static.africa-press.net\/cameroun\/sites\/57\/2022\/09\/img-631a18558a954.jpg","width":800,"height":483,"caption":"Attaque du 6 Septembre 2022 dans le Sud-Ouest: Le Communiqu\u00e9 du Gouvernement"},{"@type":"BreadcrumbList","@id":"https:\/\/www.africa-press.net\/cameroun\/politique\/attaque-du-6-septembre-2022-dans-le-sud-ouest-le-communique-du-gouvernement#breadcrumb","itemListElement":[{"@type":"ListItem","position":1,"name":"Accueil","item":"https:\/\/www.africa-press.net\/cameroun\/"},{"@type":"ListItem","position":2,"name":"Attaque du 6 Septembre 2022 dans le Sud-Ouest: Le Communiqu\u00e9 du Gouvernement"}]},{"@type":"WebSite","@id":"https:\/\/www.africa-press.net\/cameroun\/#website","url":"https:\/\/www.africa-press.net\/cameroun\/","name":"Cameroun","description":"Just another Africa News Agency Sites site","potentialAction":[{"@type":"SearchAction","target":{"@type":"EntryPoint","urlTemplate":"https:\/\/www.africa-press.net\/cameroun\/?s={search_term_string}"},"query-input":{"@type":"PropertyValueSpecification","valueRequired":true,"valueName":"search_term_string"}}],"inLanguage":"fr-FR"},{"@type":"Person","@id":"https:\/\/www.africa-press.net\/cameroun\/#\/schema\/person\/2b1cf3cd81a31e3cd26889ca66d677f1","name":"cfeditorfr"}]}},"_links":{"self":[{"href":"https:\/\/www.africa-press.net\/cameroun\/wp-json\/wp\/v2\/posts\/26946","targetHints":{"allow":["GET"]}}],"collection":[{"href":"https:\/\/www.africa-press.net\/cameroun\/wp-json\/wp\/v2\/posts"}],"about":[{"href":"https:\/\/www.africa-press.net\/cameroun\/wp-json\/wp\/v2\/types\/post"}],"author":[{"embeddable":true,"href":"https:\/\/www.africa-press.net\/cameroun\/wp-json\/wp\/v2\/users\/82"}],"replies":[{"embeddable":true,"href":"https:\/\/www.africa-press.net\/cameroun\/wp-json\/wp\/v2\/comments?post=26946"}],"version-history":[{"count":0,"href":"https:\/\/www.africa-press.net\/cameroun\/wp-json\/wp\/v2\/posts\/26946\/revisions"}],"wp:featuredmedia":[{"embeddable":true,"href":"https:\/\/www.africa-press.net\/cameroun\/wp-json\/wp\/v2\/media\/26945"}],"wp:attachment":[{"href":"https:\/\/www.africa-press.net\/cameroun\/wp-json\/wp\/v2\/media?parent=26946"}],"wp:term":[{"taxonomy":"category","embeddable":true,"href":"https:\/\/www.africa-press.net\/cameroun\/wp-json\/wp\/v2\/categories?post=26946"},{"taxonomy":"post_tag","embeddable":true,"href":"https:\/\/www.africa-press.net\/cameroun\/wp-json\/wp\/v2\/tags?post=26946"}],"curies":[{"name":"wp","href":"https:\/\/api.w.org\/{rel}","templated":true}]}}