{"id":26961,"date":"2022-09-08T15:00:23","date_gmt":"2022-09-08T15:00:23","guid":{"rendered":"https:\/\/www.africa-press.net\/cameroun\/politique\/cameroun-quiproquo-autour-de-la-baisse-du-prix-du-ciment"},"modified":"2022-09-08T16:33:56","modified_gmt":"2022-09-08T16:33:56","slug":"cameroun-quiproquo-autour-de-la-baisse-du-prix-du-ciment","status":"publish","type":"post","link":"https:\/\/www.africa-press.net\/cameroun\/economie\/cameroun-quiproquo-autour-de-la-baisse-du-prix-du-ciment","title":{"rendered":"Cameroun\u00a0: quiproquo autour de la baisse du prix du ciment"},"content":{"rendered":"<p><span style=\"color: #ff6600\"><strong>Africa-Press &#8211; Cameroun. <\/strong><\/span>Luc Magloire Mbarga Atangana, a sign\u00e9 un communiqu\u00e9 le 1er septembre 2022 visant \u00e0 revoir \u00e0 la baisse les prix du ciment au Cameroun, sur le terrain, la r\u00e9alit\u00e9 est tout autre.<\/p>\n<p>Dans une note, le ministre Luc Magloire Mbarga Atangana assure que le ciment MIRA-CO est visible et disponible dans plusieurs quincailleries de la ville de Yaound\u00e9 \u00e0 moindre co\u00fbt.<\/p>\n<p>\u00ab Les prix sont de 4400 et 5100 FCFA contre 4900 et 5400 FCFA homologu\u00e9s respectivement pour les ciments de type 32.5 et 42.5 \u00bb, indique le minist\u00e8re du Commerce.<\/p>\n<p>Selon les services du minist\u00e8re du Commerce, le ciment de marque MIRA sont disponibles dans les quincailleries Mini M\u00e9tal au quartier Emana, Moproco Messassi, La Maison DG d\u2019Olembe et Mokolo, Dynamique au quartier \u00c9leveur, Rodriguez au petit march\u00e9 Fougerolles, Cogeni Mvog-ada, entre autres.<\/p>\n<p>Pourtant une enqu\u00eate de Crtv.cm du 6 septembre 2022 donne une information contraire. \u00ab <b>Le tour dans certains magasins de Yaound\u00e9 ce 6 septembre permet de se rendre compte que les prix appliqu\u00e9s n\u2019ob\u00e9issent pas \u00e0 la grille tarifaire indiqu\u00e9e dans le communiqu\u00e9 du ministre du Commerce<b> \u00bb.<\/b><\/b><\/p>\n<p><b>Selon le site d\u2019information \u00e0 capitaux publics,<b> \u00ab <\/b>ces prix du sac du ciment nous ont \u00e9t\u00e9 pr\u00e9sent\u00e9s dans des magasins visit\u00e9s ce mardi au lieu-dit Vall\u00e9e Nlongkak et au quartier Tsinga \u00e0 Yaound\u00e9 : ciment de type 42.5 R : 5400 Fcfa et 5100 Fcfa (achat de plus de 100 sacs);<\/b><\/p>\n<p><b>\u2013 ciment de type 32.5 R: 4600 F ou 4300 Fcfa (achat de plus de 100 sacs)<\/b> \u00bb.<\/p>\n<p><strong>Pour plus d&rsquo;informations et d&rsquo;analyses sur la <a href=\"https:\/\/www.africa-press.net\/cameroun\">Cameroun<\/a>, suivez <a href=\"https:\/\/www.africa-press.net\/\">Africa-Press<\/a><\/strong><\/p>\n","protected":false},"excerpt":{"rendered":"<p>Africa-Press &#8211; Cameroun. Luc Magloire Mbarga Atangana, a sign\u00e9 un communiqu\u00e9 le 1er septembre 2022 visant \u00e0 revoir \u00e0 la baisse les prix du ciment au Cameroun, sur le terrain, la r\u00e9alit\u00e9 est tout autre. Dans une note, le ministre Luc Magloire Mbarga Atangana assure que le ciment MIRA-CO est visible et disponible dans plusieurs [&hellip;]<\/p>\n","protected":false},"author":82,"featured_media":26960,"comment_status":"open","ping_status":"closed","sticky":false,"template":"","format":"standard","meta":{"footnotes":""},"categories":[3,11,10],"tags":[36,50,49],"class_list":["post-26961","post","type-post","status-publish","format-standard","has-post-thumbnail","hentry","category-economie","category-homepage-french","category-toutes-les-actualites","tag-africa-press","tag-africa-press-cameroun","tag-cameroun"],"yoast_head":"<!-- This site is optimized with the Yoast SEO Premium plugin v26.1 (Yoast SEO v27.0) - https:\/\/yoast.com\/product\/yoast-seo-premium-wordpress\/ -->\n<title>Cameroun\u00a0: quiproquo autour de la baisse du prix du ciment - Cameroun<\/title>\n<meta name=\"description\" content=\"Luc Magloire Mbarga Atangana, a sign\u00e9 un communiqu\u00e9 le 1er septembre 2022 visant \u00e0 revoir \u00e0 la baisse les prix du ciment ...\" \/>\n<meta name=\"robots\" content=\"index, follow, max-snippet:-1, max-image-preview:large, max-video-preview:-1\" \/>\n<link rel=\"canonical\" href=\"https:\/\/www.africa-press.net\/cameroun\/economie\/cameroun-quiproquo-autour-de-la-baisse-du-prix-du-ciment\" \/>\n<meta property=\"og:locale\" content=\"fr_FR\" \/>\n<meta property=\"og:type\" content=\"article\" \/>\n<meta property=\"og:title\" content=\"Cameroun\u00a0: quiproquo autour de la baisse du prix du ciment\" \/>\n<meta property=\"og:description\" content=\"Luc Magloire Mbarga Atangana, a sign\u00e9 un communiqu\u00e9 le 1er septembre 2022 visant \u00e0 revoir \u00e0 la baisse les prix du ciment ...\" \/>\n<meta property=\"og:url\" content=\"https:\/\/www.africa-press.net\/cameroun\/economie\/cameroun-quiproquo-autour-de-la-baisse-du-prix-du-ciment\" \/>\n<meta property=\"og:site_name\" content=\"Cameroun\" \/>\n<meta property=\"article:published_time\" content=\"2022-09-08T15:00:23+00:00\" \/>\n<meta property=\"article:modified_time\" content=\"2022-09-08T16:33:56+00:00\" \/>\n<meta property=\"og:image\" content=\"https:\/\/static.africa-press.net\/cameroun\/sites\/57\/2022\/09\/img-631a1944af420.jpg\" \/>\n\t<meta property=\"og:image:width\" content=\"720\" \/>\n\t<meta property=\"og:image:height\" content=\"489\" \/>\n\t<meta property=\"og:image:type\" content=\"image\/jpeg\" \/>\n<meta name=\"author\" content=\"cfeditorfr\" \/>\n<meta name=\"twitter:card\" content=\"summary_large_image\" \/>\n<meta name=\"twitter:label1\" content=\"\u00c9crit par\" \/>\n\t<meta name=\"twitter:data1\" content=\"cfeditorfr\" \/>\n\t<meta name=\"twitter:label2\" content=\"Dur\u00e9e de lecture estim\u00e9e\" \/>\n\t<meta name=\"twitter:data2\" content=\"2 minutes\" \/>\n<script type=\"application\/ld+json\" class=\"yoast-schema-graph\">{\"@context\":\"https:\/\/schema.org\",\"@graph\":[{\"@type\":\"Article\",\"@id\":\"https:\/\/www.africa-press.net\/cameroun\/economie\/cameroun-quiproquo-autour-de-la-baisse-du-prix-du-ciment#article\",\"isPartOf\":{\"@id\":\"https:\/\/www.africa-press.net\/cameroun\/economie\/cameroun-quiproquo-autour-de-la-baisse-du-prix-du-ciment\"},\"author\":{\"name\":\"cfeditorfr\",\"@id\":\"https:\/\/www.africa-press.net\/cameroun\/#\/schema\/person\/2b1cf3cd81a31e3cd26889ca66d677f1\"},\"headline\":\"Cameroun\u00a0: quiproquo autour de la baisse du prix du ciment\",\"datePublished\":\"2022-09-08T15:00:23+00:00\",\"dateModified\":\"2022-09-08T16:33:56+00:00\",\"mainEntityOfPage\":{\"@id\":\"https:\/\/www.africa-press.net\/cameroun\/economie\/cameroun-quiproquo-autour-de-la-baisse-du-prix-du-ciment\"},\"wordCount\":262,\"commentCount\":0,\"image\":{\"@id\":\"https:\/\/www.africa-press.net\/cameroun\/economie\/cameroun-quiproquo-autour-de-la-baisse-du-prix-du-ciment#primaryimage\"},\"thumbnailUrl\":\"https:\/\/static.africa-press.net\/cameroun\/sites\/57\/2022\/09\/img-631a1944af420.jpg\",\"keywords\":[\"Africa Press\",\"Africa Press-Cameroun\",\"Cameroun\"],\"articleSection\":[\"\u00c9conomie\",\"homepage-french\",\"Toutes les actualit\u00e9s\"],\"inLanguage\":\"fr-FR\",\"potentialAction\":[{\"@type\":\"CommentAction\",\"name\":\"Comment\",\"target\":[\"https:\/\/www.africa-press.net\/cameroun\/economie\/cameroun-quiproquo-autour-de-la-baisse-du-prix-du-ciment#respond\"]}]},{\"@type\":\"WebPage\",\"@id\":\"https:\/\/www.africa-press.net\/cameroun\/economie\/cameroun-quiproquo-autour-de-la-baisse-du-prix-du-ciment\",\"url\":\"https:\/\/www.africa-press.net\/cameroun\/economie\/cameroun-quiproquo-autour-de-la-baisse-du-prix-du-ciment\",\"name\":\"Cameroun\u00a0: quiproquo autour de la baisse du prix du ciment - Cameroun\",\"isPartOf\":{\"@id\":\"https:\/\/www.africa-press.net\/cameroun\/#website\"},\"primaryImageOfPage\":{\"@id\":\"https:\/\/www.africa-press.net\/cameroun\/economie\/cameroun-quiproquo-autour-de-la-baisse-du-prix-du-ciment#primaryimage\"},\"image\":{\"@id\":\"https:\/\/www.africa-press.net\/cameroun\/economie\/cameroun-quiproquo-autour-de-la-baisse-du-prix-du-ciment#primaryimage\"},\"thumbnailUrl\":\"https:\/\/static.africa-press.net\/cameroun\/sites\/57\/2022\/09\/img-631a1944af420.jpg\",\"datePublished\":\"2022-09-08T15:00:23+00:00\",\"dateModified\":\"2022-09-08T16:33:56+00:00\",\"author\":{\"@id\":\"https:\/\/www.africa-press.net\/cameroun\/#\/schema\/person\/2b1cf3cd81a31e3cd26889ca66d677f1\"},\"description\":\"Luc Magloire Mbarga Atangana, a sign\u00e9 un communiqu\u00e9 le 1er septembre 2022 visant \u00e0 revoir \u00e0 la baisse les prix du ciment ...\",\"breadcrumb\":{\"@id\":\"https:\/\/www.africa-press.net\/cameroun\/economie\/cameroun-quiproquo-autour-de-la-baisse-du-prix-du-ciment#breadcrumb\"},\"inLanguage\":\"fr-FR\",\"potentialAction\":[{\"@type\":\"ReadAction\",\"target\":[\"https:\/\/www.africa-press.net\/cameroun\/economie\/cameroun-quiproquo-autour-de-la-baisse-du-prix-du-ciment\"]}]},{\"@type\":\"ImageObject\",\"inLanguage\":\"fr-FR\",\"@id\":\"https:\/\/www.africa-press.net\/cameroun\/economie\/cameroun-quiproquo-autour-de-la-baisse-du-prix-du-ciment#primaryimage\",\"url\":\"https:\/\/static.africa-press.net\/cameroun\/sites\/57\/2022\/09\/img-631a1944af420.jpg\",\"contentUrl\":\"https:\/\/static.africa-press.net\/cameroun\/sites\/57\/2022\/09\/img-631a1944af420.jpg\",\"width\":720,\"height\":489,\"caption\":\"Cameroun\u00a0: quiproquo autour de la baisse du prix du ciment\"},{\"@type\":\"BreadcrumbList\",\"@id\":\"https:\/\/www.africa-press.net\/cameroun\/economie\/cameroun-quiproquo-autour-de-la-baisse-du-prix-du-ciment#breadcrumb\",\"itemListElement\":[{\"@type\":\"ListItem\",\"position\":1,\"name\":\"Accueil\",\"item\":\"https:\/\/www.africa-press.net\/cameroun\/\"},{\"@type\":\"ListItem\",\"position\":2,\"name\":\"Cameroun\u00a0: quiproquo autour de la baisse du prix du ciment\"}]},{\"@type\":\"WebSite\",\"@id\":\"https:\/\/www.africa-press.net\/cameroun\/#website\",\"url\":\"https:\/\/www.africa-press.net\/cameroun\/\",\"name\":\"Cameroun\",\"description\":\"Just another Africa News Agency Sites site\",\"potentialAction\":[{\"@type\":\"SearchAction\",\"target\":{\"@type\":\"EntryPoint\",\"urlTemplate\":\"https:\/\/www.africa-press.net\/cameroun\/?s={search_term_string}\"},\"query-input\":{\"@type\":\"PropertyValueSpecification\",\"valueRequired\":true,\"valueName\":\"search_term_string\"}}],\"inLanguage\":\"fr-FR\"},{\"@type\":\"Person\",\"@id\":\"https:\/\/www.africa-press.net\/cameroun\/#\/schema\/person\/2b1cf3cd81a31e3cd26889ca66d677f1\",\"name\":\"cfeditorfr\"}]}<\/script>\n<!-- \/ Yoast SEO Premium plugin. -->","yoast_head_json":{"title":"Cameroun\u00a0: quiproquo autour de la baisse du prix du ciment - Cameroun","description":"Luc Magloire Mbarga Atangana, a sign\u00e9 un communiqu\u00e9 le 1er septembre 2022 visant \u00e0 revoir \u00e0 la baisse les prix du ciment ...","robots":{"index":"index","follow":"follow","max-snippet":"max-snippet:-1","max-image-preview":"max-image-preview:large","max-video-preview":"max-video-preview:-1"},"canonical":"https:\/\/www.africa-press.net\/cameroun\/economie\/cameroun-quiproquo-autour-de-la-baisse-du-prix-du-ciment","og_locale":"fr_FR","og_type":"article","og_title":"Cameroun\u00a0: quiproquo autour de la baisse du prix du ciment","og_description":"Luc Magloire Mbarga Atangana, a sign\u00e9 un communiqu\u00e9 le 1er septembre 2022 visant \u00e0 revoir \u00e0 la baisse les prix du ciment ...","og_url":"https:\/\/www.africa-press.net\/cameroun\/economie\/cameroun-quiproquo-autour-de-la-baisse-du-prix-du-ciment","og_site_name":"Cameroun","article_published_time":"2022-09-08T15:00:23+00:00","article_modified_time":"2022-09-08T16:33:56+00:00","og_image":[{"width":720,"height":489,"url":"https:\/\/static.africa-press.net\/cameroun\/sites\/57\/2022\/09\/img-631a1944af420.jpg","type":"image\/jpeg"}],"author":"cfeditorfr","twitter_card":"summary_large_image","twitter_misc":{"\u00c9crit par":"cfeditorfr","Dur\u00e9e de lecture estim\u00e9e":"2 minutes"},"schema":{"@context":"https:\/\/schema.org","@graph":[{"@type":"Article","@id":"https:\/\/www.africa-press.net\/cameroun\/economie\/cameroun-quiproquo-autour-de-la-baisse-du-prix-du-ciment#article","isPartOf":{"@id":"https:\/\/www.africa-press.net\/cameroun\/economie\/cameroun-quiproquo-autour-de-la-baisse-du-prix-du-ciment"},"author":{"name":"cfeditorfr","@id":"https:\/\/www.africa-press.net\/cameroun\/#\/schema\/person\/2b1cf3cd81a31e3cd26889ca66d677f1"},"headline":"Cameroun\u00a0: quiproquo autour de la baisse du prix du ciment","datePublished":"2022-09-08T15:00:23+00:00","dateModified":"2022-09-08T16:33:56+00:00","mainEntityOfPage":{"@id":"https:\/\/www.africa-press.net\/cameroun\/economie\/cameroun-quiproquo-autour-de-la-baisse-du-prix-du-ciment"},"wordCount":262,"commentCount":0,"image":{"@id":"https:\/\/www.africa-press.net\/cameroun\/economie\/cameroun-quiproquo-autour-de-la-baisse-du-prix-du-ciment#primaryimage"},"thumbnailUrl":"https:\/\/static.africa-press.net\/cameroun\/sites\/57\/2022\/09\/img-631a1944af420.jpg","keywords":["Africa Press","Africa Press-Cameroun","Cameroun"],"articleSection":["\u00c9conomie","homepage-french","Toutes les actualit\u00e9s"],"inLanguage":"fr-FR","potentialAction":[{"@type":"CommentAction","name":"Comment","target":["https:\/\/www.africa-press.net\/cameroun\/economie\/cameroun-quiproquo-autour-de-la-baisse-du-prix-du-ciment#respond"]}]},{"@type":"WebPage","@id":"https:\/\/www.africa-press.net\/cameroun\/economie\/cameroun-quiproquo-autour-de-la-baisse-du-prix-du-ciment","url":"https:\/\/www.africa-press.net\/cameroun\/economie\/cameroun-quiproquo-autour-de-la-baisse-du-prix-du-ciment","name":"Cameroun\u00a0: quiproquo autour de la baisse du prix du ciment - Cameroun","isPartOf":{"@id":"https:\/\/www.africa-press.net\/cameroun\/#website"},"primaryImageOfPage":{"@id":"https:\/\/www.africa-press.net\/cameroun\/economie\/cameroun-quiproquo-autour-de-la-baisse-du-prix-du-ciment#primaryimage"},"image":{"@id":"https:\/\/www.africa-press.net\/cameroun\/economie\/cameroun-quiproquo-autour-de-la-baisse-du-prix-du-ciment#primaryimage"},"thumbnailUrl":"https:\/\/static.africa-press.net\/cameroun\/sites\/57\/2022\/09\/img-631a1944af420.jpg","datePublished":"2022-09-08T15:00:23+00:00","dateModified":"2022-09-08T16:33:56+00:00","author":{"@id":"https:\/\/www.africa-press.net\/cameroun\/#\/schema\/person\/2b1cf3cd81a31e3cd26889ca66d677f1"},"description":"Luc Magloire Mbarga Atangana, a sign\u00e9 un communiqu\u00e9 le 1er septembre 2022 visant \u00e0 revoir \u00e0 la baisse les prix du ciment ...","breadcrumb":{"@id":"https:\/\/www.africa-press.net\/cameroun\/economie\/cameroun-quiproquo-autour-de-la-baisse-du-prix-du-ciment#breadcrumb"},"inLanguage":"fr-FR","potentialAction":[{"@type":"ReadAction","target":["https:\/\/www.africa-press.net\/cameroun\/economie\/cameroun-quiproquo-autour-de-la-baisse-du-prix-du-ciment"]}]},{"@type":"ImageObject","inLanguage":"fr-FR","@id":"https:\/\/www.africa-press.net\/cameroun\/economie\/cameroun-quiproquo-autour-de-la-baisse-du-prix-du-ciment#primaryimage","url":"https:\/\/static.africa-press.net\/cameroun\/sites\/57\/2022\/09\/img-631a1944af420.jpg","contentUrl":"https:\/\/static.africa-press.net\/cameroun\/sites\/57\/2022\/09\/img-631a1944af420.jpg","width":720,"height":489,"caption":"Cameroun\u00a0: quiproquo autour de la baisse du prix du ciment"},{"@type":"BreadcrumbList","@id":"https:\/\/www.africa-press.net\/cameroun\/economie\/cameroun-quiproquo-autour-de-la-baisse-du-prix-du-ciment#breadcrumb","itemListElement":[{"@type":"ListItem","position":1,"name":"Accueil","item":"https:\/\/www.africa-press.net\/cameroun\/"},{"@type":"ListItem","position":2,"name":"Cameroun\u00a0: quiproquo autour de la baisse du prix du ciment"}]},{"@type":"WebSite","@id":"https:\/\/www.africa-press.net\/cameroun\/#website","url":"https:\/\/www.africa-press.net\/cameroun\/","name":"Cameroun","description":"Just another Africa News Agency Sites site","potentialAction":[{"@type":"SearchAction","target":{"@type":"EntryPoint","urlTemplate":"https:\/\/www.africa-press.net\/cameroun\/?s={search_term_string}"},"query-input":{"@type":"PropertyValueSpecification","valueRequired":true,"valueName":"search_term_string"}}],"inLanguage":"fr-FR"},{"@type":"Person","@id":"https:\/\/www.africa-press.net\/cameroun\/#\/schema\/person\/2b1cf3cd81a31e3cd26889ca66d677f1","name":"cfeditorfr"}]}},"_links":{"self":[{"href":"https:\/\/www.africa-press.net\/cameroun\/wp-json\/wp\/v2\/posts\/26961","targetHints":{"allow":["GET"]}}],"collection":[{"href":"https:\/\/www.africa-press.net\/cameroun\/wp-json\/wp\/v2\/posts"}],"about":[{"href":"https:\/\/www.africa-press.net\/cameroun\/wp-json\/wp\/v2\/types\/post"}],"author":[{"embeddable":true,"href":"https:\/\/www.africa-press.net\/cameroun\/wp-json\/wp\/v2\/users\/82"}],"replies":[{"embeddable":true,"href":"https:\/\/www.africa-press.net\/cameroun\/wp-json\/wp\/v2\/comments?post=26961"}],"version-history":[{"count":0,"href":"https:\/\/www.africa-press.net\/cameroun\/wp-json\/wp\/v2\/posts\/26961\/revisions"}],"wp:featuredmedia":[{"embeddable":true,"href":"https:\/\/www.africa-press.net\/cameroun\/wp-json\/wp\/v2\/media\/26960"}],"wp:attachment":[{"href":"https:\/\/www.africa-press.net\/cameroun\/wp-json\/wp\/v2\/media?parent=26961"}],"wp:term":[{"taxonomy":"category","embeddable":true,"href":"https:\/\/www.africa-press.net\/cameroun\/wp-json\/wp\/v2\/categories?post=26961"},{"taxonomy":"post_tag","embeddable":true,"href":"https:\/\/www.africa-press.net\/cameroun\/wp-json\/wp\/v2\/tags?post=26961"}],"curies":[{"name":"wp","href":"https:\/\/api.w.org\/{rel}","templated":true}]}}