{"id":26964,"date":"2022-09-08T15:08:22","date_gmt":"2022-09-08T15:08:22","guid":{"rendered":"https:\/\/www.africa-press.net\/cameroun\/politique\/cameroun-les-investisseurs-bresiliens-sinteressent-a-lagro-industrie"},"modified":"2022-09-08T16:34:43","modified_gmt":"2022-09-08T16:34:43","slug":"cameroun-les-investisseurs-bresiliens-sinteressent-a-lagro-industrie","status":"publish","type":"post","link":"https:\/\/www.africa-press.net\/cameroun\/economie\/cameroun-les-investisseurs-bresiliens-sinteressent-a-lagro-industrie","title":{"rendered":"Cameroun\u00a0: les investisseurs Br\u00e9siliens s\u2019int\u00e9ressent \u00e0 l\u2019Agro-industrie"},"content":{"rendered":"<p><span style=\"color: #ff6600\"><strong>Africa-Press &#8211; Cameroun. <\/strong><\/span>Une d\u00e9l\u00e9gation d\u2019hommes d\u2019affaires a \u00e9t\u00e9 re\u00e7ue le lundi 05 septembre \u00e0 Yaound\u00e9, par des membres du gouvernement camerounais.<\/p>\n<p>\u00ab\u2009<b>Nous recevons une grosse d\u00e9l\u00e9gation compos\u00e9e de dirigeants d\u2019universit\u00e9s et d\u2019industriels qui op\u00e8rent dans le domaine du ma\u00efs, du caf\u00e9, de la p\u00eache, de la pisciculture et de l\u2019aviculture\u2009\u00bb,<\/b> a precis\u00e9 Gabriel Mbairobe, ministre de l\u2019Agriculture.<\/p>\n<p>Ces investisseurs vont passer 07 jours au Cameroun pour parler des opportunit\u00e9s de d\u00e9veloppement d\u2019entreprises rentables g\u00e9r\u00e9es par les jeunes hommes et femmes camerounais dans les fili\u00e8res agropastorales porteuses.<\/p>\n<p>Gabriel Mba\u00efrobe a expliqu\u00e9 que le Cameroun va saisir cette opportunit\u00e9 pour mobiliser les technico-financiers br\u00e9siliens afin de booster l\u2019entrepreneuriat jeune et permettre aux petites et moyennes entreprises et \u00e0 certains op\u00e9rateurs \u00e9conomiques de nouer des relations d\u2019affaires avec les entrepreneurs locaux.<\/p>\n<p>\u00ab <b>Non seulement mobiliser des techniciens et des financiers br\u00e9siliens afin de booster l\u2019entrepreneuriat jeune, mais aussi permettre \u00e0 certains (\u2026) op\u00e9rateurs \u00e9conomiques (locaux) de nouer des relations B2B avec ces op\u00e9rateurs\u2009\u00bb, <\/b><b>a indiqu\u00e9 le ministre de l\u2019Agriculture.<\/b><\/p>\n<p>La premi\u00e8re retomb\u00e9e palpable de cette visite au Cameroun de chercheurs et investisseurs br\u00e9siliens est la signature d\u2019un contrat de partenariat avec l\u2019\u00c9cole pratique d\u2019agriculture de Binguela (Epab), centre de formation en agriculture et \u00e9levage, situ\u00e9 \u00e0 quelques encablures de Yaound\u00e9, la capitale du pays.<\/p>\n<p>Le Br\u00e9sil est depuis 2005, le premier exportateur mondial de viande bovine et se situe au 2e rang mondial pour le cheptel bovin (tonnage et\/ou valeur), derri\u00e8re l\u2019Inde dont les vaches ont un tout autre statut et un tout autre r\u00f4le.<\/p>\n<p><strong>Pour plus d&rsquo;informations et d&rsquo;analyses sur la <a href=\"https:\/\/www.africa-press.net\/cameroun\">Cameroun<\/a>, suivez <a href=\"https:\/\/www.africa-press.net\/\">Africa-Press<\/a><\/strong><\/p>\n","protected":false},"excerpt":{"rendered":"<p>Africa-Press &#8211; Cameroun. Une d\u00e9l\u00e9gation d\u2019hommes d\u2019affaires a \u00e9t\u00e9 re\u00e7ue le lundi 05 septembre \u00e0 Yaound\u00e9, par des membres du gouvernement camerounais. \u00ab\u2009Nous recevons une grosse d\u00e9l\u00e9gation compos\u00e9e de dirigeants d\u2019universit\u00e9s et d\u2019industriels qui op\u00e8rent dans le domaine du ma\u00efs, du caf\u00e9, de la p\u00eache, de la pisciculture et de l\u2019aviculture\u2009\u00bb, a precis\u00e9 Gabriel Mbairobe, [&hellip;]<\/p>\n","protected":false},"author":82,"featured_media":26963,"comment_status":"open","ping_status":"closed","sticky":false,"template":"","format":"standard","meta":{"footnotes":""},"categories":[3,11,10],"tags":[36,50,49],"class_list":["post-26964","post","type-post","status-publish","format-standard","has-post-thumbnail","hentry","category-economie","category-homepage-french","category-toutes-les-actualites","tag-africa-press","tag-africa-press-cameroun","tag-cameroun"],"yoast_head":"<!-- This site is optimized with the Yoast SEO Premium plugin v26.1 (Yoast SEO v27.0) - https:\/\/yoast.com\/product\/yoast-seo-premium-wordpress\/ -->\n<title>Cameroun\u00a0: les investisseurs Br\u00e9siliens s\u2019int\u00e9ressent \u00e0 l\u2019Agro-industrie - Cameroun<\/title>\n<meta name=\"description\" content=\"Une d\u00e9l\u00e9gation d\u2019hommes d\u2019affaires a \u00e9t\u00e9 re\u00e7ue le lundi 05 septembre \u00e0 Yaound\u00e9, par des membres du gouvernement cameroun ...\" \/>\n<meta name=\"robots\" content=\"index, follow, max-snippet:-1, max-image-preview:large, max-video-preview:-1\" \/>\n<link rel=\"canonical\" href=\"https:\/\/www.africa-press.net\/cameroun\/economie\/cameroun-les-investisseurs-bresiliens-sinteressent-a-lagro-industrie\" \/>\n<meta property=\"og:locale\" content=\"fr_FR\" \/>\n<meta property=\"og:type\" content=\"article\" \/>\n<meta property=\"og:title\" content=\"Cameroun\u00a0: les investisseurs Br\u00e9siliens s\u2019int\u00e9ressent \u00e0 l\u2019Agro-industrie\" \/>\n<meta property=\"og:description\" content=\"Une d\u00e9l\u00e9gation d\u2019hommes d\u2019affaires a \u00e9t\u00e9 re\u00e7ue le lundi 05 septembre \u00e0 Yaound\u00e9, par des membres du gouvernement cameroun ...\" \/>\n<meta property=\"og:url\" content=\"https:\/\/www.africa-press.net\/cameroun\/economie\/cameroun-les-investisseurs-bresiliens-sinteressent-a-lagro-industrie\" \/>\n<meta property=\"og:site_name\" content=\"Cameroun\" \/>\n<meta property=\"article:published_time\" content=\"2022-09-08T15:08:22+00:00\" \/>\n<meta property=\"article:modified_time\" content=\"2022-09-08T16:34:43+00:00\" \/>\n<meta property=\"og:image\" content=\"https:\/\/static.africa-press.net\/cameroun\/sites\/57\/2022\/09\/img-631a197bed297.jpg\" \/>\n\t<meta property=\"og:image:width\" content=\"1140\" \/>\n\t<meta property=\"og:image:height\" content=\"760\" \/>\n\t<meta property=\"og:image:type\" content=\"image\/jpeg\" \/>\n<meta name=\"author\" content=\"cfeditorfr\" \/>\n<meta name=\"twitter:card\" content=\"summary_large_image\" \/>\n<meta name=\"twitter:label1\" content=\"\u00c9crit par\" \/>\n\t<meta name=\"twitter:data1\" content=\"cfeditorfr\" \/>\n\t<meta name=\"twitter:label2\" content=\"Dur\u00e9e de lecture estim\u00e9e\" \/>\n\t<meta name=\"twitter:data2\" content=\"2 minutes\" \/>\n<script type=\"application\/ld+json\" class=\"yoast-schema-graph\">{\"@context\":\"https:\/\/schema.org\",\"@graph\":[{\"@type\":\"Article\",\"@id\":\"https:\/\/www.africa-press.net\/cameroun\/economie\/cameroun-les-investisseurs-bresiliens-sinteressent-a-lagro-industrie#article\",\"isPartOf\":{\"@id\":\"https:\/\/www.africa-press.net\/cameroun\/economie\/cameroun-les-investisseurs-bresiliens-sinteressent-a-lagro-industrie\"},\"author\":{\"name\":\"cfeditorfr\",\"@id\":\"https:\/\/www.africa-press.net\/cameroun\/#\/schema\/person\/2b1cf3cd81a31e3cd26889ca66d677f1\"},\"headline\":\"Cameroun\u00a0: les investisseurs Br\u00e9siliens s\u2019int\u00e9ressent \u00e0 l\u2019Agro-industrie\",\"datePublished\":\"2022-09-08T15:08:22+00:00\",\"dateModified\":\"2022-09-08T16:34:43+00:00\",\"mainEntityOfPage\":{\"@id\":\"https:\/\/www.africa-press.net\/cameroun\/economie\/cameroun-les-investisseurs-bresiliens-sinteressent-a-lagro-industrie\"},\"wordCount\":310,\"commentCount\":0,\"image\":{\"@id\":\"https:\/\/www.africa-press.net\/cameroun\/economie\/cameroun-les-investisseurs-bresiliens-sinteressent-a-lagro-industrie#primaryimage\"},\"thumbnailUrl\":\"https:\/\/static.africa-press.net\/cameroun\/sites\/57\/2022\/09\/img-631a197bed297.jpg\",\"keywords\":[\"Africa Press\",\"Africa Press-Cameroun\",\"Cameroun\"],\"articleSection\":[\"\u00c9conomie\",\"homepage-french\",\"Toutes les actualit\u00e9s\"],\"inLanguage\":\"fr-FR\",\"potentialAction\":[{\"@type\":\"CommentAction\",\"name\":\"Comment\",\"target\":[\"https:\/\/www.africa-press.net\/cameroun\/economie\/cameroun-les-investisseurs-bresiliens-sinteressent-a-lagro-industrie#respond\"]}]},{\"@type\":\"WebPage\",\"@id\":\"https:\/\/www.africa-press.net\/cameroun\/economie\/cameroun-les-investisseurs-bresiliens-sinteressent-a-lagro-industrie\",\"url\":\"https:\/\/www.africa-press.net\/cameroun\/economie\/cameroun-les-investisseurs-bresiliens-sinteressent-a-lagro-industrie\",\"name\":\"Cameroun\u00a0: les investisseurs Br\u00e9siliens s\u2019int\u00e9ressent \u00e0 l\u2019Agro-industrie - Cameroun\",\"isPartOf\":{\"@id\":\"https:\/\/www.africa-press.net\/cameroun\/#website\"},\"primaryImageOfPage\":{\"@id\":\"https:\/\/www.africa-press.net\/cameroun\/economie\/cameroun-les-investisseurs-bresiliens-sinteressent-a-lagro-industrie#primaryimage\"},\"image\":{\"@id\":\"https:\/\/www.africa-press.net\/cameroun\/economie\/cameroun-les-investisseurs-bresiliens-sinteressent-a-lagro-industrie#primaryimage\"},\"thumbnailUrl\":\"https:\/\/static.africa-press.net\/cameroun\/sites\/57\/2022\/09\/img-631a197bed297.jpg\",\"datePublished\":\"2022-09-08T15:08:22+00:00\",\"dateModified\":\"2022-09-08T16:34:43+00:00\",\"author\":{\"@id\":\"https:\/\/www.africa-press.net\/cameroun\/#\/schema\/person\/2b1cf3cd81a31e3cd26889ca66d677f1\"},\"description\":\"Une d\u00e9l\u00e9gation d\u2019hommes d\u2019affaires a \u00e9t\u00e9 re\u00e7ue le lundi 05 septembre \u00e0 Yaound\u00e9, par des membres du gouvernement cameroun ...\",\"breadcrumb\":{\"@id\":\"https:\/\/www.africa-press.net\/cameroun\/economie\/cameroun-les-investisseurs-bresiliens-sinteressent-a-lagro-industrie#breadcrumb\"},\"inLanguage\":\"fr-FR\",\"potentialAction\":[{\"@type\":\"ReadAction\",\"target\":[\"https:\/\/www.africa-press.net\/cameroun\/economie\/cameroun-les-investisseurs-bresiliens-sinteressent-a-lagro-industrie\"]}]},{\"@type\":\"ImageObject\",\"inLanguage\":\"fr-FR\",\"@id\":\"https:\/\/www.africa-press.net\/cameroun\/economie\/cameroun-les-investisseurs-bresiliens-sinteressent-a-lagro-industrie#primaryimage\",\"url\":\"https:\/\/static.africa-press.net\/cameroun\/sites\/57\/2022\/09\/img-631a197bed297.jpg\",\"contentUrl\":\"https:\/\/static.africa-press.net\/cameroun\/sites\/57\/2022\/09\/img-631a197bed297.jpg\",\"width\":1140,\"height\":760,\"caption\":\"Cameroun\u00a0: les investisseurs Br\u00e9siliens s\u2019int\u00e9ressent \u00e0 l\u2019Agro-industrie\"},{\"@type\":\"BreadcrumbList\",\"@id\":\"https:\/\/www.africa-press.net\/cameroun\/economie\/cameroun-les-investisseurs-bresiliens-sinteressent-a-lagro-industrie#breadcrumb\",\"itemListElement\":[{\"@type\":\"ListItem\",\"position\":1,\"name\":\"Accueil\",\"item\":\"https:\/\/www.africa-press.net\/cameroun\/\"},{\"@type\":\"ListItem\",\"position\":2,\"name\":\"Cameroun\u00a0: les investisseurs Br\u00e9siliens s\u2019int\u00e9ressent \u00e0 l\u2019Agro-industrie\"}]},{\"@type\":\"WebSite\",\"@id\":\"https:\/\/www.africa-press.net\/cameroun\/#website\",\"url\":\"https:\/\/www.africa-press.net\/cameroun\/\",\"name\":\"Cameroun\",\"description\":\"Just another Africa News Agency Sites site\",\"potentialAction\":[{\"@type\":\"SearchAction\",\"target\":{\"@type\":\"EntryPoint\",\"urlTemplate\":\"https:\/\/www.africa-press.net\/cameroun\/?s={search_term_string}\"},\"query-input\":{\"@type\":\"PropertyValueSpecification\",\"valueRequired\":true,\"valueName\":\"search_term_string\"}}],\"inLanguage\":\"fr-FR\"},{\"@type\":\"Person\",\"@id\":\"https:\/\/www.africa-press.net\/cameroun\/#\/schema\/person\/2b1cf3cd81a31e3cd26889ca66d677f1\",\"name\":\"cfeditorfr\"}]}<\/script>\n<!-- \/ Yoast SEO Premium plugin. -->","yoast_head_json":{"title":"Cameroun\u00a0: les investisseurs Br\u00e9siliens s\u2019int\u00e9ressent \u00e0 l\u2019Agro-industrie - Cameroun","description":"Une d\u00e9l\u00e9gation d\u2019hommes d\u2019affaires a \u00e9t\u00e9 re\u00e7ue le lundi 05 septembre \u00e0 Yaound\u00e9, par des membres du gouvernement cameroun ...","robots":{"index":"index","follow":"follow","max-snippet":"max-snippet:-1","max-image-preview":"max-image-preview:large","max-video-preview":"max-video-preview:-1"},"canonical":"https:\/\/www.africa-press.net\/cameroun\/economie\/cameroun-les-investisseurs-bresiliens-sinteressent-a-lagro-industrie","og_locale":"fr_FR","og_type":"article","og_title":"Cameroun\u00a0: les investisseurs Br\u00e9siliens s\u2019int\u00e9ressent \u00e0 l\u2019Agro-industrie","og_description":"Une d\u00e9l\u00e9gation d\u2019hommes d\u2019affaires a \u00e9t\u00e9 re\u00e7ue le lundi 05 septembre \u00e0 Yaound\u00e9, par des membres du gouvernement cameroun ...","og_url":"https:\/\/www.africa-press.net\/cameroun\/economie\/cameroun-les-investisseurs-bresiliens-sinteressent-a-lagro-industrie","og_site_name":"Cameroun","article_published_time":"2022-09-08T15:08:22+00:00","article_modified_time":"2022-09-08T16:34:43+00:00","og_image":[{"width":1140,"height":760,"url":"https:\/\/static.africa-press.net\/cameroun\/sites\/57\/2022\/09\/img-631a197bed297.jpg","type":"image\/jpeg"}],"author":"cfeditorfr","twitter_card":"summary_large_image","twitter_misc":{"\u00c9crit par":"cfeditorfr","Dur\u00e9e de lecture estim\u00e9e":"2 minutes"},"schema":{"@context":"https:\/\/schema.org","@graph":[{"@type":"Article","@id":"https:\/\/www.africa-press.net\/cameroun\/economie\/cameroun-les-investisseurs-bresiliens-sinteressent-a-lagro-industrie#article","isPartOf":{"@id":"https:\/\/www.africa-press.net\/cameroun\/economie\/cameroun-les-investisseurs-bresiliens-sinteressent-a-lagro-industrie"},"author":{"name":"cfeditorfr","@id":"https:\/\/www.africa-press.net\/cameroun\/#\/schema\/person\/2b1cf3cd81a31e3cd26889ca66d677f1"},"headline":"Cameroun\u00a0: les investisseurs Br\u00e9siliens s\u2019int\u00e9ressent \u00e0 l\u2019Agro-industrie","datePublished":"2022-09-08T15:08:22+00:00","dateModified":"2022-09-08T16:34:43+00:00","mainEntityOfPage":{"@id":"https:\/\/www.africa-press.net\/cameroun\/economie\/cameroun-les-investisseurs-bresiliens-sinteressent-a-lagro-industrie"},"wordCount":310,"commentCount":0,"image":{"@id":"https:\/\/www.africa-press.net\/cameroun\/economie\/cameroun-les-investisseurs-bresiliens-sinteressent-a-lagro-industrie#primaryimage"},"thumbnailUrl":"https:\/\/static.africa-press.net\/cameroun\/sites\/57\/2022\/09\/img-631a197bed297.jpg","keywords":["Africa Press","Africa Press-Cameroun","Cameroun"],"articleSection":["\u00c9conomie","homepage-french","Toutes les actualit\u00e9s"],"inLanguage":"fr-FR","potentialAction":[{"@type":"CommentAction","name":"Comment","target":["https:\/\/www.africa-press.net\/cameroun\/economie\/cameroun-les-investisseurs-bresiliens-sinteressent-a-lagro-industrie#respond"]}]},{"@type":"WebPage","@id":"https:\/\/www.africa-press.net\/cameroun\/economie\/cameroun-les-investisseurs-bresiliens-sinteressent-a-lagro-industrie","url":"https:\/\/www.africa-press.net\/cameroun\/economie\/cameroun-les-investisseurs-bresiliens-sinteressent-a-lagro-industrie","name":"Cameroun\u00a0: les investisseurs Br\u00e9siliens s\u2019int\u00e9ressent \u00e0 l\u2019Agro-industrie - Cameroun","isPartOf":{"@id":"https:\/\/www.africa-press.net\/cameroun\/#website"},"primaryImageOfPage":{"@id":"https:\/\/www.africa-press.net\/cameroun\/economie\/cameroun-les-investisseurs-bresiliens-sinteressent-a-lagro-industrie#primaryimage"},"image":{"@id":"https:\/\/www.africa-press.net\/cameroun\/economie\/cameroun-les-investisseurs-bresiliens-sinteressent-a-lagro-industrie#primaryimage"},"thumbnailUrl":"https:\/\/static.africa-press.net\/cameroun\/sites\/57\/2022\/09\/img-631a197bed297.jpg","datePublished":"2022-09-08T15:08:22+00:00","dateModified":"2022-09-08T16:34:43+00:00","author":{"@id":"https:\/\/www.africa-press.net\/cameroun\/#\/schema\/person\/2b1cf3cd81a31e3cd26889ca66d677f1"},"description":"Une d\u00e9l\u00e9gation d\u2019hommes d\u2019affaires a \u00e9t\u00e9 re\u00e7ue le lundi 05 septembre \u00e0 Yaound\u00e9, par des membres du gouvernement cameroun ...","breadcrumb":{"@id":"https:\/\/www.africa-press.net\/cameroun\/economie\/cameroun-les-investisseurs-bresiliens-sinteressent-a-lagro-industrie#breadcrumb"},"inLanguage":"fr-FR","potentialAction":[{"@type":"ReadAction","target":["https:\/\/www.africa-press.net\/cameroun\/economie\/cameroun-les-investisseurs-bresiliens-sinteressent-a-lagro-industrie"]}]},{"@type":"ImageObject","inLanguage":"fr-FR","@id":"https:\/\/www.africa-press.net\/cameroun\/economie\/cameroun-les-investisseurs-bresiliens-sinteressent-a-lagro-industrie#primaryimage","url":"https:\/\/static.africa-press.net\/cameroun\/sites\/57\/2022\/09\/img-631a197bed297.jpg","contentUrl":"https:\/\/static.africa-press.net\/cameroun\/sites\/57\/2022\/09\/img-631a197bed297.jpg","width":1140,"height":760,"caption":"Cameroun\u00a0: les investisseurs Br\u00e9siliens s\u2019int\u00e9ressent \u00e0 l\u2019Agro-industrie"},{"@type":"BreadcrumbList","@id":"https:\/\/www.africa-press.net\/cameroun\/economie\/cameroun-les-investisseurs-bresiliens-sinteressent-a-lagro-industrie#breadcrumb","itemListElement":[{"@type":"ListItem","position":1,"name":"Accueil","item":"https:\/\/www.africa-press.net\/cameroun\/"},{"@type":"ListItem","position":2,"name":"Cameroun\u00a0: les investisseurs Br\u00e9siliens s\u2019int\u00e9ressent \u00e0 l\u2019Agro-industrie"}]},{"@type":"WebSite","@id":"https:\/\/www.africa-press.net\/cameroun\/#website","url":"https:\/\/www.africa-press.net\/cameroun\/","name":"Cameroun","description":"Just another Africa News Agency Sites site","potentialAction":[{"@type":"SearchAction","target":{"@type":"EntryPoint","urlTemplate":"https:\/\/www.africa-press.net\/cameroun\/?s={search_term_string}"},"query-input":{"@type":"PropertyValueSpecification","valueRequired":true,"valueName":"search_term_string"}}],"inLanguage":"fr-FR"},{"@type":"Person","@id":"https:\/\/www.africa-press.net\/cameroun\/#\/schema\/person\/2b1cf3cd81a31e3cd26889ca66d677f1","name":"cfeditorfr"}]}},"_links":{"self":[{"href":"https:\/\/www.africa-press.net\/cameroun\/wp-json\/wp\/v2\/posts\/26964","targetHints":{"allow":["GET"]}}],"collection":[{"href":"https:\/\/www.africa-press.net\/cameroun\/wp-json\/wp\/v2\/posts"}],"about":[{"href":"https:\/\/www.africa-press.net\/cameroun\/wp-json\/wp\/v2\/types\/post"}],"author":[{"embeddable":true,"href":"https:\/\/www.africa-press.net\/cameroun\/wp-json\/wp\/v2\/users\/82"}],"replies":[{"embeddable":true,"href":"https:\/\/www.africa-press.net\/cameroun\/wp-json\/wp\/v2\/comments?post=26964"}],"version-history":[{"count":0,"href":"https:\/\/www.africa-press.net\/cameroun\/wp-json\/wp\/v2\/posts\/26964\/revisions"}],"wp:featuredmedia":[{"embeddable":true,"href":"https:\/\/www.africa-press.net\/cameroun\/wp-json\/wp\/v2\/media\/26963"}],"wp:attachment":[{"href":"https:\/\/www.africa-press.net\/cameroun\/wp-json\/wp\/v2\/media?parent=26964"}],"wp:term":[{"taxonomy":"category","embeddable":true,"href":"https:\/\/www.africa-press.net\/cameroun\/wp-json\/wp\/v2\/categories?post=26964"},{"taxonomy":"post_tag","embeddable":true,"href":"https:\/\/www.africa-press.net\/cameroun\/wp-json\/wp\/v2\/tags?post=26964"}],"curies":[{"name":"wp","href":"https:\/\/api.w.org\/{rel}","templated":true}]}}