{"id":2698,"date":"2021-04-28T18:19:32","date_gmt":"2021-04-28T18:19:32","guid":{"rendered":"https:\/\/www.africa-press.net\/cameroun\/politique\/cameroun-prison-centrale-de-kondengui-la-cellule-de-lex-directeur-general-de-la-crtv-amadou-vamouke-perquisitionnee-et-ses-telephones-saisis"},"modified":"2021-04-28T20:12:46","modified_gmt":"2021-04-28T20:12:46","slug":"cameroun-prison-centrale-de-kondengui-la-cellule-de-lex-directeur-general-de-la-crtv-amadou-vamouke-perquisitionnee-et-ses-telephones-saisis","status":"publish","type":"post","link":"https:\/\/www.africa-press.net\/cameroun\/politique\/cameroun-prison-centrale-de-kondengui-la-cellule-de-lex-directeur-general-de-la-crtv-amadou-vamouke-perquisitionnee-et-ses-telephones-saisis","title":{"rendered":"Cameroun &#8211; Prison centrale de Kondengui: La cellule de l\u2019ex-directeur g\u00e9n\u00e9ral de la CRTV, Amadou Vamouk\u00e9, perquisitionn\u00e9e et ses t\u00e9l\u00e9phones saisis"},"content":{"rendered":"<p><span style=\"color: #ff6600\"><strong><a href=\"https:\/\/www.africa-press.net\/\">Africa-Press<\/a> &#8211; <a href=\"https:\/\/www.africa-press.net\/cameroun\">Cameroun<\/a>. <\/strong><\/span>Dans sa parution de ce mercredi 28 avril 2021, le quotidien Le Jour r\u00e9v\u00e8le que l\u2019ancien directeur g\u00e9n\u00e9ral de la Cameroon Radio Television (CRTV), Amadou Vamoulke, a r\u00e9cemment re\u00e7u la visite des ge\u00f4liers dans la cellule 131 qu\u2019il occupe au sein de la prison centrale de Kondengui.<\/p>\n<p>A en croire un proche de Vamoulke qui s\u2019est confi\u00e9 au tablo\u00efd de Haman Mana, ses t\u00e9l\u00e9phones et des documents personnels ont \u00e9t\u00e9 emport\u00e9s au cours de cette perquisition, survenue au lendemain d\u2019une correspondance qu\u2019il avait envoy\u00e9e le 30 mars 2021 au ministre d\u2019Etat, ministre de la Justice Garde des Sceaux, Laurent Esso.<\/p>\n<p><b>\u00abAu lendemain de sa correspondance adress\u00e9e le 30 mars 2021 au ministre d\u2019Etat, ministre de la Justice, Garde des Sceaux, sa cellule a \u00e9t\u00e9 fouill\u00e9e par les gardiens de prison. Deux t\u00e9l\u00e9phones portables et les documents personnels comme les livres ont \u00e9t\u00e9 saisis. Cette situation est tr\u00e8s compliqu\u00e9e parce que ses t\u00e9l\u00e9phones portables lui permettaient aussi de communiquer avec les m\u00e9decins sur sa sant\u00e9 pr\u00e9caire\u00bb<\/b><\/p>\n<p>, a confi\u00e9 ce proche de l\u2019ex-DG \u00e0 Le Jour.<\/p>\n<p>Dans cette lettre au patron de la Justice, Amadou Vamoulke s\u2019indignait en effet de l\u2019attitude presqu\u2019indiff\u00e9rente du gouvernement dans la gestion de la pand\u00e9mie de Coronavirus dans ce milieu carc\u00e9ral, apr\u00e8s qu\u2019un de ses colocataires de cellule a \u00e9t\u00e9 test\u00e9 positif.<\/p>\n<p>Il avait \u00e9galement d\u00e9nonc\u00e9 \u00abl\u2019autoritarisme nuisible\u00bb d\u2019un homme sur la justice, sans pour autant indexer directement le ministre, d\u00e9plorant l\u2019impasse sur sa proc\u00e9dure judiciaire, d\u00e9j\u00e0 en proie \u00e0 65 renvois, alors qu\u2019il est toujours en d\u00e9tention pr\u00e9ventive depuis juillet 2016, accus\u00e9 de d\u00e9tournement de pr\u00e8s de 4 milliards de FCFA du temps de son magist\u00e8re \u00e0 la CRTV.<\/p>\n","protected":false},"excerpt":{"rendered":"<p>Africa-Press &#8211; Cameroun. Dans sa parution de ce mercredi 28 avril 2021, le quotidien Le Jour r\u00e9v\u00e8le que l\u2019ancien directeur g\u00e9n\u00e9ral de la Cameroon Radio Television (CRTV), Amadou Vamoulke, a r\u00e9cemment re\u00e7u la visite des ge\u00f4liers dans la cellule 131 qu\u2019il occupe au sein de la prison centrale de Kondengui. A en croire un proche [&hellip;]<\/p>\n","protected":false},"author":82,"featured_media":2697,"comment_status":"open","ping_status":"closed","sticky":false,"template":"","format":"standard","meta":{"footnotes":""},"categories":[11,2,10],"tags":[36,50,49],"class_list":["post-2698","post","type-post","status-publish","format-standard","has-post-thumbnail","hentry","category-homepage-french","category-politique","category-toutes-les-actualites","tag-africa-press","tag-africa-press-cameroun","tag-cameroun"],"yoast_head":"<!-- This site is optimized with the Yoast SEO Premium plugin v26.1 (Yoast SEO v27.0) - https:\/\/yoast.com\/product\/yoast-seo-premium-wordpress\/ -->\n<title>Cameroun - Prison centrale de Kondengui: La cellule de l\u2019ex-directeur g\u00e9n\u00e9ral de la CRTV, Amadou Vamouk\u00e9, perquisitionn\u00e9e et ses t\u00e9l\u00e9phones saisis - Cameroun<\/title>\n<meta name=\"description\" content=\"Dans sa parution de ce mercredi 28 avril 2021, le quotidien Le Jour r\u00e9v\u00e8le que l\u2019ancien directeur g\u00e9n\u00e9ral de la Cameroon ...\" \/>\n<meta name=\"robots\" content=\"index, follow, max-snippet:-1, max-image-preview:large, max-video-preview:-1\" \/>\n<link rel=\"canonical\" href=\"https:\/\/www.africa-press.net\/cameroun\/politique\/cameroun-prison-centrale-de-kondengui-la-cellule-de-lex-directeur-general-de-la-crtv-amadou-vamouke-perquisitionnee-et-ses-telephones-saisis\" \/>\n<meta property=\"og:locale\" content=\"fr_FR\" \/>\n<meta property=\"og:type\" content=\"article\" \/>\n<meta property=\"og:title\" content=\"Cameroun - Prison centrale de Kondengui: La cellule de l\u2019ex-directeur g\u00e9n\u00e9ral de la CRTV, Amadou Vamouk\u00e9, perquisitionn\u00e9e et ses t\u00e9l\u00e9phones saisis\" \/>\n<meta property=\"og:description\" content=\"Dans sa parution de ce mercredi 28 avril 2021, le quotidien Le Jour r\u00e9v\u00e8le que l\u2019ancien directeur g\u00e9n\u00e9ral de la Cameroon ...\" \/>\n<meta property=\"og:url\" content=\"https:\/\/www.africa-press.net\/cameroun\/politique\/cameroun-prison-centrale-de-kondengui-la-cellule-de-lex-directeur-general-de-la-crtv-amadou-vamouke-perquisitionnee-et-ses-telephones-saisis\" \/>\n<meta property=\"og:site_name\" content=\"Cameroun\" \/>\n<meta property=\"article:published_time\" content=\"2021-04-28T18:19:32+00:00\" \/>\n<meta property=\"article:modified_time\" content=\"2021-04-28T20:12:46+00:00\" \/>\n<meta property=\"og:image\" content=\"https:\/\/static.africa-press.net\/cameroun\/sites\/57\/2021\/04\/img-6089c1930fd91.jpg\" \/>\n\t<meta property=\"og:image:width\" content=\"800\" \/>\n\t<meta property=\"og:image:height\" content=\"321\" \/>\n\t<meta property=\"og:image:type\" content=\"image\/jpeg\" \/>\n<meta name=\"author\" content=\"cfeditorfr\" \/>\n<meta name=\"twitter:card\" content=\"summary_large_image\" \/>\n<meta name=\"twitter:label1\" content=\"\u00c9crit par\" \/>\n\t<meta name=\"twitter:data1\" content=\"cfeditorfr\" \/>\n\t<meta name=\"twitter:label2\" content=\"Dur\u00e9e de lecture estim\u00e9e\" \/>\n\t<meta name=\"twitter:data2\" content=\"2 minutes\" \/>\n<script type=\"application\/ld+json\" class=\"yoast-schema-graph\">{\"@context\":\"https:\/\/schema.org\",\"@graph\":[{\"@type\":\"Article\",\"@id\":\"https:\/\/www.africa-press.net\/cameroun\/politique\/cameroun-prison-centrale-de-kondengui-la-cellule-de-lex-directeur-general-de-la-crtv-amadou-vamouke-perquisitionnee-et-ses-telephones-saisis#article\",\"isPartOf\":{\"@id\":\"https:\/\/www.africa-press.net\/cameroun\/politique\/cameroun-prison-centrale-de-kondengui-la-cellule-de-lex-directeur-general-de-la-crtv-amadou-vamouke-perquisitionnee-et-ses-telephones-saisis\"},\"author\":{\"name\":\"cfeditorfr\",\"@id\":\"https:\/\/www.africa-press.net\/cameroun\/#\/schema\/person\/2b1cf3cd81a31e3cd26889ca66d677f1\"},\"headline\":\"Cameroun &#8211; Prison centrale de Kondengui: La cellule de l\u2019ex-directeur g\u00e9n\u00e9ral de la CRTV, Amadou Vamouk\u00e9, perquisitionn\u00e9e et ses t\u00e9l\u00e9phones saisis\",\"datePublished\":\"2021-04-28T18:19:32+00:00\",\"dateModified\":\"2021-04-28T20:12:46+00:00\",\"mainEntityOfPage\":{\"@id\":\"https:\/\/www.africa-press.net\/cameroun\/politique\/cameroun-prison-centrale-de-kondengui-la-cellule-de-lex-directeur-general-de-la-crtv-amadou-vamouke-perquisitionnee-et-ses-telephones-saisis\"},\"wordCount\":341,\"commentCount\":0,\"image\":{\"@id\":\"https:\/\/www.africa-press.net\/cameroun\/politique\/cameroun-prison-centrale-de-kondengui-la-cellule-de-lex-directeur-general-de-la-crtv-amadou-vamouke-perquisitionnee-et-ses-telephones-saisis#primaryimage\"},\"thumbnailUrl\":\"https:\/\/static.africa-press.net\/cameroun\/sites\/57\/2021\/04\/img-6089c1930fd91.jpg\",\"keywords\":[\"Africa Press\",\"Africa Press-Cameroun\",\"Cameroun\"],\"articleSection\":[\"homepage-french\",\"Politique\",\"Toutes les actualit\u00e9s\"],\"inLanguage\":\"fr-FR\",\"potentialAction\":[{\"@type\":\"CommentAction\",\"name\":\"Comment\",\"target\":[\"https:\/\/www.africa-press.net\/cameroun\/politique\/cameroun-prison-centrale-de-kondengui-la-cellule-de-lex-directeur-general-de-la-crtv-amadou-vamouke-perquisitionnee-et-ses-telephones-saisis#respond\"]}]},{\"@type\":\"WebPage\",\"@id\":\"https:\/\/www.africa-press.net\/cameroun\/politique\/cameroun-prison-centrale-de-kondengui-la-cellule-de-lex-directeur-general-de-la-crtv-amadou-vamouke-perquisitionnee-et-ses-telephones-saisis\",\"url\":\"https:\/\/www.africa-press.net\/cameroun\/politique\/cameroun-prison-centrale-de-kondengui-la-cellule-de-lex-directeur-general-de-la-crtv-amadou-vamouke-perquisitionnee-et-ses-telephones-saisis\",\"name\":\"Cameroun - Prison centrale de Kondengui: La cellule de l\u2019ex-directeur g\u00e9n\u00e9ral de la CRTV, Amadou Vamouk\u00e9, perquisitionn\u00e9e et ses t\u00e9l\u00e9phones saisis - Cameroun\",\"isPartOf\":{\"@id\":\"https:\/\/www.africa-press.net\/cameroun\/#website\"},\"primaryImageOfPage\":{\"@id\":\"https:\/\/www.africa-press.net\/cameroun\/politique\/cameroun-prison-centrale-de-kondengui-la-cellule-de-lex-directeur-general-de-la-crtv-amadou-vamouke-perquisitionnee-et-ses-telephones-saisis#primaryimage\"},\"image\":{\"@id\":\"https:\/\/www.africa-press.net\/cameroun\/politique\/cameroun-prison-centrale-de-kondengui-la-cellule-de-lex-directeur-general-de-la-crtv-amadou-vamouke-perquisitionnee-et-ses-telephones-saisis#primaryimage\"},\"thumbnailUrl\":\"https:\/\/static.africa-press.net\/cameroun\/sites\/57\/2021\/04\/img-6089c1930fd91.jpg\",\"datePublished\":\"2021-04-28T18:19:32+00:00\",\"dateModified\":\"2021-04-28T20:12:46+00:00\",\"author\":{\"@id\":\"https:\/\/www.africa-press.net\/cameroun\/#\/schema\/person\/2b1cf3cd81a31e3cd26889ca66d677f1\"},\"description\":\"Dans sa parution de ce mercredi 28 avril 2021, le quotidien Le Jour r\u00e9v\u00e8le que l\u2019ancien directeur g\u00e9n\u00e9ral de la Cameroon ...\",\"breadcrumb\":{\"@id\":\"https:\/\/www.africa-press.net\/cameroun\/politique\/cameroun-prison-centrale-de-kondengui-la-cellule-de-lex-directeur-general-de-la-crtv-amadou-vamouke-perquisitionnee-et-ses-telephones-saisis#breadcrumb\"},\"inLanguage\":\"fr-FR\",\"potentialAction\":[{\"@type\":\"ReadAction\",\"target\":[\"https:\/\/www.africa-press.net\/cameroun\/politique\/cameroun-prison-centrale-de-kondengui-la-cellule-de-lex-directeur-general-de-la-crtv-amadou-vamouke-perquisitionnee-et-ses-telephones-saisis\"]}]},{\"@type\":\"ImageObject\",\"inLanguage\":\"fr-FR\",\"@id\":\"https:\/\/www.africa-press.net\/cameroun\/politique\/cameroun-prison-centrale-de-kondengui-la-cellule-de-lex-directeur-general-de-la-crtv-amadou-vamouke-perquisitionnee-et-ses-telephones-saisis#primaryimage\",\"url\":\"https:\/\/static.africa-press.net\/cameroun\/sites\/57\/2021\/04\/img-6089c1930fd91.jpg\",\"contentUrl\":\"https:\/\/static.africa-press.net\/cameroun\/sites\/57\/2021\/04\/img-6089c1930fd91.jpg\",\"width\":800,\"height\":321,\"caption\":\"Cameroun - Prison centrale de Kondengui: La cellule de l\u2019ex-directeur g\u00e9n\u00e9ral de la CRTV, Amadou Vamouk\u00e9, perquisitionn\u00e9e et ses t\u00e9l\u00e9phones saisis\"},{\"@type\":\"BreadcrumbList\",\"@id\":\"https:\/\/www.africa-press.net\/cameroun\/politique\/cameroun-prison-centrale-de-kondengui-la-cellule-de-lex-directeur-general-de-la-crtv-amadou-vamouke-perquisitionnee-et-ses-telephones-saisis#breadcrumb\",\"itemListElement\":[{\"@type\":\"ListItem\",\"position\":1,\"name\":\"Accueil\",\"item\":\"https:\/\/www.africa-press.net\/cameroun\/\"},{\"@type\":\"ListItem\",\"position\":2,\"name\":\"Cameroun &#8211; Prison centrale de Kondengui: La cellule de l\u2019ex-directeur g\u00e9n\u00e9ral de la CRTV, Amadou Vamouk\u00e9, perquisitionn\u00e9e et ses t\u00e9l\u00e9phones saisis\"}]},{\"@type\":\"WebSite\",\"@id\":\"https:\/\/www.africa-press.net\/cameroun\/#website\",\"url\":\"https:\/\/www.africa-press.net\/cameroun\/\",\"name\":\"Cameroun\",\"description\":\"Just another Africa News Agency Sites site\",\"potentialAction\":[{\"@type\":\"SearchAction\",\"target\":{\"@type\":\"EntryPoint\",\"urlTemplate\":\"https:\/\/www.africa-press.net\/cameroun\/?s={search_term_string}\"},\"query-input\":{\"@type\":\"PropertyValueSpecification\",\"valueRequired\":true,\"valueName\":\"search_term_string\"}}],\"inLanguage\":\"fr-FR\"},{\"@type\":\"Person\",\"@id\":\"https:\/\/www.africa-press.net\/cameroun\/#\/schema\/person\/2b1cf3cd81a31e3cd26889ca66d677f1\",\"name\":\"cfeditorfr\"}]}<\/script>\n<!-- \/ Yoast SEO Premium plugin. -->","yoast_head_json":{"title":"Cameroun - Prison centrale de Kondengui: La cellule de l\u2019ex-directeur g\u00e9n\u00e9ral de la CRTV, Amadou Vamouk\u00e9, perquisitionn\u00e9e et ses t\u00e9l\u00e9phones saisis - Cameroun","description":"Dans sa parution de ce mercredi 28 avril 2021, le quotidien Le Jour r\u00e9v\u00e8le que l\u2019ancien directeur g\u00e9n\u00e9ral de la Cameroon ...","robots":{"index":"index","follow":"follow","max-snippet":"max-snippet:-1","max-image-preview":"max-image-preview:large","max-video-preview":"max-video-preview:-1"},"canonical":"https:\/\/www.africa-press.net\/cameroun\/politique\/cameroun-prison-centrale-de-kondengui-la-cellule-de-lex-directeur-general-de-la-crtv-amadou-vamouke-perquisitionnee-et-ses-telephones-saisis","og_locale":"fr_FR","og_type":"article","og_title":"Cameroun - Prison centrale de Kondengui: La cellule de l\u2019ex-directeur g\u00e9n\u00e9ral de la CRTV, Amadou Vamouk\u00e9, perquisitionn\u00e9e et ses t\u00e9l\u00e9phones saisis","og_description":"Dans sa parution de ce mercredi 28 avril 2021, le quotidien Le Jour r\u00e9v\u00e8le que l\u2019ancien directeur g\u00e9n\u00e9ral de la Cameroon ...","og_url":"https:\/\/www.africa-press.net\/cameroun\/politique\/cameroun-prison-centrale-de-kondengui-la-cellule-de-lex-directeur-general-de-la-crtv-amadou-vamouke-perquisitionnee-et-ses-telephones-saisis","og_site_name":"Cameroun","article_published_time":"2021-04-28T18:19:32+00:00","article_modified_time":"2021-04-28T20:12:46+00:00","og_image":[{"width":800,"height":321,"url":"https:\/\/static.africa-press.net\/cameroun\/sites\/57\/2021\/04\/img-6089c1930fd91.jpg","type":"image\/jpeg"}],"author":"cfeditorfr","twitter_card":"summary_large_image","twitter_misc":{"\u00c9crit par":"cfeditorfr","Dur\u00e9e de lecture estim\u00e9e":"2 minutes"},"schema":{"@context":"https:\/\/schema.org","@graph":[{"@type":"Article","@id":"https:\/\/www.africa-press.net\/cameroun\/politique\/cameroun-prison-centrale-de-kondengui-la-cellule-de-lex-directeur-general-de-la-crtv-amadou-vamouke-perquisitionnee-et-ses-telephones-saisis#article","isPartOf":{"@id":"https:\/\/www.africa-press.net\/cameroun\/politique\/cameroun-prison-centrale-de-kondengui-la-cellule-de-lex-directeur-general-de-la-crtv-amadou-vamouke-perquisitionnee-et-ses-telephones-saisis"},"author":{"name":"cfeditorfr","@id":"https:\/\/www.africa-press.net\/cameroun\/#\/schema\/person\/2b1cf3cd81a31e3cd26889ca66d677f1"},"headline":"Cameroun &#8211; Prison centrale de Kondengui: La cellule de l\u2019ex-directeur g\u00e9n\u00e9ral de la CRTV, Amadou Vamouk\u00e9, perquisitionn\u00e9e et ses t\u00e9l\u00e9phones saisis","datePublished":"2021-04-28T18:19:32+00:00","dateModified":"2021-04-28T20:12:46+00:00","mainEntityOfPage":{"@id":"https:\/\/www.africa-press.net\/cameroun\/politique\/cameroun-prison-centrale-de-kondengui-la-cellule-de-lex-directeur-general-de-la-crtv-amadou-vamouke-perquisitionnee-et-ses-telephones-saisis"},"wordCount":341,"commentCount":0,"image":{"@id":"https:\/\/www.africa-press.net\/cameroun\/politique\/cameroun-prison-centrale-de-kondengui-la-cellule-de-lex-directeur-general-de-la-crtv-amadou-vamouke-perquisitionnee-et-ses-telephones-saisis#primaryimage"},"thumbnailUrl":"https:\/\/static.africa-press.net\/cameroun\/sites\/57\/2021\/04\/img-6089c1930fd91.jpg","keywords":["Africa Press","Africa Press-Cameroun","Cameroun"],"articleSection":["homepage-french","Politique","Toutes les actualit\u00e9s"],"inLanguage":"fr-FR","potentialAction":[{"@type":"CommentAction","name":"Comment","target":["https:\/\/www.africa-press.net\/cameroun\/politique\/cameroun-prison-centrale-de-kondengui-la-cellule-de-lex-directeur-general-de-la-crtv-amadou-vamouke-perquisitionnee-et-ses-telephones-saisis#respond"]}]},{"@type":"WebPage","@id":"https:\/\/www.africa-press.net\/cameroun\/politique\/cameroun-prison-centrale-de-kondengui-la-cellule-de-lex-directeur-general-de-la-crtv-amadou-vamouke-perquisitionnee-et-ses-telephones-saisis","url":"https:\/\/www.africa-press.net\/cameroun\/politique\/cameroun-prison-centrale-de-kondengui-la-cellule-de-lex-directeur-general-de-la-crtv-amadou-vamouke-perquisitionnee-et-ses-telephones-saisis","name":"Cameroun - Prison centrale de Kondengui: La cellule de l\u2019ex-directeur g\u00e9n\u00e9ral de la CRTV, Amadou Vamouk\u00e9, perquisitionn\u00e9e et ses t\u00e9l\u00e9phones saisis - Cameroun","isPartOf":{"@id":"https:\/\/www.africa-press.net\/cameroun\/#website"},"primaryImageOfPage":{"@id":"https:\/\/www.africa-press.net\/cameroun\/politique\/cameroun-prison-centrale-de-kondengui-la-cellule-de-lex-directeur-general-de-la-crtv-amadou-vamouke-perquisitionnee-et-ses-telephones-saisis#primaryimage"},"image":{"@id":"https:\/\/www.africa-press.net\/cameroun\/politique\/cameroun-prison-centrale-de-kondengui-la-cellule-de-lex-directeur-general-de-la-crtv-amadou-vamouke-perquisitionnee-et-ses-telephones-saisis#primaryimage"},"thumbnailUrl":"https:\/\/static.africa-press.net\/cameroun\/sites\/57\/2021\/04\/img-6089c1930fd91.jpg","datePublished":"2021-04-28T18:19:32+00:00","dateModified":"2021-04-28T20:12:46+00:00","author":{"@id":"https:\/\/www.africa-press.net\/cameroun\/#\/schema\/person\/2b1cf3cd81a31e3cd26889ca66d677f1"},"description":"Dans sa parution de ce mercredi 28 avril 2021, le quotidien Le Jour r\u00e9v\u00e8le que l\u2019ancien directeur g\u00e9n\u00e9ral de la Cameroon ...","breadcrumb":{"@id":"https:\/\/www.africa-press.net\/cameroun\/politique\/cameroun-prison-centrale-de-kondengui-la-cellule-de-lex-directeur-general-de-la-crtv-amadou-vamouke-perquisitionnee-et-ses-telephones-saisis#breadcrumb"},"inLanguage":"fr-FR","potentialAction":[{"@type":"ReadAction","target":["https:\/\/www.africa-press.net\/cameroun\/politique\/cameroun-prison-centrale-de-kondengui-la-cellule-de-lex-directeur-general-de-la-crtv-amadou-vamouke-perquisitionnee-et-ses-telephones-saisis"]}]},{"@type":"ImageObject","inLanguage":"fr-FR","@id":"https:\/\/www.africa-press.net\/cameroun\/politique\/cameroun-prison-centrale-de-kondengui-la-cellule-de-lex-directeur-general-de-la-crtv-amadou-vamouke-perquisitionnee-et-ses-telephones-saisis#primaryimage","url":"https:\/\/static.africa-press.net\/cameroun\/sites\/57\/2021\/04\/img-6089c1930fd91.jpg","contentUrl":"https:\/\/static.africa-press.net\/cameroun\/sites\/57\/2021\/04\/img-6089c1930fd91.jpg","width":800,"height":321,"caption":"Cameroun - Prison centrale de Kondengui: La cellule de l\u2019ex-directeur g\u00e9n\u00e9ral de la CRTV, Amadou Vamouk\u00e9, perquisitionn\u00e9e et ses t\u00e9l\u00e9phones saisis"},{"@type":"BreadcrumbList","@id":"https:\/\/www.africa-press.net\/cameroun\/politique\/cameroun-prison-centrale-de-kondengui-la-cellule-de-lex-directeur-general-de-la-crtv-amadou-vamouke-perquisitionnee-et-ses-telephones-saisis#breadcrumb","itemListElement":[{"@type":"ListItem","position":1,"name":"Accueil","item":"https:\/\/www.africa-press.net\/cameroun\/"},{"@type":"ListItem","position":2,"name":"Cameroun &#8211; Prison centrale de Kondengui: La cellule de l\u2019ex-directeur g\u00e9n\u00e9ral de la CRTV, Amadou Vamouk\u00e9, perquisitionn\u00e9e et ses t\u00e9l\u00e9phones saisis"}]},{"@type":"WebSite","@id":"https:\/\/www.africa-press.net\/cameroun\/#website","url":"https:\/\/www.africa-press.net\/cameroun\/","name":"Cameroun","description":"Just another Africa News Agency Sites site","potentialAction":[{"@type":"SearchAction","target":{"@type":"EntryPoint","urlTemplate":"https:\/\/www.africa-press.net\/cameroun\/?s={search_term_string}"},"query-input":{"@type":"PropertyValueSpecification","valueRequired":true,"valueName":"search_term_string"}}],"inLanguage":"fr-FR"},{"@type":"Person","@id":"https:\/\/www.africa-press.net\/cameroun\/#\/schema\/person\/2b1cf3cd81a31e3cd26889ca66d677f1","name":"cfeditorfr"}]}},"_links":{"self":[{"href":"https:\/\/www.africa-press.net\/cameroun\/wp-json\/wp\/v2\/posts\/2698","targetHints":{"allow":["GET"]}}],"collection":[{"href":"https:\/\/www.africa-press.net\/cameroun\/wp-json\/wp\/v2\/posts"}],"about":[{"href":"https:\/\/www.africa-press.net\/cameroun\/wp-json\/wp\/v2\/types\/post"}],"author":[{"embeddable":true,"href":"https:\/\/www.africa-press.net\/cameroun\/wp-json\/wp\/v2\/users\/82"}],"replies":[{"embeddable":true,"href":"https:\/\/www.africa-press.net\/cameroun\/wp-json\/wp\/v2\/comments?post=2698"}],"version-history":[{"count":0,"href":"https:\/\/www.africa-press.net\/cameroun\/wp-json\/wp\/v2\/posts\/2698\/revisions"}],"wp:featuredmedia":[{"embeddable":true,"href":"https:\/\/www.africa-press.net\/cameroun\/wp-json\/wp\/v2\/media\/2697"}],"wp:attachment":[{"href":"https:\/\/www.africa-press.net\/cameroun\/wp-json\/wp\/v2\/media?parent=2698"}],"wp:term":[{"taxonomy":"category","embeddable":true,"href":"https:\/\/www.africa-press.net\/cameroun\/wp-json\/wp\/v2\/categories?post=2698"},{"taxonomy":"post_tag","embeddable":true,"href":"https:\/\/www.africa-press.net\/cameroun\/wp-json\/wp\/v2\/tags?post=2698"}],"curies":[{"name":"wp","href":"https:\/\/api.w.org\/{rel}","templated":true}]}}