{"id":26982,"date":"2022-09-08T15:51:41","date_gmt":"2022-09-08T15:51:41","guid":{"rendered":"https:\/\/www.africa-press.net\/cameroun\/politique\/cameroun-le-gouvernement-condamne-la-tuerie-de-six-civils-a-muyuka"},"modified":"2022-09-08T16:37:59","modified_gmt":"2022-09-08T16:37:59","slug":"cameroun-le-gouvernement-condamne-la-tuerie-de-six-civils-a-muyuka","status":"publish","type":"post","link":"https:\/\/www.africa-press.net\/cameroun\/politique\/cameroun-le-gouvernement-condamne-la-tuerie-de-six-civils-a-muyuka","title":{"rendered":"Cameroun : le gouvernement condamne la tuerie de six civils \u00e0 Muyuka"},"content":{"rendered":"<p><span style=\"color: #ff6600\"><strong>Africa-Press &#8211; Cameroun. <\/strong><\/span><b>Dans un communiqu\u00e9, le ministre de la Communication Ren\u00e9 Emmanuel Sadi revient sur les circonstances de l\u2019attaque et l\u2019indignation du gouvernement.<\/b><\/p>\n<p>L\u2019on en sait un peu plus sur l\u2019attaque d\u2019un bus transportant les civils dans la r\u00e9gion du Sud-Ouest le 6 septembre 2022. La communication du gouvernement d\u00e9livr\u00e9e le 7 septembre en donnent les d\u00e9tails et les chiffres.<\/p>\n<p>\u00ab <b>Le 6 septembre 2022 aux environs de 14 heures sur l\u2019axe Buea-Kumba, au lieu-dit Mile 30, dans l\u2019arrondissement de Muyuka, d\u00e9partement du Fako, une bande de terroristes lourdement arm\u00e9 a ouvert le feu sur un car de transport de la compagnie Golden Express, en provenance de Douala et ayant \u00e0 son bord 14 passagers dont 07 femmes et 07 hommes.<\/b> \u00bb<\/p>\n<p>Le bilan de cette attaque selon le porte-parole du gouvernement est de six morts. \u00ab <b>Une femme, la nomm\u00e9e OBA DILONGA et cin hommes : TABI Enow, ACHIDI Abel, YANCHO Francis Neba, le chauffeur, KENNETH et une victime non identifi\u00e9e <\/b>\u00bb ; en dehors de ces personnes d\u00e9c\u00e9d\u00e9es, huit autres ont \u00e9t\u00e9 bless\u00e9es, dont six femmes. Il s\u2019agit de \u00ab <b>Mongo Moungoage ; NGOYANA Bridget ; Stella TANGIN ; FONBA Sharon ; AYAKE Menye ; TANTYI Tracy<\/b>\u201d. Les deux hommes blesses sont <b>\u00ab Randy ESSOH et Michael CHI \u00bb. <\/b><\/p>\n<p>Selon le gouvernement, \u00ab<b> tous les morts ainsi que les bless\u00e9s ont \u00e9t\u00e9 transport\u00e9s \u00e0 la morgue de l\u2019h\u00f4pital r\u00e9gional de Buea o\u00f9 ils sont actuellement pris en charge <\/b>\u00bb, rel\u00e8ve le communiqu\u00e9.<\/p>\n<p>Dans ce document, \u00ab <b>le gouvernement de la R\u00e9publique condamne avec la plus grande fermet\u00e9 cette attaque l\u00e2che et ignoble perp\u00e9tr\u00e9e contre des civils innocents par des terroristes qui ont perdu toute humanit\u00e9, dans le but de semer la terreur au sein des populations et de compromettre ainsi une rentr\u00e9e scolaire porteuse d\u2019espoir dans la r\u00e9gion du Sud-Ouest<\/b> \u00bb. Ainsi s\u2019indigne le gouvernement par le biais de Ren\u00e9 Emmanuel Sadi qui adresse les condol\u00e9ances du chef de l\u2019Etat aux familles des victimes et ses souhaits de prompt r\u00e9tablissement aux bless\u00e9s.<\/p>\n<p><strong>Pour plus d&rsquo;informations et d&rsquo;analyses sur la <a href=\"https:\/\/www.africa-press.net\/cameroun\">Cameroun<\/a>, suivez <a href=\"https:\/\/www.africa-press.net\/\">Africa-Press<\/a><\/strong><\/p>\n","protected":false},"excerpt":{"rendered":"<p>Africa-Press &#8211; Cameroun. Dans un communiqu\u00e9, le ministre de la Communication Ren\u00e9 Emmanuel Sadi revient sur les circonstances de l\u2019attaque et l\u2019indignation du gouvernement. L\u2019on en sait un peu plus sur l\u2019attaque d\u2019un bus transportant les civils dans la r\u00e9gion du Sud-Ouest le 6 septembre 2022. La communication du gouvernement d\u00e9livr\u00e9e le 7 septembre en [&hellip;]<\/p>\n","protected":false},"author":82,"featured_media":26981,"comment_status":"open","ping_status":"closed","sticky":false,"template":"","format":"standard","meta":{"footnotes":""},"categories":[11,2,10],"tags":[36,50,49],"class_list":["post-26982","post","type-post","status-publish","format-standard","has-post-thumbnail","hentry","category-homepage-french","category-politique","category-toutes-les-actualites","tag-africa-press","tag-africa-press-cameroun","tag-cameroun"],"yoast_head":"<!-- This site is optimized with the Yoast SEO Premium plugin v26.1 (Yoast SEO v27.0) - https:\/\/yoast.com\/product\/yoast-seo-premium-wordpress\/ -->\n<title>Cameroun : le gouvernement condamne la tuerie de six civils \u00e0 Muyuka - Cameroun<\/title>\n<meta name=\"description\" content=\"Dans un communiqu\u00e9, le ministre de la Communication Ren\u00e9 Emmanuel Sadi revient sur les circonstances de l\u2019attaque et ...\" \/>\n<meta name=\"robots\" content=\"index, follow, max-snippet:-1, max-image-preview:large, max-video-preview:-1\" \/>\n<link rel=\"canonical\" href=\"https:\/\/www.africa-press.net\/cameroun\/politique\/cameroun-le-gouvernement-condamne-la-tuerie-de-six-civils-a-muyuka\" \/>\n<meta property=\"og:locale\" content=\"fr_FR\" \/>\n<meta property=\"og:type\" content=\"article\" \/>\n<meta property=\"og:title\" content=\"Cameroun : le gouvernement condamne la tuerie de six civils \u00e0 Muyuka\" \/>\n<meta property=\"og:description\" content=\"Dans un communiqu\u00e9, le ministre de la Communication Ren\u00e9 Emmanuel Sadi revient sur les circonstances de l\u2019attaque et ...\" \/>\n<meta property=\"og:url\" content=\"https:\/\/www.africa-press.net\/cameroun\/politique\/cameroun-le-gouvernement-condamne-la-tuerie-de-six-civils-a-muyuka\" \/>\n<meta property=\"og:site_name\" content=\"Cameroun\" \/>\n<meta property=\"article:published_time\" content=\"2022-09-08T15:51:41+00:00\" \/>\n<meta property=\"article:modified_time\" content=\"2022-09-08T16:37:59+00:00\" \/>\n<meta property=\"og:image\" content=\"https:\/\/static.africa-press.net\/cameroun\/sites\/57\/2022\/09\/img-631a1a4bc753d.jpg\" \/>\n\t<meta property=\"og:image:width\" content=\"743\" \/>\n\t<meta property=\"og:image:height\" content=\"405\" \/>\n\t<meta property=\"og:image:type\" content=\"image\/jpeg\" \/>\n<meta name=\"author\" content=\"cfeditorfr\" \/>\n<meta name=\"twitter:card\" content=\"summary_large_image\" \/>\n<meta name=\"twitter:label1\" content=\"\u00c9crit par\" \/>\n\t<meta name=\"twitter:data1\" content=\"cfeditorfr\" \/>\n\t<meta name=\"twitter:label2\" content=\"Dur\u00e9e de lecture estim\u00e9e\" \/>\n\t<meta name=\"twitter:data2\" content=\"2 minutes\" \/>\n<script type=\"application\/ld+json\" class=\"yoast-schema-graph\">{\"@context\":\"https:\/\/schema.org\",\"@graph\":[{\"@type\":\"Article\",\"@id\":\"https:\/\/www.africa-press.net\/cameroun\/politique\/cameroun-le-gouvernement-condamne-la-tuerie-de-six-civils-a-muyuka#article\",\"isPartOf\":{\"@id\":\"https:\/\/www.africa-press.net\/cameroun\/politique\/cameroun-le-gouvernement-condamne-la-tuerie-de-six-civils-a-muyuka\"},\"author\":{\"name\":\"cfeditorfr\",\"@id\":\"https:\/\/www.africa-press.net\/cameroun\/#\/schema\/person\/2b1cf3cd81a31e3cd26889ca66d677f1\"},\"headline\":\"Cameroun : le gouvernement condamne la tuerie de six civils \u00e0 Muyuka\",\"datePublished\":\"2022-09-08T15:51:41+00:00\",\"dateModified\":\"2022-09-08T16:37:59+00:00\",\"mainEntityOfPage\":{\"@id\":\"https:\/\/www.africa-press.net\/cameroun\/politique\/cameroun-le-gouvernement-condamne-la-tuerie-de-six-civils-a-muyuka\"},\"wordCount\":364,\"commentCount\":0,\"image\":{\"@id\":\"https:\/\/www.africa-press.net\/cameroun\/politique\/cameroun-le-gouvernement-condamne-la-tuerie-de-six-civils-a-muyuka#primaryimage\"},\"thumbnailUrl\":\"https:\/\/static.africa-press.net\/cameroun\/sites\/57\/2022\/09\/img-631a1a4bc753d.jpg\",\"keywords\":[\"Africa Press\",\"Africa Press-Cameroun\",\"Cameroun\"],\"articleSection\":[\"homepage-french\",\"Politique\",\"Toutes les actualit\u00e9s\"],\"inLanguage\":\"fr-FR\",\"potentialAction\":[{\"@type\":\"CommentAction\",\"name\":\"Comment\",\"target\":[\"https:\/\/www.africa-press.net\/cameroun\/politique\/cameroun-le-gouvernement-condamne-la-tuerie-de-six-civils-a-muyuka#respond\"]}]},{\"@type\":\"WebPage\",\"@id\":\"https:\/\/www.africa-press.net\/cameroun\/politique\/cameroun-le-gouvernement-condamne-la-tuerie-de-six-civils-a-muyuka\",\"url\":\"https:\/\/www.africa-press.net\/cameroun\/politique\/cameroun-le-gouvernement-condamne-la-tuerie-de-six-civils-a-muyuka\",\"name\":\"Cameroun : le gouvernement condamne la tuerie de six civils \u00e0 Muyuka - Cameroun\",\"isPartOf\":{\"@id\":\"https:\/\/www.africa-press.net\/cameroun\/#website\"},\"primaryImageOfPage\":{\"@id\":\"https:\/\/www.africa-press.net\/cameroun\/politique\/cameroun-le-gouvernement-condamne-la-tuerie-de-six-civils-a-muyuka#primaryimage\"},\"image\":{\"@id\":\"https:\/\/www.africa-press.net\/cameroun\/politique\/cameroun-le-gouvernement-condamne-la-tuerie-de-six-civils-a-muyuka#primaryimage\"},\"thumbnailUrl\":\"https:\/\/static.africa-press.net\/cameroun\/sites\/57\/2022\/09\/img-631a1a4bc753d.jpg\",\"datePublished\":\"2022-09-08T15:51:41+00:00\",\"dateModified\":\"2022-09-08T16:37:59+00:00\",\"author\":{\"@id\":\"https:\/\/www.africa-press.net\/cameroun\/#\/schema\/person\/2b1cf3cd81a31e3cd26889ca66d677f1\"},\"description\":\"Dans un communiqu\u00e9, le ministre de la Communication Ren\u00e9 Emmanuel Sadi revient sur les circonstances de l\u2019attaque et ...\",\"breadcrumb\":{\"@id\":\"https:\/\/www.africa-press.net\/cameroun\/politique\/cameroun-le-gouvernement-condamne-la-tuerie-de-six-civils-a-muyuka#breadcrumb\"},\"inLanguage\":\"fr-FR\",\"potentialAction\":[{\"@type\":\"ReadAction\",\"target\":[\"https:\/\/www.africa-press.net\/cameroun\/politique\/cameroun-le-gouvernement-condamne-la-tuerie-de-six-civils-a-muyuka\"]}]},{\"@type\":\"ImageObject\",\"inLanguage\":\"fr-FR\",\"@id\":\"https:\/\/www.africa-press.net\/cameroun\/politique\/cameroun-le-gouvernement-condamne-la-tuerie-de-six-civils-a-muyuka#primaryimage\",\"url\":\"https:\/\/static.africa-press.net\/cameroun\/sites\/57\/2022\/09\/img-631a1a4bc753d.jpg\",\"contentUrl\":\"https:\/\/static.africa-press.net\/cameroun\/sites\/57\/2022\/09\/img-631a1a4bc753d.jpg\",\"width\":743,\"height\":405,\"caption\":\"Cameroun : le gouvernement condamne la tuerie de six civils \u00e0 Muyuka\"},{\"@type\":\"BreadcrumbList\",\"@id\":\"https:\/\/www.africa-press.net\/cameroun\/politique\/cameroun-le-gouvernement-condamne-la-tuerie-de-six-civils-a-muyuka#breadcrumb\",\"itemListElement\":[{\"@type\":\"ListItem\",\"position\":1,\"name\":\"Accueil\",\"item\":\"https:\/\/www.africa-press.net\/cameroun\/\"},{\"@type\":\"ListItem\",\"position\":2,\"name\":\"Cameroun : le gouvernement condamne la tuerie de six civils \u00e0 Muyuka\"}]},{\"@type\":\"WebSite\",\"@id\":\"https:\/\/www.africa-press.net\/cameroun\/#website\",\"url\":\"https:\/\/www.africa-press.net\/cameroun\/\",\"name\":\"Cameroun\",\"description\":\"Just another Africa News Agency Sites site\",\"potentialAction\":[{\"@type\":\"SearchAction\",\"target\":{\"@type\":\"EntryPoint\",\"urlTemplate\":\"https:\/\/www.africa-press.net\/cameroun\/?s={search_term_string}\"},\"query-input\":{\"@type\":\"PropertyValueSpecification\",\"valueRequired\":true,\"valueName\":\"search_term_string\"}}],\"inLanguage\":\"fr-FR\"},{\"@type\":\"Person\",\"@id\":\"https:\/\/www.africa-press.net\/cameroun\/#\/schema\/person\/2b1cf3cd81a31e3cd26889ca66d677f1\",\"name\":\"cfeditorfr\"}]}<\/script>\n<!-- \/ Yoast SEO Premium plugin. -->","yoast_head_json":{"title":"Cameroun : le gouvernement condamne la tuerie de six civils \u00e0 Muyuka - Cameroun","description":"Dans un communiqu\u00e9, le ministre de la Communication Ren\u00e9 Emmanuel Sadi revient sur les circonstances de l\u2019attaque et ...","robots":{"index":"index","follow":"follow","max-snippet":"max-snippet:-1","max-image-preview":"max-image-preview:large","max-video-preview":"max-video-preview:-1"},"canonical":"https:\/\/www.africa-press.net\/cameroun\/politique\/cameroun-le-gouvernement-condamne-la-tuerie-de-six-civils-a-muyuka","og_locale":"fr_FR","og_type":"article","og_title":"Cameroun : le gouvernement condamne la tuerie de six civils \u00e0 Muyuka","og_description":"Dans un communiqu\u00e9, le ministre de la Communication Ren\u00e9 Emmanuel Sadi revient sur les circonstances de l\u2019attaque et ...","og_url":"https:\/\/www.africa-press.net\/cameroun\/politique\/cameroun-le-gouvernement-condamne-la-tuerie-de-six-civils-a-muyuka","og_site_name":"Cameroun","article_published_time":"2022-09-08T15:51:41+00:00","article_modified_time":"2022-09-08T16:37:59+00:00","og_image":[{"width":743,"height":405,"url":"https:\/\/static.africa-press.net\/cameroun\/sites\/57\/2022\/09\/img-631a1a4bc753d.jpg","type":"image\/jpeg"}],"author":"cfeditorfr","twitter_card":"summary_large_image","twitter_misc":{"\u00c9crit par":"cfeditorfr","Dur\u00e9e de lecture estim\u00e9e":"2 minutes"},"schema":{"@context":"https:\/\/schema.org","@graph":[{"@type":"Article","@id":"https:\/\/www.africa-press.net\/cameroun\/politique\/cameroun-le-gouvernement-condamne-la-tuerie-de-six-civils-a-muyuka#article","isPartOf":{"@id":"https:\/\/www.africa-press.net\/cameroun\/politique\/cameroun-le-gouvernement-condamne-la-tuerie-de-six-civils-a-muyuka"},"author":{"name":"cfeditorfr","@id":"https:\/\/www.africa-press.net\/cameroun\/#\/schema\/person\/2b1cf3cd81a31e3cd26889ca66d677f1"},"headline":"Cameroun : le gouvernement condamne la tuerie de six civils \u00e0 Muyuka","datePublished":"2022-09-08T15:51:41+00:00","dateModified":"2022-09-08T16:37:59+00:00","mainEntityOfPage":{"@id":"https:\/\/www.africa-press.net\/cameroun\/politique\/cameroun-le-gouvernement-condamne-la-tuerie-de-six-civils-a-muyuka"},"wordCount":364,"commentCount":0,"image":{"@id":"https:\/\/www.africa-press.net\/cameroun\/politique\/cameroun-le-gouvernement-condamne-la-tuerie-de-six-civils-a-muyuka#primaryimage"},"thumbnailUrl":"https:\/\/static.africa-press.net\/cameroun\/sites\/57\/2022\/09\/img-631a1a4bc753d.jpg","keywords":["Africa Press","Africa Press-Cameroun","Cameroun"],"articleSection":["homepage-french","Politique","Toutes les actualit\u00e9s"],"inLanguage":"fr-FR","potentialAction":[{"@type":"CommentAction","name":"Comment","target":["https:\/\/www.africa-press.net\/cameroun\/politique\/cameroun-le-gouvernement-condamne-la-tuerie-de-six-civils-a-muyuka#respond"]}]},{"@type":"WebPage","@id":"https:\/\/www.africa-press.net\/cameroun\/politique\/cameroun-le-gouvernement-condamne-la-tuerie-de-six-civils-a-muyuka","url":"https:\/\/www.africa-press.net\/cameroun\/politique\/cameroun-le-gouvernement-condamne-la-tuerie-de-six-civils-a-muyuka","name":"Cameroun : le gouvernement condamne la tuerie de six civils \u00e0 Muyuka - Cameroun","isPartOf":{"@id":"https:\/\/www.africa-press.net\/cameroun\/#website"},"primaryImageOfPage":{"@id":"https:\/\/www.africa-press.net\/cameroun\/politique\/cameroun-le-gouvernement-condamne-la-tuerie-de-six-civils-a-muyuka#primaryimage"},"image":{"@id":"https:\/\/www.africa-press.net\/cameroun\/politique\/cameroun-le-gouvernement-condamne-la-tuerie-de-six-civils-a-muyuka#primaryimage"},"thumbnailUrl":"https:\/\/static.africa-press.net\/cameroun\/sites\/57\/2022\/09\/img-631a1a4bc753d.jpg","datePublished":"2022-09-08T15:51:41+00:00","dateModified":"2022-09-08T16:37:59+00:00","author":{"@id":"https:\/\/www.africa-press.net\/cameroun\/#\/schema\/person\/2b1cf3cd81a31e3cd26889ca66d677f1"},"description":"Dans un communiqu\u00e9, le ministre de la Communication Ren\u00e9 Emmanuel Sadi revient sur les circonstances de l\u2019attaque et ...","breadcrumb":{"@id":"https:\/\/www.africa-press.net\/cameroun\/politique\/cameroun-le-gouvernement-condamne-la-tuerie-de-six-civils-a-muyuka#breadcrumb"},"inLanguage":"fr-FR","potentialAction":[{"@type":"ReadAction","target":["https:\/\/www.africa-press.net\/cameroun\/politique\/cameroun-le-gouvernement-condamne-la-tuerie-de-six-civils-a-muyuka"]}]},{"@type":"ImageObject","inLanguage":"fr-FR","@id":"https:\/\/www.africa-press.net\/cameroun\/politique\/cameroun-le-gouvernement-condamne-la-tuerie-de-six-civils-a-muyuka#primaryimage","url":"https:\/\/static.africa-press.net\/cameroun\/sites\/57\/2022\/09\/img-631a1a4bc753d.jpg","contentUrl":"https:\/\/static.africa-press.net\/cameroun\/sites\/57\/2022\/09\/img-631a1a4bc753d.jpg","width":743,"height":405,"caption":"Cameroun : le gouvernement condamne la tuerie de six civils \u00e0 Muyuka"},{"@type":"BreadcrumbList","@id":"https:\/\/www.africa-press.net\/cameroun\/politique\/cameroun-le-gouvernement-condamne-la-tuerie-de-six-civils-a-muyuka#breadcrumb","itemListElement":[{"@type":"ListItem","position":1,"name":"Accueil","item":"https:\/\/www.africa-press.net\/cameroun\/"},{"@type":"ListItem","position":2,"name":"Cameroun : le gouvernement condamne la tuerie de six civils \u00e0 Muyuka"}]},{"@type":"WebSite","@id":"https:\/\/www.africa-press.net\/cameroun\/#website","url":"https:\/\/www.africa-press.net\/cameroun\/","name":"Cameroun","description":"Just another Africa News Agency Sites site","potentialAction":[{"@type":"SearchAction","target":{"@type":"EntryPoint","urlTemplate":"https:\/\/www.africa-press.net\/cameroun\/?s={search_term_string}"},"query-input":{"@type":"PropertyValueSpecification","valueRequired":true,"valueName":"search_term_string"}}],"inLanguage":"fr-FR"},{"@type":"Person","@id":"https:\/\/www.africa-press.net\/cameroun\/#\/schema\/person\/2b1cf3cd81a31e3cd26889ca66d677f1","name":"cfeditorfr"}]}},"_links":{"self":[{"href":"https:\/\/www.africa-press.net\/cameroun\/wp-json\/wp\/v2\/posts\/26982","targetHints":{"allow":["GET"]}}],"collection":[{"href":"https:\/\/www.africa-press.net\/cameroun\/wp-json\/wp\/v2\/posts"}],"about":[{"href":"https:\/\/www.africa-press.net\/cameroun\/wp-json\/wp\/v2\/types\/post"}],"author":[{"embeddable":true,"href":"https:\/\/www.africa-press.net\/cameroun\/wp-json\/wp\/v2\/users\/82"}],"replies":[{"embeddable":true,"href":"https:\/\/www.africa-press.net\/cameroun\/wp-json\/wp\/v2\/comments?post=26982"}],"version-history":[{"count":0,"href":"https:\/\/www.africa-press.net\/cameroun\/wp-json\/wp\/v2\/posts\/26982\/revisions"}],"wp:featuredmedia":[{"embeddable":true,"href":"https:\/\/www.africa-press.net\/cameroun\/wp-json\/wp\/v2\/media\/26981"}],"wp:attachment":[{"href":"https:\/\/www.africa-press.net\/cameroun\/wp-json\/wp\/v2\/media?parent=26982"}],"wp:term":[{"taxonomy":"category","embeddable":true,"href":"https:\/\/www.africa-press.net\/cameroun\/wp-json\/wp\/v2\/categories?post=26982"},{"taxonomy":"post_tag","embeddable":true,"href":"https:\/\/www.africa-press.net\/cameroun\/wp-json\/wp\/v2\/tags?post=26982"}],"curies":[{"name":"wp","href":"https:\/\/api.w.org\/{rel}","templated":true}]}}