{"id":27003,"date":"2022-09-08T16:47:45","date_gmt":"2022-09-08T16:47:45","guid":{"rendered":"https:\/\/www.africa-press.net\/cameroun\/?p=27003"},"modified":"2022-09-08T16:43:17","modified_gmt":"2022-09-08T16:43:17","slug":"propriete-intellectuelle-joseph-dion-ngute-annonce-a-un-forum-daffaires-au-coeur-dun-proces-pour-contrefacon","status":"publish","type":"post","link":"https:\/\/www.africa-press.net\/cameroun\/economie\/propriete-intellectuelle-joseph-dion-ngute-annonce-a-un-forum-daffaires-au-coeur-dun-proces-pour-contrefacon","title":{"rendered":"Propri\u00e9t\u00e9 intellectuelle\u00a0: Joseph Dion Ngute annonc\u00e9 \u00e0 un forum d\u2019affaires au c\u0153ur d\u2019un proc\u00e8s pour contrefa\u00e7on"},"content":{"rendered":"<p><span style=\"color: #ff6600\"><strong>Africa-Press &#8211; Cameroun. <\/strong><\/span>Investir au Cameroun) &#8211; A quelques heures de l\u2019ouverture du Central Africa Business Energy Forum (Cabef) 2022, l\u2019affaire de contrefa\u00e7on qui \u00e9clabousse cette conf\u00e9rence, pr\u00e9sent\u00e9e comme \u00ab\u2009<b>une plateforme de rencontre pour la sous-r\u00e9gion et les pays voisins avec pour objectif le d\u00e9veloppement de l\u2019industrie \u00e9nerg\u00e9tique r\u00e9gionale<\/b>\u2009\u00bb, reste pendante devant le tribunal de premi\u00e8re instance de Bonanjo \u00e0 Douala. Saisi le 30 ao\u00fbt, d\u2019un r\u00e9f\u00e9r\u00e9 d\u2019heure \u00e0 heure, par l\u2019entreprise camerounaise Business Facilities Corporation (BFC), qui demande l\u2019interdiction de cet \u00e9v\u00e8nement pour plagiat, le pr\u00e9sident du tribunal, Quentin Djapite Ndoumbe, a renvoy\u00e9 la cause, lors d\u2019une audience la veille, pour ce 8 septembre \u00e0 8 heures.<\/p>\n<p>C\u2019est \u00e0 la m\u00eame heure que les participants \u00e0 cette rencontre de deux jours sont cens\u00e9s commencer \u00e0 arriver au lieu de la conf\u00e9rence, organis\u00e9e dans la capitale \u00e9conomique du Cameroun par M&amp;L Consulting, une soci\u00e9t\u00e9 de conseil et d\u2019ing\u00e9nierie bas\u00e9e \u00e0 Malabo en Guin\u00e9e \u00e9quatoriale. Les chances pour que cette proc\u00e9dure emp\u00eache la tenue de ce forum d\u2019affaires s\u2019av\u00e8rent donc minces. Surtout qu\u2019il devrait conna\u00eetre la participation, selon le programme de l\u2019\u00e9v\u00e8nement, du Premier ministre camerounais, Joseph Dion Ngute (photo), de certains membres de son gouvernement et des ministres de la sous-r\u00e9gion en charge des questions \u00e9nerg\u00e9tiques, dont le ministre \u00e9quatoguin\u00e9en des Mines et des Hydrocarbures.<\/p>\n<p><b>\u00c9l\u00e9ments \u00e0 charge <\/b><\/p>\n<p>Sur le site Internet du forum, le minist\u00e8re que dirige Gabriel Mbaga Obiang Lima est pr\u00e9sent\u00e9 comme l\u2019un des partenaires de l\u2019\u00e9v\u00e8nement. Et c\u2019est d\u2019ailleurs \u00e0 ce fils du pr\u00e9sident Obiang Nguema que l\u2019on devrait la mobilisation des autorit\u00e9s du pays h\u00f4te et des autres membres du gouvernement de la sous-r\u00e9gion. D\u2019o\u00f9 la s\u00e9r\u00e9nit\u00e9 des organisateurs. \u00ab\u2009<b>Les autorit\u00e9s ont \u00e9t\u00e9 saisies (\u2026) et des mesures ont \u00e9t\u00e9 prises pour garantir le parfait d\u00e9roulement de cet \u00e9v\u00e8nement<\/b>\u2009\u00bb, assure T\u00e9lesphore Tueno, le charg\u00e9 des m\u00e9dias du Cabef.<\/p>\n<p>Dans sa requ\u00eate au pr\u00e9sident du tribunal de premi\u00e8re instance de Bonanjo, BFC, que dirige le Camerounais Lucien Ndzomo Mviena, accuse le Cabef d\u2019\u00eatre une <b>\u00ab\u2009p\u00e2le copie\u2009\u00bb<\/b> du Cemac Business Energy Forum (Cbef). L\u2019entreprise revendique en effet la paternit\u00e9 de cette conf\u00e9rence, dont la premi\u00e8re \u00e9dition s\u2019est tenue du 29 au 30 novembre 2021 \u00e0 Brazzaville au Congo. Elle dit d\u2019ailleurs avoir enregistr\u00e9 et prot\u00e9g\u00e9 cette <b>\u00ab\u2009marque de service\u2009\u00bb<\/b> \u00e0 l\u2019Organisation africaine pour la propri\u00e9t\u00e9 intellectuelle (OAPI).<\/p>\n<p>\u00ab\u2009<b>Tout a \u00e9t\u00e9 fait dans les moindres d\u00e9tails pour semer la confusion dans l\u2019esprit des tiers, de fa\u00e7on \u00e0 faire croire que le Cbef et le Cabef seraient un seul et m\u00eame \u00e9v\u00e8nement<\/b>\u2009\u00bb, charge Me Yves Mbadi l\u2019avocat de BFC. Pour l\u2019illustrer, ce dernier pointe notamment le fait que le Cbef soit pr\u00e9sent\u00e9 comme la premi\u00e8re \u00e9dition du Cabef dans son spot publicitaire. Dans cette vid\u00e9o, soutient encore l\u2019avocat, l\u2019image de Carole Mbessa Elongo, la directrice g\u00e9n\u00e9rale adjointe de BFC et coordonnatrice de l\u2019\u00e9dition 2021 du Cbef, prises lors de la tenue dudit \u00e9v\u00e8nement, tourne en boucle.<\/p>\n<p><b>Brouille entre partenaires <\/b><\/p>\n<p><b>\u00ab\u2009Des all\u00e9gations sans fondement\u2009\u00bb,<\/b> a r\u00e9agi, le 1er septembre, Nathalie Lum, la directrice g\u00e9n\u00e9rale de M&amp;L Consulting et pr\u00e9sidente du Cabef, face \u00e0 la campagne de d\u00e9nonciation engag\u00e9e par BFC sur les r\u00e9seaux sociaux. En r\u00e9alit\u00e9, les similitudes entre les deux forums d\u2019affaires sont \u00e9videntes. Ils ont d\u2019ailleurs \u00e9t\u00e9 initi\u00e9s par les m\u00eames acteurs : le minist\u00e8re \u00e9quatoguin\u00e9en des Mines et des Hydrocarbures et M&amp;L Consulting. Dans sa requ\u00eate et dans ses communications sur les r\u00e9seaux sociaux, BFC avoue d\u2019ailleurs que l\u2019id\u00e9e de cette conf\u00e9rence est de ces deux structures qui l\u2019ont sollicit\u00e9e pour participer \u00e0 l\u2019organisation.<\/p>\n<p>Il se trouve qu\u2019\u00e0 la fin du Cbef 2021, les organisateurs se sont brouill\u00e9s sur la gestion financi\u00e8re de l\u2019\u00e9v\u00e8nement et M&amp;L Consulting a d\u00e9cid\u00e9 de poursuivre l\u2019aventure sans l\u2019entreprise camerounaise. Constatant sa mise \u00e0 l\u2019\u00e9cart et se sentant l\u00e9s\u00e9 (BFC r\u00e9clame plus de 176 millions de FCFA d\u2019honoraires), le cabinet camerounais, qui avoue ne pas avoir un contrat formel avec ses partenaires d\u2019affaires, s\u2019est h\u00e2t\u00e9 d\u2019enregistrer et de prot\u00e9ger le Cbef. La preuve, cette action est intervenue le 21 janvier 2022, soit pr\u00e8s de deux mois apr\u00e8s la tenue de la conf\u00e9rence \u00e0 Brazzaville.<\/p>\n<p><b>Aboudi Ottou <\/b><\/p>\n<p><strong>Pour plus d&rsquo;informations et d&rsquo;analyses sur la <a href=\"https:\/\/www.africa-press.net\/cameroun\">Cameroun<\/a>, suivez <a href=\"https:\/\/www.africa-press.net\/\">Africa-Press<\/a><\/strong><\/p>\n","protected":false},"excerpt":{"rendered":"<p>Africa-Press &#8211; Cameroun. Investir au Cameroun) &#8211; A quelques heures de l\u2019ouverture du Central Africa Business Energy Forum (Cabef) 2022, l\u2019affaire de contrefa\u00e7on qui \u00e9clabousse cette conf\u00e9rence, pr\u00e9sent\u00e9e comme \u00ab\u2009une plateforme de rencontre pour la sous-r\u00e9gion et les pays voisins avec pour objectif le d\u00e9veloppement de l\u2019industrie \u00e9nerg\u00e9tique r\u00e9gionale\u2009\u00bb, reste pendante devant le tribunal de [&hellip;]<\/p>\n","protected":false},"author":82,"featured_media":27002,"comment_status":"open","ping_status":"closed","sticky":false,"template":"","format":"standard","meta":{"footnotes":""},"categories":[3,11,10],"tags":[36,50,49],"class_list":["post-27003","post","type-post","status-publish","format-standard","has-post-thumbnail","hentry","category-economie","category-homepage-french","category-toutes-les-actualites","tag-africa-press","tag-africa-press-cameroun","tag-cameroun"],"yoast_head":"<!-- This site is optimized with the Yoast SEO Premium plugin v26.1 (Yoast SEO v27.0) - https:\/\/yoast.com\/product\/yoast-seo-premium-wordpress\/ -->\n<title>Propri\u00e9t\u00e9 intellectuelle\u00a0: Joseph Dion Ngute annonc\u00e9 \u00e0 un forum d\u2019affaires au c\u0153ur d\u2019un proc\u00e8s pour contrefa\u00e7on - Cameroun<\/title>\n<meta name=\"description\" content=\"Investir au Cameroun) - A quelques heures de l\u2019ouverture du Central Africa Business Energy Forum (Cabef) 2022, l\u2019affaire ...\" \/>\n<meta name=\"robots\" content=\"index, follow, max-snippet:-1, max-image-preview:large, max-video-preview:-1\" \/>\n<link rel=\"canonical\" href=\"https:\/\/www.africa-press.net\/cameroun\/economie\/propriete-intellectuelle-joseph-dion-ngute-annonce-a-un-forum-daffaires-au-coeur-dun-proces-pour-contrefacon\" \/>\n<meta property=\"og:locale\" content=\"fr_FR\" \/>\n<meta property=\"og:type\" content=\"article\" \/>\n<meta property=\"og:title\" content=\"Propri\u00e9t\u00e9 intellectuelle\u00a0: Joseph Dion Ngute annonc\u00e9 \u00e0 un forum d\u2019affaires au c\u0153ur d\u2019un proc\u00e8s pour contrefa\u00e7on\" \/>\n<meta property=\"og:description\" content=\"Investir au Cameroun) - A quelques heures de l\u2019ouverture du Central Africa Business Energy Forum (Cabef) 2022, l\u2019affaire ...\" \/>\n<meta property=\"og:url\" content=\"https:\/\/www.africa-press.net\/cameroun\/economie\/propriete-intellectuelle-joseph-dion-ngute-annonce-a-un-forum-daffaires-au-coeur-dun-proces-pour-contrefacon\" \/>\n<meta property=\"og:site_name\" content=\"Cameroun\" \/>\n<meta property=\"article:published_time\" content=\"2022-09-08T16:47:45+00:00\" \/>\n<meta property=\"og:image\" content=\"https:\/\/static.africa-press.net\/cameroun\/sites\/57\/2022\/09\/img-631a1b799f9a8.jpg\" \/>\n\t<meta property=\"og:image:width\" content=\"720\" \/>\n\t<meta property=\"og:image:height\" content=\"479\" \/>\n\t<meta property=\"og:image:type\" content=\"image\/jpeg\" \/>\n<meta name=\"author\" content=\"cfeditorfr\" \/>\n<meta name=\"twitter:card\" content=\"summary_large_image\" \/>\n<meta name=\"twitter:label1\" content=\"\u00c9crit par\" \/>\n\t<meta name=\"twitter:data1\" content=\"cfeditorfr\" \/>\n\t<meta name=\"twitter:label2\" content=\"Dur\u00e9e de lecture estim\u00e9e\" \/>\n\t<meta name=\"twitter:data2\" content=\"4 minutes\" \/>\n<script type=\"application\/ld+json\" class=\"yoast-schema-graph\">{\"@context\":\"https:\/\/schema.org\",\"@graph\":[{\"@type\":\"Article\",\"@id\":\"https:\/\/www.africa-press.net\/cameroun\/economie\/propriete-intellectuelle-joseph-dion-ngute-annonce-a-un-forum-daffaires-au-coeur-dun-proces-pour-contrefacon#article\",\"isPartOf\":{\"@id\":\"https:\/\/www.africa-press.net\/cameroun\/economie\/propriete-intellectuelle-joseph-dion-ngute-annonce-a-un-forum-daffaires-au-coeur-dun-proces-pour-contrefacon\"},\"author\":{\"name\":\"cfeditorfr\",\"@id\":\"https:\/\/www.africa-press.net\/cameroun\/#\/schema\/person\/2b1cf3cd81a31e3cd26889ca66d677f1\"},\"headline\":\"Propri\u00e9t\u00e9 intellectuelle\u00a0: Joseph Dion Ngute annonc\u00e9 \u00e0 un forum d\u2019affaires au c\u0153ur d\u2019un proc\u00e8s pour contrefa\u00e7on\",\"datePublished\":\"2022-09-08T16:47:45+00:00\",\"mainEntityOfPage\":{\"@id\":\"https:\/\/www.africa-press.net\/cameroun\/economie\/propriete-intellectuelle-joseph-dion-ngute-annonce-a-un-forum-daffaires-au-coeur-dun-proces-pour-contrefacon\"},\"wordCount\":822,\"commentCount\":0,\"image\":{\"@id\":\"https:\/\/www.africa-press.net\/cameroun\/economie\/propriete-intellectuelle-joseph-dion-ngute-annonce-a-un-forum-daffaires-au-coeur-dun-proces-pour-contrefacon#primaryimage\"},\"thumbnailUrl\":\"https:\/\/static.africa-press.net\/cameroun\/sites\/57\/2022\/09\/img-631a1b799f9a8.jpg\",\"keywords\":[\"Africa Press\",\"Africa Press-Cameroun\",\"Cameroun\"],\"articleSection\":[\"\u00c9conomie\",\"homepage-french\",\"Toutes les actualit\u00e9s\"],\"inLanguage\":\"fr-FR\",\"potentialAction\":[{\"@type\":\"CommentAction\",\"name\":\"Comment\",\"target\":[\"https:\/\/www.africa-press.net\/cameroun\/economie\/propriete-intellectuelle-joseph-dion-ngute-annonce-a-un-forum-daffaires-au-coeur-dun-proces-pour-contrefacon#respond\"]}]},{\"@type\":\"WebPage\",\"@id\":\"https:\/\/www.africa-press.net\/cameroun\/economie\/propriete-intellectuelle-joseph-dion-ngute-annonce-a-un-forum-daffaires-au-coeur-dun-proces-pour-contrefacon\",\"url\":\"https:\/\/www.africa-press.net\/cameroun\/economie\/propriete-intellectuelle-joseph-dion-ngute-annonce-a-un-forum-daffaires-au-coeur-dun-proces-pour-contrefacon\",\"name\":\"Propri\u00e9t\u00e9 intellectuelle\u00a0: Joseph Dion Ngute annonc\u00e9 \u00e0 un forum d\u2019affaires au c\u0153ur d\u2019un proc\u00e8s pour contrefa\u00e7on - Cameroun\",\"isPartOf\":{\"@id\":\"https:\/\/www.africa-press.net\/cameroun\/#website\"},\"primaryImageOfPage\":{\"@id\":\"https:\/\/www.africa-press.net\/cameroun\/economie\/propriete-intellectuelle-joseph-dion-ngute-annonce-a-un-forum-daffaires-au-coeur-dun-proces-pour-contrefacon#primaryimage\"},\"image\":{\"@id\":\"https:\/\/www.africa-press.net\/cameroun\/economie\/propriete-intellectuelle-joseph-dion-ngute-annonce-a-un-forum-daffaires-au-coeur-dun-proces-pour-contrefacon#primaryimage\"},\"thumbnailUrl\":\"https:\/\/static.africa-press.net\/cameroun\/sites\/57\/2022\/09\/img-631a1b799f9a8.jpg\",\"datePublished\":\"2022-09-08T16:47:45+00:00\",\"author\":{\"@id\":\"https:\/\/www.africa-press.net\/cameroun\/#\/schema\/person\/2b1cf3cd81a31e3cd26889ca66d677f1\"},\"description\":\"Investir au Cameroun) - A quelques heures de l\u2019ouverture du Central Africa Business Energy Forum (Cabef) 2022, l\u2019affaire ...\",\"breadcrumb\":{\"@id\":\"https:\/\/www.africa-press.net\/cameroun\/economie\/propriete-intellectuelle-joseph-dion-ngute-annonce-a-un-forum-daffaires-au-coeur-dun-proces-pour-contrefacon#breadcrumb\"},\"inLanguage\":\"fr-FR\",\"potentialAction\":[{\"@type\":\"ReadAction\",\"target\":[\"https:\/\/www.africa-press.net\/cameroun\/economie\/propriete-intellectuelle-joseph-dion-ngute-annonce-a-un-forum-daffaires-au-coeur-dun-proces-pour-contrefacon\"]}]},{\"@type\":\"ImageObject\",\"inLanguage\":\"fr-FR\",\"@id\":\"https:\/\/www.africa-press.net\/cameroun\/economie\/propriete-intellectuelle-joseph-dion-ngute-annonce-a-un-forum-daffaires-au-coeur-dun-proces-pour-contrefacon#primaryimage\",\"url\":\"https:\/\/static.africa-press.net\/cameroun\/sites\/57\/2022\/09\/img-631a1b799f9a8.jpg\",\"contentUrl\":\"https:\/\/static.africa-press.net\/cameroun\/sites\/57\/2022\/09\/img-631a1b799f9a8.jpg\",\"width\":720,\"height\":479,\"caption\":\"Propri\u00e9t\u00e9 intellectuelle\u00a0: Joseph Dion Ngute annonc\u00e9 \u00e0 un forum d\u2019affaires au c\u0153ur d\u2019un proc\u00e8s pour contrefa\u00e7on\"},{\"@type\":\"BreadcrumbList\",\"@id\":\"https:\/\/www.africa-press.net\/cameroun\/economie\/propriete-intellectuelle-joseph-dion-ngute-annonce-a-un-forum-daffaires-au-coeur-dun-proces-pour-contrefacon#breadcrumb\",\"itemListElement\":[{\"@type\":\"ListItem\",\"position\":1,\"name\":\"Accueil\",\"item\":\"https:\/\/www.africa-press.net\/cameroun\/\"},{\"@type\":\"ListItem\",\"position\":2,\"name\":\"Propri\u00e9t\u00e9 intellectuelle\u00a0: Joseph Dion Ngute annonc\u00e9 \u00e0 un forum d\u2019affaires au c\u0153ur d\u2019un proc\u00e8s pour contrefa\u00e7on\"}]},{\"@type\":\"WebSite\",\"@id\":\"https:\/\/www.africa-press.net\/cameroun\/#website\",\"url\":\"https:\/\/www.africa-press.net\/cameroun\/\",\"name\":\"Cameroun\",\"description\":\"Just another Africa News Agency Sites site\",\"potentialAction\":[{\"@type\":\"SearchAction\",\"target\":{\"@type\":\"EntryPoint\",\"urlTemplate\":\"https:\/\/www.africa-press.net\/cameroun\/?s={search_term_string}\"},\"query-input\":{\"@type\":\"PropertyValueSpecification\",\"valueRequired\":true,\"valueName\":\"search_term_string\"}}],\"inLanguage\":\"fr-FR\"},{\"@type\":\"Person\",\"@id\":\"https:\/\/www.africa-press.net\/cameroun\/#\/schema\/person\/2b1cf3cd81a31e3cd26889ca66d677f1\",\"name\":\"cfeditorfr\"}]}<\/script>\n<!-- \/ Yoast SEO Premium plugin. -->","yoast_head_json":{"title":"Propri\u00e9t\u00e9 intellectuelle\u00a0: Joseph Dion Ngute annonc\u00e9 \u00e0 un forum d\u2019affaires au c\u0153ur d\u2019un proc\u00e8s pour contrefa\u00e7on - Cameroun","description":"Investir au Cameroun) - A quelques heures de l\u2019ouverture du Central Africa Business Energy Forum (Cabef) 2022, l\u2019affaire ...","robots":{"index":"index","follow":"follow","max-snippet":"max-snippet:-1","max-image-preview":"max-image-preview:large","max-video-preview":"max-video-preview:-1"},"canonical":"https:\/\/www.africa-press.net\/cameroun\/economie\/propriete-intellectuelle-joseph-dion-ngute-annonce-a-un-forum-daffaires-au-coeur-dun-proces-pour-contrefacon","og_locale":"fr_FR","og_type":"article","og_title":"Propri\u00e9t\u00e9 intellectuelle\u00a0: Joseph Dion Ngute annonc\u00e9 \u00e0 un forum d\u2019affaires au c\u0153ur d\u2019un proc\u00e8s pour contrefa\u00e7on","og_description":"Investir au Cameroun) - A quelques heures de l\u2019ouverture du Central Africa Business Energy Forum (Cabef) 2022, l\u2019affaire ...","og_url":"https:\/\/www.africa-press.net\/cameroun\/economie\/propriete-intellectuelle-joseph-dion-ngute-annonce-a-un-forum-daffaires-au-coeur-dun-proces-pour-contrefacon","og_site_name":"Cameroun","article_published_time":"2022-09-08T16:47:45+00:00","og_image":[{"width":720,"height":479,"url":"https:\/\/static.africa-press.net\/cameroun\/sites\/57\/2022\/09\/img-631a1b799f9a8.jpg","type":"image\/jpeg"}],"author":"cfeditorfr","twitter_card":"summary_large_image","twitter_misc":{"\u00c9crit par":"cfeditorfr","Dur\u00e9e de lecture estim\u00e9e":"4 minutes"},"schema":{"@context":"https:\/\/schema.org","@graph":[{"@type":"Article","@id":"https:\/\/www.africa-press.net\/cameroun\/economie\/propriete-intellectuelle-joseph-dion-ngute-annonce-a-un-forum-daffaires-au-coeur-dun-proces-pour-contrefacon#article","isPartOf":{"@id":"https:\/\/www.africa-press.net\/cameroun\/economie\/propriete-intellectuelle-joseph-dion-ngute-annonce-a-un-forum-daffaires-au-coeur-dun-proces-pour-contrefacon"},"author":{"name":"cfeditorfr","@id":"https:\/\/www.africa-press.net\/cameroun\/#\/schema\/person\/2b1cf3cd81a31e3cd26889ca66d677f1"},"headline":"Propri\u00e9t\u00e9 intellectuelle\u00a0: Joseph Dion Ngute annonc\u00e9 \u00e0 un forum d\u2019affaires au c\u0153ur d\u2019un proc\u00e8s pour contrefa\u00e7on","datePublished":"2022-09-08T16:47:45+00:00","mainEntityOfPage":{"@id":"https:\/\/www.africa-press.net\/cameroun\/economie\/propriete-intellectuelle-joseph-dion-ngute-annonce-a-un-forum-daffaires-au-coeur-dun-proces-pour-contrefacon"},"wordCount":822,"commentCount":0,"image":{"@id":"https:\/\/www.africa-press.net\/cameroun\/economie\/propriete-intellectuelle-joseph-dion-ngute-annonce-a-un-forum-daffaires-au-coeur-dun-proces-pour-contrefacon#primaryimage"},"thumbnailUrl":"https:\/\/static.africa-press.net\/cameroun\/sites\/57\/2022\/09\/img-631a1b799f9a8.jpg","keywords":["Africa Press","Africa Press-Cameroun","Cameroun"],"articleSection":["\u00c9conomie","homepage-french","Toutes les actualit\u00e9s"],"inLanguage":"fr-FR","potentialAction":[{"@type":"CommentAction","name":"Comment","target":["https:\/\/www.africa-press.net\/cameroun\/economie\/propriete-intellectuelle-joseph-dion-ngute-annonce-a-un-forum-daffaires-au-coeur-dun-proces-pour-contrefacon#respond"]}]},{"@type":"WebPage","@id":"https:\/\/www.africa-press.net\/cameroun\/economie\/propriete-intellectuelle-joseph-dion-ngute-annonce-a-un-forum-daffaires-au-coeur-dun-proces-pour-contrefacon","url":"https:\/\/www.africa-press.net\/cameroun\/economie\/propriete-intellectuelle-joseph-dion-ngute-annonce-a-un-forum-daffaires-au-coeur-dun-proces-pour-contrefacon","name":"Propri\u00e9t\u00e9 intellectuelle\u00a0: Joseph Dion Ngute annonc\u00e9 \u00e0 un forum d\u2019affaires au c\u0153ur d\u2019un proc\u00e8s pour contrefa\u00e7on - Cameroun","isPartOf":{"@id":"https:\/\/www.africa-press.net\/cameroun\/#website"},"primaryImageOfPage":{"@id":"https:\/\/www.africa-press.net\/cameroun\/economie\/propriete-intellectuelle-joseph-dion-ngute-annonce-a-un-forum-daffaires-au-coeur-dun-proces-pour-contrefacon#primaryimage"},"image":{"@id":"https:\/\/www.africa-press.net\/cameroun\/economie\/propriete-intellectuelle-joseph-dion-ngute-annonce-a-un-forum-daffaires-au-coeur-dun-proces-pour-contrefacon#primaryimage"},"thumbnailUrl":"https:\/\/static.africa-press.net\/cameroun\/sites\/57\/2022\/09\/img-631a1b799f9a8.jpg","datePublished":"2022-09-08T16:47:45+00:00","author":{"@id":"https:\/\/www.africa-press.net\/cameroun\/#\/schema\/person\/2b1cf3cd81a31e3cd26889ca66d677f1"},"description":"Investir au Cameroun) - A quelques heures de l\u2019ouverture du Central Africa Business Energy Forum (Cabef) 2022, l\u2019affaire ...","breadcrumb":{"@id":"https:\/\/www.africa-press.net\/cameroun\/economie\/propriete-intellectuelle-joseph-dion-ngute-annonce-a-un-forum-daffaires-au-coeur-dun-proces-pour-contrefacon#breadcrumb"},"inLanguage":"fr-FR","potentialAction":[{"@type":"ReadAction","target":["https:\/\/www.africa-press.net\/cameroun\/economie\/propriete-intellectuelle-joseph-dion-ngute-annonce-a-un-forum-daffaires-au-coeur-dun-proces-pour-contrefacon"]}]},{"@type":"ImageObject","inLanguage":"fr-FR","@id":"https:\/\/www.africa-press.net\/cameroun\/economie\/propriete-intellectuelle-joseph-dion-ngute-annonce-a-un-forum-daffaires-au-coeur-dun-proces-pour-contrefacon#primaryimage","url":"https:\/\/static.africa-press.net\/cameroun\/sites\/57\/2022\/09\/img-631a1b799f9a8.jpg","contentUrl":"https:\/\/static.africa-press.net\/cameroun\/sites\/57\/2022\/09\/img-631a1b799f9a8.jpg","width":720,"height":479,"caption":"Propri\u00e9t\u00e9 intellectuelle\u00a0: Joseph Dion Ngute annonc\u00e9 \u00e0 un forum d\u2019affaires au c\u0153ur d\u2019un proc\u00e8s pour contrefa\u00e7on"},{"@type":"BreadcrumbList","@id":"https:\/\/www.africa-press.net\/cameroun\/economie\/propriete-intellectuelle-joseph-dion-ngute-annonce-a-un-forum-daffaires-au-coeur-dun-proces-pour-contrefacon#breadcrumb","itemListElement":[{"@type":"ListItem","position":1,"name":"Accueil","item":"https:\/\/www.africa-press.net\/cameroun\/"},{"@type":"ListItem","position":2,"name":"Propri\u00e9t\u00e9 intellectuelle\u00a0: Joseph Dion Ngute annonc\u00e9 \u00e0 un forum d\u2019affaires au c\u0153ur d\u2019un proc\u00e8s pour contrefa\u00e7on"}]},{"@type":"WebSite","@id":"https:\/\/www.africa-press.net\/cameroun\/#website","url":"https:\/\/www.africa-press.net\/cameroun\/","name":"Cameroun","description":"Just another Africa News Agency Sites site","potentialAction":[{"@type":"SearchAction","target":{"@type":"EntryPoint","urlTemplate":"https:\/\/www.africa-press.net\/cameroun\/?s={search_term_string}"},"query-input":{"@type":"PropertyValueSpecification","valueRequired":true,"valueName":"search_term_string"}}],"inLanguage":"fr-FR"},{"@type":"Person","@id":"https:\/\/www.africa-press.net\/cameroun\/#\/schema\/person\/2b1cf3cd81a31e3cd26889ca66d677f1","name":"cfeditorfr"}]}},"_links":{"self":[{"href":"https:\/\/www.africa-press.net\/cameroun\/wp-json\/wp\/v2\/posts\/27003","targetHints":{"allow":["GET"]}}],"collection":[{"href":"https:\/\/www.africa-press.net\/cameroun\/wp-json\/wp\/v2\/posts"}],"about":[{"href":"https:\/\/www.africa-press.net\/cameroun\/wp-json\/wp\/v2\/types\/post"}],"author":[{"embeddable":true,"href":"https:\/\/www.africa-press.net\/cameroun\/wp-json\/wp\/v2\/users\/82"}],"replies":[{"embeddable":true,"href":"https:\/\/www.africa-press.net\/cameroun\/wp-json\/wp\/v2\/comments?post=27003"}],"version-history":[{"count":0,"href":"https:\/\/www.africa-press.net\/cameroun\/wp-json\/wp\/v2\/posts\/27003\/revisions"}],"wp:featuredmedia":[{"embeddable":true,"href":"https:\/\/www.africa-press.net\/cameroun\/wp-json\/wp\/v2\/media\/27002"}],"wp:attachment":[{"href":"https:\/\/www.africa-press.net\/cameroun\/wp-json\/wp\/v2\/media?parent=27003"}],"wp:term":[{"taxonomy":"category","embeddable":true,"href":"https:\/\/www.africa-press.net\/cameroun\/wp-json\/wp\/v2\/categories?post=27003"},{"taxonomy":"post_tag","embeddable":true,"href":"https:\/\/www.africa-press.net\/cameroun\/wp-json\/wp\/v2\/tags?post=27003"}],"curies":[{"name":"wp","href":"https:\/\/api.w.org\/{rel}","templated":true}]}}