{"id":2701,"date":"2021-04-28T18:28:33","date_gmt":"2021-04-28T18:28:33","guid":{"rendered":"https:\/\/www.africa-press.net\/cameroun\/politique\/cameroun-deces-didriss-deby-itno-le-ministre-des-relations-exterieures-lejeune-mbella-mbella-signe-au-nom-du-gouvernement-le-livre-de-condoleances-ouvert-a-lambassade-du-tchad"},"modified":"2021-04-28T20:13:46","modified_gmt":"2021-04-28T20:13:46","slug":"cameroun-deces-didriss-deby-itno-le-ministre-des-relations-exterieures-lejeune-mbella-mbella-signe-au-nom-du-gouvernement-le-livre-de-condoleances-ouvert-a-lambassade-du-tchad","status":"publish","type":"post","link":"https:\/\/www.africa-press.net\/cameroun\/politique\/cameroun-deces-didriss-deby-itno-le-ministre-des-relations-exterieures-lejeune-mbella-mbella-signe-au-nom-du-gouvernement-le-livre-de-condoleances-ouvert-a-lambassade-du-tchad","title":{"rendered":"Cameroun &#8211; D\u00e9c\u00e8s d\u2019Idriss Deby Itno: Le ministre des Relations Ext\u00e9rieures Lejeune Mbella Mbella signe, au nom du gouvernement, le livre de condol\u00e9ances ouvert \u00e0 l\u2019ambassade du Tchad"},"content":{"rendered":"<p><span style=\"color: #ff6600\"><strong><a href=\"https:\/\/www.africa-press.net\/\">Africa-Press<\/a> &#8211; <a href=\"https:\/\/www.africa-press.net\/cameroun\">Cameroun<\/a>. <\/strong><\/span>Le Mar\u00e9chal du Tchad, Idriss Deby Itno, est d\u00e9c\u00e9d\u00e9 le 20 avril dernier. Apr\u00e8s ses obs\u00e8ques, l\u2019ambassade du Tchad au Cameroun a ouvert un livre de condol\u00e9ances. C\u2019est dans ce sens que le ministre des Relations Ext\u00e9rieures (MINREX), Lejeune Mbella Mbella, s\u2019est rendu au quartier Bastos \u00e0 Yaound\u00e9 o\u00f9 se situent les locaux de cette mission diplomatique pour signer au nom du gouvernement camerounais ce livre de condol\u00e9ances.<\/p>\n<p>Le quotidien d\u2019Etat Cameroon Tribune en kiosque ce 28 avril 2021 rapporte que le s\u00e9jour du MINREX \u00e0 l\u2019ambassade du Tchad a dur\u00e9 une vingtaine de minutes. \u00abAccueilli \u00e0 son arriv\u00e9e par l\u2019ambassadeur du Tchad, S.E Djidi Bichara Hassane, Lejeune Mbella Mbella a eu un bref entretien avec son h\u00f4te. Occasion pour lui de r\u00e9it\u00e9rer la compassion du pr\u00e9sident de la R\u00e9publique, du gouvernement et du peuple camerounais au peuple fr\u00e8re du Tchad, durement affect\u00e9 par cette disparition tragique\u00bb, peut-on lire dans les colonnes du journal.<\/p>\n<p>Notre confr\u00e8re raconte qu\u2019apr\u00e8s \u00abavoir \u00e9crit son texte dans le livre et appos\u00e9 sa signature au bas de celui-ci, le ministre des Relations ext\u00e9rieures a indiqu\u00e9 \u00e0 la presse que la disparition du pr\u00e9sident Idriss Deby Itno a \u00e9t\u00e9 une grande perte pour la communaut\u00e9 internationale, en g\u00e9n\u00e9ral, pour l\u2019Afrique en particulier et davantage pour la sous-r\u00e9gion. Vous savez que les pr\u00e9sidents Idriss Deby Itno et Paul Biya \u00e9taient tr\u00e8s proches et entretenaient des relations de fraternit\u00e9 et de cordialit\u00e9\u00bb.<\/p>\n<p>Il a rappel\u00e9 que les Chefs d\u2019Etat Camerounais et Tchadien \u00ab\u00e9taient engag\u00e9s dans le combat de la construction de la sous-r\u00e9gion sur les plans politique, \u00e9conomique, culturel et social, mais \u00e9galement dans un combat qui n\u2019est pas termin\u00e9, celui de la lutte contre le terrorisme\u2026 Ma pr\u00e9sence ici est un message du gouvernement camerounais qui vient, une fois de plus t\u00e9moigner de sa solidarit\u00e9 \u00e0 l\u2019endroit du peuple fr\u00e8re tchadien\u00bb, lit-on.<\/p>\n<p>Pour le MINREX, ce message transmis \u00e0 l\u2019ambassade du Tchad \u00abse situe dans le prolongement des deux premiers envoy\u00e9s aux autorit\u00e9s et au peuple tchadiens par le pr\u00e9sident Paul Biya en sa double qualit\u00e9 de pr\u00e9sident de la R\u00e9publique et pr\u00e9sident en exercice de la conf\u00e9rence des chefs d\u2019Etat de la Communaut\u00e9 \u00e9conomique et mon\u00e9taire de l\u2019Afrique centrale\u00bb, rel\u00e8ve le reporter.<\/p>\n<p><b>Wilfried ONDOA<\/b><\/p>\n","protected":false},"excerpt":{"rendered":"<p>Africa-Press &#8211; Cameroun. Le Mar\u00e9chal du Tchad, Idriss Deby Itno, est d\u00e9c\u00e9d\u00e9 le 20 avril dernier. Apr\u00e8s ses obs\u00e8ques, l\u2019ambassade du Tchad au Cameroun a ouvert un livre de condol\u00e9ances. C\u2019est dans ce sens que le ministre des Relations Ext\u00e9rieures (MINREX), Lejeune Mbella Mbella, s\u2019est rendu au quartier Bastos \u00e0 Yaound\u00e9 o\u00f9 se situent les [&hellip;]<\/p>\n","protected":false},"author":82,"featured_media":2700,"comment_status":"open","ping_status":"closed","sticky":false,"template":"","format":"standard","meta":{"footnotes":""},"categories":[11,2,10],"tags":[36,50,49],"class_list":["post-2701","post","type-post","status-publish","format-standard","has-post-thumbnail","hentry","category-homepage-french","category-politique","category-toutes-les-actualites","tag-africa-press","tag-africa-press-cameroun","tag-cameroun"],"yoast_head":"<!-- This site is optimized with the Yoast SEO Premium plugin v26.1 (Yoast SEO v27.0) - https:\/\/yoast.com\/product\/yoast-seo-premium-wordpress\/ -->\n<title>Cameroun - D\u00e9c\u00e8s d\u2019Idriss Deby Itno: Le ministre des Relations Ext\u00e9rieures Lejeune Mbella Mbella signe, au nom du gouvernement, le livre de condol\u00e9ances ouvert \u00e0 l\u2019ambassade du Tchad - Cameroun<\/title>\n<meta name=\"description\" content=\"Le Mar\u00e9chal du Tchad, Idriss Deby Itno, est d\u00e9c\u00e9d\u00e9 le 20 avril dernier. Apr\u00e8s ses obs\u00e8ques, l\u2019ambassade du Tchad au Came ...\" \/>\n<meta name=\"robots\" content=\"index, follow, max-snippet:-1, max-image-preview:large, max-video-preview:-1\" \/>\n<link rel=\"canonical\" href=\"https:\/\/www.africa-press.net\/cameroun\/politique\/cameroun-deces-didriss-deby-itno-le-ministre-des-relations-exterieures-lejeune-mbella-mbella-signe-au-nom-du-gouvernement-le-livre-de-condoleances-ouvert-a-lambassade-du-tchad\" \/>\n<meta property=\"og:locale\" content=\"fr_FR\" \/>\n<meta property=\"og:type\" content=\"article\" \/>\n<meta property=\"og:title\" content=\"Cameroun - D\u00e9c\u00e8s d\u2019Idriss Deby Itno: Le ministre des Relations Ext\u00e9rieures Lejeune Mbella Mbella signe, au nom du gouvernement, le livre de condol\u00e9ances ouvert \u00e0 l\u2019ambassade du Tchad\" \/>\n<meta property=\"og:description\" content=\"Le Mar\u00e9chal du Tchad, Idriss Deby Itno, est d\u00e9c\u00e9d\u00e9 le 20 avril dernier. Apr\u00e8s ses obs\u00e8ques, l\u2019ambassade du Tchad au Came ...\" \/>\n<meta property=\"og:url\" content=\"https:\/\/www.africa-press.net\/cameroun\/politique\/cameroun-deces-didriss-deby-itno-le-ministre-des-relations-exterieures-lejeune-mbella-mbella-signe-au-nom-du-gouvernement-le-livre-de-condoleances-ouvert-a-lambassade-du-tchad\" \/>\n<meta property=\"og:site_name\" content=\"Cameroun\" \/>\n<meta property=\"article:published_time\" content=\"2021-04-28T18:28:33+00:00\" \/>\n<meta property=\"article:modified_time\" content=\"2021-04-28T20:13:46+00:00\" \/>\n<meta property=\"og:image\" content=\"https:\/\/static.africa-press.net\/cameroun\/sites\/57\/2021\/04\/img-6089c1cc32d8d.jpg\" \/>\n\t<meta property=\"og:image:width\" content=\"800\" \/>\n\t<meta property=\"og:image:height\" content=\"800\" \/>\n\t<meta property=\"og:image:type\" content=\"image\/jpeg\" \/>\n<meta name=\"author\" content=\"cfeditorfr\" \/>\n<meta name=\"twitter:card\" content=\"summary_large_image\" \/>\n<meta name=\"twitter:label1\" content=\"\u00c9crit par\" \/>\n\t<meta name=\"twitter:data1\" content=\"cfeditorfr\" \/>\n\t<meta name=\"twitter:label2\" content=\"Dur\u00e9e de lecture estim\u00e9e\" \/>\n\t<meta name=\"twitter:data2\" content=\"2 minutes\" \/>\n<script type=\"application\/ld+json\" class=\"yoast-schema-graph\">{\"@context\":\"https:\/\/schema.org\",\"@graph\":[{\"@type\":\"Article\",\"@id\":\"https:\/\/www.africa-press.net\/cameroun\/politique\/cameroun-deces-didriss-deby-itno-le-ministre-des-relations-exterieures-lejeune-mbella-mbella-signe-au-nom-du-gouvernement-le-livre-de-condoleances-ouvert-a-lambassade-du-tchad#article\",\"isPartOf\":{\"@id\":\"https:\/\/www.africa-press.net\/cameroun\/politique\/cameroun-deces-didriss-deby-itno-le-ministre-des-relations-exterieures-lejeune-mbella-mbella-signe-au-nom-du-gouvernement-le-livre-de-condoleances-ouvert-a-lambassade-du-tchad\"},\"author\":{\"name\":\"cfeditorfr\",\"@id\":\"https:\/\/www.africa-press.net\/cameroun\/#\/schema\/person\/2b1cf3cd81a31e3cd26889ca66d677f1\"},\"headline\":\"Cameroun &#8211; D\u00e9c\u00e8s d\u2019Idriss Deby Itno: Le ministre des Relations Ext\u00e9rieures Lejeune Mbella Mbella signe, au nom du gouvernement, le livre de condol\u00e9ances ouvert \u00e0 l\u2019ambassade du Tchad\",\"datePublished\":\"2021-04-28T18:28:33+00:00\",\"dateModified\":\"2021-04-28T20:13:46+00:00\",\"mainEntityOfPage\":{\"@id\":\"https:\/\/www.africa-press.net\/cameroun\/politique\/cameroun-deces-didriss-deby-itno-le-ministre-des-relations-exterieures-lejeune-mbella-mbella-signe-au-nom-du-gouvernement-le-livre-de-condoleances-ouvert-a-lambassade-du-tchad\"},\"wordCount\":449,\"commentCount\":0,\"image\":{\"@id\":\"https:\/\/www.africa-press.net\/cameroun\/politique\/cameroun-deces-didriss-deby-itno-le-ministre-des-relations-exterieures-lejeune-mbella-mbella-signe-au-nom-du-gouvernement-le-livre-de-condoleances-ouvert-a-lambassade-du-tchad#primaryimage\"},\"thumbnailUrl\":\"https:\/\/static.africa-press.net\/cameroun\/sites\/57\/2021\/04\/img-6089c1cc32d8d.jpg\",\"keywords\":[\"Africa Press\",\"Africa Press-Cameroun\",\"Cameroun\"],\"articleSection\":[\"homepage-french\",\"Politique\",\"Toutes les actualit\u00e9s\"],\"inLanguage\":\"fr-FR\",\"potentialAction\":[{\"@type\":\"CommentAction\",\"name\":\"Comment\",\"target\":[\"https:\/\/www.africa-press.net\/cameroun\/politique\/cameroun-deces-didriss-deby-itno-le-ministre-des-relations-exterieures-lejeune-mbella-mbella-signe-au-nom-du-gouvernement-le-livre-de-condoleances-ouvert-a-lambassade-du-tchad#respond\"]}]},{\"@type\":\"WebPage\",\"@id\":\"https:\/\/www.africa-press.net\/cameroun\/politique\/cameroun-deces-didriss-deby-itno-le-ministre-des-relations-exterieures-lejeune-mbella-mbella-signe-au-nom-du-gouvernement-le-livre-de-condoleances-ouvert-a-lambassade-du-tchad\",\"url\":\"https:\/\/www.africa-press.net\/cameroun\/politique\/cameroun-deces-didriss-deby-itno-le-ministre-des-relations-exterieures-lejeune-mbella-mbella-signe-au-nom-du-gouvernement-le-livre-de-condoleances-ouvert-a-lambassade-du-tchad\",\"name\":\"Cameroun - D\u00e9c\u00e8s d\u2019Idriss Deby Itno: Le ministre des Relations Ext\u00e9rieures Lejeune Mbella Mbella signe, au nom du gouvernement, le livre de condol\u00e9ances ouvert \u00e0 l\u2019ambassade du Tchad - Cameroun\",\"isPartOf\":{\"@id\":\"https:\/\/www.africa-press.net\/cameroun\/#website\"},\"primaryImageOfPage\":{\"@id\":\"https:\/\/www.africa-press.net\/cameroun\/politique\/cameroun-deces-didriss-deby-itno-le-ministre-des-relations-exterieures-lejeune-mbella-mbella-signe-au-nom-du-gouvernement-le-livre-de-condoleances-ouvert-a-lambassade-du-tchad#primaryimage\"},\"image\":{\"@id\":\"https:\/\/www.africa-press.net\/cameroun\/politique\/cameroun-deces-didriss-deby-itno-le-ministre-des-relations-exterieures-lejeune-mbella-mbella-signe-au-nom-du-gouvernement-le-livre-de-condoleances-ouvert-a-lambassade-du-tchad#primaryimage\"},\"thumbnailUrl\":\"https:\/\/static.africa-press.net\/cameroun\/sites\/57\/2021\/04\/img-6089c1cc32d8d.jpg\",\"datePublished\":\"2021-04-28T18:28:33+00:00\",\"dateModified\":\"2021-04-28T20:13:46+00:00\",\"author\":{\"@id\":\"https:\/\/www.africa-press.net\/cameroun\/#\/schema\/person\/2b1cf3cd81a31e3cd26889ca66d677f1\"},\"description\":\"Le Mar\u00e9chal du Tchad, Idriss Deby Itno, est d\u00e9c\u00e9d\u00e9 le 20 avril dernier. Apr\u00e8s ses obs\u00e8ques, l\u2019ambassade du Tchad au Came ...\",\"breadcrumb\":{\"@id\":\"https:\/\/www.africa-press.net\/cameroun\/politique\/cameroun-deces-didriss-deby-itno-le-ministre-des-relations-exterieures-lejeune-mbella-mbella-signe-au-nom-du-gouvernement-le-livre-de-condoleances-ouvert-a-lambassade-du-tchad#breadcrumb\"},\"inLanguage\":\"fr-FR\",\"potentialAction\":[{\"@type\":\"ReadAction\",\"target\":[\"https:\/\/www.africa-press.net\/cameroun\/politique\/cameroun-deces-didriss-deby-itno-le-ministre-des-relations-exterieures-lejeune-mbella-mbella-signe-au-nom-du-gouvernement-le-livre-de-condoleances-ouvert-a-lambassade-du-tchad\"]}]},{\"@type\":\"ImageObject\",\"inLanguage\":\"fr-FR\",\"@id\":\"https:\/\/www.africa-press.net\/cameroun\/politique\/cameroun-deces-didriss-deby-itno-le-ministre-des-relations-exterieures-lejeune-mbella-mbella-signe-au-nom-du-gouvernement-le-livre-de-condoleances-ouvert-a-lambassade-du-tchad#primaryimage\",\"url\":\"https:\/\/static.africa-press.net\/cameroun\/sites\/57\/2021\/04\/img-6089c1cc32d8d.jpg\",\"contentUrl\":\"https:\/\/static.africa-press.net\/cameroun\/sites\/57\/2021\/04\/img-6089c1cc32d8d.jpg\",\"width\":800,\"height\":800,\"caption\":\"Cameroun - D\u00e9c\u00e8s d\u2019Idriss Deby Itno: Le ministre des Relations Ext\u00e9rieures Lejeune Mbella Mbella signe, au nom du gouvernement, le livre de condol\u00e9ances ouvert \u00e0 l\u2019ambassade du Tchad\"},{\"@type\":\"BreadcrumbList\",\"@id\":\"https:\/\/www.africa-press.net\/cameroun\/politique\/cameroun-deces-didriss-deby-itno-le-ministre-des-relations-exterieures-lejeune-mbella-mbella-signe-au-nom-du-gouvernement-le-livre-de-condoleances-ouvert-a-lambassade-du-tchad#breadcrumb\",\"itemListElement\":[{\"@type\":\"ListItem\",\"position\":1,\"name\":\"Accueil\",\"item\":\"https:\/\/www.africa-press.net\/cameroun\/\"},{\"@type\":\"ListItem\",\"position\":2,\"name\":\"Cameroun &#8211; D\u00e9c\u00e8s d\u2019Idriss Deby Itno: Le ministre des Relations Ext\u00e9rieures Lejeune Mbella Mbella signe, au nom du gouvernement, le livre de condol\u00e9ances ouvert \u00e0 l\u2019ambassade du Tchad\"}]},{\"@type\":\"WebSite\",\"@id\":\"https:\/\/www.africa-press.net\/cameroun\/#website\",\"url\":\"https:\/\/www.africa-press.net\/cameroun\/\",\"name\":\"Cameroun\",\"description\":\"Just another Africa News Agency Sites site\",\"potentialAction\":[{\"@type\":\"SearchAction\",\"target\":{\"@type\":\"EntryPoint\",\"urlTemplate\":\"https:\/\/www.africa-press.net\/cameroun\/?s={search_term_string}\"},\"query-input\":{\"@type\":\"PropertyValueSpecification\",\"valueRequired\":true,\"valueName\":\"search_term_string\"}}],\"inLanguage\":\"fr-FR\"},{\"@type\":\"Person\",\"@id\":\"https:\/\/www.africa-press.net\/cameroun\/#\/schema\/person\/2b1cf3cd81a31e3cd26889ca66d677f1\",\"name\":\"cfeditorfr\"}]}<\/script>\n<!-- \/ Yoast SEO Premium plugin. -->","yoast_head_json":{"title":"Cameroun - D\u00e9c\u00e8s d\u2019Idriss Deby Itno: Le ministre des Relations Ext\u00e9rieures Lejeune Mbella Mbella signe, au nom du gouvernement, le livre de condol\u00e9ances ouvert \u00e0 l\u2019ambassade du Tchad - Cameroun","description":"Le Mar\u00e9chal du Tchad, Idriss Deby Itno, est d\u00e9c\u00e9d\u00e9 le 20 avril dernier. Apr\u00e8s ses obs\u00e8ques, l\u2019ambassade du Tchad au Came ...","robots":{"index":"index","follow":"follow","max-snippet":"max-snippet:-1","max-image-preview":"max-image-preview:large","max-video-preview":"max-video-preview:-1"},"canonical":"https:\/\/www.africa-press.net\/cameroun\/politique\/cameroun-deces-didriss-deby-itno-le-ministre-des-relations-exterieures-lejeune-mbella-mbella-signe-au-nom-du-gouvernement-le-livre-de-condoleances-ouvert-a-lambassade-du-tchad","og_locale":"fr_FR","og_type":"article","og_title":"Cameroun - D\u00e9c\u00e8s d\u2019Idriss Deby Itno: Le ministre des Relations Ext\u00e9rieures Lejeune Mbella Mbella signe, au nom du gouvernement, le livre de condol\u00e9ances ouvert \u00e0 l\u2019ambassade du Tchad","og_description":"Le Mar\u00e9chal du Tchad, Idriss Deby Itno, est d\u00e9c\u00e9d\u00e9 le 20 avril dernier. Apr\u00e8s ses obs\u00e8ques, l\u2019ambassade du Tchad au Came ...","og_url":"https:\/\/www.africa-press.net\/cameroun\/politique\/cameroun-deces-didriss-deby-itno-le-ministre-des-relations-exterieures-lejeune-mbella-mbella-signe-au-nom-du-gouvernement-le-livre-de-condoleances-ouvert-a-lambassade-du-tchad","og_site_name":"Cameroun","article_published_time":"2021-04-28T18:28:33+00:00","article_modified_time":"2021-04-28T20:13:46+00:00","og_image":[{"width":800,"height":800,"url":"https:\/\/static.africa-press.net\/cameroun\/sites\/57\/2021\/04\/img-6089c1cc32d8d.jpg","type":"image\/jpeg"}],"author":"cfeditorfr","twitter_card":"summary_large_image","twitter_misc":{"\u00c9crit par":"cfeditorfr","Dur\u00e9e de lecture estim\u00e9e":"2 minutes"},"schema":{"@context":"https:\/\/schema.org","@graph":[{"@type":"Article","@id":"https:\/\/www.africa-press.net\/cameroun\/politique\/cameroun-deces-didriss-deby-itno-le-ministre-des-relations-exterieures-lejeune-mbella-mbella-signe-au-nom-du-gouvernement-le-livre-de-condoleances-ouvert-a-lambassade-du-tchad#article","isPartOf":{"@id":"https:\/\/www.africa-press.net\/cameroun\/politique\/cameroun-deces-didriss-deby-itno-le-ministre-des-relations-exterieures-lejeune-mbella-mbella-signe-au-nom-du-gouvernement-le-livre-de-condoleances-ouvert-a-lambassade-du-tchad"},"author":{"name":"cfeditorfr","@id":"https:\/\/www.africa-press.net\/cameroun\/#\/schema\/person\/2b1cf3cd81a31e3cd26889ca66d677f1"},"headline":"Cameroun &#8211; D\u00e9c\u00e8s d\u2019Idriss Deby Itno: Le ministre des Relations Ext\u00e9rieures Lejeune Mbella Mbella signe, au nom du gouvernement, le livre de condol\u00e9ances ouvert \u00e0 l\u2019ambassade du Tchad","datePublished":"2021-04-28T18:28:33+00:00","dateModified":"2021-04-28T20:13:46+00:00","mainEntityOfPage":{"@id":"https:\/\/www.africa-press.net\/cameroun\/politique\/cameroun-deces-didriss-deby-itno-le-ministre-des-relations-exterieures-lejeune-mbella-mbella-signe-au-nom-du-gouvernement-le-livre-de-condoleances-ouvert-a-lambassade-du-tchad"},"wordCount":449,"commentCount":0,"image":{"@id":"https:\/\/www.africa-press.net\/cameroun\/politique\/cameroun-deces-didriss-deby-itno-le-ministre-des-relations-exterieures-lejeune-mbella-mbella-signe-au-nom-du-gouvernement-le-livre-de-condoleances-ouvert-a-lambassade-du-tchad#primaryimage"},"thumbnailUrl":"https:\/\/static.africa-press.net\/cameroun\/sites\/57\/2021\/04\/img-6089c1cc32d8d.jpg","keywords":["Africa Press","Africa Press-Cameroun","Cameroun"],"articleSection":["homepage-french","Politique","Toutes les actualit\u00e9s"],"inLanguage":"fr-FR","potentialAction":[{"@type":"CommentAction","name":"Comment","target":["https:\/\/www.africa-press.net\/cameroun\/politique\/cameroun-deces-didriss-deby-itno-le-ministre-des-relations-exterieures-lejeune-mbella-mbella-signe-au-nom-du-gouvernement-le-livre-de-condoleances-ouvert-a-lambassade-du-tchad#respond"]}]},{"@type":"WebPage","@id":"https:\/\/www.africa-press.net\/cameroun\/politique\/cameroun-deces-didriss-deby-itno-le-ministre-des-relations-exterieures-lejeune-mbella-mbella-signe-au-nom-du-gouvernement-le-livre-de-condoleances-ouvert-a-lambassade-du-tchad","url":"https:\/\/www.africa-press.net\/cameroun\/politique\/cameroun-deces-didriss-deby-itno-le-ministre-des-relations-exterieures-lejeune-mbella-mbella-signe-au-nom-du-gouvernement-le-livre-de-condoleances-ouvert-a-lambassade-du-tchad","name":"Cameroun - D\u00e9c\u00e8s d\u2019Idriss Deby Itno: Le ministre des Relations Ext\u00e9rieures Lejeune Mbella Mbella signe, au nom du gouvernement, le livre de condol\u00e9ances ouvert \u00e0 l\u2019ambassade du Tchad - Cameroun","isPartOf":{"@id":"https:\/\/www.africa-press.net\/cameroun\/#website"},"primaryImageOfPage":{"@id":"https:\/\/www.africa-press.net\/cameroun\/politique\/cameroun-deces-didriss-deby-itno-le-ministre-des-relations-exterieures-lejeune-mbella-mbella-signe-au-nom-du-gouvernement-le-livre-de-condoleances-ouvert-a-lambassade-du-tchad#primaryimage"},"image":{"@id":"https:\/\/www.africa-press.net\/cameroun\/politique\/cameroun-deces-didriss-deby-itno-le-ministre-des-relations-exterieures-lejeune-mbella-mbella-signe-au-nom-du-gouvernement-le-livre-de-condoleances-ouvert-a-lambassade-du-tchad#primaryimage"},"thumbnailUrl":"https:\/\/static.africa-press.net\/cameroun\/sites\/57\/2021\/04\/img-6089c1cc32d8d.jpg","datePublished":"2021-04-28T18:28:33+00:00","dateModified":"2021-04-28T20:13:46+00:00","author":{"@id":"https:\/\/www.africa-press.net\/cameroun\/#\/schema\/person\/2b1cf3cd81a31e3cd26889ca66d677f1"},"description":"Le Mar\u00e9chal du Tchad, Idriss Deby Itno, est d\u00e9c\u00e9d\u00e9 le 20 avril dernier. Apr\u00e8s ses obs\u00e8ques, l\u2019ambassade du Tchad au Came ...","breadcrumb":{"@id":"https:\/\/www.africa-press.net\/cameroun\/politique\/cameroun-deces-didriss-deby-itno-le-ministre-des-relations-exterieures-lejeune-mbella-mbella-signe-au-nom-du-gouvernement-le-livre-de-condoleances-ouvert-a-lambassade-du-tchad#breadcrumb"},"inLanguage":"fr-FR","potentialAction":[{"@type":"ReadAction","target":["https:\/\/www.africa-press.net\/cameroun\/politique\/cameroun-deces-didriss-deby-itno-le-ministre-des-relations-exterieures-lejeune-mbella-mbella-signe-au-nom-du-gouvernement-le-livre-de-condoleances-ouvert-a-lambassade-du-tchad"]}]},{"@type":"ImageObject","inLanguage":"fr-FR","@id":"https:\/\/www.africa-press.net\/cameroun\/politique\/cameroun-deces-didriss-deby-itno-le-ministre-des-relations-exterieures-lejeune-mbella-mbella-signe-au-nom-du-gouvernement-le-livre-de-condoleances-ouvert-a-lambassade-du-tchad#primaryimage","url":"https:\/\/static.africa-press.net\/cameroun\/sites\/57\/2021\/04\/img-6089c1cc32d8d.jpg","contentUrl":"https:\/\/static.africa-press.net\/cameroun\/sites\/57\/2021\/04\/img-6089c1cc32d8d.jpg","width":800,"height":800,"caption":"Cameroun - D\u00e9c\u00e8s d\u2019Idriss Deby Itno: Le ministre des Relations Ext\u00e9rieures Lejeune Mbella Mbella signe, au nom du gouvernement, le livre de condol\u00e9ances ouvert \u00e0 l\u2019ambassade du Tchad"},{"@type":"BreadcrumbList","@id":"https:\/\/www.africa-press.net\/cameroun\/politique\/cameroun-deces-didriss-deby-itno-le-ministre-des-relations-exterieures-lejeune-mbella-mbella-signe-au-nom-du-gouvernement-le-livre-de-condoleances-ouvert-a-lambassade-du-tchad#breadcrumb","itemListElement":[{"@type":"ListItem","position":1,"name":"Accueil","item":"https:\/\/www.africa-press.net\/cameroun\/"},{"@type":"ListItem","position":2,"name":"Cameroun &#8211; D\u00e9c\u00e8s d\u2019Idriss Deby Itno: Le ministre des Relations Ext\u00e9rieures Lejeune Mbella Mbella signe, au nom du gouvernement, le livre de condol\u00e9ances ouvert \u00e0 l\u2019ambassade du Tchad"}]},{"@type":"WebSite","@id":"https:\/\/www.africa-press.net\/cameroun\/#website","url":"https:\/\/www.africa-press.net\/cameroun\/","name":"Cameroun","description":"Just another Africa News Agency Sites site","potentialAction":[{"@type":"SearchAction","target":{"@type":"EntryPoint","urlTemplate":"https:\/\/www.africa-press.net\/cameroun\/?s={search_term_string}"},"query-input":{"@type":"PropertyValueSpecification","valueRequired":true,"valueName":"search_term_string"}}],"inLanguage":"fr-FR"},{"@type":"Person","@id":"https:\/\/www.africa-press.net\/cameroun\/#\/schema\/person\/2b1cf3cd81a31e3cd26889ca66d677f1","name":"cfeditorfr"}]}},"_links":{"self":[{"href":"https:\/\/www.africa-press.net\/cameroun\/wp-json\/wp\/v2\/posts\/2701","targetHints":{"allow":["GET"]}}],"collection":[{"href":"https:\/\/www.africa-press.net\/cameroun\/wp-json\/wp\/v2\/posts"}],"about":[{"href":"https:\/\/www.africa-press.net\/cameroun\/wp-json\/wp\/v2\/types\/post"}],"author":[{"embeddable":true,"href":"https:\/\/www.africa-press.net\/cameroun\/wp-json\/wp\/v2\/users\/82"}],"replies":[{"embeddable":true,"href":"https:\/\/www.africa-press.net\/cameroun\/wp-json\/wp\/v2\/comments?post=2701"}],"version-history":[{"count":0,"href":"https:\/\/www.africa-press.net\/cameroun\/wp-json\/wp\/v2\/posts\/2701\/revisions"}],"wp:featuredmedia":[{"embeddable":true,"href":"https:\/\/www.africa-press.net\/cameroun\/wp-json\/wp\/v2\/media\/2700"}],"wp:attachment":[{"href":"https:\/\/www.africa-press.net\/cameroun\/wp-json\/wp\/v2\/media?parent=2701"}],"wp:term":[{"taxonomy":"category","embeddable":true,"href":"https:\/\/www.africa-press.net\/cameroun\/wp-json\/wp\/v2\/categories?post=2701"},{"taxonomy":"post_tag","embeddable":true,"href":"https:\/\/www.africa-press.net\/cameroun\/wp-json\/wp\/v2\/tags?post=2701"}],"curies":[{"name":"wp","href":"https:\/\/api.w.org\/{rel}","templated":true}]}}