{"id":27024,"date":"2022-09-08T16:00:00","date_gmt":"2022-09-08T16:00:00","guid":{"rendered":"https:\/\/www.africa-press.net\/cameroun\/politique\/cameroun-affaire-mebe-ngoo-le-role-du-colonel-mboutou-dans-les-marches-passe-au-crible-par-les-juges-de-la-collegialite"},"modified":"2022-09-08T17:23:51","modified_gmt":"2022-09-08T17:23:51","slug":"cameroun-affaire-mebe-ngoo-le-role-du-colonel-mboutou-dans-les-marches-passe-au-crible-par-les-juges-de-la-collegialite","status":"publish","type":"post","link":"https:\/\/www.africa-press.net\/cameroun\/politique\/cameroun-affaire-mebe-ngoo-le-role-du-colonel-mboutou-dans-les-marches-passe-au-crible-par-les-juges-de-la-collegialite","title":{"rendered":"Cameroun &#8211; Affaire MEBE NGO&rsquo;O: Le role du Colonel MBOUTOU dans les march\u00e9s, pass\u00e9 au crible par les Juges de la Coll\u00e9gialit\u00e9"},"content":{"rendered":"<p><span style=\"color: #ff6600\"><strong>Africa-Press &#8211; Cameroun. <\/strong><\/span>Renvoy\u00e9e pour ce jour, l&rsquo;audience s&rsquo;est ouverte comme pr\u00e9vu par les questions de la coll\u00e9gialit\u00e9 des juges \u00e0 l&rsquo;accus\u00e9 MBOUTOU. Ci-dessous l&rsquo;\u00e9change in extenso entre les juges et l&rsquo;accus\u00e9.<\/p>\n<p>*QUESTION : lors de votre Cross-examination face \u00e0 la partie Civile, vous avez rappel\u00e9 que : _\u00a0\u00bble Secr\u00e9tariat Militaire est le Cabinet du Ministre, porte d\u2019entr\u00e9e et de sortie des activit\u00e9s du Minist\u00e8re et le lien avec l\u2019ext\u00e9rieur\u00a0\u00bb_ . Depuis que le MINDEF de l\u2019\u00e9poque vous a pr\u00e9sent\u00e9 \u00e0 son Cabinet, Mr FRANCHITTI et que vous assuriez le suivi des activit\u00e9s de MAGFORCE, est-ce qu\u2019il y a un responsable autre que vous qui travaillait et\/ou \u00e9tait en relation directe avec FRANCHITTI ?*<\/p>\n<p>R\u00e9ponse : premi\u00e8rement je voulais faire une pr\u00e9cision, quand je parle de lien avec l\u2019ext\u00e9rieur c\u2019est que toutes les correspondances sortent \u00e0 travers le service courrier du Secr\u00e9tariat Militaire.<\/p>\n<p>Deuxi\u00e8mement je ne travaillais pas avec Mr FRANCHITTI en tant que personne, je transmettais les besoins \u00e0 la soci\u00e9t\u00e9 MAGFORCE \u00e0 travers Mme Elisabeth Charlon.<\/p>\n<p>*Q : donc vous \u00e9tiez le seul ?*<\/p>\n<p>R : oui<\/p>\n<p>*Q : ce r\u00f4le que vous venez de d\u00e9crire, vous l\u2019avez dit \u00e9tait conforme aux activit\u00e9s du Secr\u00e9tariat Militaire. Vous avez r\u00e9fut\u00e9 que certains vous consid\u00e8rent comme un maillon fort, vous avez dit ne pas \u00eatre impliqu\u00e9 dans la chaine de la d\u00e9pense publique. Nous aimerions savoir comment vous-m\u00eame qualifiez ce r\u00f4le exclusif que vous aviez avec MAGFORCE ?*<\/p>\n<p>R : je dirai deux choses : la premi\u00e8re est que dans les usages du MINDEF et en lien avec la pr\u00e9paration du 20 Mai, il y\u2019a toujours eu un responsable du Cabinet qui joue le r\u00f4le d\u2019interface dans le cadre des commandes du 20 Mai. Avec votre permission, je me permettrais de citer que sous le Ministre d&rsquo;\u00e9tat AMADOU Ali, c\u2019est le Chef Secr\u00e9tariat Militaire Adjoint de l\u2019\u00e9poque qui s\u2019en occupait le Lieutenant-Colonel ADJI GADJAMA. Sous le Ministre Laurent ESSO c\u2019est le Gestionnaire de la R\u00e9serve Minist\u00e9rielle qui s\u2019en occupait \u00e0 l\u2019\u00e9poque le Capitaine MBOUTOU ELLE Ghislain. Sous le Ministre ZE MEKA, c\u2019est le Chef Srrvice des Affaires G\u00e9n\u00e9rales au Cabinet MINDEF qui s\u2019en occupait, le Lieutenant-Colonel EBINI EBOZOA. Sous le Ministre MEBE NGO\u2019O, c\u2019\u00e9tait le Chef Secr\u00e9tariat Militaire Adjoint, le Lieutenant-colonel MBOUTOU ELLE Ghislain. Sous le Ministre BETI ASSOMO, c\u2019est le Chef Secr\u00e9tariat Militaire Adjoint, le Colonel NGOLO NGOMBA qui s&rsquo;en occupe.Pour moi c\u2019est un r\u00f4le d\u2019agent de liaison qui n&rsquo;a rien \u00e0 voir avec la chaine de la commande publique.<\/p>\n<p>*Q : le 1er Juillet dernier, lors de votre examination-in-chief, vous disiez : _\u00a0\u00bbs\u2019agissant de la fusion des besoins, ceux-ci venaient de chacun des \u00c9tats Majors Centraux. Il \u00e9tait question de mettre sur un \u00e9tat unique les besoins pr\u00e9sent\u00e9s par ces structures, pour faciliter la lecture du Ministre. Un simple travail de secr\u00e9tariat conform\u00e9ment aux textes r\u00e9glementaires. Ce travail de fusion se faisait sur instruction du Ministre \u00e0 travers le Chef de Secr\u00e9tariat Militaire. Je me devais de fusionner les besoins, \u00e0 d\u00e9faut, \u00e7a aurait \u00e9t\u00e9 une faute grave contre la discipline r\u00e9prim\u00e9e par le Code de Justice Militaire\u00a0\u00bb_ . Devait on comprendre par l\u00e0 que vous ne pourriez relever \u00e0 l\u2019attention du Ministre aucune anomalie constat\u00e9e ?*<\/p>\n<p>R : il s\u2019agit des \u00e9tats de besoins venant des Etats Majors, je ne vois pas o\u00f9 aurait pu se trouver l\u2019anomalie<\/p>\n<p>*Q : c\u2019est vous qui l&rsquo;avez \u00e9voqu\u00e9, nous voulons savoir au cas o\u00f9 il y\u2019avait eu anomalie est ce que vous n&rsquo;auriez pas fait une observation au Ministre ?*<\/p>\n<p>R : je ne sais quelle anomalie aurait \u00e9t\u00e9 dans les \u00e9tats de besoins.<\/p>\n<p>*Q : et pour les devis ?*<\/p>\n<p>R : ils venaient et je les soumettais \u00e0 la sanction du Ministre. Je pense avoir accompli ma mission les observations relevaient des structures appropri\u00e9es.<\/p>\n<p>*Q : je n\u2019\u00e9tais pas impliqu\u00e9 dans la chaine de la d\u00e9pense. Qu\u2019entendez-vous par l\u00e0 ?*<\/p>\n<p>R : j\u2019avais dit ici en quoi consistait la cha\u00eene de la d\u00e9pense et de la commande publique, je n\u2019\u00e9tais pas impliqu\u00e9 c\u2019est-\u00e0-dire je ne faisais pas partie des acteurs de la chaine de la commande et de la d\u00e9pense publique.<\/p>\n<p>*Q : qu\u2019est-ce qu\u2019un acteur ou que sont-ils ?*<\/p>\n<p>R : le Ministre qui fait la passation, le gestionnaire des cr\u00e9dits qui \u00e9tablit les march\u00e9s, le Contr\u00f4leur Financier qui contr\u00f4le, le Payeur G\u00e9n\u00e9ral qui paie, la Commission de R\u00e9ception qui receptionne et le Magasin central qui est b\u00e9n\u00e9ficiaire des mat\u00e9riels.<\/p>\n<p>*Q : lors d\u2019une audience vous avez dit regarder les prix ?*<\/p>\n<p>R : oui les prix des mat\u00e9riels majeurs \u00e0 savoir les tenues et les rangers.<\/p>\n<p>*Q- dans quel but regardez-vous les prix si vous n\u2019\u00e9tiez qu\u2019un Agent de liaison ?*<\/p>\n<p>R : je n\u2019\u00e9tais qu\u2019un agent de liaison.<\/p>\n<p>Les questions des juges \u00e9puis\u00e9es, la Pr\u00e9sidente a appel\u00e9 au box des t\u00e9moins l&rsquo;accus\u00e9 MENYE Victor Emmanuel pour son examination-in-chief. Ledit examination-in-chief conduit par Me BIKA\u00cf BI BIKA\u00cf, avocat de l&rsquo;accus\u00e9 a donn\u00e9 lieu \u00e0 l&rsquo;\u00e9change ci-dessous. Cet \u00e9change a \u00e9t\u00e9 pr\u00e9c\u00e9d\u00e9 par la demande d&rsquo;une liste de pi\u00e8ces \u00e0 sortir du greffe pour soutenir la d\u00e9fense.<\/p>\n<p>*Q : Mr MENYE, pouvez-vous vous pr\u00e9senter sur le plan professionnel apr\u00e8s votre parcours acad\u00e9mique ?*<\/p>\n<p>R : je souhaite dire que je suis soulag\u00e9 de prendre la parole apr\u00e8s 3 ans de castration sociale, de d\u00e9tention, afin de r\u00e9tablir mon honneur apr\u00e8s l&rsquo;opprobre jet\u00e9 sur moi par le Tribunal Criminel Sp\u00e9cial.<\/p>\n<p>Muni d&rsquo;un DEA en \u00e9conomie de la production \u00e0 l&rsquo;universit\u00e9 de Paris 1, j&rsquo;ai \u00e9t\u00e9 recrut\u00e9 comme cadre \u00e0 la Soci\u00e9t\u00e9 Camerounaise de Banque le 27 mars 1984. Suite \u00e0 la scission dissolution de la SCB, je suis recrut\u00e9 le 1er ao\u00fbt 1989 \u00e0 la Soci\u00e9t\u00e9 Commerciale de Banque Cr\u00e9dit Lyonnais Cameroun.<\/p>\n<p>En 2010, je suis Directeur de l&rsquo;agence du Boulevard du 20 mai \u00e0 Yaound\u00e9 o\u00f9 est domicili\u00e9 le compte du minist\u00e8re de la d\u00e9fense ouvert en 1991 par le Ministre d&rsquo;\u00e9tat \u00c9douard Akame Mfoumou. Le 08 avril 2011, le groupe marocain Attijariwafa Banque devient l&rsquo;actionnaire de r\u00e9f\u00e9rence de la SCB avec 51% de parts dans le capital. Permettez-moi de pr\u00e9senter sommairement le groupe Attijariwafa, il est d\u00e9tenu \u00e0 35% par la holding du Roi du Maroc. Le Maroc a la probl\u00e9matique de la province frondeuse du Rif et celle du Sahara Occidental. Pour dire que le Maroc est tr\u00e8s regardant en mati\u00e8re de lutte contre le blanchiment des capitaux. Le 1er juillet 2011, je suis nomm\u00e9 \u00e0 Douala, responsable du corporate, donc 2\/3 des revenus de la banque, pour credibiliser l&rsquo;expertise marocaine face aux banques fran\u00e7aises et anglo-saxonnes. Le 07 septembre 2012, le Chef de l\u2019Etat me fait l&rsquo;honneur de me choisir et de d\u00e9signer pour la premi\u00e8re fois un cadre de la banque comme Directeur G\u00e9n\u00e9ral Adjoint de la banque, repr\u00e9sentant les int\u00e9r\u00eats du Cameroun. Apr\u00e8s la r\u00e9solution du conseil d&rsquo;administration me d\u00e9signant, une demande d&rsquo;agr\u00e9ment est sollicit\u00e9e du Minfi. Celui-ci saisit la COBAC, gendarme des banques pour les formalit\u00e9s d&rsquo;usage. Apr\u00e8s l&rsquo;agr\u00e9ment de la COBAC le dossier est renvoy\u00e9 au premier minist\u00e8re qui marque son visa. C&rsquo;est apr\u00e8s \u00e7a qu&rsquo;en f\u00e9vrier 2013 l&rsquo;arr\u00eat\u00e9 minist\u00e9riel du Minfi est sign\u00e9 me nommant Directeur G\u00e9n\u00e9ral Adjoint.<\/p>\n<p>Quand Mr MEBE est Mindef, je suis \u00e0 Yaound\u00e9 lors des 20 mai 2010 et 2011 ; lors du 20 mai 2012, je suis responsable du corporate \u00e0 Douala et DGA \u00e0 Douala lors des 20 mai 2013 \u00e0 2015.<\/p>\n<p>Pendant 10 ans, jusqu&rsquo;en 2011, j&rsquo;ai \u00e9t\u00e9 d\u00e9l\u00e9gu\u00e9 syndical et d\u00e9l\u00e9gu\u00e9 du personnel.<\/p>\n<p>_Production des pi\u00e8ces, toutes admises par le tribunal comme pi\u00e8ces \u00e0 conviction_<\/p>\n<p>*Q : comment avez-vous \u00e9t\u00e9 inform\u00e9 d&rsquo;une proc\u00e9dure ouverte contre Mr MEBE NGO\u2019O et autres ?*<\/p>\n<p>R : le Directeur G\u00e9n\u00e9ral de la SCB a re\u00e7u le 29 janvier 2019 un fax de nos \u00e9quipes juridiques de Yaound\u00e9 annon\u00e7ant cette proc\u00e9dure, il me fait venir \u00e0 double titre, comme repr\u00e9sentant du Cameroun parceque \u00e7a concernait un ancien Ministre de souverainet\u00e9 camerounais, et comme responsable de toute la ligne commerciale car relevant des clients de la banque priv\u00e9e \u00e0 Yaound\u00e9.<\/p>\n<p>*Q : est-ce que cette correspondance faisait allusion \u00e0 vous par rapport aux mesures conservatoires, notamment l&rsquo;interdiction de sortie du territoire national ?*<\/p>\n<p>R : non. J&rsquo;en veux pour preuve, j&rsquo;ai assist\u00e9 au conseil d&rsquo;administration \u00e0 Casablanca le 7 f\u00e9vrier 2019. Le 08 f\u00e9vrier 2019, j&rsquo;\u00e9tais \u00e0 Montpellier pour les 21 ans de ma fille. Le 25 f\u00e9vrier 2019, j&rsquo;\u00e9tais \u00e0 Libreville pour une r\u00e9union de la COBAC apr\u00e8s avoir \u00e9t\u00e9 entendu le 18 f\u00e9vrier 2019 comme t\u00e9moin par les enqu\u00eateurs du TCS. Je n&rsquo;\u00e9tais pas dans le champ de l&rsquo;enqu\u00eate diligentee par le parquet g\u00e9n\u00e9ral du TCS. Mes conseils fourniront mon passeport qui ne m&rsquo;avait pas \u00e9t\u00e9 retir\u00e9 et qui porte un visa en France qui courait jusqu&rsquo;en octobre 2021. Je ne savais pas que j&rsquo;\u00e9tais en danger, sinon je ne serais pas rentr\u00e9.<\/p>\n<p>_Production du passeport comme pi\u00e8ce \u00e0 conviction qui est admise par le tribunal_<\/p>\n<p>*Q : comment vous vous retrouvez dans cette affaire dite affaire MEBE NGO\u2019O ?*<\/p>\n<p>R : je suis convoqu\u00e9 le 18 f\u00e9vrier 2019 par les OPJ, je croyais qu&rsquo;il \u00e9tait question d&rsquo;avoir des \u00e9clairages sur les op\u00e9rations en banque en lieu et place du DG marocain qui \u00e9tait un \u00e9tranger. Je suis surpris que les fins limiers du TCS m\u2019interrogent sur les affabulations, le kongossa soutenus par rien du tout jusqu&rsquo;\u00e0 date.<\/p>\n<p>*Q : devant les OPJ du TCS, le 05 mars 2019 vous \u00eates interrog\u00e9 comme mis en cause. Quels sont les faits qui vous sont reproch\u00e9s dans le cadre de cette enqu\u00eate ?*<\/p>\n<p>R : lorsque je suis convoqu\u00e9 comme suspect, j&rsquo;\u00e9tais surpris car je pensais qu&rsquo;un tribunal criminel, p\u00e9nal m\u00eame s&rsquo;il est sp\u00e9cial, on vous oppose des faits, de la mati\u00e8re, mais pas des supputations, du kongossa. C&rsquo;est sur ce vide, ce n\u00e9ant que je suis gard\u00e9 \u00e0 vue le 5 mars 2019.<\/p>\n<p>*Q : combien d&rsquo;auditions avez-vous subi devant les OPJ du TCS ?*<\/p>\n<p>R : une comme t\u00e9moin le 18 f\u00e9vrier 2019 et une comme suspect et gard\u00e9 \u00e0 vue le 5 mars 2019<\/p>\n<p>*Q : avez-vous \u00e9t\u00e9 confront\u00e9 aux autres mis en cause lors de cette enqu\u00eate pr\u00e9liminaire ?*<\/p>\n<p>R : non<\/p>\n<p>*Q : pour quels faits exactement avez-vous \u00e9t\u00e9 inculp\u00e9 par le juge d\u2019instruction ?*<\/p>\n<p>R : \u00ab\u00a0de s&rsquo;\u00eatre \u00e0 Yaound\u00e9, courant 2010-2014, rendu complice de coaction de d\u00e9tournement de la somme de plus de 1.300.000.000 Fcfa reproch\u00e9 \u00e0 MEBE NGO\u2019O et \u00e0 Robert FRANCHITTI, \u00e0 travers les actes d&rsquo;aide et de facilitation \u00e0 lui apport\u00e9s en qualit\u00e9 de banquier, dans divers montages et transactions financiers ainsi que l&rsquo;ouverture abusive de multiples comptes bancaires tant sur le plan national qu&rsquo;international\u00a0\u00bb.<\/p>\n<p>\u00ab\u00a0De s&rsquo;\u00eatre \u00e0 Yaound\u00e9 depuis 2011 rendu complice du crime de blanchiment aggrav\u00e9 de capitaux reproch\u00e9 \u00e0 MEBE NGO\u2019O \u00e0 travers les actes de facilitation \u00e0 lui apport\u00e9s en qualit\u00e9 de banquier dans divers montages financiers\u00a0\u00bb<\/p>\n<p>*Q : combien de fois avez-vous \u00e9t\u00e9 entendu par le juge d\u2019instruction ?*<\/p>\n<p>R : deux fois en 18 mois, le 17 octobre 2019 et le 30 janvier 2020<\/p>\n<p>*Q : pour quels faits avez-vous \u00e9t\u00e9 entendus devant le juge d\u2019instruction ?*<\/p>\n<p>R : le 17 octobre 2019, le juge d\u2019instruction voulait savoir si j&rsquo;ai \u00e9t\u00e9 impliqu\u00e9 dans l&rsquo;acquisition des effets au Mindef de 2009 \u00e0 2015, je lui ai r\u00e9pondu que je n&rsquo;y \u00e9tais pas impliqu\u00e9 \u00e0 titre personnel. Il a voulu savoir si en tant que DGA la SCB avait impliqu\u00e9e dans l&rsquo;acquisition des effets, je lui ai dit que le Mindef est parmi les 200.000 clients de la SCB. Il voulait savoir si le Mindef a ouvert les comptes \u00e0 la SCB, si oui quels types de comptes, j&rsquo;ai dit que le Mindef avait des comptes courants ouverts avant 2009. Il voulait savoir dans quel cadre la SCB est intervenue dans les march\u00e9s, je lui ai dit que le compte est aliment\u00e9 par des ressources provenant de la SNH ou du minist\u00e8re des finances. Une fois aliment\u00e9e il pouvait l&rsquo;objet des retraits ou des virements, sous la signature conjointe du Chef Service des Affaires G\u00e9n\u00e9rales et du Ministre. Ensuite il a voulu savoir si on peut faire des d\u00e9couverts sur le compte, je lui ai dit qu&rsquo;on pouvait faire des d\u00e9couverts comme \u00e0 tout client. Ainsi pour les paiements de la SNH le Ministre joignait la lettre du Chef d\u2019Etat-major Particulier qui marqu\u00e9 l&rsquo;accord du d\u00e9blocage. Dans les virements du Minfi, il y a la lettre du Minfi au Payeur G\u00e9n\u00e9ral du Tr\u00e9sor. A la question de savoir si j&rsquo;\u00e9tais au courant de la loi n\u00b02007\/006 portant r\u00e9gime financier de l&rsquo;\u00e9tat qui interdit aux administrations l&rsquo;ouverture des comptes, j&rsquo;ai dit non et que cel\u00e0 n&rsquo;a jamais \u00e9t\u00e9 reproch\u00e9 \u00e0 la banque ni par les commissaires aux comptes, ni par les imp\u00f4ts, encore moins la COBAC.<\/p>\n<p>Il m&rsquo;a pos\u00e9 des questions sur mes rapports avec Mr MEBE, je lui ai expliqu\u00e9 que j&rsquo;\u00e9tais l&rsquo;ami de Mr MEBE mais pas des fonctions minist\u00e9rielles de Mr MEBE et que j&rsquo;avais connu plusieurs de ses pr\u00e9d\u00e9cesseurs : le Cabinet Civil depuis Laurent ESSO, la DGSN depuis Jean FOCHIVE, le Mindef depuis AKAME MFOUMOU. Il voulait savoir si je connais Robert FRANCHITTI. Oui je le connais, mais pas de fa\u00e7on particuli\u00e8re, il voulait travailler avec le groupe Attijariwafa mais n&rsquo;\u00e9tait pas dans le mod\u00e8le de la banque. Apr\u00e8s il est pass\u00e9 aux affirmations et au kongossa de \u00ab\u00a0l&rsquo;\u00e9vangile saint MBANGUE\u00a0\u00bb sur le fait que je serais le facilitateur des montages financiers de MEBE, je lui ai dit que je trouvais ces all\u00e9gations mensong\u00e8res et calomnieuses et qu&rsquo;il ne peut apporter de preuves. Il m&rsquo;a demand\u00e9 quel \u00e9tait mon salaire mensuel, je lui ai dit qu&rsquo;il \u00e9tait de 5.000.000 Fcfa sans compter les avantages.<\/p>\n<p>A la fin, il m&rsquo;a demand\u00e9 si j&rsquo;avais autre chose \u00e0 ajouter, je lui ai dit que je tenais \u00e0 faire la part des choses entre mon amiti\u00e9 avec Mr MEBE et les choses qui m&rsquo;\u00e9taient reproch\u00e9es.<\/p>\n<p>Le 30 janvier 2020, le juge d\u2019instruction m&rsquo;a fait part de ce que, suite au r\u00e9quisitoire suppl\u00e9tif du procureur g\u00e9n\u00e9ral du TCS, j&rsquo;\u00e9tais inculp\u00e9 du m\u00eame crime de complicit\u00e9 de coaction de d\u00e9tournement, mais dans la p\u00e9riode 2010 au 02 octobre 2015.<\/p>\n<p>Qu&rsquo;il soit clair qu&rsquo;en ce qui concerne l&rsquo;ouverture des comptes, je prends votre exemple Mme la Pr\u00e9sidente, si vous voulez ouvrir un compte, je vais vous prendre un rendez-vous avec un responsable de la banque au regard de vos fonctions et la proc\u00e9dure va se poursuivre conform\u00e9ment \u00e0 la r\u00e9glementation. Je ne pouvais donc pas laisser des hauts responsables camerounais dans la rue \u00e0 Paris, je les ai orienter \u00e0 Attijariwafa Europe. J&rsquo;ai demand\u00e9 au juge pourquoi il veut que je sois le banquier de MEBE NGO\u2019O, je peux vous donner la liste des personnes qui \u00e9taient avec MEBE NGO\u2019O, vous serez surprise de leur identit\u00e9, mais je suis astreint au secret bancaire.<\/p>\n<p>*Q : apr\u00e8s ces auditions que vous venez de lire, le dispositif de l&rsquo;ordonnance de renvoi dit que vous \u00eates renvoy\u00e9 devant cette juridiction pour complicit\u00e9 de d\u00e9tournement de la somme totale de 18.699.567.085 Fcfa. Est-ce que vous avez \u00e9t\u00e9 interrog\u00e9 par le juge d\u2019instruction sur les faits et le montant total de 18.699.567.085 Fcfa ?*<\/p>\n<p>R : non.<\/p>\n<p>*Q : on dit charges suffisantes contre vous de complicit\u00e9 de blanchiment aggrav\u00e9 des capitaux dont le montant avoisine 20 milliards FCFA. Avez-vous \u00e9t\u00e9 interrog\u00e9 par le juge d\u2019instruction sur ces faits au montant avoisinant 20 milliards ?*<\/p>\n<p>R : non.<\/p>\n<p>*Q : lorsque je rappelle les deux infractions qui sont contenues le PV de 1\u00e8re comparution et ce qui a \u00e9t\u00e9 retenu contre vous dans l&rsquo;ordonnance de renvoi apr\u00e8s les auditions que nous avons suivi, est-ce que vous pensez avoir \u00e9t\u00e9 renvoy\u00e9 devant le TCS pour ce pour quoi vous avez \u00e9t\u00e9 inculp\u00e9 ?*<\/p>\n<p>R : on me met en prison pour les questions qu&rsquo;on ne m&rsquo;a pas pos\u00e9, ni par les enqu\u00eateurs, ni par le juge d\u2019instruction. Juge des libert\u00e9s dans d&rsquo;autres pays, qui met en prison un mandataire de banque qui pouvait pr\u00e9senter une garantie de caution de 1.300.000.000 Fcfa, que le juge n&rsquo;a pas sollicit\u00e9. Il a pr\u00e9f\u00e9r\u00e9 me mettre en prison. Le m\u00eame juge d\u2019instruction me renvoie devant votre auguste tribunal pour des infractions qu&rsquo;il n&rsquo;a pas pris la peine de m&rsquo;interroger.<\/p>\n<p>En conclusion, j&rsquo;ai \u00e9t\u00e9 renvoy\u00e9 devant votre tribunal pour des faits pour lesquels je n&rsquo;ai pas \u00e9t\u00e9 interrog\u00e9 avec la disparition d&rsquo;un co-auteur en la personne de Robert FRANCHITTI.<\/p>\n<p>*Q : dans le dispositif de l&rsquo;ordonnance de renvoi du juge d\u2019instruction ainsi que dans les r\u00e9quisitions interm\u00e9diaires du minist\u00e8re public, l&rsquo;on ne mentionne nulle part la ou les personnes avec qui vous auriez agi comme complice dans les faits retenus \u00e0 votre endroit devant cette juridiction. Est-ce que en lisant cet ordonnance de renvoi vous pouvez imaginer qui seraient vos complices ?*<\/p>\n<p>R : je ne comprends m\u00eame pas pourquoi je me retrouve dans les r\u00e9quisitions interm\u00e9diaires. Je ne sais pas ce que je fais ici. Pour puiser \u00e0 une sagesse bulu qui dit : \u00ab\u00a0que cherche la poule dans les affaires des dents ?\u00a0\u00bb Que cherche Mr MENYE dans les affaires de march\u00e9s au minist\u00e8re de la d\u00e9fense ? Je suis l\u00e0 pour crime d&rsquo;amiti\u00e9 avec Mr MEBE.<\/p>\n<p>Je tiens \u00e0 dire que j&rsquo;ai la fiert\u00e9 qu&rsquo;un ancien cadre de la banque m&rsquo;a remplac\u00e9 comme DGA. Par ailleurs, pour la haute estime que j&rsquo;avais de mes fonctions et alors que je pouvais encore b\u00e9n\u00e9ficier de mon salaire pendant 6 mois, j&rsquo;ai d\u00e9cid\u00e9 d\u00e8s apr\u00e8s mon incarc\u00e9ration de d\u00e9missionner de mes fonctions.<\/p>\n<p>Enfin ma fille \u00e9tait suivie depuis l&rsquo;\u00e2ge de 5 ans \u00e0 l&rsquo;h\u00f4pital \u00e0 Paris. Lorsque le juge m&rsquo;envoie devant ce tribunal le 26 ao\u00fbt 2020, ma fille voyage pour la France et le 16 septembre 2020, elle d\u00e9c\u00e8de et est enterr\u00e9e \u00e0 Montpellier. Je ne dis pas qu&rsquo;elle ne serait pas d\u00e9c\u00e9d\u00e9e, mais je pense qu&rsquo;elle n&rsquo;aurait pas \u00e9t\u00e9 enterr\u00e9 l\u00e0-bas, tout ceci \u00e0 cause de la m\u00e9chancet\u00e9 des hommes.<\/p>\n<p>Je ne saurais terminer sans avoir une pens\u00e9e \u00e9mue pour le b\u00e2tonnier Me TCHAKOUNTE PATIE, mon avocat des premi\u00e8res heures, qui se serait fait le devoir de me sortir de ce p\u00e9trin.<\/p>\n<p>L&rsquo;Examination-in-chief de l&rsquo;accus\u00e9 MENYE \u00e9tant termin\u00e9, la cause a \u00e9t\u00e9 renvoy\u00e9e au 20 septembre 2022 pour la cross-examination de l&rsquo;accus\u00e9 par la partie civile et le minist\u00e8re public.<\/p>\n<p>*P.S : &#8211; \u00e0 chacun de se faire son id\u00e9e sur ce proc\u00e8s au minist\u00e8re de la d\u00e9fense, dont on peine \u00e0 voir ce qui a d\u00e9termin\u00e9 son ouverture*<\/p>\n<p>*Rendez-vous le 20 septembre 2022*<\/p>\n<p>*Franck ESSOMBA*<\/p>\n<p><strong>Pour plus d&rsquo;informations et d&rsquo;analyses sur la <a href=\"https:\/\/www.africa-press.net\/cameroun\">Cameroun<\/a>, suivez <a href=\"https:\/\/www.africa-press.net\/\">Africa-Press<\/a><\/strong><\/p>\n","protected":false},"excerpt":{"rendered":"<p>Africa-Press &#8211; Cameroun. Renvoy\u00e9e pour ce jour, l&rsquo;audience s&rsquo;est ouverte comme pr\u00e9vu par les questions de la coll\u00e9gialit\u00e9 des juges \u00e0 l&rsquo;accus\u00e9 MBOUTOU. Ci-dessous l&rsquo;\u00e9change in extenso entre les juges et l&rsquo;accus\u00e9. *QUESTION : lors de votre Cross-examination face \u00e0 la partie Civile, vous avez rappel\u00e9 que : _\u00a0\u00bble Secr\u00e9tariat Militaire est le Cabinet du [&hellip;]<\/p>\n","protected":false},"author":82,"featured_media":27023,"comment_status":"open","ping_status":"closed","sticky":false,"template":"","format":"standard","meta":{"footnotes":""},"categories":[7,11,2,10],"tags":[36,50,49],"class_list":["post-27024","post","type-post","status-publish","format-standard","has-post-thumbnail","hentry","category-dossiers","category-homepage-french","category-politique","category-toutes-les-actualites","tag-africa-press","tag-africa-press-cameroun","tag-cameroun"],"yoast_head":"<!-- This site is optimized with the Yoast SEO Premium plugin v26.1 (Yoast SEO v27.0) - https:\/\/yoast.com\/product\/yoast-seo-premium-wordpress\/ -->\n<title>Cameroun - Affaire MEBE NGO&#039;O: Le role du Colonel MBOUTOU dans les march\u00e9s, pass\u00e9 au crible par les Juges de la Coll\u00e9gialit\u00e9 - Cameroun<\/title>\n<meta name=\"description\" content=\"Renvoy\u00e9e pour ce jour, l&#039;audience s&#039;est ouverte comme pr\u00e9vu par les questions de la coll\u00e9gialit\u00e9 des juges \u00e0 l&#039;accus\u00e9 MB ...\" \/>\n<meta name=\"robots\" content=\"index, follow, max-snippet:-1, max-image-preview:large, max-video-preview:-1\" \/>\n<link rel=\"canonical\" href=\"https:\/\/www.africa-press.net\/cameroun\/politique\/cameroun-affaire-mebe-ngoo-le-role-du-colonel-mboutou-dans-les-marches-passe-au-crible-par-les-juges-de-la-collegialite\" \/>\n<meta property=\"og:locale\" content=\"fr_FR\" \/>\n<meta property=\"og:type\" content=\"article\" \/>\n<meta property=\"og:title\" content=\"Cameroun - Affaire MEBE NGO&#039;O: Le role du Colonel MBOUTOU dans les march\u00e9s, pass\u00e9 au crible par les Juges de la Coll\u00e9gialit\u00e9\" \/>\n<meta property=\"og:description\" content=\"Renvoy\u00e9e pour ce jour, l&#039;audience s&#039;est ouverte comme pr\u00e9vu par les questions de la coll\u00e9gialit\u00e9 des juges \u00e0 l&#039;accus\u00e9 MB ...\" \/>\n<meta property=\"og:url\" content=\"https:\/\/www.africa-press.net\/cameroun\/politique\/cameroun-affaire-mebe-ngoo-le-role-du-colonel-mboutou-dans-les-marches-passe-au-crible-par-les-juges-de-la-collegialite\" \/>\n<meta property=\"og:site_name\" content=\"Cameroun\" \/>\n<meta property=\"article:published_time\" content=\"2022-09-08T16:00:00+00:00\" \/>\n<meta property=\"article:modified_time\" content=\"2022-09-08T17:23:51+00:00\" \/>\n<meta property=\"og:image\" content=\"https:\/\/static.africa-press.net\/cameroun\/sites\/57\/2022\/09\/postQueueImg_25.jpg\" \/>\n\t<meta property=\"og:image:width\" content=\"800\" \/>\n\t<meta property=\"og:image:height\" content=\"480\" \/>\n\t<meta property=\"og:image:type\" content=\"image\/jpeg\" \/>\n<meta name=\"author\" content=\"cfeditorfr\" \/>\n<meta name=\"twitter:card\" content=\"summary_large_image\" \/>\n<meta name=\"twitter:label1\" content=\"\u00c9crit par\" \/>\n\t<meta name=\"twitter:data1\" content=\"cfeditorfr\" \/>\n\t<meta name=\"twitter:label2\" content=\"Dur\u00e9e de lecture estim\u00e9e\" \/>\n\t<meta name=\"twitter:data2\" content=\"16 minutes\" \/>\n<script type=\"application\/ld+json\" class=\"yoast-schema-graph\">{\"@context\":\"https:\/\/schema.org\",\"@graph\":[{\"@type\":\"Article\",\"@id\":\"https:\/\/www.africa-press.net\/cameroun\/politique\/cameroun-affaire-mebe-ngoo-le-role-du-colonel-mboutou-dans-les-marches-passe-au-crible-par-les-juges-de-la-collegialite#article\",\"isPartOf\":{\"@id\":\"https:\/\/www.africa-press.net\/cameroun\/politique\/cameroun-affaire-mebe-ngoo-le-role-du-colonel-mboutou-dans-les-marches-passe-au-crible-par-les-juges-de-la-collegialite\"},\"author\":{\"name\":\"cfeditorfr\",\"@id\":\"https:\/\/www.africa-press.net\/cameroun\/#\/schema\/person\/2b1cf3cd81a31e3cd26889ca66d677f1\"},\"headline\":\"Cameroun &#8211; Affaire MEBE NGO&rsquo;O: Le role du Colonel MBOUTOU dans les march\u00e9s, pass\u00e9 au crible par les Juges de la Coll\u00e9gialit\u00e9\",\"datePublished\":\"2022-09-08T16:00:00+00:00\",\"dateModified\":\"2022-09-08T17:23:51+00:00\",\"mainEntityOfPage\":{\"@id\":\"https:\/\/www.africa-press.net\/cameroun\/politique\/cameroun-affaire-mebe-ngoo-le-role-du-colonel-mboutou-dans-les-marches-passe-au-crible-par-les-juges-de-la-collegialite\"},\"wordCount\":3294,\"commentCount\":0,\"image\":{\"@id\":\"https:\/\/www.africa-press.net\/cameroun\/politique\/cameroun-affaire-mebe-ngoo-le-role-du-colonel-mboutou-dans-les-marches-passe-au-crible-par-les-juges-de-la-collegialite#primaryimage\"},\"thumbnailUrl\":\"https:\/\/static.africa-press.net\/cameroun\/sites\/57\/2022\/09\/postQueueImg_25.jpg\",\"keywords\":[\"Africa Press\",\"Africa Press-Cameroun\",\"Cameroun\"],\"articleSection\":[\"Dossiers\",\"homepage-french\",\"Politique\",\"Toutes les actualit\u00e9s\"],\"inLanguage\":\"fr-FR\",\"potentialAction\":[{\"@type\":\"CommentAction\",\"name\":\"Comment\",\"target\":[\"https:\/\/www.africa-press.net\/cameroun\/politique\/cameroun-affaire-mebe-ngoo-le-role-du-colonel-mboutou-dans-les-marches-passe-au-crible-par-les-juges-de-la-collegialite#respond\"]}]},{\"@type\":\"WebPage\",\"@id\":\"https:\/\/www.africa-press.net\/cameroun\/politique\/cameroun-affaire-mebe-ngoo-le-role-du-colonel-mboutou-dans-les-marches-passe-au-crible-par-les-juges-de-la-collegialite\",\"url\":\"https:\/\/www.africa-press.net\/cameroun\/politique\/cameroun-affaire-mebe-ngoo-le-role-du-colonel-mboutou-dans-les-marches-passe-au-crible-par-les-juges-de-la-collegialite\",\"name\":\"Cameroun - Affaire MEBE NGO'O: Le role du Colonel MBOUTOU dans les march\u00e9s, pass\u00e9 au crible par les Juges de la Coll\u00e9gialit\u00e9 - Cameroun\",\"isPartOf\":{\"@id\":\"https:\/\/www.africa-press.net\/cameroun\/#website\"},\"primaryImageOfPage\":{\"@id\":\"https:\/\/www.africa-press.net\/cameroun\/politique\/cameroun-affaire-mebe-ngoo-le-role-du-colonel-mboutou-dans-les-marches-passe-au-crible-par-les-juges-de-la-collegialite#primaryimage\"},\"image\":{\"@id\":\"https:\/\/www.africa-press.net\/cameroun\/politique\/cameroun-affaire-mebe-ngoo-le-role-du-colonel-mboutou-dans-les-marches-passe-au-crible-par-les-juges-de-la-collegialite#primaryimage\"},\"thumbnailUrl\":\"https:\/\/static.africa-press.net\/cameroun\/sites\/57\/2022\/09\/postQueueImg_25.jpg\",\"datePublished\":\"2022-09-08T16:00:00+00:00\",\"dateModified\":\"2022-09-08T17:23:51+00:00\",\"author\":{\"@id\":\"https:\/\/www.africa-press.net\/cameroun\/#\/schema\/person\/2b1cf3cd81a31e3cd26889ca66d677f1\"},\"description\":\"Renvoy\u00e9e pour ce jour, l'audience s'est ouverte comme pr\u00e9vu par les questions de la coll\u00e9gialit\u00e9 des juges \u00e0 l'accus\u00e9 MB ...\",\"breadcrumb\":{\"@id\":\"https:\/\/www.africa-press.net\/cameroun\/politique\/cameroun-affaire-mebe-ngoo-le-role-du-colonel-mboutou-dans-les-marches-passe-au-crible-par-les-juges-de-la-collegialite#breadcrumb\"},\"inLanguage\":\"fr-FR\",\"potentialAction\":[{\"@type\":\"ReadAction\",\"target\":[\"https:\/\/www.africa-press.net\/cameroun\/politique\/cameroun-affaire-mebe-ngoo-le-role-du-colonel-mboutou-dans-les-marches-passe-au-crible-par-les-juges-de-la-collegialite\"]}]},{\"@type\":\"ImageObject\",\"inLanguage\":\"fr-FR\",\"@id\":\"https:\/\/www.africa-press.net\/cameroun\/politique\/cameroun-affaire-mebe-ngoo-le-role-du-colonel-mboutou-dans-les-marches-passe-au-crible-par-les-juges-de-la-collegialite#primaryimage\",\"url\":\"https:\/\/static.africa-press.net\/cameroun\/sites\/57\/2022\/09\/postQueueImg_25.jpg\",\"contentUrl\":\"https:\/\/static.africa-press.net\/cameroun\/sites\/57\/2022\/09\/postQueueImg_25.jpg\",\"width\":800,\"height\":480,\"caption\":\"Cameroun - Affaire MEBE NGO'O: Le role du Colonel MBOUTOU dans les march\u00e9s, pass\u00e9 au crible par les Juges de la Coll\u00e9gialit\u00e9\"},{\"@type\":\"BreadcrumbList\",\"@id\":\"https:\/\/www.africa-press.net\/cameroun\/politique\/cameroun-affaire-mebe-ngoo-le-role-du-colonel-mboutou-dans-les-marches-passe-au-crible-par-les-juges-de-la-collegialite#breadcrumb\",\"itemListElement\":[{\"@type\":\"ListItem\",\"position\":1,\"name\":\"Accueil\",\"item\":\"https:\/\/www.africa-press.net\/cameroun\/\"},{\"@type\":\"ListItem\",\"position\":2,\"name\":\"Cameroun &#8211; Affaire MEBE NGO&#8217;O: Le role du Colonel MBOUTOU dans les march\u00e9s, pass\u00e9 au crible par les Juges de la Coll\u00e9gialit\u00e9\"}]},{\"@type\":\"WebSite\",\"@id\":\"https:\/\/www.africa-press.net\/cameroun\/#website\",\"url\":\"https:\/\/www.africa-press.net\/cameroun\/\",\"name\":\"Cameroun\",\"description\":\"Just another Africa News Agency Sites site\",\"potentialAction\":[{\"@type\":\"SearchAction\",\"target\":{\"@type\":\"EntryPoint\",\"urlTemplate\":\"https:\/\/www.africa-press.net\/cameroun\/?s={search_term_string}\"},\"query-input\":{\"@type\":\"PropertyValueSpecification\",\"valueRequired\":true,\"valueName\":\"search_term_string\"}}],\"inLanguage\":\"fr-FR\"},{\"@type\":\"Person\",\"@id\":\"https:\/\/www.africa-press.net\/cameroun\/#\/schema\/person\/2b1cf3cd81a31e3cd26889ca66d677f1\",\"name\":\"cfeditorfr\"}]}<\/script>\n<!-- \/ Yoast SEO Premium plugin. -->","yoast_head_json":{"title":"Cameroun - Affaire MEBE NGO'O: Le role du Colonel MBOUTOU dans les march\u00e9s, pass\u00e9 au crible par les Juges de la Coll\u00e9gialit\u00e9 - Cameroun","description":"Renvoy\u00e9e pour ce jour, l'audience s'est ouverte comme pr\u00e9vu par les questions de la coll\u00e9gialit\u00e9 des juges \u00e0 l'accus\u00e9 MB ...","robots":{"index":"index","follow":"follow","max-snippet":"max-snippet:-1","max-image-preview":"max-image-preview:large","max-video-preview":"max-video-preview:-1"},"canonical":"https:\/\/www.africa-press.net\/cameroun\/politique\/cameroun-affaire-mebe-ngoo-le-role-du-colonel-mboutou-dans-les-marches-passe-au-crible-par-les-juges-de-la-collegialite","og_locale":"fr_FR","og_type":"article","og_title":"Cameroun - Affaire MEBE NGO'O: Le role du Colonel MBOUTOU dans les march\u00e9s, pass\u00e9 au crible par les Juges de la Coll\u00e9gialit\u00e9","og_description":"Renvoy\u00e9e pour ce jour, l'audience s'est ouverte comme pr\u00e9vu par les questions de la coll\u00e9gialit\u00e9 des juges \u00e0 l'accus\u00e9 MB ...","og_url":"https:\/\/www.africa-press.net\/cameroun\/politique\/cameroun-affaire-mebe-ngoo-le-role-du-colonel-mboutou-dans-les-marches-passe-au-crible-par-les-juges-de-la-collegialite","og_site_name":"Cameroun","article_published_time":"2022-09-08T16:00:00+00:00","article_modified_time":"2022-09-08T17:23:51+00:00","og_image":[{"width":800,"height":480,"url":"https:\/\/static.africa-press.net\/cameroun\/sites\/57\/2022\/09\/postQueueImg_25.jpg","type":"image\/jpeg"}],"author":"cfeditorfr","twitter_card":"summary_large_image","twitter_misc":{"\u00c9crit par":"cfeditorfr","Dur\u00e9e de lecture estim\u00e9e":"16 minutes"},"schema":{"@context":"https:\/\/schema.org","@graph":[{"@type":"Article","@id":"https:\/\/www.africa-press.net\/cameroun\/politique\/cameroun-affaire-mebe-ngoo-le-role-du-colonel-mboutou-dans-les-marches-passe-au-crible-par-les-juges-de-la-collegialite#article","isPartOf":{"@id":"https:\/\/www.africa-press.net\/cameroun\/politique\/cameroun-affaire-mebe-ngoo-le-role-du-colonel-mboutou-dans-les-marches-passe-au-crible-par-les-juges-de-la-collegialite"},"author":{"name":"cfeditorfr","@id":"https:\/\/www.africa-press.net\/cameroun\/#\/schema\/person\/2b1cf3cd81a31e3cd26889ca66d677f1"},"headline":"Cameroun &#8211; Affaire MEBE NGO&rsquo;O: Le role du Colonel MBOUTOU dans les march\u00e9s, pass\u00e9 au crible par les Juges de la Coll\u00e9gialit\u00e9","datePublished":"2022-09-08T16:00:00+00:00","dateModified":"2022-09-08T17:23:51+00:00","mainEntityOfPage":{"@id":"https:\/\/www.africa-press.net\/cameroun\/politique\/cameroun-affaire-mebe-ngoo-le-role-du-colonel-mboutou-dans-les-marches-passe-au-crible-par-les-juges-de-la-collegialite"},"wordCount":3294,"commentCount":0,"image":{"@id":"https:\/\/www.africa-press.net\/cameroun\/politique\/cameroun-affaire-mebe-ngoo-le-role-du-colonel-mboutou-dans-les-marches-passe-au-crible-par-les-juges-de-la-collegialite#primaryimage"},"thumbnailUrl":"https:\/\/static.africa-press.net\/cameroun\/sites\/57\/2022\/09\/postQueueImg_25.jpg","keywords":["Africa Press","Africa Press-Cameroun","Cameroun"],"articleSection":["Dossiers","homepage-french","Politique","Toutes les actualit\u00e9s"],"inLanguage":"fr-FR","potentialAction":[{"@type":"CommentAction","name":"Comment","target":["https:\/\/www.africa-press.net\/cameroun\/politique\/cameroun-affaire-mebe-ngoo-le-role-du-colonel-mboutou-dans-les-marches-passe-au-crible-par-les-juges-de-la-collegialite#respond"]}]},{"@type":"WebPage","@id":"https:\/\/www.africa-press.net\/cameroun\/politique\/cameroun-affaire-mebe-ngoo-le-role-du-colonel-mboutou-dans-les-marches-passe-au-crible-par-les-juges-de-la-collegialite","url":"https:\/\/www.africa-press.net\/cameroun\/politique\/cameroun-affaire-mebe-ngoo-le-role-du-colonel-mboutou-dans-les-marches-passe-au-crible-par-les-juges-de-la-collegialite","name":"Cameroun - Affaire MEBE NGO'O: Le role du Colonel MBOUTOU dans les march\u00e9s, pass\u00e9 au crible par les Juges de la Coll\u00e9gialit\u00e9 - Cameroun","isPartOf":{"@id":"https:\/\/www.africa-press.net\/cameroun\/#website"},"primaryImageOfPage":{"@id":"https:\/\/www.africa-press.net\/cameroun\/politique\/cameroun-affaire-mebe-ngoo-le-role-du-colonel-mboutou-dans-les-marches-passe-au-crible-par-les-juges-de-la-collegialite#primaryimage"},"image":{"@id":"https:\/\/www.africa-press.net\/cameroun\/politique\/cameroun-affaire-mebe-ngoo-le-role-du-colonel-mboutou-dans-les-marches-passe-au-crible-par-les-juges-de-la-collegialite#primaryimage"},"thumbnailUrl":"https:\/\/static.africa-press.net\/cameroun\/sites\/57\/2022\/09\/postQueueImg_25.jpg","datePublished":"2022-09-08T16:00:00+00:00","dateModified":"2022-09-08T17:23:51+00:00","author":{"@id":"https:\/\/www.africa-press.net\/cameroun\/#\/schema\/person\/2b1cf3cd81a31e3cd26889ca66d677f1"},"description":"Renvoy\u00e9e pour ce jour, l'audience s'est ouverte comme pr\u00e9vu par les questions de la coll\u00e9gialit\u00e9 des juges \u00e0 l'accus\u00e9 MB ...","breadcrumb":{"@id":"https:\/\/www.africa-press.net\/cameroun\/politique\/cameroun-affaire-mebe-ngoo-le-role-du-colonel-mboutou-dans-les-marches-passe-au-crible-par-les-juges-de-la-collegialite#breadcrumb"},"inLanguage":"fr-FR","potentialAction":[{"@type":"ReadAction","target":["https:\/\/www.africa-press.net\/cameroun\/politique\/cameroun-affaire-mebe-ngoo-le-role-du-colonel-mboutou-dans-les-marches-passe-au-crible-par-les-juges-de-la-collegialite"]}]},{"@type":"ImageObject","inLanguage":"fr-FR","@id":"https:\/\/www.africa-press.net\/cameroun\/politique\/cameroun-affaire-mebe-ngoo-le-role-du-colonel-mboutou-dans-les-marches-passe-au-crible-par-les-juges-de-la-collegialite#primaryimage","url":"https:\/\/static.africa-press.net\/cameroun\/sites\/57\/2022\/09\/postQueueImg_25.jpg","contentUrl":"https:\/\/static.africa-press.net\/cameroun\/sites\/57\/2022\/09\/postQueueImg_25.jpg","width":800,"height":480,"caption":"Cameroun - Affaire MEBE NGO'O: Le role du Colonel MBOUTOU dans les march\u00e9s, pass\u00e9 au crible par les Juges de la Coll\u00e9gialit\u00e9"},{"@type":"BreadcrumbList","@id":"https:\/\/www.africa-press.net\/cameroun\/politique\/cameroun-affaire-mebe-ngoo-le-role-du-colonel-mboutou-dans-les-marches-passe-au-crible-par-les-juges-de-la-collegialite#breadcrumb","itemListElement":[{"@type":"ListItem","position":1,"name":"Accueil","item":"https:\/\/www.africa-press.net\/cameroun\/"},{"@type":"ListItem","position":2,"name":"Cameroun &#8211; Affaire MEBE NGO&#8217;O: Le role du Colonel MBOUTOU dans les march\u00e9s, pass\u00e9 au crible par les Juges de la Coll\u00e9gialit\u00e9"}]},{"@type":"WebSite","@id":"https:\/\/www.africa-press.net\/cameroun\/#website","url":"https:\/\/www.africa-press.net\/cameroun\/","name":"Cameroun","description":"Just another Africa News Agency Sites site","potentialAction":[{"@type":"SearchAction","target":{"@type":"EntryPoint","urlTemplate":"https:\/\/www.africa-press.net\/cameroun\/?s={search_term_string}"},"query-input":{"@type":"PropertyValueSpecification","valueRequired":true,"valueName":"search_term_string"}}],"inLanguage":"fr-FR"},{"@type":"Person","@id":"https:\/\/www.africa-press.net\/cameroun\/#\/schema\/person\/2b1cf3cd81a31e3cd26889ca66d677f1","name":"cfeditorfr"}]}},"_links":{"self":[{"href":"https:\/\/www.africa-press.net\/cameroun\/wp-json\/wp\/v2\/posts\/27024","targetHints":{"allow":["GET"]}}],"collection":[{"href":"https:\/\/www.africa-press.net\/cameroun\/wp-json\/wp\/v2\/posts"}],"about":[{"href":"https:\/\/www.africa-press.net\/cameroun\/wp-json\/wp\/v2\/types\/post"}],"author":[{"embeddable":true,"href":"https:\/\/www.africa-press.net\/cameroun\/wp-json\/wp\/v2\/users\/82"}],"replies":[{"embeddable":true,"href":"https:\/\/www.africa-press.net\/cameroun\/wp-json\/wp\/v2\/comments?post=27024"}],"version-history":[{"count":0,"href":"https:\/\/www.africa-press.net\/cameroun\/wp-json\/wp\/v2\/posts\/27024\/revisions"}],"wp:featuredmedia":[{"embeddable":true,"href":"https:\/\/www.africa-press.net\/cameroun\/wp-json\/wp\/v2\/media\/27023"}],"wp:attachment":[{"href":"https:\/\/www.africa-press.net\/cameroun\/wp-json\/wp\/v2\/media?parent=27024"}],"wp:term":[{"taxonomy":"category","embeddable":true,"href":"https:\/\/www.africa-press.net\/cameroun\/wp-json\/wp\/v2\/categories?post=27024"},{"taxonomy":"post_tag","embeddable":true,"href":"https:\/\/www.africa-press.net\/cameroun\/wp-json\/wp\/v2\/tags?post=27024"}],"curies":[{"name":"wp","href":"https:\/\/api.w.org\/{rel}","templated":true}]}}