{"id":27030,"date":"2022-09-09T16:02:46","date_gmt":"2022-09-09T16:02:46","guid":{"rendered":"https:\/\/www.africa-press.net\/cameroun\/politique\/deces-de-la-reine-elizabeth-ii-paul-biya-salue-la-memoire-dune-souveraine-au-destin-exceptionnel"},"modified":"2022-09-09T16:03:04","modified_gmt":"2022-09-09T16:03:04","slug":"deces-de-la-reine-elizabeth-ii-paul-biya-salue-la-memoire-dune-souveraine-au-destin-exceptionnel","status":"publish","type":"post","link":"https:\/\/www.africa-press.net\/cameroun\/politique\/deces-de-la-reine-elizabeth-ii-paul-biya-salue-la-memoire-dune-souveraine-au-destin-exceptionnel","title":{"rendered":"D\u00e9c\u00e8s de la Reine Elizabeth II: Paul Biya salue la m\u00e9moire d&rsquo;une \u00ab\u00a0souveraine au destin exceptionnel\u00a0\u00bb"},"content":{"rendered":"<p><span style=\"color: #ff6600\"><strong>Africa-Press &#8211; Cameroun. <\/strong><\/span>Quelques heures apr\u00e8s l&rsquo;annonce de la mort de la Reine Elizabeth II d&rsquo;Angleterre ce jeudi 8 septembre 2022, le pr\u00e9sident camerounais Paul Biya a tenu \u00e0 lui rendre hommage, \u00e0 travers un t\u00e9l\u00e9gramme envoy\u00e9 dans la soir\u00e9e au Prince Charles III, nouveau roi d&rsquo;Angleterre.<\/p>\n<p>Le chef de l&rsquo;\u00c9tat s&rsquo;est dit habit\u00e9 par une \u00ab\u00a0<b>profonde tristesse<\/b>\u00a0\u00bb et a tenu \u00e0 lui rendre un vibrant hommage. <b>\u00ab\u00a0Je m&rsquo;incline devant la m\u00e9moire de cette illustre souveraine au destin exceptionnel, dont le r\u00e8gne a marqu\u00e9 la fin du XXe si\u00e8cle et du d\u00e9but du XXIe si\u00e8cle\u00a0\u00bb,<\/b> s&rsquo;est \u00e9panch\u00e9 le chef de l&rsquo;\u00c9tat camerounais.<\/p>\n<p>Il ajoute que \u00ab\u00a0<b>le d\u00e9c\u00e8s de Sa Majest\u00e9 Elizabeth II est douloureusement ressenti dans votre pays et affecte aussi le Commonwealth of Nations, du faut de satire unique et de son r\u00f4le embl\u00e9matique au cours de l&rsquo;histoire\u00a0\u00bb.<\/b><\/p>\n<p>Paul Biya et la Reine Elizabeth II ont eu l&rsquo;occasion d&rsquo;\u00e9changer sur des sujets d&rsquo;int\u00e9r\u00eats communs dans le cadre du Commonwealth. Le pr\u00e9sident camerounais a \u00e9t\u00e9 re\u00e7u par la reine en 2004 en compagnie de son \u00e9pouse Chantal.<\/p>\n<p><strong>Pour plus d&rsquo;informations et d&rsquo;analyses sur la <a href=\"https:\/\/www.africa-press.net\/cameroun\">Cameroun<\/a>, suivez <a href=\"https:\/\/www.africa-press.net\/\">Africa-Press<\/a><\/strong><\/p>\n","protected":false},"excerpt":{"rendered":"<p>Africa-Press &#8211; Cameroun. Quelques heures apr\u00e8s l&rsquo;annonce de la mort de la Reine Elizabeth II d&rsquo;Angleterre ce jeudi 8 septembre 2022, le pr\u00e9sident camerounais Paul Biya a tenu \u00e0 lui rendre hommage, \u00e0 travers un t\u00e9l\u00e9gramme envoy\u00e9 dans la soir\u00e9e au Prince Charles III, nouveau roi d&rsquo;Angleterre. Le chef de l&rsquo;\u00c9tat s&rsquo;est dit habit\u00e9 par [&hellip;]<\/p>\n","protected":false},"author":82,"featured_media":27029,"comment_status":"open","ping_status":"closed","sticky":false,"template":"","format":"standard","meta":{"footnotes":""},"categories":[11,2,20,10],"tags":[36,50,49],"class_list":["post-27030","post","type-post","status-publish","format-standard","has-post-thumbnail","hentry","category-homepage-french","category-politique","category-top-nouvelles","category-toutes-les-actualites","tag-africa-press","tag-africa-press-cameroun","tag-cameroun"],"yoast_head":"<!-- This site is optimized with the Yoast SEO Premium plugin v26.1 (Yoast SEO v27.0) - https:\/\/yoast.com\/product\/yoast-seo-premium-wordpress\/ -->\n<title>D\u00e9c\u00e8s de la Reine Elizabeth II: Paul Biya salue la m\u00e9moire d&#039;une &quot;souveraine au destin exceptionnel&quot; - Cameroun<\/title>\n<meta name=\"description\" content=\"Quelques heures apr\u00e8s l&#039;annonce de la mort de la Reine Elizabeth II d&#039;Angleterre ce jeudi 8 septembre 2022, le pr\u00e9sident ...\" \/>\n<meta name=\"robots\" content=\"index, follow, max-snippet:-1, max-image-preview:large, max-video-preview:-1\" \/>\n<link rel=\"canonical\" href=\"https:\/\/www.africa-press.net\/cameroun\/politique\/deces-de-la-reine-elizabeth-ii-paul-biya-salue-la-memoire-dune-souveraine-au-destin-exceptionnel\" \/>\n<meta property=\"og:locale\" content=\"fr_FR\" \/>\n<meta property=\"og:type\" content=\"article\" \/>\n<meta property=\"og:title\" content=\"D\u00e9c\u00e8s de la Reine Elizabeth II: Paul Biya salue la m\u00e9moire d&#039;une &quot;souveraine au destin exceptionnel&quot;\" \/>\n<meta property=\"og:description\" content=\"Quelques heures apr\u00e8s l&#039;annonce de la mort de la Reine Elizabeth II d&#039;Angleterre ce jeudi 8 septembre 2022, le pr\u00e9sident ...\" \/>\n<meta property=\"og:url\" content=\"https:\/\/www.africa-press.net\/cameroun\/politique\/deces-de-la-reine-elizabeth-ii-paul-biya-salue-la-memoire-dune-souveraine-au-destin-exceptionnel\" \/>\n<meta property=\"og:site_name\" content=\"Cameroun\" \/>\n<meta property=\"article:published_time\" content=\"2022-09-09T16:02:46+00:00\" \/>\n<meta property=\"article:modified_time\" content=\"2022-09-09T16:03:04+00:00\" \/>\n<meta property=\"og:image\" content=\"https:\/\/static.africa-press.net\/cameroun\/sites\/57\/2022\/09\/img-631b639be9c9d.jpg\" \/>\n\t<meta property=\"og:image:width\" content=\"800\" \/>\n\t<meta property=\"og:image:height\" content=\"1095\" \/>\n\t<meta property=\"og:image:type\" content=\"image\/jpeg\" \/>\n<meta name=\"author\" content=\"cfeditorfr\" \/>\n<meta name=\"twitter:card\" content=\"summary_large_image\" \/>\n<meta name=\"twitter:label1\" content=\"\u00c9crit par\" \/>\n\t<meta name=\"twitter:data1\" content=\"cfeditorfr\" \/>\n\t<meta name=\"twitter:label2\" content=\"Dur\u00e9e de lecture estim\u00e9e\" \/>\n\t<meta name=\"twitter:data2\" content=\"1 minute\" \/>\n<script type=\"application\/ld+json\" class=\"yoast-schema-graph\">{\"@context\":\"https:\/\/schema.org\",\"@graph\":[{\"@type\":\"Article\",\"@id\":\"https:\/\/www.africa-press.net\/cameroun\/politique\/deces-de-la-reine-elizabeth-ii-paul-biya-salue-la-memoire-dune-souveraine-au-destin-exceptionnel#article\",\"isPartOf\":{\"@id\":\"https:\/\/www.africa-press.net\/cameroun\/politique\/deces-de-la-reine-elizabeth-ii-paul-biya-salue-la-memoire-dune-souveraine-au-destin-exceptionnel\"},\"author\":{\"name\":\"cfeditorfr\",\"@id\":\"https:\/\/www.africa-press.net\/cameroun\/#\/schema\/person\/2b1cf3cd81a31e3cd26889ca66d677f1\"},\"headline\":\"D\u00e9c\u00e8s de la Reine Elizabeth II: Paul Biya salue la m\u00e9moire d&rsquo;une \u00ab\u00a0souveraine au destin exceptionnel\u00a0\u00bb\",\"datePublished\":\"2022-09-09T16:02:46+00:00\",\"dateModified\":\"2022-09-09T16:03:04+00:00\",\"mainEntityOfPage\":{\"@id\":\"https:\/\/www.africa-press.net\/cameroun\/politique\/deces-de-la-reine-elizabeth-ii-paul-biya-salue-la-memoire-dune-souveraine-au-destin-exceptionnel\"},\"wordCount\":233,\"commentCount\":0,\"image\":{\"@id\":\"https:\/\/www.africa-press.net\/cameroun\/politique\/deces-de-la-reine-elizabeth-ii-paul-biya-salue-la-memoire-dune-souveraine-au-destin-exceptionnel#primaryimage\"},\"thumbnailUrl\":\"https:\/\/static.africa-press.net\/cameroun\/sites\/57\/2022\/09\/img-631b639be9c9d.jpg\",\"keywords\":[\"Africa Press\",\"Africa Press-Cameroun\",\"Cameroun\"],\"articleSection\":[\"homepage-french\",\"Politique\",\"Top Nouvelles\",\"Toutes les actualit\u00e9s\"],\"inLanguage\":\"fr-FR\",\"potentialAction\":[{\"@type\":\"CommentAction\",\"name\":\"Comment\",\"target\":[\"https:\/\/www.africa-press.net\/cameroun\/politique\/deces-de-la-reine-elizabeth-ii-paul-biya-salue-la-memoire-dune-souveraine-au-destin-exceptionnel#respond\"]}]},{\"@type\":\"WebPage\",\"@id\":\"https:\/\/www.africa-press.net\/cameroun\/politique\/deces-de-la-reine-elizabeth-ii-paul-biya-salue-la-memoire-dune-souveraine-au-destin-exceptionnel\",\"url\":\"https:\/\/www.africa-press.net\/cameroun\/politique\/deces-de-la-reine-elizabeth-ii-paul-biya-salue-la-memoire-dune-souveraine-au-destin-exceptionnel\",\"name\":\"D\u00e9c\u00e8s de la Reine Elizabeth II: Paul Biya salue la m\u00e9moire d'une \\\"souveraine au destin exceptionnel\\\" - Cameroun\",\"isPartOf\":{\"@id\":\"https:\/\/www.africa-press.net\/cameroun\/#website\"},\"primaryImageOfPage\":{\"@id\":\"https:\/\/www.africa-press.net\/cameroun\/politique\/deces-de-la-reine-elizabeth-ii-paul-biya-salue-la-memoire-dune-souveraine-au-destin-exceptionnel#primaryimage\"},\"image\":{\"@id\":\"https:\/\/www.africa-press.net\/cameroun\/politique\/deces-de-la-reine-elizabeth-ii-paul-biya-salue-la-memoire-dune-souveraine-au-destin-exceptionnel#primaryimage\"},\"thumbnailUrl\":\"https:\/\/static.africa-press.net\/cameroun\/sites\/57\/2022\/09\/img-631b639be9c9d.jpg\",\"datePublished\":\"2022-09-09T16:02:46+00:00\",\"dateModified\":\"2022-09-09T16:03:04+00:00\",\"author\":{\"@id\":\"https:\/\/www.africa-press.net\/cameroun\/#\/schema\/person\/2b1cf3cd81a31e3cd26889ca66d677f1\"},\"description\":\"Quelques heures apr\u00e8s l'annonce de la mort de la Reine Elizabeth II d'Angleterre ce jeudi 8 septembre 2022, le pr\u00e9sident ...\",\"breadcrumb\":{\"@id\":\"https:\/\/www.africa-press.net\/cameroun\/politique\/deces-de-la-reine-elizabeth-ii-paul-biya-salue-la-memoire-dune-souveraine-au-destin-exceptionnel#breadcrumb\"},\"inLanguage\":\"fr-FR\",\"potentialAction\":[{\"@type\":\"ReadAction\",\"target\":[\"https:\/\/www.africa-press.net\/cameroun\/politique\/deces-de-la-reine-elizabeth-ii-paul-biya-salue-la-memoire-dune-souveraine-au-destin-exceptionnel\"]}]},{\"@type\":\"ImageObject\",\"inLanguage\":\"fr-FR\",\"@id\":\"https:\/\/www.africa-press.net\/cameroun\/politique\/deces-de-la-reine-elizabeth-ii-paul-biya-salue-la-memoire-dune-souveraine-au-destin-exceptionnel#primaryimage\",\"url\":\"https:\/\/static.africa-press.net\/cameroun\/sites\/57\/2022\/09\/img-631b639be9c9d.jpg\",\"contentUrl\":\"https:\/\/static.africa-press.net\/cameroun\/sites\/57\/2022\/09\/img-631b639be9c9d.jpg\",\"width\":800,\"height\":1095,\"caption\":\"D\u00e9c\u00e8s de la Reine Elizabeth II: Paul Biya salue la m\u00e9moire d'une \\\"souveraine au destin exceptionnel\\\"\"},{\"@type\":\"BreadcrumbList\",\"@id\":\"https:\/\/www.africa-press.net\/cameroun\/politique\/deces-de-la-reine-elizabeth-ii-paul-biya-salue-la-memoire-dune-souveraine-au-destin-exceptionnel#breadcrumb\",\"itemListElement\":[{\"@type\":\"ListItem\",\"position\":1,\"name\":\"Accueil\",\"item\":\"https:\/\/www.africa-press.net\/cameroun\/\"},{\"@type\":\"ListItem\",\"position\":2,\"name\":\"D\u00e9c\u00e8s de la Reine Elizabeth II: Paul Biya salue la m\u00e9moire d&#8217;une &#8220;souveraine au destin exceptionnel&#8221;\"}]},{\"@type\":\"WebSite\",\"@id\":\"https:\/\/www.africa-press.net\/cameroun\/#website\",\"url\":\"https:\/\/www.africa-press.net\/cameroun\/\",\"name\":\"Cameroun\",\"description\":\"Just another Africa News Agency Sites site\",\"potentialAction\":[{\"@type\":\"SearchAction\",\"target\":{\"@type\":\"EntryPoint\",\"urlTemplate\":\"https:\/\/www.africa-press.net\/cameroun\/?s={search_term_string}\"},\"query-input\":{\"@type\":\"PropertyValueSpecification\",\"valueRequired\":true,\"valueName\":\"search_term_string\"}}],\"inLanguage\":\"fr-FR\"},{\"@type\":\"Person\",\"@id\":\"https:\/\/www.africa-press.net\/cameroun\/#\/schema\/person\/2b1cf3cd81a31e3cd26889ca66d677f1\",\"name\":\"cfeditorfr\"}]}<\/script>\n<!-- \/ Yoast SEO Premium plugin. -->","yoast_head_json":{"title":"D\u00e9c\u00e8s de la Reine Elizabeth II: Paul Biya salue la m\u00e9moire d'une \"souveraine au destin exceptionnel\" - Cameroun","description":"Quelques heures apr\u00e8s l'annonce de la mort de la Reine Elizabeth II d'Angleterre ce jeudi 8 septembre 2022, le pr\u00e9sident ...","robots":{"index":"index","follow":"follow","max-snippet":"max-snippet:-1","max-image-preview":"max-image-preview:large","max-video-preview":"max-video-preview:-1"},"canonical":"https:\/\/www.africa-press.net\/cameroun\/politique\/deces-de-la-reine-elizabeth-ii-paul-biya-salue-la-memoire-dune-souveraine-au-destin-exceptionnel","og_locale":"fr_FR","og_type":"article","og_title":"D\u00e9c\u00e8s de la Reine Elizabeth II: Paul Biya salue la m\u00e9moire d'une \"souveraine au destin exceptionnel\"","og_description":"Quelques heures apr\u00e8s l'annonce de la mort de la Reine Elizabeth II d'Angleterre ce jeudi 8 septembre 2022, le pr\u00e9sident ...","og_url":"https:\/\/www.africa-press.net\/cameroun\/politique\/deces-de-la-reine-elizabeth-ii-paul-biya-salue-la-memoire-dune-souveraine-au-destin-exceptionnel","og_site_name":"Cameroun","article_published_time":"2022-09-09T16:02:46+00:00","article_modified_time":"2022-09-09T16:03:04+00:00","og_image":[{"width":800,"height":1095,"url":"https:\/\/static.africa-press.net\/cameroun\/sites\/57\/2022\/09\/img-631b639be9c9d.jpg","type":"image\/jpeg"}],"author":"cfeditorfr","twitter_card":"summary_large_image","twitter_misc":{"\u00c9crit par":"cfeditorfr","Dur\u00e9e de lecture estim\u00e9e":"1 minute"},"schema":{"@context":"https:\/\/schema.org","@graph":[{"@type":"Article","@id":"https:\/\/www.africa-press.net\/cameroun\/politique\/deces-de-la-reine-elizabeth-ii-paul-biya-salue-la-memoire-dune-souveraine-au-destin-exceptionnel#article","isPartOf":{"@id":"https:\/\/www.africa-press.net\/cameroun\/politique\/deces-de-la-reine-elizabeth-ii-paul-biya-salue-la-memoire-dune-souveraine-au-destin-exceptionnel"},"author":{"name":"cfeditorfr","@id":"https:\/\/www.africa-press.net\/cameroun\/#\/schema\/person\/2b1cf3cd81a31e3cd26889ca66d677f1"},"headline":"D\u00e9c\u00e8s de la Reine Elizabeth II: Paul Biya salue la m\u00e9moire d&rsquo;une \u00ab\u00a0souveraine au destin exceptionnel\u00a0\u00bb","datePublished":"2022-09-09T16:02:46+00:00","dateModified":"2022-09-09T16:03:04+00:00","mainEntityOfPage":{"@id":"https:\/\/www.africa-press.net\/cameroun\/politique\/deces-de-la-reine-elizabeth-ii-paul-biya-salue-la-memoire-dune-souveraine-au-destin-exceptionnel"},"wordCount":233,"commentCount":0,"image":{"@id":"https:\/\/www.africa-press.net\/cameroun\/politique\/deces-de-la-reine-elizabeth-ii-paul-biya-salue-la-memoire-dune-souveraine-au-destin-exceptionnel#primaryimage"},"thumbnailUrl":"https:\/\/static.africa-press.net\/cameroun\/sites\/57\/2022\/09\/img-631b639be9c9d.jpg","keywords":["Africa Press","Africa Press-Cameroun","Cameroun"],"articleSection":["homepage-french","Politique","Top Nouvelles","Toutes les actualit\u00e9s"],"inLanguage":"fr-FR","potentialAction":[{"@type":"CommentAction","name":"Comment","target":["https:\/\/www.africa-press.net\/cameroun\/politique\/deces-de-la-reine-elizabeth-ii-paul-biya-salue-la-memoire-dune-souveraine-au-destin-exceptionnel#respond"]}]},{"@type":"WebPage","@id":"https:\/\/www.africa-press.net\/cameroun\/politique\/deces-de-la-reine-elizabeth-ii-paul-biya-salue-la-memoire-dune-souveraine-au-destin-exceptionnel","url":"https:\/\/www.africa-press.net\/cameroun\/politique\/deces-de-la-reine-elizabeth-ii-paul-biya-salue-la-memoire-dune-souveraine-au-destin-exceptionnel","name":"D\u00e9c\u00e8s de la Reine Elizabeth II: Paul Biya salue la m\u00e9moire d'une \"souveraine au destin exceptionnel\" - Cameroun","isPartOf":{"@id":"https:\/\/www.africa-press.net\/cameroun\/#website"},"primaryImageOfPage":{"@id":"https:\/\/www.africa-press.net\/cameroun\/politique\/deces-de-la-reine-elizabeth-ii-paul-biya-salue-la-memoire-dune-souveraine-au-destin-exceptionnel#primaryimage"},"image":{"@id":"https:\/\/www.africa-press.net\/cameroun\/politique\/deces-de-la-reine-elizabeth-ii-paul-biya-salue-la-memoire-dune-souveraine-au-destin-exceptionnel#primaryimage"},"thumbnailUrl":"https:\/\/static.africa-press.net\/cameroun\/sites\/57\/2022\/09\/img-631b639be9c9d.jpg","datePublished":"2022-09-09T16:02:46+00:00","dateModified":"2022-09-09T16:03:04+00:00","author":{"@id":"https:\/\/www.africa-press.net\/cameroun\/#\/schema\/person\/2b1cf3cd81a31e3cd26889ca66d677f1"},"description":"Quelques heures apr\u00e8s l'annonce de la mort de la Reine Elizabeth II d'Angleterre ce jeudi 8 septembre 2022, le pr\u00e9sident ...","breadcrumb":{"@id":"https:\/\/www.africa-press.net\/cameroun\/politique\/deces-de-la-reine-elizabeth-ii-paul-biya-salue-la-memoire-dune-souveraine-au-destin-exceptionnel#breadcrumb"},"inLanguage":"fr-FR","potentialAction":[{"@type":"ReadAction","target":["https:\/\/www.africa-press.net\/cameroun\/politique\/deces-de-la-reine-elizabeth-ii-paul-biya-salue-la-memoire-dune-souveraine-au-destin-exceptionnel"]}]},{"@type":"ImageObject","inLanguage":"fr-FR","@id":"https:\/\/www.africa-press.net\/cameroun\/politique\/deces-de-la-reine-elizabeth-ii-paul-biya-salue-la-memoire-dune-souveraine-au-destin-exceptionnel#primaryimage","url":"https:\/\/static.africa-press.net\/cameroun\/sites\/57\/2022\/09\/img-631b639be9c9d.jpg","contentUrl":"https:\/\/static.africa-press.net\/cameroun\/sites\/57\/2022\/09\/img-631b639be9c9d.jpg","width":800,"height":1095,"caption":"D\u00e9c\u00e8s de la Reine Elizabeth II: Paul Biya salue la m\u00e9moire d'une \"souveraine au destin exceptionnel\""},{"@type":"BreadcrumbList","@id":"https:\/\/www.africa-press.net\/cameroun\/politique\/deces-de-la-reine-elizabeth-ii-paul-biya-salue-la-memoire-dune-souveraine-au-destin-exceptionnel#breadcrumb","itemListElement":[{"@type":"ListItem","position":1,"name":"Accueil","item":"https:\/\/www.africa-press.net\/cameroun\/"},{"@type":"ListItem","position":2,"name":"D\u00e9c\u00e8s de la Reine Elizabeth II: Paul Biya salue la m\u00e9moire d&#8217;une &#8220;souveraine au destin exceptionnel&#8221;"}]},{"@type":"WebSite","@id":"https:\/\/www.africa-press.net\/cameroun\/#website","url":"https:\/\/www.africa-press.net\/cameroun\/","name":"Cameroun","description":"Just another Africa News Agency Sites site","potentialAction":[{"@type":"SearchAction","target":{"@type":"EntryPoint","urlTemplate":"https:\/\/www.africa-press.net\/cameroun\/?s={search_term_string}"},"query-input":{"@type":"PropertyValueSpecification","valueRequired":true,"valueName":"search_term_string"}}],"inLanguage":"fr-FR"},{"@type":"Person","@id":"https:\/\/www.africa-press.net\/cameroun\/#\/schema\/person\/2b1cf3cd81a31e3cd26889ca66d677f1","name":"cfeditorfr"}]}},"_links":{"self":[{"href":"https:\/\/www.africa-press.net\/cameroun\/wp-json\/wp\/v2\/posts\/27030","targetHints":{"allow":["GET"]}}],"collection":[{"href":"https:\/\/www.africa-press.net\/cameroun\/wp-json\/wp\/v2\/posts"}],"about":[{"href":"https:\/\/www.africa-press.net\/cameroun\/wp-json\/wp\/v2\/types\/post"}],"author":[{"embeddable":true,"href":"https:\/\/www.africa-press.net\/cameroun\/wp-json\/wp\/v2\/users\/82"}],"replies":[{"embeddable":true,"href":"https:\/\/www.africa-press.net\/cameroun\/wp-json\/wp\/v2\/comments?post=27030"}],"version-history":[{"count":0,"href":"https:\/\/www.africa-press.net\/cameroun\/wp-json\/wp\/v2\/posts\/27030\/revisions"}],"wp:featuredmedia":[{"embeddable":true,"href":"https:\/\/www.africa-press.net\/cameroun\/wp-json\/wp\/v2\/media\/27029"}],"wp:attachment":[{"href":"https:\/\/www.africa-press.net\/cameroun\/wp-json\/wp\/v2\/media?parent=27030"}],"wp:term":[{"taxonomy":"category","embeddable":true,"href":"https:\/\/www.africa-press.net\/cameroun\/wp-json\/wp\/v2\/categories?post=27030"},{"taxonomy":"post_tag","embeddable":true,"href":"https:\/\/www.africa-press.net\/cameroun\/wp-json\/wp\/v2\/tags?post=27030"}],"curies":[{"name":"wp","href":"https:\/\/api.w.org\/{rel}","templated":true}]}}