{"id":27039,"date":"2022-09-09T13:30:26","date_gmt":"2022-09-09T13:30:26","guid":{"rendered":"https:\/\/www.africa-press.net\/cameroun\/politique\/discours-dandre-marie-tala-a-denver-jean-marie-watonsi-repond-a-celestin-djamen"},"modified":"2022-09-09T16:04:39","modified_gmt":"2022-09-09T16:04:39","slug":"discours-dandre-marie-tala-a-denver-jean-marie-watonsi-repond-a-celestin-djamen","status":"publish","type":"post","link":"https:\/\/www.africa-press.net\/cameroun\/politique\/discours-dandre-marie-tala-a-denver-jean-marie-watonsi-repond-a-celestin-djamen","title":{"rendered":"Discours d\u2019Andr\u00e9 Marie Tala \u00e0 Denver: Jean-Marie Watonsi r\u00e9pond \u00e0 C\u00e9lestin Djamen"},"content":{"rendered":"<p><span style=\"color: #ff6600\"><strong>Africa-Press &#8211; Cameroun. <\/strong><\/span>Le discours d\u2019Andr\u00e9-Marie Tala lors de la \u00ab\u00a0All Bamileke Convention\u00a0\u00bb continue de faire d\u00e9bat. Ainsi, r\u00e9pondant \u00e0 l\u2019homme politique C\u00e9lestin Djamen qui y voyait rien moins qu\u2019une manifestation \u00ab tribaliste \u00bb, Jean-Marie Watonsi a fustig\u00e9 une attitude qu\u2019il juge col\u00e9rique. <b>\u00ab Cette communication \u00e9pistolaire, je l\u2019ai lue. J\u2019estime que c\u2019est bien et m\u00eame tr\u00e8s bien de r\u00e9agir et de pouvoir donner son opinion sur des sujets d\u2019actualit\u00e9 ou des \u00e9v\u00e8nements qui ont retenu notre attention. Toutefois, je pense qu\u2019il est important que la critique se fasse selon les r\u00e8gles de l\u2019art et avec en filigrane un souci d\u2019aider \u00e0 la construction. A l\u2019analyse, les expressions, la graphie et la tonalit\u00e9 utilis\u00e9es par l\u2019auteur laisse appara\u00eetre un manque de ma\u00eetrise de soi. Ma\u00eetrise ici de l\u2019utilisation de la langue de Moli\u00e8re, ma\u00eetrise \u00e9motionnelle et psychosomatique. La vocif\u00e9ration n\u2019a jamais \u00e9t\u00e9 efficace, elle n\u2019a jamais \u00e9t\u00e9 le meilleur canal dans la transmission de quelque message que ce soit ! \u00bb<\/b>, r\u00e9agit le directeur de l\u2019information de la t\u00e9l\u00e9vision en ligne media2africa ce vendredi sur Facebook.<\/p>\n<p>Jean-Marie Watonsi pense que l\u2019ancien cadre du Mouvement pour la Renaissance du Cameroun (MRC) peut ne pas avoir compris le discours de l\u2019artiste \u00e9m\u00e9rite. <b>\u00ab Dans l\u2019analyse du discours de Tala Andr\u00e9 Marie par C\u00e9lestin Djamen, je me demande si le critique a compris les propos du patriarche, s\u2019il en a saisi les enjeux sous-jacents et s\u2019il a \u00e9t\u00e9 capable de d\u00e9velopper une profonde r\u00e9flexion autour, ou alors ce qui para\u00eet \u00e9vident, s\u2019il ne s\u2019est tout simplement content\u00e9 que de quelques r\u00e9actions \u00e9pidermiques. Manifestement tout laisse croire que le pr\u00e9sident national APAR, qui ignore ce que parler veut dire a voulu par ces temps de bruits dans l\u2019air du temps, se faire entendre\u2026. R\u00e9action qui vient en rajouter \u00e0 la cacophonie ambiante sans plus ! \u00bb,<\/b> consid\u00e8re Dr Watonsi.<\/p>\n<p><strong>Pour plus d&rsquo;informations et d&rsquo;analyses sur la <a href=\"https:\/\/www.africa-press.net\/cameroun\">Cameroun<\/a>, suivez <a href=\"https:\/\/www.africa-press.net\/\">Africa-Press<\/a><\/strong><\/p>\n","protected":false},"excerpt":{"rendered":"<p>Africa-Press &#8211; Cameroun. Le discours d\u2019Andr\u00e9-Marie Tala lors de la \u00ab\u00a0All Bamileke Convention\u00a0\u00bb continue de faire d\u00e9bat. Ainsi, r\u00e9pondant \u00e0 l\u2019homme politique C\u00e9lestin Djamen qui y voyait rien moins qu\u2019une manifestation \u00ab tribaliste \u00bb, Jean-Marie Watonsi a fustig\u00e9 une attitude qu\u2019il juge col\u00e9rique. \u00ab Cette communication \u00e9pistolaire, je l\u2019ai lue. J\u2019estime que c\u2019est bien et [&hellip;]<\/p>\n","protected":false},"author":82,"featured_media":27038,"comment_status":"open","ping_status":"closed","sticky":false,"template":"","format":"standard","meta":{"footnotes":""},"categories":[11,2,10],"tags":[36,50,49],"class_list":["post-27039","post","type-post","status-publish","format-standard","has-post-thumbnail","hentry","category-homepage-french","category-politique","category-toutes-les-actualites","tag-africa-press","tag-africa-press-cameroun","tag-cameroun"],"yoast_head":"<!-- This site is optimized with the Yoast SEO Premium plugin v26.1 (Yoast SEO v27.0) - https:\/\/yoast.com\/product\/yoast-seo-premium-wordpress\/ -->\n<title>Discours d\u2019Andr\u00e9 Marie Tala \u00e0 Denver: Jean-Marie Watonsi r\u00e9pond \u00e0 C\u00e9lestin Djamen - Cameroun<\/title>\n<meta name=\"description\" content=\"Le discours d\u2019Andr\u00e9-Marie Tala lors de la &quot;All Bamileke Convention&quot; continue de faire d\u00e9bat. Ainsi, r\u00e9pondant \u00e0 l\u2019homme ...\" \/>\n<meta name=\"robots\" content=\"index, follow, max-snippet:-1, max-image-preview:large, max-video-preview:-1\" \/>\n<link rel=\"canonical\" href=\"https:\/\/www.africa-press.net\/cameroun\/politique\/discours-dandre-marie-tala-a-denver-jean-marie-watonsi-repond-a-celestin-djamen\" \/>\n<meta property=\"og:locale\" content=\"fr_FR\" \/>\n<meta property=\"og:type\" content=\"article\" \/>\n<meta property=\"og:title\" content=\"Discours d\u2019Andr\u00e9 Marie Tala \u00e0 Denver: Jean-Marie Watonsi r\u00e9pond \u00e0 C\u00e9lestin Djamen\" \/>\n<meta property=\"og:description\" content=\"Le discours d\u2019Andr\u00e9-Marie Tala lors de la &quot;All Bamileke Convention&quot; continue de faire d\u00e9bat. Ainsi, r\u00e9pondant \u00e0 l\u2019homme ...\" \/>\n<meta property=\"og:url\" content=\"https:\/\/www.africa-press.net\/cameroun\/politique\/discours-dandre-marie-tala-a-denver-jean-marie-watonsi-repond-a-celestin-djamen\" \/>\n<meta property=\"og:site_name\" content=\"Cameroun\" \/>\n<meta property=\"article:published_time\" content=\"2022-09-09T13:30:26+00:00\" \/>\n<meta property=\"article:modified_time\" content=\"2022-09-09T16:04:39+00:00\" \/>\n<meta property=\"og:image\" content=\"https:\/\/static.africa-press.net\/cameroun\/sites\/57\/2022\/09\/img-631b6403234ab.jpg\" \/>\n\t<meta property=\"og:image:width\" content=\"800\" \/>\n\t<meta property=\"og:image:height\" content=\"845\" \/>\n\t<meta property=\"og:image:type\" content=\"image\/jpeg\" \/>\n<meta name=\"author\" content=\"cfeditorfr\" \/>\n<meta name=\"twitter:card\" content=\"summary_large_image\" \/>\n<meta name=\"twitter:label1\" content=\"\u00c9crit par\" \/>\n\t<meta name=\"twitter:data1\" content=\"cfeditorfr\" \/>\n\t<meta name=\"twitter:label2\" content=\"Dur\u00e9e de lecture estim\u00e9e\" \/>\n\t<meta name=\"twitter:data2\" content=\"2 minutes\" \/>\n<script type=\"application\/ld+json\" class=\"yoast-schema-graph\">{\"@context\":\"https:\/\/schema.org\",\"@graph\":[{\"@type\":\"Article\",\"@id\":\"https:\/\/www.africa-press.net\/cameroun\/politique\/discours-dandre-marie-tala-a-denver-jean-marie-watonsi-repond-a-celestin-djamen#article\",\"isPartOf\":{\"@id\":\"https:\/\/www.africa-press.net\/cameroun\/politique\/discours-dandre-marie-tala-a-denver-jean-marie-watonsi-repond-a-celestin-djamen\"},\"author\":{\"name\":\"cfeditorfr\",\"@id\":\"https:\/\/www.africa-press.net\/cameroun\/#\/schema\/person\/2b1cf3cd81a31e3cd26889ca66d677f1\"},\"headline\":\"Discours d\u2019Andr\u00e9 Marie Tala \u00e0 Denver: Jean-Marie Watonsi r\u00e9pond \u00e0 C\u00e9lestin Djamen\",\"datePublished\":\"2022-09-09T13:30:26+00:00\",\"dateModified\":\"2022-09-09T16:04:39+00:00\",\"mainEntityOfPage\":{\"@id\":\"https:\/\/www.africa-press.net\/cameroun\/politique\/discours-dandre-marie-tala-a-denver-jean-marie-watonsi-repond-a-celestin-djamen\"},\"wordCount\":374,\"commentCount\":0,\"image\":{\"@id\":\"https:\/\/www.africa-press.net\/cameroun\/politique\/discours-dandre-marie-tala-a-denver-jean-marie-watonsi-repond-a-celestin-djamen#primaryimage\"},\"thumbnailUrl\":\"https:\/\/static.africa-press.net\/cameroun\/sites\/57\/2022\/09\/img-631b6403234ab.jpg\",\"keywords\":[\"Africa Press\",\"Africa Press-Cameroun\",\"Cameroun\"],\"articleSection\":[\"homepage-french\",\"Politique\",\"Toutes les actualit\u00e9s\"],\"inLanguage\":\"fr-FR\",\"potentialAction\":[{\"@type\":\"CommentAction\",\"name\":\"Comment\",\"target\":[\"https:\/\/www.africa-press.net\/cameroun\/politique\/discours-dandre-marie-tala-a-denver-jean-marie-watonsi-repond-a-celestin-djamen#respond\"]}]},{\"@type\":\"WebPage\",\"@id\":\"https:\/\/www.africa-press.net\/cameroun\/politique\/discours-dandre-marie-tala-a-denver-jean-marie-watonsi-repond-a-celestin-djamen\",\"url\":\"https:\/\/www.africa-press.net\/cameroun\/politique\/discours-dandre-marie-tala-a-denver-jean-marie-watonsi-repond-a-celestin-djamen\",\"name\":\"Discours d\u2019Andr\u00e9 Marie Tala \u00e0 Denver: Jean-Marie Watonsi r\u00e9pond \u00e0 C\u00e9lestin Djamen - Cameroun\",\"isPartOf\":{\"@id\":\"https:\/\/www.africa-press.net\/cameroun\/#website\"},\"primaryImageOfPage\":{\"@id\":\"https:\/\/www.africa-press.net\/cameroun\/politique\/discours-dandre-marie-tala-a-denver-jean-marie-watonsi-repond-a-celestin-djamen#primaryimage\"},\"image\":{\"@id\":\"https:\/\/www.africa-press.net\/cameroun\/politique\/discours-dandre-marie-tala-a-denver-jean-marie-watonsi-repond-a-celestin-djamen#primaryimage\"},\"thumbnailUrl\":\"https:\/\/static.africa-press.net\/cameroun\/sites\/57\/2022\/09\/img-631b6403234ab.jpg\",\"datePublished\":\"2022-09-09T13:30:26+00:00\",\"dateModified\":\"2022-09-09T16:04:39+00:00\",\"author\":{\"@id\":\"https:\/\/www.africa-press.net\/cameroun\/#\/schema\/person\/2b1cf3cd81a31e3cd26889ca66d677f1\"},\"description\":\"Le discours d\u2019Andr\u00e9-Marie Tala lors de la \\\"All Bamileke Convention\\\" continue de faire d\u00e9bat. Ainsi, r\u00e9pondant \u00e0 l\u2019homme ...\",\"breadcrumb\":{\"@id\":\"https:\/\/www.africa-press.net\/cameroun\/politique\/discours-dandre-marie-tala-a-denver-jean-marie-watonsi-repond-a-celestin-djamen#breadcrumb\"},\"inLanguage\":\"fr-FR\",\"potentialAction\":[{\"@type\":\"ReadAction\",\"target\":[\"https:\/\/www.africa-press.net\/cameroun\/politique\/discours-dandre-marie-tala-a-denver-jean-marie-watonsi-repond-a-celestin-djamen\"]}]},{\"@type\":\"ImageObject\",\"inLanguage\":\"fr-FR\",\"@id\":\"https:\/\/www.africa-press.net\/cameroun\/politique\/discours-dandre-marie-tala-a-denver-jean-marie-watonsi-repond-a-celestin-djamen#primaryimage\",\"url\":\"https:\/\/static.africa-press.net\/cameroun\/sites\/57\/2022\/09\/img-631b6403234ab.jpg\",\"contentUrl\":\"https:\/\/static.africa-press.net\/cameroun\/sites\/57\/2022\/09\/img-631b6403234ab.jpg\",\"width\":800,\"height\":845,\"caption\":\"Discours d\u2019Andr\u00e9 Marie Tala \u00e0 Denver: Jean-Marie Watonsi r\u00e9pond \u00e0 C\u00e9lestin Djamen\"},{\"@type\":\"BreadcrumbList\",\"@id\":\"https:\/\/www.africa-press.net\/cameroun\/politique\/discours-dandre-marie-tala-a-denver-jean-marie-watonsi-repond-a-celestin-djamen#breadcrumb\",\"itemListElement\":[{\"@type\":\"ListItem\",\"position\":1,\"name\":\"Accueil\",\"item\":\"https:\/\/www.africa-press.net\/cameroun\/\"},{\"@type\":\"ListItem\",\"position\":2,\"name\":\"Discours d\u2019Andr\u00e9 Marie Tala \u00e0 Denver: Jean-Marie Watonsi r\u00e9pond \u00e0 C\u00e9lestin Djamen\"}]},{\"@type\":\"WebSite\",\"@id\":\"https:\/\/www.africa-press.net\/cameroun\/#website\",\"url\":\"https:\/\/www.africa-press.net\/cameroun\/\",\"name\":\"Cameroun\",\"description\":\"Just another Africa News Agency Sites site\",\"potentialAction\":[{\"@type\":\"SearchAction\",\"target\":{\"@type\":\"EntryPoint\",\"urlTemplate\":\"https:\/\/www.africa-press.net\/cameroun\/?s={search_term_string}\"},\"query-input\":{\"@type\":\"PropertyValueSpecification\",\"valueRequired\":true,\"valueName\":\"search_term_string\"}}],\"inLanguage\":\"fr-FR\"},{\"@type\":\"Person\",\"@id\":\"https:\/\/www.africa-press.net\/cameroun\/#\/schema\/person\/2b1cf3cd81a31e3cd26889ca66d677f1\",\"name\":\"cfeditorfr\"}]}<\/script>\n<!-- \/ Yoast SEO Premium plugin. -->","yoast_head_json":{"title":"Discours d\u2019Andr\u00e9 Marie Tala \u00e0 Denver: Jean-Marie Watonsi r\u00e9pond \u00e0 C\u00e9lestin Djamen - Cameroun","description":"Le discours d\u2019Andr\u00e9-Marie Tala lors de la \"All Bamileke Convention\" continue de faire d\u00e9bat. Ainsi, r\u00e9pondant \u00e0 l\u2019homme ...","robots":{"index":"index","follow":"follow","max-snippet":"max-snippet:-1","max-image-preview":"max-image-preview:large","max-video-preview":"max-video-preview:-1"},"canonical":"https:\/\/www.africa-press.net\/cameroun\/politique\/discours-dandre-marie-tala-a-denver-jean-marie-watonsi-repond-a-celestin-djamen","og_locale":"fr_FR","og_type":"article","og_title":"Discours d\u2019Andr\u00e9 Marie Tala \u00e0 Denver: Jean-Marie Watonsi r\u00e9pond \u00e0 C\u00e9lestin Djamen","og_description":"Le discours d\u2019Andr\u00e9-Marie Tala lors de la \"All Bamileke Convention\" continue de faire d\u00e9bat. Ainsi, r\u00e9pondant \u00e0 l\u2019homme ...","og_url":"https:\/\/www.africa-press.net\/cameroun\/politique\/discours-dandre-marie-tala-a-denver-jean-marie-watonsi-repond-a-celestin-djamen","og_site_name":"Cameroun","article_published_time":"2022-09-09T13:30:26+00:00","article_modified_time":"2022-09-09T16:04:39+00:00","og_image":[{"width":800,"height":845,"url":"https:\/\/static.africa-press.net\/cameroun\/sites\/57\/2022\/09\/img-631b6403234ab.jpg","type":"image\/jpeg"}],"author":"cfeditorfr","twitter_card":"summary_large_image","twitter_misc":{"\u00c9crit par":"cfeditorfr","Dur\u00e9e de lecture estim\u00e9e":"2 minutes"},"schema":{"@context":"https:\/\/schema.org","@graph":[{"@type":"Article","@id":"https:\/\/www.africa-press.net\/cameroun\/politique\/discours-dandre-marie-tala-a-denver-jean-marie-watonsi-repond-a-celestin-djamen#article","isPartOf":{"@id":"https:\/\/www.africa-press.net\/cameroun\/politique\/discours-dandre-marie-tala-a-denver-jean-marie-watonsi-repond-a-celestin-djamen"},"author":{"name":"cfeditorfr","@id":"https:\/\/www.africa-press.net\/cameroun\/#\/schema\/person\/2b1cf3cd81a31e3cd26889ca66d677f1"},"headline":"Discours d\u2019Andr\u00e9 Marie Tala \u00e0 Denver: Jean-Marie Watonsi r\u00e9pond \u00e0 C\u00e9lestin Djamen","datePublished":"2022-09-09T13:30:26+00:00","dateModified":"2022-09-09T16:04:39+00:00","mainEntityOfPage":{"@id":"https:\/\/www.africa-press.net\/cameroun\/politique\/discours-dandre-marie-tala-a-denver-jean-marie-watonsi-repond-a-celestin-djamen"},"wordCount":374,"commentCount":0,"image":{"@id":"https:\/\/www.africa-press.net\/cameroun\/politique\/discours-dandre-marie-tala-a-denver-jean-marie-watonsi-repond-a-celestin-djamen#primaryimage"},"thumbnailUrl":"https:\/\/static.africa-press.net\/cameroun\/sites\/57\/2022\/09\/img-631b6403234ab.jpg","keywords":["Africa Press","Africa Press-Cameroun","Cameroun"],"articleSection":["homepage-french","Politique","Toutes les actualit\u00e9s"],"inLanguage":"fr-FR","potentialAction":[{"@type":"CommentAction","name":"Comment","target":["https:\/\/www.africa-press.net\/cameroun\/politique\/discours-dandre-marie-tala-a-denver-jean-marie-watonsi-repond-a-celestin-djamen#respond"]}]},{"@type":"WebPage","@id":"https:\/\/www.africa-press.net\/cameroun\/politique\/discours-dandre-marie-tala-a-denver-jean-marie-watonsi-repond-a-celestin-djamen","url":"https:\/\/www.africa-press.net\/cameroun\/politique\/discours-dandre-marie-tala-a-denver-jean-marie-watonsi-repond-a-celestin-djamen","name":"Discours d\u2019Andr\u00e9 Marie Tala \u00e0 Denver: Jean-Marie Watonsi r\u00e9pond \u00e0 C\u00e9lestin Djamen - Cameroun","isPartOf":{"@id":"https:\/\/www.africa-press.net\/cameroun\/#website"},"primaryImageOfPage":{"@id":"https:\/\/www.africa-press.net\/cameroun\/politique\/discours-dandre-marie-tala-a-denver-jean-marie-watonsi-repond-a-celestin-djamen#primaryimage"},"image":{"@id":"https:\/\/www.africa-press.net\/cameroun\/politique\/discours-dandre-marie-tala-a-denver-jean-marie-watonsi-repond-a-celestin-djamen#primaryimage"},"thumbnailUrl":"https:\/\/static.africa-press.net\/cameroun\/sites\/57\/2022\/09\/img-631b6403234ab.jpg","datePublished":"2022-09-09T13:30:26+00:00","dateModified":"2022-09-09T16:04:39+00:00","author":{"@id":"https:\/\/www.africa-press.net\/cameroun\/#\/schema\/person\/2b1cf3cd81a31e3cd26889ca66d677f1"},"description":"Le discours d\u2019Andr\u00e9-Marie Tala lors de la \"All Bamileke Convention\" continue de faire d\u00e9bat. Ainsi, r\u00e9pondant \u00e0 l\u2019homme ...","breadcrumb":{"@id":"https:\/\/www.africa-press.net\/cameroun\/politique\/discours-dandre-marie-tala-a-denver-jean-marie-watonsi-repond-a-celestin-djamen#breadcrumb"},"inLanguage":"fr-FR","potentialAction":[{"@type":"ReadAction","target":["https:\/\/www.africa-press.net\/cameroun\/politique\/discours-dandre-marie-tala-a-denver-jean-marie-watonsi-repond-a-celestin-djamen"]}]},{"@type":"ImageObject","inLanguage":"fr-FR","@id":"https:\/\/www.africa-press.net\/cameroun\/politique\/discours-dandre-marie-tala-a-denver-jean-marie-watonsi-repond-a-celestin-djamen#primaryimage","url":"https:\/\/static.africa-press.net\/cameroun\/sites\/57\/2022\/09\/img-631b6403234ab.jpg","contentUrl":"https:\/\/static.africa-press.net\/cameroun\/sites\/57\/2022\/09\/img-631b6403234ab.jpg","width":800,"height":845,"caption":"Discours d\u2019Andr\u00e9 Marie Tala \u00e0 Denver: Jean-Marie Watonsi r\u00e9pond \u00e0 C\u00e9lestin Djamen"},{"@type":"BreadcrumbList","@id":"https:\/\/www.africa-press.net\/cameroun\/politique\/discours-dandre-marie-tala-a-denver-jean-marie-watonsi-repond-a-celestin-djamen#breadcrumb","itemListElement":[{"@type":"ListItem","position":1,"name":"Accueil","item":"https:\/\/www.africa-press.net\/cameroun\/"},{"@type":"ListItem","position":2,"name":"Discours d\u2019Andr\u00e9 Marie Tala \u00e0 Denver: Jean-Marie Watonsi r\u00e9pond \u00e0 C\u00e9lestin Djamen"}]},{"@type":"WebSite","@id":"https:\/\/www.africa-press.net\/cameroun\/#website","url":"https:\/\/www.africa-press.net\/cameroun\/","name":"Cameroun","description":"Just another Africa News Agency Sites site","potentialAction":[{"@type":"SearchAction","target":{"@type":"EntryPoint","urlTemplate":"https:\/\/www.africa-press.net\/cameroun\/?s={search_term_string}"},"query-input":{"@type":"PropertyValueSpecification","valueRequired":true,"valueName":"search_term_string"}}],"inLanguage":"fr-FR"},{"@type":"Person","@id":"https:\/\/www.africa-press.net\/cameroun\/#\/schema\/person\/2b1cf3cd81a31e3cd26889ca66d677f1","name":"cfeditorfr"}]}},"_links":{"self":[{"href":"https:\/\/www.africa-press.net\/cameroun\/wp-json\/wp\/v2\/posts\/27039","targetHints":{"allow":["GET"]}}],"collection":[{"href":"https:\/\/www.africa-press.net\/cameroun\/wp-json\/wp\/v2\/posts"}],"about":[{"href":"https:\/\/www.africa-press.net\/cameroun\/wp-json\/wp\/v2\/types\/post"}],"author":[{"embeddable":true,"href":"https:\/\/www.africa-press.net\/cameroun\/wp-json\/wp\/v2\/users\/82"}],"replies":[{"embeddable":true,"href":"https:\/\/www.africa-press.net\/cameroun\/wp-json\/wp\/v2\/comments?post=27039"}],"version-history":[{"count":0,"href":"https:\/\/www.africa-press.net\/cameroun\/wp-json\/wp\/v2\/posts\/27039\/revisions"}],"wp:featuredmedia":[{"embeddable":true,"href":"https:\/\/www.africa-press.net\/cameroun\/wp-json\/wp\/v2\/media\/27038"}],"wp:attachment":[{"href":"https:\/\/www.africa-press.net\/cameroun\/wp-json\/wp\/v2\/media?parent=27039"}],"wp:term":[{"taxonomy":"category","embeddable":true,"href":"https:\/\/www.africa-press.net\/cameroun\/wp-json\/wp\/v2\/categories?post=27039"},{"taxonomy":"post_tag","embeddable":true,"href":"https:\/\/www.africa-press.net\/cameroun\/wp-json\/wp\/v2\/tags?post=27039"}],"curies":[{"name":"wp","href":"https:\/\/api.w.org\/{rel}","templated":true}]}}