{"id":2705,"date":"2021-04-28T18:37:00","date_gmt":"2021-04-28T18:37:00","guid":{"rendered":"https:\/\/www.africa-press.net\/cameroun\/politique\/cameroun-covid-19-le-ministere-de-la-sante-publique-lance-une-campagne-nationale-intensive-de-vaccination-du-28-avril-au-2-mai-2021"},"modified":"2021-04-28T20:15:13","modified_gmt":"2021-04-28T20:15:13","slug":"cameroun-covid-19-le-ministere-de-la-sante-publique-lance-une-campagne-nationale-intensive-de-vaccination-du-28-avril-au-2-mai-2021","status":"publish","type":"post","link":"https:\/\/www.africa-press.net\/cameroun\/politique\/cameroun-covid-19-le-ministere-de-la-sante-publique-lance-une-campagne-nationale-intensive-de-vaccination-du-28-avril-au-2-mai-2021","title":{"rendered":"Cameroun &#8211; Covid-19: Le minist\u00e8re de la Sant\u00e9 Publique lance une campagne nationale intensive de vaccination du 28 avril au 2 mai 2021"},"content":{"rendered":"<p><span style=\"color: #ff6600\"><strong><a href=\"https:\/\/www.africa-press.net\/\">Africa-Press<\/a> &#8211; <a href=\"https:\/\/www.africa-press.net\/cameroun\">Cameroun<\/a>. <\/strong><\/span>Elle est lanc\u00e9e ce jour conform\u00e9ment aux instructions du ministre de la Sant\u00e9 Publique. Une campagne intensive de vaccination contre le Covid-19 se d\u00e9roulera du 28 avril au 2 mai prochain dans les 243 centres de vaccination du pays en strat\u00e9gie fixe et mobile. C\u2019est la teneur d\u2019une note de Manaouda Malachie, adress\u00e9e le 26 avril 2021 aux dix d\u00e9l\u00e9gu\u00e9s r\u00e9gionaux de la sant\u00e9 publique.<\/p>\n<p>Cette campagne va s\u2019\u00e9tendre \u00e0 d\u2019autres groupes cibles que les personnels de la sant\u00e9. Il s\u2019agit des personnels de sant\u00e9 de plus de 18 ans, les personnes vivant avec les comorbidit\u00e9s de plus de 18 ans et toute personne de plus de 50 ans, pr\u00e9cise la note minist\u00e9rielle. Elle intervient apr\u00e8s la r\u00e9ception par le Cameroun de pr\u00e8s de 600.000 doses de vaccins. Notamment 200.000 doses du vaccin Sinopharm offertes par la Chine et 391 200 doses du vaccin britannique AstraZeneca, acquises dans le cadre du m\u00e9canisme Covax.<\/p>\n<p>Le minist\u00e8re de la Sant\u00e9 veut atteindre, \u00e0 travers cette campagne, une couverture vaccinale d\u2019au moins 70% pour les groupes cibles. Cet objectif sera-t-il atteint ? Difficile de l\u2019affirmer car depuis le lancement de la vaccination il y a pr\u00e8s de deux semaines, des personnes sont de plus en plus r\u00e9ticentes au vaccin en d\u00e9pit des assurances des pouvoirs publics.<\/p>\n<p>Dans des r\u00e9gions, le personnel sanitaire qui est en premi\u00e8re ligne dans le combat contre le Covid-19, exprime sa r\u00e9serve vis-\u00e0-vis de ces vaccins aux effets secondaires inconnus. Les cas de d\u00e9c\u00e8s et des complications g\u00e9n\u00e9r\u00e9s apr\u00e8s l\u2019administration des vaccins \u00e0 travers le monde constituant des arguments pour les r\u00e9fractaires \u00e0 la vaccination. Le gouvernement a pourtant fait le choix de vacciner sa population pour combattre efficacement le Covid-19, malgr\u00e9 la r\u00e9probation d\u2019une partie de l\u2019opinion qui privil\u00e9gie les solutions endog\u00e8nes et le respect des mesures barri\u00e8res.<\/p>\n<p>Au total le Cameroun devrait recevoir pr\u00e8s de 1,76 million de doses de vaccins jusqu\u2019en mai prochain. Son objectif est de vacciner 10% des 25 millions de sa population. \u00abConform\u00e9ment \u00e0 l\u2019avis du Conseil scientifique et du NITAG, les cibles prioritaires pour la vaccination contre le Covid sont les personnels de sant\u00e9, les personnes de plus de 50 ans avec comorbidit\u00e9s, les personnes vuln\u00e9rables, les enseignants, les groupes sp\u00e9ciaux et la masse\u00bb, a pr\u00e9cis\u00e9 le ministre de la Sant\u00e9.<\/p>\n","protected":false},"excerpt":{"rendered":"<p>Africa-Press &#8211; Cameroun. Elle est lanc\u00e9e ce jour conform\u00e9ment aux instructions du ministre de la Sant\u00e9 Publique. Une campagne intensive de vaccination contre le Covid-19 se d\u00e9roulera du 28 avril au 2 mai prochain dans les 243 centres de vaccination du pays en strat\u00e9gie fixe et mobile. C\u2019est la teneur d\u2019une note de Manaouda Malachie, [&hellip;]<\/p>\n","protected":false},"author":82,"featured_media":2704,"comment_status":"open","ping_status":"closed","sticky":false,"template":"","format":"standard","meta":{"footnotes":""},"categories":[11,2,10],"tags":[36,50,49],"class_list":["post-2705","post","type-post","status-publish","format-standard","has-post-thumbnail","hentry","category-homepage-french","category-politique","category-toutes-les-actualites","tag-africa-press","tag-africa-press-cameroun","tag-cameroun"],"yoast_head":"<!-- This site is optimized with the Yoast SEO Premium plugin v26.1 (Yoast SEO v27.0) - https:\/\/yoast.com\/product\/yoast-seo-premium-wordpress\/ -->\n<title>Cameroun - Covid-19: Le minist\u00e8re de la Sant\u00e9 Publique lance une campagne nationale intensive de vaccination du 28 avril au 2 mai 2021 - Cameroun<\/title>\n<meta name=\"description\" content=\"Elle est lanc\u00e9e ce jour conform\u00e9ment aux instructions du ministre de la Sant\u00e9 Publique. Une campagne intensive de vaccin ...\" \/>\n<meta name=\"robots\" content=\"index, follow, max-snippet:-1, max-image-preview:large, max-video-preview:-1\" \/>\n<link rel=\"canonical\" href=\"https:\/\/www.africa-press.net\/cameroun\/politique\/cameroun-covid-19-le-ministere-de-la-sante-publique-lance-une-campagne-nationale-intensive-de-vaccination-du-28-avril-au-2-mai-2021\" \/>\n<meta property=\"og:locale\" content=\"fr_FR\" \/>\n<meta property=\"og:type\" content=\"article\" \/>\n<meta property=\"og:title\" content=\"Cameroun - Covid-19: Le minist\u00e8re de la Sant\u00e9 Publique lance une campagne nationale intensive de vaccination du 28 avril au 2 mai 2021\" \/>\n<meta property=\"og:description\" content=\"Elle est lanc\u00e9e ce jour conform\u00e9ment aux instructions du ministre de la Sant\u00e9 Publique. Une campagne intensive de vaccin ...\" \/>\n<meta property=\"og:url\" content=\"https:\/\/www.africa-press.net\/cameroun\/politique\/cameroun-covid-19-le-ministere-de-la-sante-publique-lance-une-campagne-nationale-intensive-de-vaccination-du-28-avril-au-2-mai-2021\" \/>\n<meta property=\"og:site_name\" content=\"Cameroun\" \/>\n<meta property=\"article:published_time\" content=\"2021-04-28T18:37:00+00:00\" \/>\n<meta property=\"article:modified_time\" content=\"2021-04-28T20:15:13+00:00\" \/>\n<meta property=\"og:image\" content=\"https:\/\/static.africa-press.net\/cameroun\/sites\/57\/2021\/04\/img-6089c2351c913.jpg\" \/>\n\t<meta property=\"og:image:width\" content=\"800\" \/>\n\t<meta property=\"og:image:height\" content=\"390\" \/>\n\t<meta property=\"og:image:type\" content=\"image\/jpeg\" \/>\n<meta name=\"author\" content=\"cfeditorfr\" \/>\n<meta name=\"twitter:card\" content=\"summary_large_image\" \/>\n<meta name=\"twitter:label1\" content=\"\u00c9crit par\" \/>\n\t<meta name=\"twitter:data1\" content=\"cfeditorfr\" \/>\n\t<meta name=\"twitter:label2\" content=\"Dur\u00e9e de lecture estim\u00e9e\" \/>\n\t<meta name=\"twitter:data2\" content=\"2 minutes\" \/>\n<script type=\"application\/ld+json\" class=\"yoast-schema-graph\">{\"@context\":\"https:\/\/schema.org\",\"@graph\":[{\"@type\":\"Article\",\"@id\":\"https:\/\/www.africa-press.net\/cameroun\/politique\/cameroun-covid-19-le-ministere-de-la-sante-publique-lance-une-campagne-nationale-intensive-de-vaccination-du-28-avril-au-2-mai-2021#article\",\"isPartOf\":{\"@id\":\"https:\/\/www.africa-press.net\/cameroun\/politique\/cameroun-covid-19-le-ministere-de-la-sante-publique-lance-une-campagne-nationale-intensive-de-vaccination-du-28-avril-au-2-mai-2021\"},\"author\":{\"name\":\"cfeditorfr\",\"@id\":\"https:\/\/www.africa-press.net\/cameroun\/#\/schema\/person\/2b1cf3cd81a31e3cd26889ca66d677f1\"},\"headline\":\"Cameroun &#8211; Covid-19: Le minist\u00e8re de la Sant\u00e9 Publique lance une campagne nationale intensive de vaccination du 28 avril au 2 mai 2021\",\"datePublished\":\"2021-04-28T18:37:00+00:00\",\"dateModified\":\"2021-04-28T20:15:13+00:00\",\"mainEntityOfPage\":{\"@id\":\"https:\/\/www.africa-press.net\/cameroun\/politique\/cameroun-covid-19-le-ministere-de-la-sante-publique-lance-une-campagne-nationale-intensive-de-vaccination-du-28-avril-au-2-mai-2021\"},\"wordCount\":433,\"commentCount\":0,\"image\":{\"@id\":\"https:\/\/www.africa-press.net\/cameroun\/politique\/cameroun-covid-19-le-ministere-de-la-sante-publique-lance-une-campagne-nationale-intensive-de-vaccination-du-28-avril-au-2-mai-2021#primaryimage\"},\"thumbnailUrl\":\"https:\/\/static.africa-press.net\/cameroun\/sites\/57\/2021\/04\/img-6089c2351c913.jpg\",\"keywords\":[\"Africa Press\",\"Africa Press-Cameroun\",\"Cameroun\"],\"articleSection\":[\"homepage-french\",\"Politique\",\"Toutes les actualit\u00e9s\"],\"inLanguage\":\"fr-FR\",\"potentialAction\":[{\"@type\":\"CommentAction\",\"name\":\"Comment\",\"target\":[\"https:\/\/www.africa-press.net\/cameroun\/politique\/cameroun-covid-19-le-ministere-de-la-sante-publique-lance-une-campagne-nationale-intensive-de-vaccination-du-28-avril-au-2-mai-2021#respond\"]}]},{\"@type\":\"WebPage\",\"@id\":\"https:\/\/www.africa-press.net\/cameroun\/politique\/cameroun-covid-19-le-ministere-de-la-sante-publique-lance-une-campagne-nationale-intensive-de-vaccination-du-28-avril-au-2-mai-2021\",\"url\":\"https:\/\/www.africa-press.net\/cameroun\/politique\/cameroun-covid-19-le-ministere-de-la-sante-publique-lance-une-campagne-nationale-intensive-de-vaccination-du-28-avril-au-2-mai-2021\",\"name\":\"Cameroun - Covid-19: Le minist\u00e8re de la Sant\u00e9 Publique lance une campagne nationale intensive de vaccination du 28 avril au 2 mai 2021 - Cameroun\",\"isPartOf\":{\"@id\":\"https:\/\/www.africa-press.net\/cameroun\/#website\"},\"primaryImageOfPage\":{\"@id\":\"https:\/\/www.africa-press.net\/cameroun\/politique\/cameroun-covid-19-le-ministere-de-la-sante-publique-lance-une-campagne-nationale-intensive-de-vaccination-du-28-avril-au-2-mai-2021#primaryimage\"},\"image\":{\"@id\":\"https:\/\/www.africa-press.net\/cameroun\/politique\/cameroun-covid-19-le-ministere-de-la-sante-publique-lance-une-campagne-nationale-intensive-de-vaccination-du-28-avril-au-2-mai-2021#primaryimage\"},\"thumbnailUrl\":\"https:\/\/static.africa-press.net\/cameroun\/sites\/57\/2021\/04\/img-6089c2351c913.jpg\",\"datePublished\":\"2021-04-28T18:37:00+00:00\",\"dateModified\":\"2021-04-28T20:15:13+00:00\",\"author\":{\"@id\":\"https:\/\/www.africa-press.net\/cameroun\/#\/schema\/person\/2b1cf3cd81a31e3cd26889ca66d677f1\"},\"description\":\"Elle est lanc\u00e9e ce jour conform\u00e9ment aux instructions du ministre de la Sant\u00e9 Publique. Une campagne intensive de vaccin ...\",\"breadcrumb\":{\"@id\":\"https:\/\/www.africa-press.net\/cameroun\/politique\/cameroun-covid-19-le-ministere-de-la-sante-publique-lance-une-campagne-nationale-intensive-de-vaccination-du-28-avril-au-2-mai-2021#breadcrumb\"},\"inLanguage\":\"fr-FR\",\"potentialAction\":[{\"@type\":\"ReadAction\",\"target\":[\"https:\/\/www.africa-press.net\/cameroun\/politique\/cameroun-covid-19-le-ministere-de-la-sante-publique-lance-une-campagne-nationale-intensive-de-vaccination-du-28-avril-au-2-mai-2021\"]}]},{\"@type\":\"ImageObject\",\"inLanguage\":\"fr-FR\",\"@id\":\"https:\/\/www.africa-press.net\/cameroun\/politique\/cameroun-covid-19-le-ministere-de-la-sante-publique-lance-une-campagne-nationale-intensive-de-vaccination-du-28-avril-au-2-mai-2021#primaryimage\",\"url\":\"https:\/\/static.africa-press.net\/cameroun\/sites\/57\/2021\/04\/img-6089c2351c913.jpg\",\"contentUrl\":\"https:\/\/static.africa-press.net\/cameroun\/sites\/57\/2021\/04\/img-6089c2351c913.jpg\",\"width\":800,\"height\":390,\"caption\":\"Cameroun - Covid-19: Le minist\u00e8re de la Sant\u00e9 Publique lance une campagne nationale intensive de vaccination du 28 avril au 2 mai 2021\"},{\"@type\":\"BreadcrumbList\",\"@id\":\"https:\/\/www.africa-press.net\/cameroun\/politique\/cameroun-covid-19-le-ministere-de-la-sante-publique-lance-une-campagne-nationale-intensive-de-vaccination-du-28-avril-au-2-mai-2021#breadcrumb\",\"itemListElement\":[{\"@type\":\"ListItem\",\"position\":1,\"name\":\"Accueil\",\"item\":\"https:\/\/www.africa-press.net\/cameroun\/\"},{\"@type\":\"ListItem\",\"position\":2,\"name\":\"Cameroun &#8211; Covid-19: Le minist\u00e8re de la Sant\u00e9 Publique lance une campagne nationale intensive de vaccination du 28 avril au 2 mai 2021\"}]},{\"@type\":\"WebSite\",\"@id\":\"https:\/\/www.africa-press.net\/cameroun\/#website\",\"url\":\"https:\/\/www.africa-press.net\/cameroun\/\",\"name\":\"Cameroun\",\"description\":\"Just another Africa News Agency Sites site\",\"potentialAction\":[{\"@type\":\"SearchAction\",\"target\":{\"@type\":\"EntryPoint\",\"urlTemplate\":\"https:\/\/www.africa-press.net\/cameroun\/?s={search_term_string}\"},\"query-input\":{\"@type\":\"PropertyValueSpecification\",\"valueRequired\":true,\"valueName\":\"search_term_string\"}}],\"inLanguage\":\"fr-FR\"},{\"@type\":\"Person\",\"@id\":\"https:\/\/www.africa-press.net\/cameroun\/#\/schema\/person\/2b1cf3cd81a31e3cd26889ca66d677f1\",\"name\":\"cfeditorfr\"}]}<\/script>\n<!-- \/ Yoast SEO Premium plugin. -->","yoast_head_json":{"title":"Cameroun - Covid-19: Le minist\u00e8re de la Sant\u00e9 Publique lance une campagne nationale intensive de vaccination du 28 avril au 2 mai 2021 - Cameroun","description":"Elle est lanc\u00e9e ce jour conform\u00e9ment aux instructions du ministre de la Sant\u00e9 Publique. Une campagne intensive de vaccin ...","robots":{"index":"index","follow":"follow","max-snippet":"max-snippet:-1","max-image-preview":"max-image-preview:large","max-video-preview":"max-video-preview:-1"},"canonical":"https:\/\/www.africa-press.net\/cameroun\/politique\/cameroun-covid-19-le-ministere-de-la-sante-publique-lance-une-campagne-nationale-intensive-de-vaccination-du-28-avril-au-2-mai-2021","og_locale":"fr_FR","og_type":"article","og_title":"Cameroun - Covid-19: Le minist\u00e8re de la Sant\u00e9 Publique lance une campagne nationale intensive de vaccination du 28 avril au 2 mai 2021","og_description":"Elle est lanc\u00e9e ce jour conform\u00e9ment aux instructions du ministre de la Sant\u00e9 Publique. Une campagne intensive de vaccin ...","og_url":"https:\/\/www.africa-press.net\/cameroun\/politique\/cameroun-covid-19-le-ministere-de-la-sante-publique-lance-une-campagne-nationale-intensive-de-vaccination-du-28-avril-au-2-mai-2021","og_site_name":"Cameroun","article_published_time":"2021-04-28T18:37:00+00:00","article_modified_time":"2021-04-28T20:15:13+00:00","og_image":[{"width":800,"height":390,"url":"https:\/\/static.africa-press.net\/cameroun\/sites\/57\/2021\/04\/img-6089c2351c913.jpg","type":"image\/jpeg"}],"author":"cfeditorfr","twitter_card":"summary_large_image","twitter_misc":{"\u00c9crit par":"cfeditorfr","Dur\u00e9e de lecture estim\u00e9e":"2 minutes"},"schema":{"@context":"https:\/\/schema.org","@graph":[{"@type":"Article","@id":"https:\/\/www.africa-press.net\/cameroun\/politique\/cameroun-covid-19-le-ministere-de-la-sante-publique-lance-une-campagne-nationale-intensive-de-vaccination-du-28-avril-au-2-mai-2021#article","isPartOf":{"@id":"https:\/\/www.africa-press.net\/cameroun\/politique\/cameroun-covid-19-le-ministere-de-la-sante-publique-lance-une-campagne-nationale-intensive-de-vaccination-du-28-avril-au-2-mai-2021"},"author":{"name":"cfeditorfr","@id":"https:\/\/www.africa-press.net\/cameroun\/#\/schema\/person\/2b1cf3cd81a31e3cd26889ca66d677f1"},"headline":"Cameroun &#8211; Covid-19: Le minist\u00e8re de la Sant\u00e9 Publique lance une campagne nationale intensive de vaccination du 28 avril au 2 mai 2021","datePublished":"2021-04-28T18:37:00+00:00","dateModified":"2021-04-28T20:15:13+00:00","mainEntityOfPage":{"@id":"https:\/\/www.africa-press.net\/cameroun\/politique\/cameroun-covid-19-le-ministere-de-la-sante-publique-lance-une-campagne-nationale-intensive-de-vaccination-du-28-avril-au-2-mai-2021"},"wordCount":433,"commentCount":0,"image":{"@id":"https:\/\/www.africa-press.net\/cameroun\/politique\/cameroun-covid-19-le-ministere-de-la-sante-publique-lance-une-campagne-nationale-intensive-de-vaccination-du-28-avril-au-2-mai-2021#primaryimage"},"thumbnailUrl":"https:\/\/static.africa-press.net\/cameroun\/sites\/57\/2021\/04\/img-6089c2351c913.jpg","keywords":["Africa Press","Africa Press-Cameroun","Cameroun"],"articleSection":["homepage-french","Politique","Toutes les actualit\u00e9s"],"inLanguage":"fr-FR","potentialAction":[{"@type":"CommentAction","name":"Comment","target":["https:\/\/www.africa-press.net\/cameroun\/politique\/cameroun-covid-19-le-ministere-de-la-sante-publique-lance-une-campagne-nationale-intensive-de-vaccination-du-28-avril-au-2-mai-2021#respond"]}]},{"@type":"WebPage","@id":"https:\/\/www.africa-press.net\/cameroun\/politique\/cameroun-covid-19-le-ministere-de-la-sante-publique-lance-une-campagne-nationale-intensive-de-vaccination-du-28-avril-au-2-mai-2021","url":"https:\/\/www.africa-press.net\/cameroun\/politique\/cameroun-covid-19-le-ministere-de-la-sante-publique-lance-une-campagne-nationale-intensive-de-vaccination-du-28-avril-au-2-mai-2021","name":"Cameroun - Covid-19: Le minist\u00e8re de la Sant\u00e9 Publique lance une campagne nationale intensive de vaccination du 28 avril au 2 mai 2021 - Cameroun","isPartOf":{"@id":"https:\/\/www.africa-press.net\/cameroun\/#website"},"primaryImageOfPage":{"@id":"https:\/\/www.africa-press.net\/cameroun\/politique\/cameroun-covid-19-le-ministere-de-la-sante-publique-lance-une-campagne-nationale-intensive-de-vaccination-du-28-avril-au-2-mai-2021#primaryimage"},"image":{"@id":"https:\/\/www.africa-press.net\/cameroun\/politique\/cameroun-covid-19-le-ministere-de-la-sante-publique-lance-une-campagne-nationale-intensive-de-vaccination-du-28-avril-au-2-mai-2021#primaryimage"},"thumbnailUrl":"https:\/\/static.africa-press.net\/cameroun\/sites\/57\/2021\/04\/img-6089c2351c913.jpg","datePublished":"2021-04-28T18:37:00+00:00","dateModified":"2021-04-28T20:15:13+00:00","author":{"@id":"https:\/\/www.africa-press.net\/cameroun\/#\/schema\/person\/2b1cf3cd81a31e3cd26889ca66d677f1"},"description":"Elle est lanc\u00e9e ce jour conform\u00e9ment aux instructions du ministre de la Sant\u00e9 Publique. Une campagne intensive de vaccin ...","breadcrumb":{"@id":"https:\/\/www.africa-press.net\/cameroun\/politique\/cameroun-covid-19-le-ministere-de-la-sante-publique-lance-une-campagne-nationale-intensive-de-vaccination-du-28-avril-au-2-mai-2021#breadcrumb"},"inLanguage":"fr-FR","potentialAction":[{"@type":"ReadAction","target":["https:\/\/www.africa-press.net\/cameroun\/politique\/cameroun-covid-19-le-ministere-de-la-sante-publique-lance-une-campagne-nationale-intensive-de-vaccination-du-28-avril-au-2-mai-2021"]}]},{"@type":"ImageObject","inLanguage":"fr-FR","@id":"https:\/\/www.africa-press.net\/cameroun\/politique\/cameroun-covid-19-le-ministere-de-la-sante-publique-lance-une-campagne-nationale-intensive-de-vaccination-du-28-avril-au-2-mai-2021#primaryimage","url":"https:\/\/static.africa-press.net\/cameroun\/sites\/57\/2021\/04\/img-6089c2351c913.jpg","contentUrl":"https:\/\/static.africa-press.net\/cameroun\/sites\/57\/2021\/04\/img-6089c2351c913.jpg","width":800,"height":390,"caption":"Cameroun - Covid-19: Le minist\u00e8re de la Sant\u00e9 Publique lance une campagne nationale intensive de vaccination du 28 avril au 2 mai 2021"},{"@type":"BreadcrumbList","@id":"https:\/\/www.africa-press.net\/cameroun\/politique\/cameroun-covid-19-le-ministere-de-la-sante-publique-lance-une-campagne-nationale-intensive-de-vaccination-du-28-avril-au-2-mai-2021#breadcrumb","itemListElement":[{"@type":"ListItem","position":1,"name":"Accueil","item":"https:\/\/www.africa-press.net\/cameroun\/"},{"@type":"ListItem","position":2,"name":"Cameroun &#8211; Covid-19: Le minist\u00e8re de la Sant\u00e9 Publique lance une campagne nationale intensive de vaccination du 28 avril au 2 mai 2021"}]},{"@type":"WebSite","@id":"https:\/\/www.africa-press.net\/cameroun\/#website","url":"https:\/\/www.africa-press.net\/cameroun\/","name":"Cameroun","description":"Just another Africa News Agency Sites site","potentialAction":[{"@type":"SearchAction","target":{"@type":"EntryPoint","urlTemplate":"https:\/\/www.africa-press.net\/cameroun\/?s={search_term_string}"},"query-input":{"@type":"PropertyValueSpecification","valueRequired":true,"valueName":"search_term_string"}}],"inLanguage":"fr-FR"},{"@type":"Person","@id":"https:\/\/www.africa-press.net\/cameroun\/#\/schema\/person\/2b1cf3cd81a31e3cd26889ca66d677f1","name":"cfeditorfr"}]}},"_links":{"self":[{"href":"https:\/\/www.africa-press.net\/cameroun\/wp-json\/wp\/v2\/posts\/2705","targetHints":{"allow":["GET"]}}],"collection":[{"href":"https:\/\/www.africa-press.net\/cameroun\/wp-json\/wp\/v2\/posts"}],"about":[{"href":"https:\/\/www.africa-press.net\/cameroun\/wp-json\/wp\/v2\/types\/post"}],"author":[{"embeddable":true,"href":"https:\/\/www.africa-press.net\/cameroun\/wp-json\/wp\/v2\/users\/82"}],"replies":[{"embeddable":true,"href":"https:\/\/www.africa-press.net\/cameroun\/wp-json\/wp\/v2\/comments?post=2705"}],"version-history":[{"count":0,"href":"https:\/\/www.africa-press.net\/cameroun\/wp-json\/wp\/v2\/posts\/2705\/revisions"}],"wp:featuredmedia":[{"embeddable":true,"href":"https:\/\/www.africa-press.net\/cameroun\/wp-json\/wp\/v2\/media\/2704"}],"wp:attachment":[{"href":"https:\/\/www.africa-press.net\/cameroun\/wp-json\/wp\/v2\/media?parent=2705"}],"wp:term":[{"taxonomy":"category","embeddable":true,"href":"https:\/\/www.africa-press.net\/cameroun\/wp-json\/wp\/v2\/categories?post=2705"},{"taxonomy":"post_tag","embeddable":true,"href":"https:\/\/www.africa-press.net\/cameroun\/wp-json\/wp\/v2\/tags?post=2705"}],"curies":[{"name":"wp","href":"https:\/\/api.w.org\/{rel}","templated":true}]}}