{"id":27057,"date":"2022-09-09T14:11:31","date_gmt":"2022-09-09T14:11:31","guid":{"rendered":"https:\/\/www.africa-press.net\/cameroun\/politique\/cameroun-deces-delizabeth-ii-paul-biya-sincline-devant-lillustre-souveraine-au-destin-exceptionnel"},"modified":"2022-09-09T16:07:47","modified_gmt":"2022-09-09T16:07:47","slug":"cameroun-deces-delizabeth-ii-paul-biya-sincline-devant-lillustre-souveraine-au-destin-exceptionnel","status":"publish","type":"post","link":"https:\/\/www.africa-press.net\/cameroun\/politique\/cameroun-deces-delizabeth-ii-paul-biya-sincline-devant-lillustre-souveraine-au-destin-exceptionnel","title":{"rendered":"Cameroun-D\u00e9c\u00e8s d\u2019Elizabeth II : Paul Biya s\u2019incline devant \u00ab l\u2019illustre Souveraine au destin exceptionnel \u00bb"},"content":{"rendered":"<p><span style=\"color: #ff6600\"><strong>Africa-Press &#8211; Cameroun. <\/strong><\/span><b>Le chef de l\u2019Etat camerounais dans un message adress\u00e9 \u00e0 se Majest\u00e9 Charles III rend hommage \u00e0 la reine d\u2019Angleterre d\u00e9c\u00e9d\u00e9e.<\/b><\/p>\n<p>La reine Elizabeth est d\u00e9c\u00e9d\u00e9e jeudi 8 septembre 2022 au ch\u00e2teau Balmoral, sa r\u00e9sidence d\u2019\u00e9t\u00e9 en Ecosse, \u00e0 l\u2019\u00e2ge de 96. Son d\u00e9c\u00e8s survient apr\u00e8s 70 ans de r\u00e8gne en qualit\u00e9 de monarque du Royaume-Uni, de l\u2019Irlande du Nord et reine des 14 royaumes du Commonwealth. Suite \u00e0 l\u2019annonce du d\u00e9c\u00e8s par le Palais de Buckingham, le pr\u00e9sident de la R\u00e9publique du Cameroun a r\u00e9agi.<\/p>\n<p>\u00ab Majest\u00e9, j\u2019ai appris avec une profonde tristesse, la disparition de Sa Majest\u00e9 Elizabeth II, reine du Royaume-Uni, de Grande-Bretagne et de l\u2019Irlande du Nord. Je m\u2019incline devant la m\u00e9moire de cette illustre Souveraine au destin exceptionnel, dont le r\u00e8gne a marqu\u00e9 la fin du XX\u00e8me si\u00e8cle et le d\u00e9but du XXI\u00e8me si\u00e8cle \u00bb, \u00e9crit Paul Biya \u00e0 Charles III, le nouveau roi d\u2019Angleterre.<\/p>\n<p>\u00ab <b>Sa Majest\u00e9 Elizabeth II \u00e9tait tr\u00e8s aim\u00e9e par le peuple britannique, et particuli\u00e8rement respect\u00e9e \u00e0 l\u2019\u00e9tranger. La c\u00e9l\u00e9bration solennelle et populaire du 70\u00e8me anniversaire de son accession au tr\u00f4ne fut une belle exp\u00e9rience. Le d\u00e9c\u00e8s de sa Majest\u00e9 Elizabeth II est douloureusement ressenti dans votre pays et affecte aussi le Commonwealth of nations, du fait de sa stature et de son r\u00f4le embl\u00e9matique au cours de l\u2019histoire <\/b>\u00bb, ajoute le d\u00e9sormais plus ancien chef d\u2019Etat au pouvoir au monde.<\/p>\n<p>\u00ab <b>Mon \u00e9pouse et moi-m\u00eame tenons en cette circonstance affligeante, \u00e0 vous adresser, ainsi qu\u2019\u00e0 toute la famille royale, au gouvernement et \u00e0 vos compatriotes, nos condol\u00e9ances les plus sinc\u00e8res. J\u2019y associe le sentiment de compassion du peuple camerounais<\/b> \u00bb, conclut le pr\u00e9sident Paul Biya.<\/p>\n<p><strong>Pour plus d&rsquo;informations et d&rsquo;analyses sur la <a href=\"https:\/\/www.africa-press.net\/cameroun\">Cameroun<\/a>, suivez <a href=\"https:\/\/www.africa-press.net\/\">Africa-Press<\/a><\/strong><\/p>\n","protected":false},"excerpt":{"rendered":"<p>Africa-Press &#8211; Cameroun. Le chef de l\u2019Etat camerounais dans un message adress\u00e9 \u00e0 se Majest\u00e9 Charles III rend hommage \u00e0 la reine d\u2019Angleterre d\u00e9c\u00e9d\u00e9e. La reine Elizabeth est d\u00e9c\u00e9d\u00e9e jeudi 8 septembre 2022 au ch\u00e2teau Balmoral, sa r\u00e9sidence d\u2019\u00e9t\u00e9 en Ecosse, \u00e0 l\u2019\u00e2ge de 96. Son d\u00e9c\u00e8s survient apr\u00e8s 70 ans de r\u00e8gne en qualit\u00e9 [&hellip;]<\/p>\n","protected":false},"author":82,"featured_media":27056,"comment_status":"open","ping_status":"closed","sticky":false,"template":"","format":"standard","meta":{"footnotes":""},"categories":[11,2,10],"tags":[36,50,49],"class_list":["post-27057","post","type-post","status-publish","format-standard","has-post-thumbnail","hentry","category-homepage-french","category-politique","category-toutes-les-actualites","tag-africa-press","tag-africa-press-cameroun","tag-cameroun"],"yoast_head":"<!-- This site is optimized with the Yoast SEO Premium plugin v26.1 (Yoast SEO v27.0) - https:\/\/yoast.com\/product\/yoast-seo-premium-wordpress\/ -->\n<title>Cameroun-D\u00e9c\u00e8s d\u2019Elizabeth II : Paul Biya s\u2019incline devant \u00ab l\u2019illustre Souveraine au destin exceptionnel \u00bb - Cameroun<\/title>\n<meta name=\"description\" content=\"Le chef de l\u2019Etat camerounais dans un message adress\u00e9 \u00e0 se Majest\u00e9 Charles III rend hommage \u00e0 la reine d\u2019Angleterre d ...\" \/>\n<meta name=\"robots\" content=\"index, follow, max-snippet:-1, max-image-preview:large, max-video-preview:-1\" \/>\n<link rel=\"canonical\" href=\"https:\/\/www.africa-press.net\/cameroun\/politique\/cameroun-deces-delizabeth-ii-paul-biya-sincline-devant-lillustre-souveraine-au-destin-exceptionnel\" \/>\n<meta property=\"og:locale\" content=\"fr_FR\" \/>\n<meta property=\"og:type\" content=\"article\" \/>\n<meta property=\"og:title\" content=\"Cameroun-D\u00e9c\u00e8s d\u2019Elizabeth II : Paul Biya s\u2019incline devant \u00ab l\u2019illustre Souveraine au destin exceptionnel \u00bb\" \/>\n<meta property=\"og:description\" content=\"Le chef de l\u2019Etat camerounais dans un message adress\u00e9 \u00e0 se Majest\u00e9 Charles III rend hommage \u00e0 la reine d\u2019Angleterre d ...\" \/>\n<meta property=\"og:url\" content=\"https:\/\/www.africa-press.net\/cameroun\/politique\/cameroun-deces-delizabeth-ii-paul-biya-sincline-devant-lillustre-souveraine-au-destin-exceptionnel\" \/>\n<meta property=\"og:site_name\" content=\"Cameroun\" \/>\n<meta property=\"article:published_time\" content=\"2022-09-09T14:11:31+00:00\" \/>\n<meta property=\"article:modified_time\" content=\"2022-09-09T16:07:47+00:00\" \/>\n<meta property=\"og:image\" content=\"https:\/\/static.africa-press.net\/cameroun\/sites\/57\/2022\/09\/img-631b64bb5b4ff.jpg\" \/>\n\t<meta property=\"og:image:width\" content=\"1200\" \/>\n\t<meta property=\"og:image:height\" content=\"675\" \/>\n\t<meta property=\"og:image:type\" content=\"image\/jpeg\" \/>\n<meta name=\"author\" content=\"cfeditorfr\" \/>\n<meta name=\"twitter:card\" content=\"summary_large_image\" \/>\n<meta name=\"twitter:label1\" content=\"\u00c9crit par\" \/>\n\t<meta name=\"twitter:data1\" content=\"cfeditorfr\" \/>\n\t<meta name=\"twitter:label2\" content=\"Dur\u00e9e de lecture estim\u00e9e\" \/>\n\t<meta name=\"twitter:data2\" content=\"2 minutes\" \/>\n<script type=\"application\/ld+json\" class=\"yoast-schema-graph\">{\"@context\":\"https:\/\/schema.org\",\"@graph\":[{\"@type\":\"Article\",\"@id\":\"https:\/\/www.africa-press.net\/cameroun\/politique\/cameroun-deces-delizabeth-ii-paul-biya-sincline-devant-lillustre-souveraine-au-destin-exceptionnel#article\",\"isPartOf\":{\"@id\":\"https:\/\/www.africa-press.net\/cameroun\/politique\/cameroun-deces-delizabeth-ii-paul-biya-sincline-devant-lillustre-souveraine-au-destin-exceptionnel\"},\"author\":{\"name\":\"cfeditorfr\",\"@id\":\"https:\/\/www.africa-press.net\/cameroun\/#\/schema\/person\/2b1cf3cd81a31e3cd26889ca66d677f1\"},\"headline\":\"Cameroun-D\u00e9c\u00e8s d\u2019Elizabeth II : Paul Biya s\u2019incline devant \u00ab l\u2019illustre Souveraine au destin exceptionnel \u00bb\",\"datePublished\":\"2022-09-09T14:11:31+00:00\",\"dateModified\":\"2022-09-09T16:07:47+00:00\",\"mainEntityOfPage\":{\"@id\":\"https:\/\/www.africa-press.net\/cameroun\/politique\/cameroun-deces-delizabeth-ii-paul-biya-sincline-devant-lillustre-souveraine-au-destin-exceptionnel\"},\"wordCount\":343,\"commentCount\":0,\"image\":{\"@id\":\"https:\/\/www.africa-press.net\/cameroun\/politique\/cameroun-deces-delizabeth-ii-paul-biya-sincline-devant-lillustre-souveraine-au-destin-exceptionnel#primaryimage\"},\"thumbnailUrl\":\"https:\/\/static.africa-press.net\/cameroun\/sites\/57\/2022\/09\/img-631b64bb5b4ff.jpg\",\"keywords\":[\"Africa Press\",\"Africa Press-Cameroun\",\"Cameroun\"],\"articleSection\":[\"homepage-french\",\"Politique\",\"Toutes les actualit\u00e9s\"],\"inLanguage\":\"fr-FR\",\"potentialAction\":[{\"@type\":\"CommentAction\",\"name\":\"Comment\",\"target\":[\"https:\/\/www.africa-press.net\/cameroun\/politique\/cameroun-deces-delizabeth-ii-paul-biya-sincline-devant-lillustre-souveraine-au-destin-exceptionnel#respond\"]}]},{\"@type\":\"WebPage\",\"@id\":\"https:\/\/www.africa-press.net\/cameroun\/politique\/cameroun-deces-delizabeth-ii-paul-biya-sincline-devant-lillustre-souveraine-au-destin-exceptionnel\",\"url\":\"https:\/\/www.africa-press.net\/cameroun\/politique\/cameroun-deces-delizabeth-ii-paul-biya-sincline-devant-lillustre-souveraine-au-destin-exceptionnel\",\"name\":\"Cameroun-D\u00e9c\u00e8s d\u2019Elizabeth II : Paul Biya s\u2019incline devant \u00ab l\u2019illustre Souveraine au destin exceptionnel \u00bb - Cameroun\",\"isPartOf\":{\"@id\":\"https:\/\/www.africa-press.net\/cameroun\/#website\"},\"primaryImageOfPage\":{\"@id\":\"https:\/\/www.africa-press.net\/cameroun\/politique\/cameroun-deces-delizabeth-ii-paul-biya-sincline-devant-lillustre-souveraine-au-destin-exceptionnel#primaryimage\"},\"image\":{\"@id\":\"https:\/\/www.africa-press.net\/cameroun\/politique\/cameroun-deces-delizabeth-ii-paul-biya-sincline-devant-lillustre-souveraine-au-destin-exceptionnel#primaryimage\"},\"thumbnailUrl\":\"https:\/\/static.africa-press.net\/cameroun\/sites\/57\/2022\/09\/img-631b64bb5b4ff.jpg\",\"datePublished\":\"2022-09-09T14:11:31+00:00\",\"dateModified\":\"2022-09-09T16:07:47+00:00\",\"author\":{\"@id\":\"https:\/\/www.africa-press.net\/cameroun\/#\/schema\/person\/2b1cf3cd81a31e3cd26889ca66d677f1\"},\"description\":\"Le chef de l\u2019Etat camerounais dans un message adress\u00e9 \u00e0 se Majest\u00e9 Charles III rend hommage \u00e0 la reine d\u2019Angleterre d ...\",\"breadcrumb\":{\"@id\":\"https:\/\/www.africa-press.net\/cameroun\/politique\/cameroun-deces-delizabeth-ii-paul-biya-sincline-devant-lillustre-souveraine-au-destin-exceptionnel#breadcrumb\"},\"inLanguage\":\"fr-FR\",\"potentialAction\":[{\"@type\":\"ReadAction\",\"target\":[\"https:\/\/www.africa-press.net\/cameroun\/politique\/cameroun-deces-delizabeth-ii-paul-biya-sincline-devant-lillustre-souveraine-au-destin-exceptionnel\"]}]},{\"@type\":\"ImageObject\",\"inLanguage\":\"fr-FR\",\"@id\":\"https:\/\/www.africa-press.net\/cameroun\/politique\/cameroun-deces-delizabeth-ii-paul-biya-sincline-devant-lillustre-souveraine-au-destin-exceptionnel#primaryimage\",\"url\":\"https:\/\/static.africa-press.net\/cameroun\/sites\/57\/2022\/09\/img-631b64bb5b4ff.jpg\",\"contentUrl\":\"https:\/\/static.africa-press.net\/cameroun\/sites\/57\/2022\/09\/img-631b64bb5b4ff.jpg\",\"width\":1200,\"height\":675,\"caption\":\"Cameroun-D\u00e9c\u00e8s d\u2019Elizabeth II : Paul Biya s\u2019incline devant \u00ab l\u2019illustre Souveraine au destin exceptionnel \u00bb\"},{\"@type\":\"BreadcrumbList\",\"@id\":\"https:\/\/www.africa-press.net\/cameroun\/politique\/cameroun-deces-delizabeth-ii-paul-biya-sincline-devant-lillustre-souveraine-au-destin-exceptionnel#breadcrumb\",\"itemListElement\":[{\"@type\":\"ListItem\",\"position\":1,\"name\":\"Accueil\",\"item\":\"https:\/\/www.africa-press.net\/cameroun\/\"},{\"@type\":\"ListItem\",\"position\":2,\"name\":\"Cameroun-D\u00e9c\u00e8s d\u2019Elizabeth II : Paul Biya s\u2019incline devant \u00ab l\u2019illustre Souveraine au destin exceptionnel \u00bb\"}]},{\"@type\":\"WebSite\",\"@id\":\"https:\/\/www.africa-press.net\/cameroun\/#website\",\"url\":\"https:\/\/www.africa-press.net\/cameroun\/\",\"name\":\"Cameroun\",\"description\":\"Just another Africa News Agency Sites site\",\"potentialAction\":[{\"@type\":\"SearchAction\",\"target\":{\"@type\":\"EntryPoint\",\"urlTemplate\":\"https:\/\/www.africa-press.net\/cameroun\/?s={search_term_string}\"},\"query-input\":{\"@type\":\"PropertyValueSpecification\",\"valueRequired\":true,\"valueName\":\"search_term_string\"}}],\"inLanguage\":\"fr-FR\"},{\"@type\":\"Person\",\"@id\":\"https:\/\/www.africa-press.net\/cameroun\/#\/schema\/person\/2b1cf3cd81a31e3cd26889ca66d677f1\",\"name\":\"cfeditorfr\"}]}<\/script>\n<!-- \/ Yoast SEO Premium plugin. -->","yoast_head_json":{"title":"Cameroun-D\u00e9c\u00e8s d\u2019Elizabeth II : Paul Biya s\u2019incline devant \u00ab l\u2019illustre Souveraine au destin exceptionnel \u00bb - Cameroun","description":"Le chef de l\u2019Etat camerounais dans un message adress\u00e9 \u00e0 se Majest\u00e9 Charles III rend hommage \u00e0 la reine d\u2019Angleterre d ...","robots":{"index":"index","follow":"follow","max-snippet":"max-snippet:-1","max-image-preview":"max-image-preview:large","max-video-preview":"max-video-preview:-1"},"canonical":"https:\/\/www.africa-press.net\/cameroun\/politique\/cameroun-deces-delizabeth-ii-paul-biya-sincline-devant-lillustre-souveraine-au-destin-exceptionnel","og_locale":"fr_FR","og_type":"article","og_title":"Cameroun-D\u00e9c\u00e8s d\u2019Elizabeth II : Paul Biya s\u2019incline devant \u00ab l\u2019illustre Souveraine au destin exceptionnel \u00bb","og_description":"Le chef de l\u2019Etat camerounais dans un message adress\u00e9 \u00e0 se Majest\u00e9 Charles III rend hommage \u00e0 la reine d\u2019Angleterre d ...","og_url":"https:\/\/www.africa-press.net\/cameroun\/politique\/cameroun-deces-delizabeth-ii-paul-biya-sincline-devant-lillustre-souveraine-au-destin-exceptionnel","og_site_name":"Cameroun","article_published_time":"2022-09-09T14:11:31+00:00","article_modified_time":"2022-09-09T16:07:47+00:00","og_image":[{"width":1200,"height":675,"url":"https:\/\/static.africa-press.net\/cameroun\/sites\/57\/2022\/09\/img-631b64bb5b4ff.jpg","type":"image\/jpeg"}],"author":"cfeditorfr","twitter_card":"summary_large_image","twitter_misc":{"\u00c9crit par":"cfeditorfr","Dur\u00e9e de lecture estim\u00e9e":"2 minutes"},"schema":{"@context":"https:\/\/schema.org","@graph":[{"@type":"Article","@id":"https:\/\/www.africa-press.net\/cameroun\/politique\/cameroun-deces-delizabeth-ii-paul-biya-sincline-devant-lillustre-souveraine-au-destin-exceptionnel#article","isPartOf":{"@id":"https:\/\/www.africa-press.net\/cameroun\/politique\/cameroun-deces-delizabeth-ii-paul-biya-sincline-devant-lillustre-souveraine-au-destin-exceptionnel"},"author":{"name":"cfeditorfr","@id":"https:\/\/www.africa-press.net\/cameroun\/#\/schema\/person\/2b1cf3cd81a31e3cd26889ca66d677f1"},"headline":"Cameroun-D\u00e9c\u00e8s d\u2019Elizabeth II : Paul Biya s\u2019incline devant \u00ab l\u2019illustre Souveraine au destin exceptionnel \u00bb","datePublished":"2022-09-09T14:11:31+00:00","dateModified":"2022-09-09T16:07:47+00:00","mainEntityOfPage":{"@id":"https:\/\/www.africa-press.net\/cameroun\/politique\/cameroun-deces-delizabeth-ii-paul-biya-sincline-devant-lillustre-souveraine-au-destin-exceptionnel"},"wordCount":343,"commentCount":0,"image":{"@id":"https:\/\/www.africa-press.net\/cameroun\/politique\/cameroun-deces-delizabeth-ii-paul-biya-sincline-devant-lillustre-souveraine-au-destin-exceptionnel#primaryimage"},"thumbnailUrl":"https:\/\/static.africa-press.net\/cameroun\/sites\/57\/2022\/09\/img-631b64bb5b4ff.jpg","keywords":["Africa Press","Africa Press-Cameroun","Cameroun"],"articleSection":["homepage-french","Politique","Toutes les actualit\u00e9s"],"inLanguage":"fr-FR","potentialAction":[{"@type":"CommentAction","name":"Comment","target":["https:\/\/www.africa-press.net\/cameroun\/politique\/cameroun-deces-delizabeth-ii-paul-biya-sincline-devant-lillustre-souveraine-au-destin-exceptionnel#respond"]}]},{"@type":"WebPage","@id":"https:\/\/www.africa-press.net\/cameroun\/politique\/cameroun-deces-delizabeth-ii-paul-biya-sincline-devant-lillustre-souveraine-au-destin-exceptionnel","url":"https:\/\/www.africa-press.net\/cameroun\/politique\/cameroun-deces-delizabeth-ii-paul-biya-sincline-devant-lillustre-souveraine-au-destin-exceptionnel","name":"Cameroun-D\u00e9c\u00e8s d\u2019Elizabeth II : Paul Biya s\u2019incline devant \u00ab l\u2019illustre Souveraine au destin exceptionnel \u00bb - Cameroun","isPartOf":{"@id":"https:\/\/www.africa-press.net\/cameroun\/#website"},"primaryImageOfPage":{"@id":"https:\/\/www.africa-press.net\/cameroun\/politique\/cameroun-deces-delizabeth-ii-paul-biya-sincline-devant-lillustre-souveraine-au-destin-exceptionnel#primaryimage"},"image":{"@id":"https:\/\/www.africa-press.net\/cameroun\/politique\/cameroun-deces-delizabeth-ii-paul-biya-sincline-devant-lillustre-souveraine-au-destin-exceptionnel#primaryimage"},"thumbnailUrl":"https:\/\/static.africa-press.net\/cameroun\/sites\/57\/2022\/09\/img-631b64bb5b4ff.jpg","datePublished":"2022-09-09T14:11:31+00:00","dateModified":"2022-09-09T16:07:47+00:00","author":{"@id":"https:\/\/www.africa-press.net\/cameroun\/#\/schema\/person\/2b1cf3cd81a31e3cd26889ca66d677f1"},"description":"Le chef de l\u2019Etat camerounais dans un message adress\u00e9 \u00e0 se Majest\u00e9 Charles III rend hommage \u00e0 la reine d\u2019Angleterre d ...","breadcrumb":{"@id":"https:\/\/www.africa-press.net\/cameroun\/politique\/cameroun-deces-delizabeth-ii-paul-biya-sincline-devant-lillustre-souveraine-au-destin-exceptionnel#breadcrumb"},"inLanguage":"fr-FR","potentialAction":[{"@type":"ReadAction","target":["https:\/\/www.africa-press.net\/cameroun\/politique\/cameroun-deces-delizabeth-ii-paul-biya-sincline-devant-lillustre-souveraine-au-destin-exceptionnel"]}]},{"@type":"ImageObject","inLanguage":"fr-FR","@id":"https:\/\/www.africa-press.net\/cameroun\/politique\/cameroun-deces-delizabeth-ii-paul-biya-sincline-devant-lillustre-souveraine-au-destin-exceptionnel#primaryimage","url":"https:\/\/static.africa-press.net\/cameroun\/sites\/57\/2022\/09\/img-631b64bb5b4ff.jpg","contentUrl":"https:\/\/static.africa-press.net\/cameroun\/sites\/57\/2022\/09\/img-631b64bb5b4ff.jpg","width":1200,"height":675,"caption":"Cameroun-D\u00e9c\u00e8s d\u2019Elizabeth II : Paul Biya s\u2019incline devant \u00ab l\u2019illustre Souveraine au destin exceptionnel \u00bb"},{"@type":"BreadcrumbList","@id":"https:\/\/www.africa-press.net\/cameroun\/politique\/cameroun-deces-delizabeth-ii-paul-biya-sincline-devant-lillustre-souveraine-au-destin-exceptionnel#breadcrumb","itemListElement":[{"@type":"ListItem","position":1,"name":"Accueil","item":"https:\/\/www.africa-press.net\/cameroun\/"},{"@type":"ListItem","position":2,"name":"Cameroun-D\u00e9c\u00e8s d\u2019Elizabeth II : Paul Biya s\u2019incline devant \u00ab l\u2019illustre Souveraine au destin exceptionnel \u00bb"}]},{"@type":"WebSite","@id":"https:\/\/www.africa-press.net\/cameroun\/#website","url":"https:\/\/www.africa-press.net\/cameroun\/","name":"Cameroun","description":"Just another Africa News Agency Sites site","potentialAction":[{"@type":"SearchAction","target":{"@type":"EntryPoint","urlTemplate":"https:\/\/www.africa-press.net\/cameroun\/?s={search_term_string}"},"query-input":{"@type":"PropertyValueSpecification","valueRequired":true,"valueName":"search_term_string"}}],"inLanguage":"fr-FR"},{"@type":"Person","@id":"https:\/\/www.africa-press.net\/cameroun\/#\/schema\/person\/2b1cf3cd81a31e3cd26889ca66d677f1","name":"cfeditorfr"}]}},"_links":{"self":[{"href":"https:\/\/www.africa-press.net\/cameroun\/wp-json\/wp\/v2\/posts\/27057","targetHints":{"allow":["GET"]}}],"collection":[{"href":"https:\/\/www.africa-press.net\/cameroun\/wp-json\/wp\/v2\/posts"}],"about":[{"href":"https:\/\/www.africa-press.net\/cameroun\/wp-json\/wp\/v2\/types\/post"}],"author":[{"embeddable":true,"href":"https:\/\/www.africa-press.net\/cameroun\/wp-json\/wp\/v2\/users\/82"}],"replies":[{"embeddable":true,"href":"https:\/\/www.africa-press.net\/cameroun\/wp-json\/wp\/v2\/comments?post=27057"}],"version-history":[{"count":0,"href":"https:\/\/www.africa-press.net\/cameroun\/wp-json\/wp\/v2\/posts\/27057\/revisions"}],"wp:featuredmedia":[{"embeddable":true,"href":"https:\/\/www.africa-press.net\/cameroun\/wp-json\/wp\/v2\/media\/27056"}],"wp:attachment":[{"href":"https:\/\/www.africa-press.net\/cameroun\/wp-json\/wp\/v2\/media?parent=27057"}],"wp:term":[{"taxonomy":"category","embeddable":true,"href":"https:\/\/www.africa-press.net\/cameroun\/wp-json\/wp\/v2\/categories?post=27057"},{"taxonomy":"post_tag","embeddable":true,"href":"https:\/\/www.africa-press.net\/cameroun\/wp-json\/wp\/v2\/tags?post=27057"}],"curies":[{"name":"wp","href":"https:\/\/api.w.org\/{rel}","templated":true}]}}