{"id":27060,"date":"2022-09-09T14:21:09","date_gmt":"2022-09-09T14:21:09","guid":{"rendered":"https:\/\/www.africa-press.net\/cameroun\/politique\/cameroun-la-regionale-devient-une-banque"},"modified":"2022-09-09T16:08:26","modified_gmt":"2022-09-09T16:08:26","slug":"cameroun-la-regionale-devient-une-banque","status":"publish","type":"post","link":"https:\/\/www.africa-press.net\/cameroun\/economie\/cameroun-la-regionale-devient-une-banque","title":{"rendered":"Cameroun\u00a0: La R\u00e9gionale devient une banque"},"content":{"rendered":"<p><span style=\"color: #ff6600\"><strong>Africa-Press &#8211; Cameroun. <\/strong><\/span>Cet Etablissement de microfinance (EMF) devient ainsi le 18e \u00e9tablissement bancaire autoris\u00e9 \u00e0 op\u00e9rer au Cameroun.<\/p>\n<p>La R\u00e9gionale quitte du statut de EMF \u00e0 Banque. La Commission bancaire d\u2019Afrique centrale (Cobac) vient de donner son accord \u00e0 La R\u00e9gionale d\u2019\u00c9pargne et de Cr\u00e9dit pour exercer sur le march\u00e9 camerounais en tant que banque universelle.<\/p>\n<p>La d\u00e9cision du r\u00e9gulateur du secteur bancaire (Cobac) dans la zone Cemac a \u00e9t\u00e9 notifi\u00e9e aux responsables de La R\u00e9gionale SA ce 8 septembre 2022.<\/p>\n<p>Cet agr\u00e9ment, permet \u00e0 La R\u00e9gionale d\u2019amorcer une nouvelle \u00e9tape de son d\u00e9veloppement. Elle devient officiellement la 18e banque \u00e0 exercer dans le pays apr\u00e8s l\u2019\u00e9quatoguin\u00e9en Bange Bank et le Nig\u00e9rian Acc\u00e8s Bank qui ont officiellement d\u00e9marr\u00e9 leurs activit\u00e9s cette ann\u00e9e.<\/p>\n<p>\u00ab\u2009<b>L\u2019objectif de cette op\u00e9ration est de porter le capital de 8,04 milliards de FCFA enti\u00e8rement lib\u00e9r\u00e9 et valid\u00e9 par la Cobac (Commission bancaire de l\u2019Afrique centrale), \u00e0 plus de 15 milliards en vue de la transformation de La R\u00e9gionale en banque universelle<\/b>\u2009\u00bb, avait expliqu\u00e9 Charles Rollin Ombang Ekath, l\u2019administrateur directeur g\u00e9n\u00e9ral (ADG) de La R\u00e9gionale SA.<\/p>\n<p>Le processus a \u00e9t\u00e9 enclench\u00e9 depuis un moment. Avec Financia capital comme arrangeur, l\u2019\u00e9tablissement de microfinance a proc\u00e9d\u00e9 en janvier 2021 \u00e0 l\u2019introduction d\u2019une partie de ses actions en vue d\u2019accro\u00eetre ses fonds propres. 196 000 actions \u00e0 raison de 42 000 FCFA l\u2019unit\u00e9 ont \u00e9t\u00e9 propos\u00e9es au public. L\u2019op\u00e9ration a permis de porter le Capital social de la Microfinance au-dessus des 10 milliards minimum requis pour exercer en tant que banque universelle au Cameroun<\/p>\n<p>La R\u00e9gionale S.A. a un r\u00e9seau de 41 agences au Cameroun et une filiale de 04 agences au Gabon. Son capital est de 10 125 360 000 FCFA (Dix milliards cent vingt-cinq millions trois cent soixante mille). Cette organisation compte 09 d\u00e9partements et fournit des solutions financi\u00e8res \u00e0 plus de 101 466 clients et 107 442 comptes.<\/p>\n<p>Rappelons que la R\u00e9gionale d\u2019\u00e9pargne et de Cr\u00e9dit est principalement d\u00e9tenue par Charles Rollin Ombang Ekath (64 %) et le fonds su\u00e9dois Nordic Microcap Investment (14 %), la microfinance affiche en 2019 un total bilan \u00e9logieux de 25 milliards de FCFA.<\/p>\n<p><strong>Pour plus d&rsquo;informations et d&rsquo;analyses sur la <a href=\"https:\/\/www.africa-press.net\/cameroun\">Cameroun<\/a>, suivez <a href=\"https:\/\/www.africa-press.net\/\">Africa-Press<\/a><\/strong><\/p>\n","protected":false},"excerpt":{"rendered":"<p>Africa-Press &#8211; Cameroun. Cet Etablissement de microfinance (EMF) devient ainsi le 18e \u00e9tablissement bancaire autoris\u00e9 \u00e0 op\u00e9rer au Cameroun. La R\u00e9gionale quitte du statut de EMF \u00e0 Banque. La Commission bancaire d\u2019Afrique centrale (Cobac) vient de donner son accord \u00e0 La R\u00e9gionale d\u2019\u00c9pargne et de Cr\u00e9dit pour exercer sur le march\u00e9 camerounais en tant que [&hellip;]<\/p>\n","protected":false},"author":82,"featured_media":27059,"comment_status":"open","ping_status":"closed","sticky":false,"template":"","format":"standard","meta":{"footnotes":""},"categories":[3,11,10],"tags":[36,50,49],"class_list":["post-27060","post","type-post","status-publish","format-standard","has-post-thumbnail","hentry","category-economie","category-homepage-french","category-toutes-les-actualites","tag-africa-press","tag-africa-press-cameroun","tag-cameroun"],"yoast_head":"<!-- This site is optimized with the Yoast SEO Premium plugin v26.1 (Yoast SEO v27.0) - https:\/\/yoast.com\/product\/yoast-seo-premium-wordpress\/ -->\n<title>Cameroun\u00a0: La R\u00e9gionale devient une banque - Cameroun<\/title>\n<meta name=\"description\" content=\"Cet Etablissement de microfinance (EMF) devient ainsi le 18e \u00e9tablissement bancaire autoris\u00e9 \u00e0 op\u00e9rer au Cameroun. ...\" \/>\n<meta name=\"robots\" content=\"index, follow, max-snippet:-1, max-image-preview:large, max-video-preview:-1\" \/>\n<link rel=\"canonical\" href=\"https:\/\/www.africa-press.net\/cameroun\/economie\/cameroun-la-regionale-devient-une-banque\" \/>\n<meta property=\"og:locale\" content=\"fr_FR\" \/>\n<meta property=\"og:type\" content=\"article\" \/>\n<meta property=\"og:title\" content=\"Cameroun\u00a0: La R\u00e9gionale devient une banque\" \/>\n<meta property=\"og:description\" content=\"Cet Etablissement de microfinance (EMF) devient ainsi le 18e \u00e9tablissement bancaire autoris\u00e9 \u00e0 op\u00e9rer au Cameroun. ...\" \/>\n<meta property=\"og:url\" content=\"https:\/\/www.africa-press.net\/cameroun\/economie\/cameroun-la-regionale-devient-une-banque\" \/>\n<meta property=\"og:site_name\" content=\"Cameroun\" \/>\n<meta property=\"article:published_time\" content=\"2022-09-09T14:21:09+00:00\" \/>\n<meta property=\"article:modified_time\" content=\"2022-09-09T16:08:26+00:00\" \/>\n<meta property=\"og:image\" content=\"https:\/\/static.africa-press.net\/cameroun\/sites\/57\/2022\/09\/img-631b64deb8b83.jpg\" \/>\n\t<meta property=\"og:image:width\" content=\"780\" \/>\n\t<meta property=\"og:image:height\" content=\"470\" \/>\n\t<meta property=\"og:image:type\" content=\"image\/jpeg\" \/>\n<meta name=\"author\" content=\"cfeditorfr\" \/>\n<meta name=\"twitter:card\" content=\"summary_large_image\" \/>\n<meta name=\"twitter:label1\" content=\"\u00c9crit par\" \/>\n\t<meta name=\"twitter:data1\" content=\"cfeditorfr\" \/>\n\t<meta name=\"twitter:label2\" content=\"Dur\u00e9e de lecture estim\u00e9e\" \/>\n\t<meta name=\"twitter:data2\" content=\"2 minutes\" \/>\n<script type=\"application\/ld+json\" class=\"yoast-schema-graph\">{\"@context\":\"https:\/\/schema.org\",\"@graph\":[{\"@type\":\"Article\",\"@id\":\"https:\/\/www.africa-press.net\/cameroun\/economie\/cameroun-la-regionale-devient-une-banque#article\",\"isPartOf\":{\"@id\":\"https:\/\/www.africa-press.net\/cameroun\/economie\/cameroun-la-regionale-devient-une-banque\"},\"author\":{\"name\":\"cfeditorfr\",\"@id\":\"https:\/\/www.africa-press.net\/cameroun\/#\/schema\/person\/2b1cf3cd81a31e3cd26889ca66d677f1\"},\"headline\":\"Cameroun\u00a0: La R\u00e9gionale devient une banque\",\"datePublished\":\"2022-09-09T14:21:09+00:00\",\"dateModified\":\"2022-09-09T16:08:26+00:00\",\"mainEntityOfPage\":{\"@id\":\"https:\/\/www.africa-press.net\/cameroun\/economie\/cameroun-la-regionale-devient-une-banque\"},\"wordCount\":387,\"commentCount\":0,\"image\":{\"@id\":\"https:\/\/www.africa-press.net\/cameroun\/economie\/cameroun-la-regionale-devient-une-banque#primaryimage\"},\"thumbnailUrl\":\"https:\/\/static.africa-press.net\/cameroun\/sites\/57\/2022\/09\/img-631b64deb8b83.jpg\",\"keywords\":[\"Africa Press\",\"Africa Press-Cameroun\",\"Cameroun\"],\"articleSection\":[\"\u00c9conomie\",\"homepage-french\",\"Toutes les actualit\u00e9s\"],\"inLanguage\":\"fr-FR\",\"potentialAction\":[{\"@type\":\"CommentAction\",\"name\":\"Comment\",\"target\":[\"https:\/\/www.africa-press.net\/cameroun\/economie\/cameroun-la-regionale-devient-une-banque#respond\"]}]},{\"@type\":\"WebPage\",\"@id\":\"https:\/\/www.africa-press.net\/cameroun\/economie\/cameroun-la-regionale-devient-une-banque\",\"url\":\"https:\/\/www.africa-press.net\/cameroun\/economie\/cameroun-la-regionale-devient-une-banque\",\"name\":\"Cameroun\u00a0: La R\u00e9gionale devient une banque - Cameroun\",\"isPartOf\":{\"@id\":\"https:\/\/www.africa-press.net\/cameroun\/#website\"},\"primaryImageOfPage\":{\"@id\":\"https:\/\/www.africa-press.net\/cameroun\/economie\/cameroun-la-regionale-devient-une-banque#primaryimage\"},\"image\":{\"@id\":\"https:\/\/www.africa-press.net\/cameroun\/economie\/cameroun-la-regionale-devient-une-banque#primaryimage\"},\"thumbnailUrl\":\"https:\/\/static.africa-press.net\/cameroun\/sites\/57\/2022\/09\/img-631b64deb8b83.jpg\",\"datePublished\":\"2022-09-09T14:21:09+00:00\",\"dateModified\":\"2022-09-09T16:08:26+00:00\",\"author\":{\"@id\":\"https:\/\/www.africa-press.net\/cameroun\/#\/schema\/person\/2b1cf3cd81a31e3cd26889ca66d677f1\"},\"description\":\"Cet Etablissement de microfinance (EMF) devient ainsi le 18e \u00e9tablissement bancaire autoris\u00e9 \u00e0 op\u00e9rer au Cameroun. ...\",\"breadcrumb\":{\"@id\":\"https:\/\/www.africa-press.net\/cameroun\/economie\/cameroun-la-regionale-devient-une-banque#breadcrumb\"},\"inLanguage\":\"fr-FR\",\"potentialAction\":[{\"@type\":\"ReadAction\",\"target\":[\"https:\/\/www.africa-press.net\/cameroun\/economie\/cameroun-la-regionale-devient-une-banque\"]}]},{\"@type\":\"ImageObject\",\"inLanguage\":\"fr-FR\",\"@id\":\"https:\/\/www.africa-press.net\/cameroun\/economie\/cameroun-la-regionale-devient-une-banque#primaryimage\",\"url\":\"https:\/\/static.africa-press.net\/cameroun\/sites\/57\/2022\/09\/img-631b64deb8b83.jpg\",\"contentUrl\":\"https:\/\/static.africa-press.net\/cameroun\/sites\/57\/2022\/09\/img-631b64deb8b83.jpg\",\"width\":780,\"height\":470,\"caption\":\"Cameroun\u00a0: La R\u00e9gionale devient une banque\"},{\"@type\":\"BreadcrumbList\",\"@id\":\"https:\/\/www.africa-press.net\/cameroun\/economie\/cameroun-la-regionale-devient-une-banque#breadcrumb\",\"itemListElement\":[{\"@type\":\"ListItem\",\"position\":1,\"name\":\"Accueil\",\"item\":\"https:\/\/www.africa-press.net\/cameroun\/\"},{\"@type\":\"ListItem\",\"position\":2,\"name\":\"Cameroun\u00a0: La R\u00e9gionale devient une banque\"}]},{\"@type\":\"WebSite\",\"@id\":\"https:\/\/www.africa-press.net\/cameroun\/#website\",\"url\":\"https:\/\/www.africa-press.net\/cameroun\/\",\"name\":\"Cameroun\",\"description\":\"Just another Africa News Agency Sites site\",\"potentialAction\":[{\"@type\":\"SearchAction\",\"target\":{\"@type\":\"EntryPoint\",\"urlTemplate\":\"https:\/\/www.africa-press.net\/cameroun\/?s={search_term_string}\"},\"query-input\":{\"@type\":\"PropertyValueSpecification\",\"valueRequired\":true,\"valueName\":\"search_term_string\"}}],\"inLanguage\":\"fr-FR\"},{\"@type\":\"Person\",\"@id\":\"https:\/\/www.africa-press.net\/cameroun\/#\/schema\/person\/2b1cf3cd81a31e3cd26889ca66d677f1\",\"name\":\"cfeditorfr\"}]}<\/script>\n<!-- \/ Yoast SEO Premium plugin. -->","yoast_head_json":{"title":"Cameroun\u00a0: La R\u00e9gionale devient une banque - Cameroun","description":"Cet Etablissement de microfinance (EMF) devient ainsi le 18e \u00e9tablissement bancaire autoris\u00e9 \u00e0 op\u00e9rer au Cameroun. ...","robots":{"index":"index","follow":"follow","max-snippet":"max-snippet:-1","max-image-preview":"max-image-preview:large","max-video-preview":"max-video-preview:-1"},"canonical":"https:\/\/www.africa-press.net\/cameroun\/economie\/cameroun-la-regionale-devient-une-banque","og_locale":"fr_FR","og_type":"article","og_title":"Cameroun\u00a0: La R\u00e9gionale devient une banque","og_description":"Cet Etablissement de microfinance (EMF) devient ainsi le 18e \u00e9tablissement bancaire autoris\u00e9 \u00e0 op\u00e9rer au Cameroun. ...","og_url":"https:\/\/www.africa-press.net\/cameroun\/economie\/cameroun-la-regionale-devient-une-banque","og_site_name":"Cameroun","article_published_time":"2022-09-09T14:21:09+00:00","article_modified_time":"2022-09-09T16:08:26+00:00","og_image":[{"width":780,"height":470,"url":"https:\/\/static.africa-press.net\/cameroun\/sites\/57\/2022\/09\/img-631b64deb8b83.jpg","type":"image\/jpeg"}],"author":"cfeditorfr","twitter_card":"summary_large_image","twitter_misc":{"\u00c9crit par":"cfeditorfr","Dur\u00e9e de lecture estim\u00e9e":"2 minutes"},"schema":{"@context":"https:\/\/schema.org","@graph":[{"@type":"Article","@id":"https:\/\/www.africa-press.net\/cameroun\/economie\/cameroun-la-regionale-devient-une-banque#article","isPartOf":{"@id":"https:\/\/www.africa-press.net\/cameroun\/economie\/cameroun-la-regionale-devient-une-banque"},"author":{"name":"cfeditorfr","@id":"https:\/\/www.africa-press.net\/cameroun\/#\/schema\/person\/2b1cf3cd81a31e3cd26889ca66d677f1"},"headline":"Cameroun\u00a0: La R\u00e9gionale devient une banque","datePublished":"2022-09-09T14:21:09+00:00","dateModified":"2022-09-09T16:08:26+00:00","mainEntityOfPage":{"@id":"https:\/\/www.africa-press.net\/cameroun\/economie\/cameroun-la-regionale-devient-une-banque"},"wordCount":387,"commentCount":0,"image":{"@id":"https:\/\/www.africa-press.net\/cameroun\/economie\/cameroun-la-regionale-devient-une-banque#primaryimage"},"thumbnailUrl":"https:\/\/static.africa-press.net\/cameroun\/sites\/57\/2022\/09\/img-631b64deb8b83.jpg","keywords":["Africa Press","Africa Press-Cameroun","Cameroun"],"articleSection":["\u00c9conomie","homepage-french","Toutes les actualit\u00e9s"],"inLanguage":"fr-FR","potentialAction":[{"@type":"CommentAction","name":"Comment","target":["https:\/\/www.africa-press.net\/cameroun\/economie\/cameroun-la-regionale-devient-une-banque#respond"]}]},{"@type":"WebPage","@id":"https:\/\/www.africa-press.net\/cameroun\/economie\/cameroun-la-regionale-devient-une-banque","url":"https:\/\/www.africa-press.net\/cameroun\/economie\/cameroun-la-regionale-devient-une-banque","name":"Cameroun\u00a0: La R\u00e9gionale devient une banque - Cameroun","isPartOf":{"@id":"https:\/\/www.africa-press.net\/cameroun\/#website"},"primaryImageOfPage":{"@id":"https:\/\/www.africa-press.net\/cameroun\/economie\/cameroun-la-regionale-devient-une-banque#primaryimage"},"image":{"@id":"https:\/\/www.africa-press.net\/cameroun\/economie\/cameroun-la-regionale-devient-une-banque#primaryimage"},"thumbnailUrl":"https:\/\/static.africa-press.net\/cameroun\/sites\/57\/2022\/09\/img-631b64deb8b83.jpg","datePublished":"2022-09-09T14:21:09+00:00","dateModified":"2022-09-09T16:08:26+00:00","author":{"@id":"https:\/\/www.africa-press.net\/cameroun\/#\/schema\/person\/2b1cf3cd81a31e3cd26889ca66d677f1"},"description":"Cet Etablissement de microfinance (EMF) devient ainsi le 18e \u00e9tablissement bancaire autoris\u00e9 \u00e0 op\u00e9rer au Cameroun. ...","breadcrumb":{"@id":"https:\/\/www.africa-press.net\/cameroun\/economie\/cameroun-la-regionale-devient-une-banque#breadcrumb"},"inLanguage":"fr-FR","potentialAction":[{"@type":"ReadAction","target":["https:\/\/www.africa-press.net\/cameroun\/economie\/cameroun-la-regionale-devient-une-banque"]}]},{"@type":"ImageObject","inLanguage":"fr-FR","@id":"https:\/\/www.africa-press.net\/cameroun\/economie\/cameroun-la-regionale-devient-une-banque#primaryimage","url":"https:\/\/static.africa-press.net\/cameroun\/sites\/57\/2022\/09\/img-631b64deb8b83.jpg","contentUrl":"https:\/\/static.africa-press.net\/cameroun\/sites\/57\/2022\/09\/img-631b64deb8b83.jpg","width":780,"height":470,"caption":"Cameroun\u00a0: La R\u00e9gionale devient une banque"},{"@type":"BreadcrumbList","@id":"https:\/\/www.africa-press.net\/cameroun\/economie\/cameroun-la-regionale-devient-une-banque#breadcrumb","itemListElement":[{"@type":"ListItem","position":1,"name":"Accueil","item":"https:\/\/www.africa-press.net\/cameroun\/"},{"@type":"ListItem","position":2,"name":"Cameroun\u00a0: La R\u00e9gionale devient une banque"}]},{"@type":"WebSite","@id":"https:\/\/www.africa-press.net\/cameroun\/#website","url":"https:\/\/www.africa-press.net\/cameroun\/","name":"Cameroun","description":"Just another Africa News Agency Sites site","potentialAction":[{"@type":"SearchAction","target":{"@type":"EntryPoint","urlTemplate":"https:\/\/www.africa-press.net\/cameroun\/?s={search_term_string}"},"query-input":{"@type":"PropertyValueSpecification","valueRequired":true,"valueName":"search_term_string"}}],"inLanguage":"fr-FR"},{"@type":"Person","@id":"https:\/\/www.africa-press.net\/cameroun\/#\/schema\/person\/2b1cf3cd81a31e3cd26889ca66d677f1","name":"cfeditorfr"}]}},"_links":{"self":[{"href":"https:\/\/www.africa-press.net\/cameroun\/wp-json\/wp\/v2\/posts\/27060","targetHints":{"allow":["GET"]}}],"collection":[{"href":"https:\/\/www.africa-press.net\/cameroun\/wp-json\/wp\/v2\/posts"}],"about":[{"href":"https:\/\/www.africa-press.net\/cameroun\/wp-json\/wp\/v2\/types\/post"}],"author":[{"embeddable":true,"href":"https:\/\/www.africa-press.net\/cameroun\/wp-json\/wp\/v2\/users\/82"}],"replies":[{"embeddable":true,"href":"https:\/\/www.africa-press.net\/cameroun\/wp-json\/wp\/v2\/comments?post=27060"}],"version-history":[{"count":0,"href":"https:\/\/www.africa-press.net\/cameroun\/wp-json\/wp\/v2\/posts\/27060\/revisions"}],"wp:featuredmedia":[{"embeddable":true,"href":"https:\/\/www.africa-press.net\/cameroun\/wp-json\/wp\/v2\/media\/27059"}],"wp:attachment":[{"href":"https:\/\/www.africa-press.net\/cameroun\/wp-json\/wp\/v2\/media?parent=27060"}],"wp:term":[{"taxonomy":"category","embeddable":true,"href":"https:\/\/www.africa-press.net\/cameroun\/wp-json\/wp\/v2\/categories?post=27060"},{"taxonomy":"post_tag","embeddable":true,"href":"https:\/\/www.africa-press.net\/cameroun\/wp-json\/wp\/v2\/tags?post=27060"}],"curies":[{"name":"wp","href":"https:\/\/api.w.org\/{rel}","templated":true}]}}