{"id":27063,"date":"2022-09-09T14:30:45","date_gmt":"2022-09-09T14:30:45","guid":{"rendered":"https:\/\/www.africa-press.net\/cameroun\/politique\/cameroun-crise-anglophone-un-autre-redoutable-separatiste-tue-par-larmee"},"modified":"2022-09-09T16:09:09","modified_gmt":"2022-09-09T16:09:09","slug":"cameroun-crise-anglophone-un-autre-redoutable-separatiste-tue-par-larmee","status":"publish","type":"post","link":"https:\/\/www.africa-press.net\/cameroun\/politique\/cameroun-crise-anglophone-un-autre-redoutable-separatiste-tue-par-larmee","title":{"rendered":"Cameroun-crise anglophone : un autre redoutable s\u00e9paratiste tu\u00e9 par l\u2019arm\u00e9e"},"content":{"rendered":"<p><span style=\"color: #ff6600\"><strong>Africa-Press &#8211; Cameroun. <\/strong><\/span><b>Le combattant s\u00e9paratiste qui s\u2019est donn\u00e9 pour nom \u00ab Satan \u00bb aurait \u00e9t\u00e9 abattu par les forces arm\u00e9es r\u00e9guli\u00e8res dans la r\u00e9gion du Nord-Ouest.<\/b><\/p>\n<p>Selon les journaux en ligne Infos Cameroun, Cameroun web et Scoop 4, au moins trois combattants s\u00e9paratistes ont \u00e9t\u00e9 neutralis\u00e9s par l\u2019arm\u00e9e. Les affrontements auraient eu lieu dans la localit\u00e9 de d\u2019Awing situ\u00e9e dans l\u2019arrondissement de Santa, d\u00e9partement de la Mezam, r\u00e9gion du Nord-Ouest.<\/p>\n<p>Suite \u00e0 un \u00e9change de tirs de part et d\u2019autre des deux camps (s\u00e9paratistes et arm\u00e9e), nos confr\u00e8res informent que trois s\u00e9paratistes ont perdu la vie, notamment le redoutable \u00ab Satan \u00bb, qui semait la terreur dans certaines localit\u00e9s de la r\u00e9gion du Nord-Ouest depuis l\u2019enlisement de la crise anglophone. Mais aucune communication officielle n\u2019a encore \u00e9t\u00e9 faite sur le sujet.<\/p>\n<p>Ces autres combattants dits ambazoniens seraient tomb\u00e9s face \u00e0 l\u2019arm\u00e9e quelques jours apr\u00e8s l\u2019attaque de Muyuka dans la r\u00e9gion du Sud-Ouest voisine. Six civils sur les 14 voyageant \u00e0 bord d\u2019un car de transport ont perdu la vie lorsque les assaillants ont ouvert le feu, et huit autres bless\u00e9s. Le drame est survenu au lendemain de la rentr\u00e9e scolaire du 5 septembre 2022. Mais avant cela, l\u2019arm\u00e9e accomplit des op\u00e9rations de s\u00e9curit\u00e9 et de d\u00e9fense sur le terrain.<\/p>\n<p>En juin dernier, Field Marshall, un autre leader s\u00e9paratiste redout\u00e9 dans le d\u00e9partement du Lebialem, r\u00e9gion du Sud-Ouest, a \u00e9t\u00e9 neutralis\u00e9 et son corps expos\u00e9 dans la ville de Kumba. Reste recherch\u00e9, un autre leader du nom de \u00ab No Pity \u00bb, qui selon les informations, s\u00e8me la terreur dans la r\u00e9gion du Nord-Ouest.<\/p>\n<p><strong>Pour plus d&rsquo;informations et d&rsquo;analyses sur la <a href=\"https:\/\/www.africa-press.net\/cameroun\">Cameroun<\/a>, suivez <a href=\"https:\/\/www.africa-press.net\/\">Africa-Press<\/a><\/strong><\/p>\n","protected":false},"excerpt":{"rendered":"<p>Africa-Press &#8211; Cameroun. Le combattant s\u00e9paratiste qui s\u2019est donn\u00e9 pour nom \u00ab Satan \u00bb aurait \u00e9t\u00e9 abattu par les forces arm\u00e9es r\u00e9guli\u00e8res dans la r\u00e9gion du Nord-Ouest. Selon les journaux en ligne Infos Cameroun, Cameroun web et Scoop 4, au moins trois combattants s\u00e9paratistes ont \u00e9t\u00e9 neutralis\u00e9s par l\u2019arm\u00e9e. Les affrontements auraient eu lieu dans [&hellip;]<\/p>\n","protected":false},"author":82,"featured_media":27062,"comment_status":"open","ping_status":"closed","sticky":false,"template":"","format":"standard","meta":{"footnotes":""},"categories":[11,2,10],"tags":[36,50,49],"class_list":["post-27063","post","type-post","status-publish","format-standard","has-post-thumbnail","hentry","category-homepage-french","category-politique","category-toutes-les-actualites","tag-africa-press","tag-africa-press-cameroun","tag-cameroun"],"yoast_head":"<!-- This site is optimized with the Yoast SEO Premium plugin v26.1 (Yoast SEO v27.0) - https:\/\/yoast.com\/product\/yoast-seo-premium-wordpress\/ -->\n<title>Cameroun-crise anglophone : un autre redoutable s\u00e9paratiste tu\u00e9 par l\u2019arm\u00e9e - Cameroun<\/title>\n<meta name=\"description\" content=\"Le combattant s\u00e9paratiste qui s\u2019est donn\u00e9 pour nom \u00ab Satan \u00bb aurait \u00e9t\u00e9 abattu par les forces arm\u00e9es r\u00e9guli\u00e8res dans ...\" \/>\n<meta name=\"robots\" content=\"index, follow, max-snippet:-1, max-image-preview:large, max-video-preview:-1\" \/>\n<link rel=\"canonical\" href=\"https:\/\/www.africa-press.net\/cameroun\/politique\/cameroun-crise-anglophone-un-autre-redoutable-separatiste-tue-par-larmee\" \/>\n<meta property=\"og:locale\" content=\"fr_FR\" \/>\n<meta property=\"og:type\" content=\"article\" \/>\n<meta property=\"og:title\" content=\"Cameroun-crise anglophone : un autre redoutable s\u00e9paratiste tu\u00e9 par l\u2019arm\u00e9e\" \/>\n<meta property=\"og:description\" content=\"Le combattant s\u00e9paratiste qui s\u2019est donn\u00e9 pour nom \u00ab Satan \u00bb aurait \u00e9t\u00e9 abattu par les forces arm\u00e9es r\u00e9guli\u00e8res dans ...\" \/>\n<meta property=\"og:url\" content=\"https:\/\/www.africa-press.net\/cameroun\/politique\/cameroun-crise-anglophone-un-autre-redoutable-separatiste-tue-par-larmee\" \/>\n<meta property=\"og:site_name\" content=\"Cameroun\" \/>\n<meta property=\"article:published_time\" content=\"2022-09-09T14:30:45+00:00\" \/>\n<meta property=\"article:modified_time\" content=\"2022-09-09T16:09:09+00:00\" \/>\n<meta property=\"og:image\" content=\"https:\/\/static.africa-press.net\/cameroun\/sites\/57\/2022\/09\/img-631b650182c59.jpg\" \/>\n\t<meta property=\"og:image:width\" content=\"720\" \/>\n\t<meta property=\"og:image:height\" content=\"588\" \/>\n\t<meta property=\"og:image:type\" content=\"image\/jpeg\" \/>\n<meta name=\"author\" content=\"cfeditorfr\" \/>\n<meta name=\"twitter:card\" content=\"summary_large_image\" \/>\n<meta name=\"twitter:label1\" content=\"\u00c9crit par\" \/>\n\t<meta name=\"twitter:data1\" content=\"cfeditorfr\" \/>\n\t<meta name=\"twitter:label2\" content=\"Dur\u00e9e de lecture estim\u00e9e\" \/>\n\t<meta name=\"twitter:data2\" content=\"2 minutes\" \/>\n<script type=\"application\/ld+json\" class=\"yoast-schema-graph\">{\"@context\":\"https:\/\/schema.org\",\"@graph\":[{\"@type\":\"Article\",\"@id\":\"https:\/\/www.africa-press.net\/cameroun\/politique\/cameroun-crise-anglophone-un-autre-redoutable-separatiste-tue-par-larmee#article\",\"isPartOf\":{\"@id\":\"https:\/\/www.africa-press.net\/cameroun\/politique\/cameroun-crise-anglophone-un-autre-redoutable-separatiste-tue-par-larmee\"},\"author\":{\"name\":\"cfeditorfr\",\"@id\":\"https:\/\/www.africa-press.net\/cameroun\/#\/schema\/person\/2b1cf3cd81a31e3cd26889ca66d677f1\"},\"headline\":\"Cameroun-crise anglophone : un autre redoutable s\u00e9paratiste tu\u00e9 par l\u2019arm\u00e9e\",\"datePublished\":\"2022-09-09T14:30:45+00:00\",\"dateModified\":\"2022-09-09T16:09:09+00:00\",\"mainEntityOfPage\":{\"@id\":\"https:\/\/www.africa-press.net\/cameroun\/politique\/cameroun-crise-anglophone-un-autre-redoutable-separatiste-tue-par-larmee\"},\"wordCount\":318,\"commentCount\":0,\"image\":{\"@id\":\"https:\/\/www.africa-press.net\/cameroun\/politique\/cameroun-crise-anglophone-un-autre-redoutable-separatiste-tue-par-larmee#primaryimage\"},\"thumbnailUrl\":\"https:\/\/static.africa-press.net\/cameroun\/sites\/57\/2022\/09\/img-631b650182c59.jpg\",\"keywords\":[\"Africa Press\",\"Africa Press-Cameroun\",\"Cameroun\"],\"articleSection\":[\"homepage-french\",\"Politique\",\"Toutes les actualit\u00e9s\"],\"inLanguage\":\"fr-FR\",\"potentialAction\":[{\"@type\":\"CommentAction\",\"name\":\"Comment\",\"target\":[\"https:\/\/www.africa-press.net\/cameroun\/politique\/cameroun-crise-anglophone-un-autre-redoutable-separatiste-tue-par-larmee#respond\"]}]},{\"@type\":\"WebPage\",\"@id\":\"https:\/\/www.africa-press.net\/cameroun\/politique\/cameroun-crise-anglophone-un-autre-redoutable-separatiste-tue-par-larmee\",\"url\":\"https:\/\/www.africa-press.net\/cameroun\/politique\/cameroun-crise-anglophone-un-autre-redoutable-separatiste-tue-par-larmee\",\"name\":\"Cameroun-crise anglophone : un autre redoutable s\u00e9paratiste tu\u00e9 par l\u2019arm\u00e9e - Cameroun\",\"isPartOf\":{\"@id\":\"https:\/\/www.africa-press.net\/cameroun\/#website\"},\"primaryImageOfPage\":{\"@id\":\"https:\/\/www.africa-press.net\/cameroun\/politique\/cameroun-crise-anglophone-un-autre-redoutable-separatiste-tue-par-larmee#primaryimage\"},\"image\":{\"@id\":\"https:\/\/www.africa-press.net\/cameroun\/politique\/cameroun-crise-anglophone-un-autre-redoutable-separatiste-tue-par-larmee#primaryimage\"},\"thumbnailUrl\":\"https:\/\/static.africa-press.net\/cameroun\/sites\/57\/2022\/09\/img-631b650182c59.jpg\",\"datePublished\":\"2022-09-09T14:30:45+00:00\",\"dateModified\":\"2022-09-09T16:09:09+00:00\",\"author\":{\"@id\":\"https:\/\/www.africa-press.net\/cameroun\/#\/schema\/person\/2b1cf3cd81a31e3cd26889ca66d677f1\"},\"description\":\"Le combattant s\u00e9paratiste qui s\u2019est donn\u00e9 pour nom \u00ab Satan \u00bb aurait \u00e9t\u00e9 abattu par les forces arm\u00e9es r\u00e9guli\u00e8res dans ...\",\"breadcrumb\":{\"@id\":\"https:\/\/www.africa-press.net\/cameroun\/politique\/cameroun-crise-anglophone-un-autre-redoutable-separatiste-tue-par-larmee#breadcrumb\"},\"inLanguage\":\"fr-FR\",\"potentialAction\":[{\"@type\":\"ReadAction\",\"target\":[\"https:\/\/www.africa-press.net\/cameroun\/politique\/cameroun-crise-anglophone-un-autre-redoutable-separatiste-tue-par-larmee\"]}]},{\"@type\":\"ImageObject\",\"inLanguage\":\"fr-FR\",\"@id\":\"https:\/\/www.africa-press.net\/cameroun\/politique\/cameroun-crise-anglophone-un-autre-redoutable-separatiste-tue-par-larmee#primaryimage\",\"url\":\"https:\/\/static.africa-press.net\/cameroun\/sites\/57\/2022\/09\/img-631b650182c59.jpg\",\"contentUrl\":\"https:\/\/static.africa-press.net\/cameroun\/sites\/57\/2022\/09\/img-631b650182c59.jpg\",\"width\":720,\"height\":588,\"caption\":\"Cameroun-crise anglophone : un autre redoutable s\u00e9paratiste tu\u00e9 par l\u2019arm\u00e9e\"},{\"@type\":\"BreadcrumbList\",\"@id\":\"https:\/\/www.africa-press.net\/cameroun\/politique\/cameroun-crise-anglophone-un-autre-redoutable-separatiste-tue-par-larmee#breadcrumb\",\"itemListElement\":[{\"@type\":\"ListItem\",\"position\":1,\"name\":\"Accueil\",\"item\":\"https:\/\/www.africa-press.net\/cameroun\/\"},{\"@type\":\"ListItem\",\"position\":2,\"name\":\"Cameroun-crise anglophone : un autre redoutable s\u00e9paratiste tu\u00e9 par l\u2019arm\u00e9e\"}]},{\"@type\":\"WebSite\",\"@id\":\"https:\/\/www.africa-press.net\/cameroun\/#website\",\"url\":\"https:\/\/www.africa-press.net\/cameroun\/\",\"name\":\"Cameroun\",\"description\":\"Just another Africa News Agency Sites site\",\"potentialAction\":[{\"@type\":\"SearchAction\",\"target\":{\"@type\":\"EntryPoint\",\"urlTemplate\":\"https:\/\/www.africa-press.net\/cameroun\/?s={search_term_string}\"},\"query-input\":{\"@type\":\"PropertyValueSpecification\",\"valueRequired\":true,\"valueName\":\"search_term_string\"}}],\"inLanguage\":\"fr-FR\"},{\"@type\":\"Person\",\"@id\":\"https:\/\/www.africa-press.net\/cameroun\/#\/schema\/person\/2b1cf3cd81a31e3cd26889ca66d677f1\",\"name\":\"cfeditorfr\"}]}<\/script>\n<!-- \/ Yoast SEO Premium plugin. -->","yoast_head_json":{"title":"Cameroun-crise anglophone : un autre redoutable s\u00e9paratiste tu\u00e9 par l\u2019arm\u00e9e - Cameroun","description":"Le combattant s\u00e9paratiste qui s\u2019est donn\u00e9 pour nom \u00ab Satan \u00bb aurait \u00e9t\u00e9 abattu par les forces arm\u00e9es r\u00e9guli\u00e8res dans ...","robots":{"index":"index","follow":"follow","max-snippet":"max-snippet:-1","max-image-preview":"max-image-preview:large","max-video-preview":"max-video-preview:-1"},"canonical":"https:\/\/www.africa-press.net\/cameroun\/politique\/cameroun-crise-anglophone-un-autre-redoutable-separatiste-tue-par-larmee","og_locale":"fr_FR","og_type":"article","og_title":"Cameroun-crise anglophone : un autre redoutable s\u00e9paratiste tu\u00e9 par l\u2019arm\u00e9e","og_description":"Le combattant s\u00e9paratiste qui s\u2019est donn\u00e9 pour nom \u00ab Satan \u00bb aurait \u00e9t\u00e9 abattu par les forces arm\u00e9es r\u00e9guli\u00e8res dans ...","og_url":"https:\/\/www.africa-press.net\/cameroun\/politique\/cameroun-crise-anglophone-un-autre-redoutable-separatiste-tue-par-larmee","og_site_name":"Cameroun","article_published_time":"2022-09-09T14:30:45+00:00","article_modified_time":"2022-09-09T16:09:09+00:00","og_image":[{"width":720,"height":588,"url":"https:\/\/static.africa-press.net\/cameroun\/sites\/57\/2022\/09\/img-631b650182c59.jpg","type":"image\/jpeg"}],"author":"cfeditorfr","twitter_card":"summary_large_image","twitter_misc":{"\u00c9crit par":"cfeditorfr","Dur\u00e9e de lecture estim\u00e9e":"2 minutes"},"schema":{"@context":"https:\/\/schema.org","@graph":[{"@type":"Article","@id":"https:\/\/www.africa-press.net\/cameroun\/politique\/cameroun-crise-anglophone-un-autre-redoutable-separatiste-tue-par-larmee#article","isPartOf":{"@id":"https:\/\/www.africa-press.net\/cameroun\/politique\/cameroun-crise-anglophone-un-autre-redoutable-separatiste-tue-par-larmee"},"author":{"name":"cfeditorfr","@id":"https:\/\/www.africa-press.net\/cameroun\/#\/schema\/person\/2b1cf3cd81a31e3cd26889ca66d677f1"},"headline":"Cameroun-crise anglophone : un autre redoutable s\u00e9paratiste tu\u00e9 par l\u2019arm\u00e9e","datePublished":"2022-09-09T14:30:45+00:00","dateModified":"2022-09-09T16:09:09+00:00","mainEntityOfPage":{"@id":"https:\/\/www.africa-press.net\/cameroun\/politique\/cameroun-crise-anglophone-un-autre-redoutable-separatiste-tue-par-larmee"},"wordCount":318,"commentCount":0,"image":{"@id":"https:\/\/www.africa-press.net\/cameroun\/politique\/cameroun-crise-anglophone-un-autre-redoutable-separatiste-tue-par-larmee#primaryimage"},"thumbnailUrl":"https:\/\/static.africa-press.net\/cameroun\/sites\/57\/2022\/09\/img-631b650182c59.jpg","keywords":["Africa Press","Africa Press-Cameroun","Cameroun"],"articleSection":["homepage-french","Politique","Toutes les actualit\u00e9s"],"inLanguage":"fr-FR","potentialAction":[{"@type":"CommentAction","name":"Comment","target":["https:\/\/www.africa-press.net\/cameroun\/politique\/cameroun-crise-anglophone-un-autre-redoutable-separatiste-tue-par-larmee#respond"]}]},{"@type":"WebPage","@id":"https:\/\/www.africa-press.net\/cameroun\/politique\/cameroun-crise-anglophone-un-autre-redoutable-separatiste-tue-par-larmee","url":"https:\/\/www.africa-press.net\/cameroun\/politique\/cameroun-crise-anglophone-un-autre-redoutable-separatiste-tue-par-larmee","name":"Cameroun-crise anglophone : un autre redoutable s\u00e9paratiste tu\u00e9 par l\u2019arm\u00e9e - Cameroun","isPartOf":{"@id":"https:\/\/www.africa-press.net\/cameroun\/#website"},"primaryImageOfPage":{"@id":"https:\/\/www.africa-press.net\/cameroun\/politique\/cameroun-crise-anglophone-un-autre-redoutable-separatiste-tue-par-larmee#primaryimage"},"image":{"@id":"https:\/\/www.africa-press.net\/cameroun\/politique\/cameroun-crise-anglophone-un-autre-redoutable-separatiste-tue-par-larmee#primaryimage"},"thumbnailUrl":"https:\/\/static.africa-press.net\/cameroun\/sites\/57\/2022\/09\/img-631b650182c59.jpg","datePublished":"2022-09-09T14:30:45+00:00","dateModified":"2022-09-09T16:09:09+00:00","author":{"@id":"https:\/\/www.africa-press.net\/cameroun\/#\/schema\/person\/2b1cf3cd81a31e3cd26889ca66d677f1"},"description":"Le combattant s\u00e9paratiste qui s\u2019est donn\u00e9 pour nom \u00ab Satan \u00bb aurait \u00e9t\u00e9 abattu par les forces arm\u00e9es r\u00e9guli\u00e8res dans ...","breadcrumb":{"@id":"https:\/\/www.africa-press.net\/cameroun\/politique\/cameroun-crise-anglophone-un-autre-redoutable-separatiste-tue-par-larmee#breadcrumb"},"inLanguage":"fr-FR","potentialAction":[{"@type":"ReadAction","target":["https:\/\/www.africa-press.net\/cameroun\/politique\/cameroun-crise-anglophone-un-autre-redoutable-separatiste-tue-par-larmee"]}]},{"@type":"ImageObject","inLanguage":"fr-FR","@id":"https:\/\/www.africa-press.net\/cameroun\/politique\/cameroun-crise-anglophone-un-autre-redoutable-separatiste-tue-par-larmee#primaryimage","url":"https:\/\/static.africa-press.net\/cameroun\/sites\/57\/2022\/09\/img-631b650182c59.jpg","contentUrl":"https:\/\/static.africa-press.net\/cameroun\/sites\/57\/2022\/09\/img-631b650182c59.jpg","width":720,"height":588,"caption":"Cameroun-crise anglophone : un autre redoutable s\u00e9paratiste tu\u00e9 par l\u2019arm\u00e9e"},{"@type":"BreadcrumbList","@id":"https:\/\/www.africa-press.net\/cameroun\/politique\/cameroun-crise-anglophone-un-autre-redoutable-separatiste-tue-par-larmee#breadcrumb","itemListElement":[{"@type":"ListItem","position":1,"name":"Accueil","item":"https:\/\/www.africa-press.net\/cameroun\/"},{"@type":"ListItem","position":2,"name":"Cameroun-crise anglophone : un autre redoutable s\u00e9paratiste tu\u00e9 par l\u2019arm\u00e9e"}]},{"@type":"WebSite","@id":"https:\/\/www.africa-press.net\/cameroun\/#website","url":"https:\/\/www.africa-press.net\/cameroun\/","name":"Cameroun","description":"Just another Africa News Agency Sites site","potentialAction":[{"@type":"SearchAction","target":{"@type":"EntryPoint","urlTemplate":"https:\/\/www.africa-press.net\/cameroun\/?s={search_term_string}"},"query-input":{"@type":"PropertyValueSpecification","valueRequired":true,"valueName":"search_term_string"}}],"inLanguage":"fr-FR"},{"@type":"Person","@id":"https:\/\/www.africa-press.net\/cameroun\/#\/schema\/person\/2b1cf3cd81a31e3cd26889ca66d677f1","name":"cfeditorfr"}]}},"_links":{"self":[{"href":"https:\/\/www.africa-press.net\/cameroun\/wp-json\/wp\/v2\/posts\/27063","targetHints":{"allow":["GET"]}}],"collection":[{"href":"https:\/\/www.africa-press.net\/cameroun\/wp-json\/wp\/v2\/posts"}],"about":[{"href":"https:\/\/www.africa-press.net\/cameroun\/wp-json\/wp\/v2\/types\/post"}],"author":[{"embeddable":true,"href":"https:\/\/www.africa-press.net\/cameroun\/wp-json\/wp\/v2\/users\/82"}],"replies":[{"embeddable":true,"href":"https:\/\/www.africa-press.net\/cameroun\/wp-json\/wp\/v2\/comments?post=27063"}],"version-history":[{"count":0,"href":"https:\/\/www.africa-press.net\/cameroun\/wp-json\/wp\/v2\/posts\/27063\/revisions"}],"wp:featuredmedia":[{"embeddable":true,"href":"https:\/\/www.africa-press.net\/cameroun\/wp-json\/wp\/v2\/media\/27062"}],"wp:attachment":[{"href":"https:\/\/www.africa-press.net\/cameroun\/wp-json\/wp\/v2\/media?parent=27063"}],"wp:term":[{"taxonomy":"category","embeddable":true,"href":"https:\/\/www.africa-press.net\/cameroun\/wp-json\/wp\/v2\/categories?post=27063"},{"taxonomy":"post_tag","embeddable":true,"href":"https:\/\/www.africa-press.net\/cameroun\/wp-json\/wp\/v2\/tags?post=27063"}],"curies":[{"name":"wp","href":"https:\/\/api.w.org\/{rel}","templated":true}]}}