{"id":27069,"date":"2022-09-09T14:44:02","date_gmt":"2022-09-09T14:44:02","guid":{"rendered":"https:\/\/www.africa-press.net\/cameroun\/politique\/cameroun-yaounde-v-142-millions-de-f-pour-les-travaux-du-troncon-mvog-ada-poste-centrale"},"modified":"2022-09-09T16:10:18","modified_gmt":"2022-09-09T16:10:18","slug":"cameroun-yaounde-v-142-millions-de-f-pour-les-travaux-du-troncon-mvog-ada-poste-centrale","status":"publish","type":"post","link":"https:\/\/www.africa-press.net\/cameroun\/economie\/cameroun-yaounde-v-142-millions-de-f-pour-les-travaux-du-troncon-mvog-ada-poste-centrale","title":{"rendered":"Cameroun-Yaound\u00e9 V\u00a0: 142 millions de F pour les travaux du tron\u00e7on Mvog-Ada-Poste centrale"},"content":{"rendered":"<p><span style=\"color: #ff6600\"><strong>Africa-Press &#8211; Cameroun. <\/strong><\/span>L\u2019infrastructure va \u00e9t\u00e9 construite sur un d\u00e9lai 4 mois.<\/p>\n<p>La c\u00e9r\u00e9monie de lancement du chantier des travaux de construction du tron\u00e7on de route, devant relier la nouvelle route Caveau \u00e0 la poste centrale (Mvog-Ada dans le 5\u00e8me arrondissement de Yaound\u00e9) a eu lieu r\u00e9cemment.<\/p>\n<p>Les travaux qui vont permettre de d\u00e9sengorger l\u2019axe poste centrale-coll\u00e8ge Montesquieu-h\u00f4pital de district de Mvog-Ada ont d\u00e9but\u00e9 il y a quelques jours.<\/p>\n<p>\u00ab <b>Il s\u2019agit de r\u00e9soudre le probl\u00e8me d\u2019embouteillage dont nous sommes victimes jusqu\u2019ici au niveau de Montesquieu. Partir de Mvog-Ada, Essos pour la poste centrale ou l\u2019inverse, c\u2019est un v\u00e9ritable calvaire. Il fallait donc penser \u00e0 ouvrir cette nouvelle route qui va donner un acc\u00e8s direct \u00e0 la poste centrale. Ce qui fait qu\u2019apr\u00e8s la r\u00e9alisation des travaux pr\u00e9vue dans quatre mois, les usagers auront donc la possibilit\u00e9 soit de passer par Montesquieu, ou alors emprunter la nouvelle route<\/b> \u00bb avait expliqu\u00e9 Augustin Bala, maire de la commune d\u2019arrondissement de Yaound\u00e9 5.<\/p>\n<p>En effet, c\u2019est une voirie qui couvre un lin\u00e9aire total de 480 ml et les amorces de 15 ml avec une largeur variante de 7 \u00e0 10 m\u00e8tres. L\u2019assainissement \u00e0 r\u00e9aliser ici est constitu\u00e9e de caniveaux et de cunettes en b\u00e9ton arm\u00e9es, les bordures T2 et CS2 seront dispos\u00e9es de part et d\u2019autre de la chauss\u00e9e long\u00e9e par un trottoir de 1,5 m\u00e8tre en b\u00e9ton arm\u00e9. Il y aura aussi des avaloirs pour drainer les eaux de ruissellement dans le canal du Projet d\u2019assainissement de Yaound\u00e9 (PADY).<\/p>\n<p>L\u2019infrastructure aura une chauss\u00e9e \u00e0 deux parties de rev\u00eatement : la premi\u00e8re en pav\u00e9s autobloquants de 13 cm d\u2019\u00e9paisseur avant la travers\u00e9e des rails et l\u2019autre en b\u00e9ton bitumineux de 4cm d\u2019\u00e9paisseur. Les techniciens se chargeront de bien effectuer les terrassements ad\u00e9quats, purges et traitement des nids de poules avant de mettre en place ces diff\u00e9rents types de rev\u00eatement.<\/p>\n<p><strong>Pour plus d&rsquo;informations et d&rsquo;analyses sur la <a href=\"https:\/\/www.africa-press.net\/cameroun\">Cameroun<\/a>, suivez <a href=\"https:\/\/www.africa-press.net\/\">Africa-Press<\/a><\/strong><\/p>\n","protected":false},"excerpt":{"rendered":"<p>Africa-Press &#8211; Cameroun. L\u2019infrastructure va \u00e9t\u00e9 construite sur un d\u00e9lai 4 mois. La c\u00e9r\u00e9monie de lancement du chantier des travaux de construction du tron\u00e7on de route, devant relier la nouvelle route Caveau \u00e0 la poste centrale (Mvog-Ada dans le 5\u00e8me arrondissement de Yaound\u00e9) a eu lieu r\u00e9cemment. Les travaux qui vont permettre de d\u00e9sengorger l\u2019axe [&hellip;]<\/p>\n","protected":false},"author":82,"featured_media":27068,"comment_status":"open","ping_status":"closed","sticky":false,"template":"","format":"standard","meta":{"footnotes":""},"categories":[3,11,10],"tags":[36,50,49],"class_list":["post-27069","post","type-post","status-publish","format-standard","has-post-thumbnail","hentry","category-economie","category-homepage-french","category-toutes-les-actualites","tag-africa-press","tag-africa-press-cameroun","tag-cameroun"],"yoast_head":"<!-- This site is optimized with the Yoast SEO Premium plugin v26.1 (Yoast SEO v27.0) - https:\/\/yoast.com\/product\/yoast-seo-premium-wordpress\/ -->\n<title>Cameroun-Yaound\u00e9 V\u00a0: 142 millions de F pour les travaux du tron\u00e7on Mvog-Ada-Poste centrale - Cameroun<\/title>\n<meta name=\"description\" content=\"L\u2019infrastructure va \u00e9t\u00e9 construite sur un d\u00e9lai 4 mois. La c\u00e9r\u00e9monie de lancement du chantier des travaux de constr ...\" \/>\n<meta name=\"robots\" content=\"index, follow, max-snippet:-1, max-image-preview:large, max-video-preview:-1\" \/>\n<link rel=\"canonical\" href=\"https:\/\/www.africa-press.net\/cameroun\/economie\/cameroun-yaounde-v-142-millions-de-f-pour-les-travaux-du-troncon-mvog-ada-poste-centrale\" \/>\n<meta property=\"og:locale\" content=\"fr_FR\" \/>\n<meta property=\"og:type\" content=\"article\" \/>\n<meta property=\"og:title\" content=\"Cameroun-Yaound\u00e9 V\u00a0: 142 millions de F pour les travaux du tron\u00e7on Mvog-Ada-Poste centrale\" \/>\n<meta property=\"og:description\" content=\"L\u2019infrastructure va \u00e9t\u00e9 construite sur un d\u00e9lai 4 mois. La c\u00e9r\u00e9monie de lancement du chantier des travaux de constr ...\" \/>\n<meta property=\"og:url\" content=\"https:\/\/www.africa-press.net\/cameroun\/economie\/cameroun-yaounde-v-142-millions-de-f-pour-les-travaux-du-troncon-mvog-ada-poste-centrale\" \/>\n<meta property=\"og:site_name\" content=\"Cameroun\" \/>\n<meta property=\"article:published_time\" content=\"2022-09-09T14:44:02+00:00\" \/>\n<meta property=\"article:modified_time\" content=\"2022-09-09T16:10:18+00:00\" \/>\n<meta property=\"og:image\" content=\"https:\/\/static.africa-press.net\/cameroun\/sites\/57\/2022\/09\/img-631b655005e3f.jpg\" \/>\n\t<meta property=\"og:image:width\" content=\"736\" \/>\n\t<meta property=\"og:image:height\" content=\"552\" \/>\n\t<meta property=\"og:image:type\" content=\"image\/jpeg\" \/>\n<meta name=\"author\" content=\"cfeditorfr\" \/>\n<meta name=\"twitter:card\" content=\"summary_large_image\" \/>\n<meta name=\"twitter:label1\" content=\"\u00c9crit par\" \/>\n\t<meta name=\"twitter:data1\" content=\"cfeditorfr\" \/>\n\t<meta name=\"twitter:label2\" content=\"Dur\u00e9e de lecture estim\u00e9e\" \/>\n\t<meta name=\"twitter:data2\" content=\"2 minutes\" \/>\n<script type=\"application\/ld+json\" class=\"yoast-schema-graph\">{\"@context\":\"https:\/\/schema.org\",\"@graph\":[{\"@type\":\"Article\",\"@id\":\"https:\/\/www.africa-press.net\/cameroun\/economie\/cameroun-yaounde-v-142-millions-de-f-pour-les-travaux-du-troncon-mvog-ada-poste-centrale#article\",\"isPartOf\":{\"@id\":\"https:\/\/www.africa-press.net\/cameroun\/economie\/cameroun-yaounde-v-142-millions-de-f-pour-les-travaux-du-troncon-mvog-ada-poste-centrale\"},\"author\":{\"name\":\"cfeditorfr\",\"@id\":\"https:\/\/www.africa-press.net\/cameroun\/#\/schema\/person\/2b1cf3cd81a31e3cd26889ca66d677f1\"},\"headline\":\"Cameroun-Yaound\u00e9 V\u00a0: 142 millions de F pour les travaux du tron\u00e7on Mvog-Ada-Poste centrale\",\"datePublished\":\"2022-09-09T14:44:02+00:00\",\"dateModified\":\"2022-09-09T16:10:18+00:00\",\"mainEntityOfPage\":{\"@id\":\"https:\/\/www.africa-press.net\/cameroun\/economie\/cameroun-yaounde-v-142-millions-de-f-pour-les-travaux-du-troncon-mvog-ada-poste-centrale\"},\"wordCount\":368,\"commentCount\":0,\"image\":{\"@id\":\"https:\/\/www.africa-press.net\/cameroun\/economie\/cameroun-yaounde-v-142-millions-de-f-pour-les-travaux-du-troncon-mvog-ada-poste-centrale#primaryimage\"},\"thumbnailUrl\":\"https:\/\/static.africa-press.net\/cameroun\/sites\/57\/2022\/09\/img-631b655005e3f.jpg\",\"keywords\":[\"Africa Press\",\"Africa Press-Cameroun\",\"Cameroun\"],\"articleSection\":[\"\u00c9conomie\",\"homepage-french\",\"Toutes les actualit\u00e9s\"],\"inLanguage\":\"fr-FR\",\"potentialAction\":[{\"@type\":\"CommentAction\",\"name\":\"Comment\",\"target\":[\"https:\/\/www.africa-press.net\/cameroun\/economie\/cameroun-yaounde-v-142-millions-de-f-pour-les-travaux-du-troncon-mvog-ada-poste-centrale#respond\"]}]},{\"@type\":\"WebPage\",\"@id\":\"https:\/\/www.africa-press.net\/cameroun\/economie\/cameroun-yaounde-v-142-millions-de-f-pour-les-travaux-du-troncon-mvog-ada-poste-centrale\",\"url\":\"https:\/\/www.africa-press.net\/cameroun\/economie\/cameroun-yaounde-v-142-millions-de-f-pour-les-travaux-du-troncon-mvog-ada-poste-centrale\",\"name\":\"Cameroun-Yaound\u00e9 V\u00a0: 142 millions de F pour les travaux du tron\u00e7on Mvog-Ada-Poste centrale - Cameroun\",\"isPartOf\":{\"@id\":\"https:\/\/www.africa-press.net\/cameroun\/#website\"},\"primaryImageOfPage\":{\"@id\":\"https:\/\/www.africa-press.net\/cameroun\/economie\/cameroun-yaounde-v-142-millions-de-f-pour-les-travaux-du-troncon-mvog-ada-poste-centrale#primaryimage\"},\"image\":{\"@id\":\"https:\/\/www.africa-press.net\/cameroun\/economie\/cameroun-yaounde-v-142-millions-de-f-pour-les-travaux-du-troncon-mvog-ada-poste-centrale#primaryimage\"},\"thumbnailUrl\":\"https:\/\/static.africa-press.net\/cameroun\/sites\/57\/2022\/09\/img-631b655005e3f.jpg\",\"datePublished\":\"2022-09-09T14:44:02+00:00\",\"dateModified\":\"2022-09-09T16:10:18+00:00\",\"author\":{\"@id\":\"https:\/\/www.africa-press.net\/cameroun\/#\/schema\/person\/2b1cf3cd81a31e3cd26889ca66d677f1\"},\"description\":\"L\u2019infrastructure va \u00e9t\u00e9 construite sur un d\u00e9lai 4 mois. La c\u00e9r\u00e9monie de lancement du chantier des travaux de constr ...\",\"breadcrumb\":{\"@id\":\"https:\/\/www.africa-press.net\/cameroun\/economie\/cameroun-yaounde-v-142-millions-de-f-pour-les-travaux-du-troncon-mvog-ada-poste-centrale#breadcrumb\"},\"inLanguage\":\"fr-FR\",\"potentialAction\":[{\"@type\":\"ReadAction\",\"target\":[\"https:\/\/www.africa-press.net\/cameroun\/economie\/cameroun-yaounde-v-142-millions-de-f-pour-les-travaux-du-troncon-mvog-ada-poste-centrale\"]}]},{\"@type\":\"ImageObject\",\"inLanguage\":\"fr-FR\",\"@id\":\"https:\/\/www.africa-press.net\/cameroun\/economie\/cameroun-yaounde-v-142-millions-de-f-pour-les-travaux-du-troncon-mvog-ada-poste-centrale#primaryimage\",\"url\":\"https:\/\/static.africa-press.net\/cameroun\/sites\/57\/2022\/09\/img-631b655005e3f.jpg\",\"contentUrl\":\"https:\/\/static.africa-press.net\/cameroun\/sites\/57\/2022\/09\/img-631b655005e3f.jpg\",\"width\":736,\"height\":552,\"caption\":\"Cameroun-Yaound\u00e9 V\u00a0: 142 millions de F pour les travaux du tron\u00e7on Mvog-Ada-Poste centrale\"},{\"@type\":\"BreadcrumbList\",\"@id\":\"https:\/\/www.africa-press.net\/cameroun\/economie\/cameroun-yaounde-v-142-millions-de-f-pour-les-travaux-du-troncon-mvog-ada-poste-centrale#breadcrumb\",\"itemListElement\":[{\"@type\":\"ListItem\",\"position\":1,\"name\":\"Accueil\",\"item\":\"https:\/\/www.africa-press.net\/cameroun\/\"},{\"@type\":\"ListItem\",\"position\":2,\"name\":\"Cameroun-Yaound\u00e9 V\u00a0: 142 millions de F pour les travaux du tron\u00e7on Mvog-Ada-Poste centrale\"}]},{\"@type\":\"WebSite\",\"@id\":\"https:\/\/www.africa-press.net\/cameroun\/#website\",\"url\":\"https:\/\/www.africa-press.net\/cameroun\/\",\"name\":\"Cameroun\",\"description\":\"Just another Africa News Agency Sites site\",\"potentialAction\":[{\"@type\":\"SearchAction\",\"target\":{\"@type\":\"EntryPoint\",\"urlTemplate\":\"https:\/\/www.africa-press.net\/cameroun\/?s={search_term_string}\"},\"query-input\":{\"@type\":\"PropertyValueSpecification\",\"valueRequired\":true,\"valueName\":\"search_term_string\"}}],\"inLanguage\":\"fr-FR\"},{\"@type\":\"Person\",\"@id\":\"https:\/\/www.africa-press.net\/cameroun\/#\/schema\/person\/2b1cf3cd81a31e3cd26889ca66d677f1\",\"name\":\"cfeditorfr\"}]}<\/script>\n<!-- \/ Yoast SEO Premium plugin. -->","yoast_head_json":{"title":"Cameroun-Yaound\u00e9 V\u00a0: 142 millions de F pour les travaux du tron\u00e7on Mvog-Ada-Poste centrale - Cameroun","description":"L\u2019infrastructure va \u00e9t\u00e9 construite sur un d\u00e9lai 4 mois. La c\u00e9r\u00e9monie de lancement du chantier des travaux de constr ...","robots":{"index":"index","follow":"follow","max-snippet":"max-snippet:-1","max-image-preview":"max-image-preview:large","max-video-preview":"max-video-preview:-1"},"canonical":"https:\/\/www.africa-press.net\/cameroun\/economie\/cameroun-yaounde-v-142-millions-de-f-pour-les-travaux-du-troncon-mvog-ada-poste-centrale","og_locale":"fr_FR","og_type":"article","og_title":"Cameroun-Yaound\u00e9 V\u00a0: 142 millions de F pour les travaux du tron\u00e7on Mvog-Ada-Poste centrale","og_description":"L\u2019infrastructure va \u00e9t\u00e9 construite sur un d\u00e9lai 4 mois. La c\u00e9r\u00e9monie de lancement du chantier des travaux de constr ...","og_url":"https:\/\/www.africa-press.net\/cameroun\/economie\/cameroun-yaounde-v-142-millions-de-f-pour-les-travaux-du-troncon-mvog-ada-poste-centrale","og_site_name":"Cameroun","article_published_time":"2022-09-09T14:44:02+00:00","article_modified_time":"2022-09-09T16:10:18+00:00","og_image":[{"width":736,"height":552,"url":"https:\/\/static.africa-press.net\/cameroun\/sites\/57\/2022\/09\/img-631b655005e3f.jpg","type":"image\/jpeg"}],"author":"cfeditorfr","twitter_card":"summary_large_image","twitter_misc":{"\u00c9crit par":"cfeditorfr","Dur\u00e9e de lecture estim\u00e9e":"2 minutes"},"schema":{"@context":"https:\/\/schema.org","@graph":[{"@type":"Article","@id":"https:\/\/www.africa-press.net\/cameroun\/economie\/cameroun-yaounde-v-142-millions-de-f-pour-les-travaux-du-troncon-mvog-ada-poste-centrale#article","isPartOf":{"@id":"https:\/\/www.africa-press.net\/cameroun\/economie\/cameroun-yaounde-v-142-millions-de-f-pour-les-travaux-du-troncon-mvog-ada-poste-centrale"},"author":{"name":"cfeditorfr","@id":"https:\/\/www.africa-press.net\/cameroun\/#\/schema\/person\/2b1cf3cd81a31e3cd26889ca66d677f1"},"headline":"Cameroun-Yaound\u00e9 V\u00a0: 142 millions de F pour les travaux du tron\u00e7on Mvog-Ada-Poste centrale","datePublished":"2022-09-09T14:44:02+00:00","dateModified":"2022-09-09T16:10:18+00:00","mainEntityOfPage":{"@id":"https:\/\/www.africa-press.net\/cameroun\/economie\/cameroun-yaounde-v-142-millions-de-f-pour-les-travaux-du-troncon-mvog-ada-poste-centrale"},"wordCount":368,"commentCount":0,"image":{"@id":"https:\/\/www.africa-press.net\/cameroun\/economie\/cameroun-yaounde-v-142-millions-de-f-pour-les-travaux-du-troncon-mvog-ada-poste-centrale#primaryimage"},"thumbnailUrl":"https:\/\/static.africa-press.net\/cameroun\/sites\/57\/2022\/09\/img-631b655005e3f.jpg","keywords":["Africa Press","Africa Press-Cameroun","Cameroun"],"articleSection":["\u00c9conomie","homepage-french","Toutes les actualit\u00e9s"],"inLanguage":"fr-FR","potentialAction":[{"@type":"CommentAction","name":"Comment","target":["https:\/\/www.africa-press.net\/cameroun\/economie\/cameroun-yaounde-v-142-millions-de-f-pour-les-travaux-du-troncon-mvog-ada-poste-centrale#respond"]}]},{"@type":"WebPage","@id":"https:\/\/www.africa-press.net\/cameroun\/economie\/cameroun-yaounde-v-142-millions-de-f-pour-les-travaux-du-troncon-mvog-ada-poste-centrale","url":"https:\/\/www.africa-press.net\/cameroun\/economie\/cameroun-yaounde-v-142-millions-de-f-pour-les-travaux-du-troncon-mvog-ada-poste-centrale","name":"Cameroun-Yaound\u00e9 V\u00a0: 142 millions de F pour les travaux du tron\u00e7on Mvog-Ada-Poste centrale - Cameroun","isPartOf":{"@id":"https:\/\/www.africa-press.net\/cameroun\/#website"},"primaryImageOfPage":{"@id":"https:\/\/www.africa-press.net\/cameroun\/economie\/cameroun-yaounde-v-142-millions-de-f-pour-les-travaux-du-troncon-mvog-ada-poste-centrale#primaryimage"},"image":{"@id":"https:\/\/www.africa-press.net\/cameroun\/economie\/cameroun-yaounde-v-142-millions-de-f-pour-les-travaux-du-troncon-mvog-ada-poste-centrale#primaryimage"},"thumbnailUrl":"https:\/\/static.africa-press.net\/cameroun\/sites\/57\/2022\/09\/img-631b655005e3f.jpg","datePublished":"2022-09-09T14:44:02+00:00","dateModified":"2022-09-09T16:10:18+00:00","author":{"@id":"https:\/\/www.africa-press.net\/cameroun\/#\/schema\/person\/2b1cf3cd81a31e3cd26889ca66d677f1"},"description":"L\u2019infrastructure va \u00e9t\u00e9 construite sur un d\u00e9lai 4 mois. La c\u00e9r\u00e9monie de lancement du chantier des travaux de constr ...","breadcrumb":{"@id":"https:\/\/www.africa-press.net\/cameroun\/economie\/cameroun-yaounde-v-142-millions-de-f-pour-les-travaux-du-troncon-mvog-ada-poste-centrale#breadcrumb"},"inLanguage":"fr-FR","potentialAction":[{"@type":"ReadAction","target":["https:\/\/www.africa-press.net\/cameroun\/economie\/cameroun-yaounde-v-142-millions-de-f-pour-les-travaux-du-troncon-mvog-ada-poste-centrale"]}]},{"@type":"ImageObject","inLanguage":"fr-FR","@id":"https:\/\/www.africa-press.net\/cameroun\/economie\/cameroun-yaounde-v-142-millions-de-f-pour-les-travaux-du-troncon-mvog-ada-poste-centrale#primaryimage","url":"https:\/\/static.africa-press.net\/cameroun\/sites\/57\/2022\/09\/img-631b655005e3f.jpg","contentUrl":"https:\/\/static.africa-press.net\/cameroun\/sites\/57\/2022\/09\/img-631b655005e3f.jpg","width":736,"height":552,"caption":"Cameroun-Yaound\u00e9 V\u00a0: 142 millions de F pour les travaux du tron\u00e7on Mvog-Ada-Poste centrale"},{"@type":"BreadcrumbList","@id":"https:\/\/www.africa-press.net\/cameroun\/economie\/cameroun-yaounde-v-142-millions-de-f-pour-les-travaux-du-troncon-mvog-ada-poste-centrale#breadcrumb","itemListElement":[{"@type":"ListItem","position":1,"name":"Accueil","item":"https:\/\/www.africa-press.net\/cameroun\/"},{"@type":"ListItem","position":2,"name":"Cameroun-Yaound\u00e9 V\u00a0: 142 millions de F pour les travaux du tron\u00e7on Mvog-Ada-Poste centrale"}]},{"@type":"WebSite","@id":"https:\/\/www.africa-press.net\/cameroun\/#website","url":"https:\/\/www.africa-press.net\/cameroun\/","name":"Cameroun","description":"Just another Africa News Agency Sites site","potentialAction":[{"@type":"SearchAction","target":{"@type":"EntryPoint","urlTemplate":"https:\/\/www.africa-press.net\/cameroun\/?s={search_term_string}"},"query-input":{"@type":"PropertyValueSpecification","valueRequired":true,"valueName":"search_term_string"}}],"inLanguage":"fr-FR"},{"@type":"Person","@id":"https:\/\/www.africa-press.net\/cameroun\/#\/schema\/person\/2b1cf3cd81a31e3cd26889ca66d677f1","name":"cfeditorfr"}]}},"_links":{"self":[{"href":"https:\/\/www.africa-press.net\/cameroun\/wp-json\/wp\/v2\/posts\/27069","targetHints":{"allow":["GET"]}}],"collection":[{"href":"https:\/\/www.africa-press.net\/cameroun\/wp-json\/wp\/v2\/posts"}],"about":[{"href":"https:\/\/www.africa-press.net\/cameroun\/wp-json\/wp\/v2\/types\/post"}],"author":[{"embeddable":true,"href":"https:\/\/www.africa-press.net\/cameroun\/wp-json\/wp\/v2\/users\/82"}],"replies":[{"embeddable":true,"href":"https:\/\/www.africa-press.net\/cameroun\/wp-json\/wp\/v2\/comments?post=27069"}],"version-history":[{"count":0,"href":"https:\/\/www.africa-press.net\/cameroun\/wp-json\/wp\/v2\/posts\/27069\/revisions"}],"wp:featuredmedia":[{"embeddable":true,"href":"https:\/\/www.africa-press.net\/cameroun\/wp-json\/wp\/v2\/media\/27068"}],"wp:attachment":[{"href":"https:\/\/www.africa-press.net\/cameroun\/wp-json\/wp\/v2\/media?parent=27069"}],"wp:term":[{"taxonomy":"category","embeddable":true,"href":"https:\/\/www.africa-press.net\/cameroun\/wp-json\/wp\/v2\/categories?post=27069"},{"taxonomy":"post_tag","embeddable":true,"href":"https:\/\/www.africa-press.net\/cameroun\/wp-json\/wp\/v2\/tags?post=27069"}],"curies":[{"name":"wp","href":"https:\/\/api.w.org\/{rel}","templated":true}]}}