{"id":2708,"date":"2021-04-28T18:40:46","date_gmt":"2021-04-28T18:40:46","guid":{"rendered":"https:\/\/www.africa-press.net\/cameroun\/politique\/cameroun-extreme-nord-la-force-multinationale-mixte-offre-des-tables-bancs-a-trois-ecoles-primaires-dans-le-departement-du-mayo-sava"},"modified":"2021-04-28T20:16:15","modified_gmt":"2021-04-28T20:16:15","slug":"cameroun-extreme-nord-la-force-multinationale-mixte-offre-des-tables-bancs-a-trois-ecoles-primaires-dans-le-departement-du-mayo-sava","status":"publish","type":"post","link":"https:\/\/www.africa-press.net\/cameroun\/toutes-les-actualites\/cameroun-extreme-nord-la-force-multinationale-mixte-offre-des-tables-bancs-a-trois-ecoles-primaires-dans-le-departement-du-mayo-sava","title":{"rendered":"Cameroun &#8211; Extr\u00eame-Nord: La Force multinationale mixte offre des tables bancs \u00e0 trois \u00e9coles primaires dans le d\u00e9partement du Mayo-Sava"},"content":{"rendered":"<p><span style=\"color: #ff6600\"><strong><a href=\"https:\/\/www.africa-press.net\/\">Africa-Press<\/a> &#8211; <a href=\"https:\/\/www.africa-press.net\/cameroun\">Cameroun<\/a>. <\/strong><\/span>Le 23 avril 2021 dans le d\u00e9partement du Mayo-Sava \u00e0 l\u2019Extr\u00eame-Nord, la Force Multinationale Mixte (FMM) a offert des tables bancs \u00e0 trois \u00e9coles primaires. Il s\u2019agit de l\u2019Ecole publique inclusive d\u2019application d\u2019Amtchali, de celle de Doulo et la SAR-SM de Mora. D\u2019apr\u00e8s le quotidien d\u2019Etat Cameroon Tribune en kiosque ce 28 avril 2021 qui donne cette information, la posture assise \u00e0 m\u00eame le sol pour prendre les cours reste d\u00e9sormais un triste souvenir pour les \u00e9l\u00e8ves de ces \u00e9coles.<\/p>\n<p>Lors de la c\u00e9r\u00e9monie de remise de ce don, le commandant du secteur N\u00b01 de la Force Multinationale Mixte, le g\u00e9n\u00e9ral de brigade Bouba Dob\u00e9kr\u00e9o, \u00e9tait repr\u00e9sent\u00e9 par le colonel Achet Kemun Martin Luther, le chef d\u2019\u00e9tat-major \u00e0 la FMM. D\u2019apr\u00e8s ce dernier, l\u2019objectif vis\u00e9 par cette action civilo-militaire est \u00abd\u2019am\u00e9liorer leurs conditions d\u2019apprentissage\u00bb, peut-on lire dans les colonnes du journal.<\/p>\n<p><b>\u00abL\u2019initiative d\u2019offrir les tables bancs \u00e0 ces \u00e9coles est n\u00e9e d\u2019un constat. Vu l\u2019accalmie qui revient \u00e0 grands pas dans ces localit\u00e9s, apr\u00e8s la crise s\u00e9curitaire caus\u00e9e par Boko Haram, ces \u00e9coles se sont retrouv\u00e9es tr\u00e8s satur\u00e9es et avec un manque criard d\u2019infrastructures. Pour accompagner ce retour au calme, il est de bon ton, pour nous militaires de rassurer les populations \u00e0 travers des gestes concrets, ce qui rentre bien dans nos missions\u00bb<\/b><\/p>\n<p>, explique le colonel Achet Kemun Martin Luther \u00e0 notre confr\u00e8re.<\/p>\n<p>Le chef d\u2019\u00e9tat-major \u00e0 la FMM poursuit en disant que: \u00abpuisque l\u2019\u00e9ducation est une arme tr\u00e8s forte et efficace contre les \u00e9ventuelles d\u00e9viances sociales voil\u00e0 pourquoi nous mettons un accent particulier sur celle-ci\u00bb, peut-on lire.<\/p>\n<p>Profitant de l\u2019occasion pour d\u00e9rouler un chapelet d\u2019autres besoins, le directeur de la SAR-SM de Mora a d\u00e9clar\u00e9 que \u00abnotre centre de formation professionnel manque d\u2019eau et de machines \u00e0 coudre, ce qui est tr\u00e8s p\u00e9nible pour nos apprenants\u00bb. Une dol\u00e9ance \u00e0 laquelle le Chef d\u2019Etat-major de la FMM a r\u00e9pondu en \u00abpromettant de brancher cette \u00e9cole au r\u00e9seau de distribution d\u2019eau de la FMM d\u00e8s les prochains jours\u00bb, note le reporter.<\/p>\n<p><b>Wilfried ONDOA<\/b><\/p>\n","protected":false},"excerpt":{"rendered":"<p>Africa-Press &#8211; Cameroun. Le 23 avril 2021 dans le d\u00e9partement du Mayo-Sava \u00e0 l\u2019Extr\u00eame-Nord, la Force Multinationale Mixte (FMM) a offert des tables bancs \u00e0 trois \u00e9coles primaires. Il s\u2019agit de l\u2019Ecole publique inclusive d\u2019application d\u2019Amtchali, de celle de Doulo et la SAR-SM de Mora. D\u2019apr\u00e8s le quotidien d\u2019Etat Cameroon Tribune en kiosque ce 28 [&hellip;]<\/p>\n","protected":false},"author":82,"featured_media":2707,"comment_status":"open","ping_status":"closed","sticky":false,"template":"","format":"standard","meta":{"footnotes":""},"categories":[21,11,10],"tags":[36,50,49],"class_list":["post-2708","post","type-post","status-publish","format-standard","has-post-thumbnail","hentry","category-communaute","category-homepage-french","category-toutes-les-actualites","tag-africa-press","tag-africa-press-cameroun","tag-cameroun"],"yoast_head":"<!-- This site is optimized with the Yoast SEO Premium plugin v26.1 (Yoast SEO v27.0) - https:\/\/yoast.com\/product\/yoast-seo-premium-wordpress\/ -->\n<title>Cameroun - Extr\u00eame-Nord: La Force multinationale mixte offre des tables bancs \u00e0 trois \u00e9coles primaires dans le d\u00e9partement du Mayo-Sava - Cameroun<\/title>\n<meta name=\"description\" content=\"Le 23 avril 2021 dans le d\u00e9partement du Mayo-Sava \u00e0 l\u2019Extr\u00eame-Nord, la Force Multinationale Mixte (FMM) a offert des tab ...\" \/>\n<meta name=\"robots\" content=\"index, follow, max-snippet:-1, max-image-preview:large, max-video-preview:-1\" \/>\n<link rel=\"canonical\" href=\"https:\/\/www.africa-press.net\/cameroun\/toutes-les-actualites\/cameroun-extreme-nord-la-force-multinationale-mixte-offre-des-tables-bancs-a-trois-ecoles-primaires-dans-le-departement-du-mayo-sava\" \/>\n<meta property=\"og:locale\" content=\"fr_FR\" \/>\n<meta property=\"og:type\" content=\"article\" \/>\n<meta property=\"og:title\" content=\"Cameroun - Extr\u00eame-Nord: La Force multinationale mixte offre des tables bancs \u00e0 trois \u00e9coles primaires dans le d\u00e9partement du Mayo-Sava\" \/>\n<meta property=\"og:description\" content=\"Le 23 avril 2021 dans le d\u00e9partement du Mayo-Sava \u00e0 l\u2019Extr\u00eame-Nord, la Force Multinationale Mixte (FMM) a offert des tab ...\" \/>\n<meta property=\"og:url\" content=\"https:\/\/www.africa-press.net\/cameroun\/toutes-les-actualites\/cameroun-extreme-nord-la-force-multinationale-mixte-offre-des-tables-bancs-a-trois-ecoles-primaires-dans-le-departement-du-mayo-sava\" \/>\n<meta property=\"og:site_name\" content=\"Cameroun\" \/>\n<meta property=\"article:published_time\" content=\"2021-04-28T18:40:46+00:00\" \/>\n<meta property=\"article:modified_time\" content=\"2021-04-28T20:16:15+00:00\" \/>\n<meta property=\"og:image\" content=\"https:\/\/static.africa-press.net\/cameroun\/sites\/57\/2021\/04\/img-6089c26051d2f.jpg\" \/>\n\t<meta property=\"og:image:width\" content=\"800\" \/>\n\t<meta property=\"og:image:height\" content=\"350\" \/>\n\t<meta property=\"og:image:type\" content=\"image\/jpeg\" \/>\n<meta name=\"author\" content=\"cfeditorfr\" \/>\n<meta name=\"twitter:card\" content=\"summary_large_image\" \/>\n<meta name=\"twitter:label1\" content=\"\u00c9crit par\" \/>\n\t<meta name=\"twitter:data1\" content=\"cfeditorfr\" \/>\n\t<meta name=\"twitter:label2\" content=\"Dur\u00e9e de lecture estim\u00e9e\" \/>\n\t<meta name=\"twitter:data2\" content=\"2 minutes\" \/>\n<script type=\"application\/ld+json\" class=\"yoast-schema-graph\">{\"@context\":\"https:\/\/schema.org\",\"@graph\":[{\"@type\":\"Article\",\"@id\":\"https:\/\/www.africa-press.net\/cameroun\/toutes-les-actualites\/cameroun-extreme-nord-la-force-multinationale-mixte-offre-des-tables-bancs-a-trois-ecoles-primaires-dans-le-departement-du-mayo-sava#article\",\"isPartOf\":{\"@id\":\"https:\/\/www.africa-press.net\/cameroun\/toutes-les-actualites\/cameroun-extreme-nord-la-force-multinationale-mixte-offre-des-tables-bancs-a-trois-ecoles-primaires-dans-le-departement-du-mayo-sava\"},\"author\":{\"name\":\"cfeditorfr\",\"@id\":\"https:\/\/www.africa-press.net\/cameroun\/#\/schema\/person\/2b1cf3cd81a31e3cd26889ca66d677f1\"},\"headline\":\"Cameroun &#8211; Extr\u00eame-Nord: La Force multinationale mixte offre des tables bancs \u00e0 trois \u00e9coles primaires dans le d\u00e9partement du Mayo-Sava\",\"datePublished\":\"2021-04-28T18:40:46+00:00\",\"dateModified\":\"2021-04-28T20:16:15+00:00\",\"mainEntityOfPage\":{\"@id\":\"https:\/\/www.africa-press.net\/cameroun\/toutes-les-actualites\/cameroun-extreme-nord-la-force-multinationale-mixte-offre-des-tables-bancs-a-trois-ecoles-primaires-dans-le-departement-du-mayo-sava\"},\"wordCount\":400,\"commentCount\":0,\"image\":{\"@id\":\"https:\/\/www.africa-press.net\/cameroun\/toutes-les-actualites\/cameroun-extreme-nord-la-force-multinationale-mixte-offre-des-tables-bancs-a-trois-ecoles-primaires-dans-le-departement-du-mayo-sava#primaryimage\"},\"thumbnailUrl\":\"https:\/\/static.africa-press.net\/cameroun\/sites\/57\/2021\/04\/img-6089c26051d2f.jpg\",\"keywords\":[\"Africa Press\",\"Africa Press-Cameroun\",\"Cameroun\"],\"articleSection\":[\"Communaut\u00e9\",\"homepage-french\",\"Toutes les actualit\u00e9s\"],\"inLanguage\":\"fr-FR\",\"potentialAction\":[{\"@type\":\"CommentAction\",\"name\":\"Comment\",\"target\":[\"https:\/\/www.africa-press.net\/cameroun\/toutes-les-actualites\/cameroun-extreme-nord-la-force-multinationale-mixte-offre-des-tables-bancs-a-trois-ecoles-primaires-dans-le-departement-du-mayo-sava#respond\"]}]},{\"@type\":\"WebPage\",\"@id\":\"https:\/\/www.africa-press.net\/cameroun\/toutes-les-actualites\/cameroun-extreme-nord-la-force-multinationale-mixte-offre-des-tables-bancs-a-trois-ecoles-primaires-dans-le-departement-du-mayo-sava\",\"url\":\"https:\/\/www.africa-press.net\/cameroun\/toutes-les-actualites\/cameroun-extreme-nord-la-force-multinationale-mixte-offre-des-tables-bancs-a-trois-ecoles-primaires-dans-le-departement-du-mayo-sava\",\"name\":\"Cameroun - Extr\u00eame-Nord: La Force multinationale mixte offre des tables bancs \u00e0 trois \u00e9coles primaires dans le d\u00e9partement du Mayo-Sava - Cameroun\",\"isPartOf\":{\"@id\":\"https:\/\/www.africa-press.net\/cameroun\/#website\"},\"primaryImageOfPage\":{\"@id\":\"https:\/\/www.africa-press.net\/cameroun\/toutes-les-actualites\/cameroun-extreme-nord-la-force-multinationale-mixte-offre-des-tables-bancs-a-trois-ecoles-primaires-dans-le-departement-du-mayo-sava#primaryimage\"},\"image\":{\"@id\":\"https:\/\/www.africa-press.net\/cameroun\/toutes-les-actualites\/cameroun-extreme-nord-la-force-multinationale-mixte-offre-des-tables-bancs-a-trois-ecoles-primaires-dans-le-departement-du-mayo-sava#primaryimage\"},\"thumbnailUrl\":\"https:\/\/static.africa-press.net\/cameroun\/sites\/57\/2021\/04\/img-6089c26051d2f.jpg\",\"datePublished\":\"2021-04-28T18:40:46+00:00\",\"dateModified\":\"2021-04-28T20:16:15+00:00\",\"author\":{\"@id\":\"https:\/\/www.africa-press.net\/cameroun\/#\/schema\/person\/2b1cf3cd81a31e3cd26889ca66d677f1\"},\"description\":\"Le 23 avril 2021 dans le d\u00e9partement du Mayo-Sava \u00e0 l\u2019Extr\u00eame-Nord, la Force Multinationale Mixte (FMM) a offert des tab ...\",\"breadcrumb\":{\"@id\":\"https:\/\/www.africa-press.net\/cameroun\/toutes-les-actualites\/cameroun-extreme-nord-la-force-multinationale-mixte-offre-des-tables-bancs-a-trois-ecoles-primaires-dans-le-departement-du-mayo-sava#breadcrumb\"},\"inLanguage\":\"fr-FR\",\"potentialAction\":[{\"@type\":\"ReadAction\",\"target\":[\"https:\/\/www.africa-press.net\/cameroun\/toutes-les-actualites\/cameroun-extreme-nord-la-force-multinationale-mixte-offre-des-tables-bancs-a-trois-ecoles-primaires-dans-le-departement-du-mayo-sava\"]}]},{\"@type\":\"ImageObject\",\"inLanguage\":\"fr-FR\",\"@id\":\"https:\/\/www.africa-press.net\/cameroun\/toutes-les-actualites\/cameroun-extreme-nord-la-force-multinationale-mixte-offre-des-tables-bancs-a-trois-ecoles-primaires-dans-le-departement-du-mayo-sava#primaryimage\",\"url\":\"https:\/\/static.africa-press.net\/cameroun\/sites\/57\/2021\/04\/img-6089c26051d2f.jpg\",\"contentUrl\":\"https:\/\/static.africa-press.net\/cameroun\/sites\/57\/2021\/04\/img-6089c26051d2f.jpg\",\"width\":800,\"height\":350,\"caption\":\"Cameroun - Extr\u00eame-Nord: La Force multinationale mixte offre des tables bancs \u00e0 trois \u00e9coles primaires dans le d\u00e9partement du Mayo-Sava\"},{\"@type\":\"BreadcrumbList\",\"@id\":\"https:\/\/www.africa-press.net\/cameroun\/toutes-les-actualites\/cameroun-extreme-nord-la-force-multinationale-mixte-offre-des-tables-bancs-a-trois-ecoles-primaires-dans-le-departement-du-mayo-sava#breadcrumb\",\"itemListElement\":[{\"@type\":\"ListItem\",\"position\":1,\"name\":\"Accueil\",\"item\":\"https:\/\/www.africa-press.net\/cameroun\/\"},{\"@type\":\"ListItem\",\"position\":2,\"name\":\"Cameroun &#8211; Extr\u00eame-Nord: La Force multinationale mixte offre des tables bancs \u00e0 trois \u00e9coles primaires dans le d\u00e9partement du Mayo-Sava\"}]},{\"@type\":\"WebSite\",\"@id\":\"https:\/\/www.africa-press.net\/cameroun\/#website\",\"url\":\"https:\/\/www.africa-press.net\/cameroun\/\",\"name\":\"Cameroun\",\"description\":\"Just another Africa News Agency Sites site\",\"potentialAction\":[{\"@type\":\"SearchAction\",\"target\":{\"@type\":\"EntryPoint\",\"urlTemplate\":\"https:\/\/www.africa-press.net\/cameroun\/?s={search_term_string}\"},\"query-input\":{\"@type\":\"PropertyValueSpecification\",\"valueRequired\":true,\"valueName\":\"search_term_string\"}}],\"inLanguage\":\"fr-FR\"},{\"@type\":\"Person\",\"@id\":\"https:\/\/www.africa-press.net\/cameroun\/#\/schema\/person\/2b1cf3cd81a31e3cd26889ca66d677f1\",\"name\":\"cfeditorfr\"}]}<\/script>\n<!-- \/ Yoast SEO Premium plugin. -->","yoast_head_json":{"title":"Cameroun - Extr\u00eame-Nord: La Force multinationale mixte offre des tables bancs \u00e0 trois \u00e9coles primaires dans le d\u00e9partement du Mayo-Sava - Cameroun","description":"Le 23 avril 2021 dans le d\u00e9partement du Mayo-Sava \u00e0 l\u2019Extr\u00eame-Nord, la Force Multinationale Mixte (FMM) a offert des tab ...","robots":{"index":"index","follow":"follow","max-snippet":"max-snippet:-1","max-image-preview":"max-image-preview:large","max-video-preview":"max-video-preview:-1"},"canonical":"https:\/\/www.africa-press.net\/cameroun\/toutes-les-actualites\/cameroun-extreme-nord-la-force-multinationale-mixte-offre-des-tables-bancs-a-trois-ecoles-primaires-dans-le-departement-du-mayo-sava","og_locale":"fr_FR","og_type":"article","og_title":"Cameroun - Extr\u00eame-Nord: La Force multinationale mixte offre des tables bancs \u00e0 trois \u00e9coles primaires dans le d\u00e9partement du Mayo-Sava","og_description":"Le 23 avril 2021 dans le d\u00e9partement du Mayo-Sava \u00e0 l\u2019Extr\u00eame-Nord, la Force Multinationale Mixte (FMM) a offert des tab ...","og_url":"https:\/\/www.africa-press.net\/cameroun\/toutes-les-actualites\/cameroun-extreme-nord-la-force-multinationale-mixte-offre-des-tables-bancs-a-trois-ecoles-primaires-dans-le-departement-du-mayo-sava","og_site_name":"Cameroun","article_published_time":"2021-04-28T18:40:46+00:00","article_modified_time":"2021-04-28T20:16:15+00:00","og_image":[{"width":800,"height":350,"url":"https:\/\/static.africa-press.net\/cameroun\/sites\/57\/2021\/04\/img-6089c26051d2f.jpg","type":"image\/jpeg"}],"author":"cfeditorfr","twitter_card":"summary_large_image","twitter_misc":{"\u00c9crit par":"cfeditorfr","Dur\u00e9e de lecture estim\u00e9e":"2 minutes"},"schema":{"@context":"https:\/\/schema.org","@graph":[{"@type":"Article","@id":"https:\/\/www.africa-press.net\/cameroun\/toutes-les-actualites\/cameroun-extreme-nord-la-force-multinationale-mixte-offre-des-tables-bancs-a-trois-ecoles-primaires-dans-le-departement-du-mayo-sava#article","isPartOf":{"@id":"https:\/\/www.africa-press.net\/cameroun\/toutes-les-actualites\/cameroun-extreme-nord-la-force-multinationale-mixte-offre-des-tables-bancs-a-trois-ecoles-primaires-dans-le-departement-du-mayo-sava"},"author":{"name":"cfeditorfr","@id":"https:\/\/www.africa-press.net\/cameroun\/#\/schema\/person\/2b1cf3cd81a31e3cd26889ca66d677f1"},"headline":"Cameroun &#8211; Extr\u00eame-Nord: La Force multinationale mixte offre des tables bancs \u00e0 trois \u00e9coles primaires dans le d\u00e9partement du Mayo-Sava","datePublished":"2021-04-28T18:40:46+00:00","dateModified":"2021-04-28T20:16:15+00:00","mainEntityOfPage":{"@id":"https:\/\/www.africa-press.net\/cameroun\/toutes-les-actualites\/cameroun-extreme-nord-la-force-multinationale-mixte-offre-des-tables-bancs-a-trois-ecoles-primaires-dans-le-departement-du-mayo-sava"},"wordCount":400,"commentCount":0,"image":{"@id":"https:\/\/www.africa-press.net\/cameroun\/toutes-les-actualites\/cameroun-extreme-nord-la-force-multinationale-mixte-offre-des-tables-bancs-a-trois-ecoles-primaires-dans-le-departement-du-mayo-sava#primaryimage"},"thumbnailUrl":"https:\/\/static.africa-press.net\/cameroun\/sites\/57\/2021\/04\/img-6089c26051d2f.jpg","keywords":["Africa Press","Africa Press-Cameroun","Cameroun"],"articleSection":["Communaut\u00e9","homepage-french","Toutes les actualit\u00e9s"],"inLanguage":"fr-FR","potentialAction":[{"@type":"CommentAction","name":"Comment","target":["https:\/\/www.africa-press.net\/cameroun\/toutes-les-actualites\/cameroun-extreme-nord-la-force-multinationale-mixte-offre-des-tables-bancs-a-trois-ecoles-primaires-dans-le-departement-du-mayo-sava#respond"]}]},{"@type":"WebPage","@id":"https:\/\/www.africa-press.net\/cameroun\/toutes-les-actualites\/cameroun-extreme-nord-la-force-multinationale-mixte-offre-des-tables-bancs-a-trois-ecoles-primaires-dans-le-departement-du-mayo-sava","url":"https:\/\/www.africa-press.net\/cameroun\/toutes-les-actualites\/cameroun-extreme-nord-la-force-multinationale-mixte-offre-des-tables-bancs-a-trois-ecoles-primaires-dans-le-departement-du-mayo-sava","name":"Cameroun - Extr\u00eame-Nord: La Force multinationale mixte offre des tables bancs \u00e0 trois \u00e9coles primaires dans le d\u00e9partement du Mayo-Sava - Cameroun","isPartOf":{"@id":"https:\/\/www.africa-press.net\/cameroun\/#website"},"primaryImageOfPage":{"@id":"https:\/\/www.africa-press.net\/cameroun\/toutes-les-actualites\/cameroun-extreme-nord-la-force-multinationale-mixte-offre-des-tables-bancs-a-trois-ecoles-primaires-dans-le-departement-du-mayo-sava#primaryimage"},"image":{"@id":"https:\/\/www.africa-press.net\/cameroun\/toutes-les-actualites\/cameroun-extreme-nord-la-force-multinationale-mixte-offre-des-tables-bancs-a-trois-ecoles-primaires-dans-le-departement-du-mayo-sava#primaryimage"},"thumbnailUrl":"https:\/\/static.africa-press.net\/cameroun\/sites\/57\/2021\/04\/img-6089c26051d2f.jpg","datePublished":"2021-04-28T18:40:46+00:00","dateModified":"2021-04-28T20:16:15+00:00","author":{"@id":"https:\/\/www.africa-press.net\/cameroun\/#\/schema\/person\/2b1cf3cd81a31e3cd26889ca66d677f1"},"description":"Le 23 avril 2021 dans le d\u00e9partement du Mayo-Sava \u00e0 l\u2019Extr\u00eame-Nord, la Force Multinationale Mixte (FMM) a offert des tab ...","breadcrumb":{"@id":"https:\/\/www.africa-press.net\/cameroun\/toutes-les-actualites\/cameroun-extreme-nord-la-force-multinationale-mixte-offre-des-tables-bancs-a-trois-ecoles-primaires-dans-le-departement-du-mayo-sava#breadcrumb"},"inLanguage":"fr-FR","potentialAction":[{"@type":"ReadAction","target":["https:\/\/www.africa-press.net\/cameroun\/toutes-les-actualites\/cameroun-extreme-nord-la-force-multinationale-mixte-offre-des-tables-bancs-a-trois-ecoles-primaires-dans-le-departement-du-mayo-sava"]}]},{"@type":"ImageObject","inLanguage":"fr-FR","@id":"https:\/\/www.africa-press.net\/cameroun\/toutes-les-actualites\/cameroun-extreme-nord-la-force-multinationale-mixte-offre-des-tables-bancs-a-trois-ecoles-primaires-dans-le-departement-du-mayo-sava#primaryimage","url":"https:\/\/static.africa-press.net\/cameroun\/sites\/57\/2021\/04\/img-6089c26051d2f.jpg","contentUrl":"https:\/\/static.africa-press.net\/cameroun\/sites\/57\/2021\/04\/img-6089c26051d2f.jpg","width":800,"height":350,"caption":"Cameroun - Extr\u00eame-Nord: La Force multinationale mixte offre des tables bancs \u00e0 trois \u00e9coles primaires dans le d\u00e9partement du Mayo-Sava"},{"@type":"BreadcrumbList","@id":"https:\/\/www.africa-press.net\/cameroun\/toutes-les-actualites\/cameroun-extreme-nord-la-force-multinationale-mixte-offre-des-tables-bancs-a-trois-ecoles-primaires-dans-le-departement-du-mayo-sava#breadcrumb","itemListElement":[{"@type":"ListItem","position":1,"name":"Accueil","item":"https:\/\/www.africa-press.net\/cameroun\/"},{"@type":"ListItem","position":2,"name":"Cameroun &#8211; Extr\u00eame-Nord: La Force multinationale mixte offre des tables bancs \u00e0 trois \u00e9coles primaires dans le d\u00e9partement du Mayo-Sava"}]},{"@type":"WebSite","@id":"https:\/\/www.africa-press.net\/cameroun\/#website","url":"https:\/\/www.africa-press.net\/cameroun\/","name":"Cameroun","description":"Just another Africa News Agency Sites site","potentialAction":[{"@type":"SearchAction","target":{"@type":"EntryPoint","urlTemplate":"https:\/\/www.africa-press.net\/cameroun\/?s={search_term_string}"},"query-input":{"@type":"PropertyValueSpecification","valueRequired":true,"valueName":"search_term_string"}}],"inLanguage":"fr-FR"},{"@type":"Person","@id":"https:\/\/www.africa-press.net\/cameroun\/#\/schema\/person\/2b1cf3cd81a31e3cd26889ca66d677f1","name":"cfeditorfr"}]}},"_links":{"self":[{"href":"https:\/\/www.africa-press.net\/cameroun\/wp-json\/wp\/v2\/posts\/2708","targetHints":{"allow":["GET"]}}],"collection":[{"href":"https:\/\/www.africa-press.net\/cameroun\/wp-json\/wp\/v2\/posts"}],"about":[{"href":"https:\/\/www.africa-press.net\/cameroun\/wp-json\/wp\/v2\/types\/post"}],"author":[{"embeddable":true,"href":"https:\/\/www.africa-press.net\/cameroun\/wp-json\/wp\/v2\/users\/82"}],"replies":[{"embeddable":true,"href":"https:\/\/www.africa-press.net\/cameroun\/wp-json\/wp\/v2\/comments?post=2708"}],"version-history":[{"count":0,"href":"https:\/\/www.africa-press.net\/cameroun\/wp-json\/wp\/v2\/posts\/2708\/revisions"}],"wp:featuredmedia":[{"embeddable":true,"href":"https:\/\/www.africa-press.net\/cameroun\/wp-json\/wp\/v2\/media\/2707"}],"wp:attachment":[{"href":"https:\/\/www.africa-press.net\/cameroun\/wp-json\/wp\/v2\/media?parent=2708"}],"wp:term":[{"taxonomy":"category","embeddable":true,"href":"https:\/\/www.africa-press.net\/cameroun\/wp-json\/wp\/v2\/categories?post=2708"},{"taxonomy":"post_tag","embeddable":true,"href":"https:\/\/www.africa-press.net\/cameroun\/wp-json\/wp\/v2\/tags?post=2708"}],"curies":[{"name":"wp","href":"https:\/\/api.w.org\/{rel}","templated":true}]}}