{"id":2711,"date":"2021-04-28T18:49:48","date_gmt":"2021-04-28T18:49:48","guid":{"rendered":"https:\/\/www.africa-press.net\/cameroun\/politique\/cameroun-exposition-linstitut-universitaire-des-technologies-de-ngaoundere-presente-son-savoir-faire-a-yaounde"},"modified":"2021-04-28T20:17:06","modified_gmt":"2021-04-28T20:17:06","slug":"cameroun-exposition-linstitut-universitaire-des-technologies-de-ngaoundere-presente-son-savoir-faire-a-yaounde","status":"publish","type":"post","link":"https:\/\/www.africa-press.net\/cameroun\/politique\/cameroun-exposition-linstitut-universitaire-des-technologies-de-ngaoundere-presente-son-savoir-faire-a-yaounde","title":{"rendered":"Cameroun &#8211; Exposition: L&rsquo;Institut Universitaire des technologies de Ngaound\u00e9r\u00e9 pr\u00e9sente son savoir-faire \u00e0 Yaound\u00e9"},"content":{"rendered":"<p><span style=\"color: #ff6600\"><strong><a href=\"https:\/\/www.africa-press.net\/\">Africa-Press<\/a> &#8211; <a href=\"https:\/\/www.africa-press.net\/cameroun\">Cameroun<\/a>. <\/strong><\/span>Le savoir faire de l&rsquo;Institut Universitaire des Technologies (l&rsquo;IUT) de Ngaound\u00e9r\u00e9 d\u00e9port\u00e9 et pr\u00e9sent\u00e9 au public de Yaound\u00e9. C&rsquo;est \u00e0 la faveur des journ\u00e9es portes ouvertes lanc\u00e9es le 27 avril 2021 par Jacques Fame Ndongo le ministre d&rsquo;\u00c9tat ministre de l&rsquo;Enseignement Sup\u00e9rieur. Les expositions donnent \u00e0 voir des produits locaux transform\u00e9s et valoris\u00e9s qui n&rsquo;attendent plus que d&rsquo;\u00eatre brevet\u00e9s.<\/p>\n<p>L&rsquo;une des curiosit\u00e9s du jour, du jus fait \u00e0 base de tubercule de Manioc. Son nom: \u00abLe Mimbom\u00bb. \u00abLa technologie de cette bi\u00e8re n&rsquo;est pas bien connue. Nous avons d\u00fb travailler d&rsquo;arrache-pied pour pouvoir la mettre sur pied\u00bb, explique Douada, un exposant. A c\u00f4t\u00e9 de cette innovation, qui fait le bonheur des papilles gustatives, du cacao transform\u00e9 en chocolat sucr\u00e9 aux dates. \u00abC&rsquo;est un proc\u00e9d\u00e9 que nous avons d\u00e9velopp\u00e9. M\u00eame les diab\u00e9tiques peuvent consommer ce chocolat. Il est \u00e9galement th\u00e9rapeutique\u00bb, indique Cl\u00e9ment Saidou, chef projet du chocolat sucr\u00e9 aux dattes.<\/p>\n<p>\u00c9galement au c\u0153ur de ces produits et innovations de l&rsquo;IUT de Ngaound\u00e9r\u00e9, une solution au vol de b\u00e9tail, tr\u00e8s r\u00e9current dans les zones d&rsquo;\u00e9levage notamment dans l&rsquo;Adamaoua. Les propri\u00e9taires de b\u00e9tails peuvent d\u00e9sormais suivre leurs b\u00eates \u00e0 distance gr\u00e2ce \u00e0 un syst\u00e8me de tracking. \u00abOn a des marqueurs qui nous permettent d&rsquo;identifier \u00e0 travers des couleurs si le sujet se trouve exactement dans la zone de p\u00e2turage ou alors hors de la zone. C&rsquo;est-\u00e0-dire s&rsquo;il peut d\u00e9j\u00e0 se perdre\u00bb, pr\u00e9sente Arouna Ndam Njoya, concepteur du syst\u00e8me de tracking de b\u00e9tails.<\/p>\n<p>L&rsquo;Institut universitaire des technologies de Ngaound\u00e9r\u00e9 d\u00e9voile son savoir faire \u00e0 Yaound\u00e9. Au coeur de ces journ\u00e9es portes ouvertes, une vingtaine de projets en exposition. \u00abCe sont des projets d\u00e9j\u00e0 concrets. Nous n&rsquo;avons pas quitt\u00e9 Ngaound\u00e9r\u00e9 pour une partie de plaisir ici \u00e0 Yaound\u00e9. Nous sommes venus montrer les produits et \u00e9quipements que nous pouvons d\u00e9velopper\u00bb, fait savoir Florence Uphie Chinje, Recteur de l&rsquo;universit\u00e9 de Ngaound\u00e9r\u00e9.<\/p>\n<p>Le ministre d&rsquo;\u00c9tat ministre de l&rsquo;Enseignement Sup\u00e9rieur donne le ton de ces 2 jours d&rsquo;exposition. D\u00e9cideurs, industriels et autres passionn\u00e9s des technologies sont attendus au campus annexe de l&rsquo;universit\u00e9 de Ngaound\u00e9r\u00e9 \u00e0 Yaound\u00e9.<\/p>\n","protected":false},"excerpt":{"rendered":"<p>Africa-Press &#8211; Cameroun. Le savoir faire de l&rsquo;Institut Universitaire des Technologies (l&rsquo;IUT) de Ngaound\u00e9r\u00e9 d\u00e9port\u00e9 et pr\u00e9sent\u00e9 au public de Yaound\u00e9. C&rsquo;est \u00e0 la faveur des journ\u00e9es portes ouvertes lanc\u00e9es le 27 avril 2021 par Jacques Fame Ndongo le ministre d&rsquo;\u00c9tat ministre de l&rsquo;Enseignement Sup\u00e9rieur. Les expositions donnent \u00e0 voir des produits locaux transform\u00e9s et [&hellip;]<\/p>\n","protected":false},"author":82,"featured_media":2710,"comment_status":"open","ping_status":"closed","sticky":false,"template":"","format":"standard","meta":{"footnotes":""},"categories":[11,2,10],"tags":[36,50,49],"class_list":["post-2711","post","type-post","status-publish","format-standard","has-post-thumbnail","hentry","category-homepage-french","category-politique","category-toutes-les-actualites","tag-africa-press","tag-africa-press-cameroun","tag-cameroun"],"yoast_head":"<!-- This site is optimized with the Yoast SEO Premium plugin v26.1 (Yoast SEO v27.0) - https:\/\/yoast.com\/product\/yoast-seo-premium-wordpress\/ -->\n<title>Cameroun - Exposition: L&#039;Institut Universitaire des technologies de Ngaound\u00e9r\u00e9 pr\u00e9sente son savoir-faire \u00e0 Yaound\u00e9 - Cameroun<\/title>\n<meta name=\"description\" content=\"Le savoir faire de l&#039;Institut Universitaire des Technologies (l&#039;IUT) de Ngaound\u00e9r\u00e9 d\u00e9port\u00e9 et pr\u00e9sent\u00e9 au public de Yaou ...\" \/>\n<meta name=\"robots\" content=\"index, follow, max-snippet:-1, max-image-preview:large, max-video-preview:-1\" \/>\n<link rel=\"canonical\" href=\"https:\/\/www.africa-press.net\/cameroun\/politique\/cameroun-exposition-linstitut-universitaire-des-technologies-de-ngaoundere-presente-son-savoir-faire-a-yaounde\" \/>\n<meta property=\"og:locale\" content=\"fr_FR\" \/>\n<meta property=\"og:type\" content=\"article\" \/>\n<meta property=\"og:title\" content=\"Cameroun - Exposition: L&#039;Institut Universitaire des technologies de Ngaound\u00e9r\u00e9 pr\u00e9sente son savoir-faire \u00e0 Yaound\u00e9\" \/>\n<meta property=\"og:description\" content=\"Le savoir faire de l&#039;Institut Universitaire des Technologies (l&#039;IUT) de Ngaound\u00e9r\u00e9 d\u00e9port\u00e9 et pr\u00e9sent\u00e9 au public de Yaou ...\" \/>\n<meta property=\"og:url\" content=\"https:\/\/www.africa-press.net\/cameroun\/politique\/cameroun-exposition-linstitut-universitaire-des-technologies-de-ngaoundere-presente-son-savoir-faire-a-yaounde\" \/>\n<meta property=\"og:site_name\" content=\"Cameroun\" \/>\n<meta property=\"article:published_time\" content=\"2021-04-28T18:49:48+00:00\" \/>\n<meta property=\"article:modified_time\" content=\"2021-04-28T20:17:06+00:00\" \/>\n<meta property=\"og:image\" content=\"https:\/\/static.africa-press.net\/cameroun\/sites\/57\/2021\/04\/img-6089c29cb5970.jpg\" \/>\n\t<meta property=\"og:image:width\" content=\"800\" \/>\n\t<meta property=\"og:image:height\" content=\"533\" \/>\n\t<meta property=\"og:image:type\" content=\"image\/jpeg\" \/>\n<meta name=\"author\" content=\"cfeditorfr\" \/>\n<meta name=\"twitter:card\" content=\"summary_large_image\" \/>\n<meta name=\"twitter:label1\" content=\"\u00c9crit par\" \/>\n\t<meta name=\"twitter:data1\" content=\"cfeditorfr\" \/>\n\t<meta name=\"twitter:label2\" content=\"Dur\u00e9e de lecture estim\u00e9e\" \/>\n\t<meta name=\"twitter:data2\" content=\"2 minutes\" \/>\n<script type=\"application\/ld+json\" class=\"yoast-schema-graph\">{\"@context\":\"https:\/\/schema.org\",\"@graph\":[{\"@type\":\"Article\",\"@id\":\"https:\/\/www.africa-press.net\/cameroun\/politique\/cameroun-exposition-linstitut-universitaire-des-technologies-de-ngaoundere-presente-son-savoir-faire-a-yaounde#article\",\"isPartOf\":{\"@id\":\"https:\/\/www.africa-press.net\/cameroun\/politique\/cameroun-exposition-linstitut-universitaire-des-technologies-de-ngaoundere-presente-son-savoir-faire-a-yaounde\"},\"author\":{\"name\":\"cfeditorfr\",\"@id\":\"https:\/\/www.africa-press.net\/cameroun\/#\/schema\/person\/2b1cf3cd81a31e3cd26889ca66d677f1\"},\"headline\":\"Cameroun &#8211; Exposition: L&rsquo;Institut Universitaire des technologies de Ngaound\u00e9r\u00e9 pr\u00e9sente son savoir-faire \u00e0 Yaound\u00e9\",\"datePublished\":\"2021-04-28T18:49:48+00:00\",\"dateModified\":\"2021-04-28T20:17:06+00:00\",\"mainEntityOfPage\":{\"@id\":\"https:\/\/www.africa-press.net\/cameroun\/politique\/cameroun-exposition-linstitut-universitaire-des-technologies-de-ngaoundere-presente-son-savoir-faire-a-yaounde\"},\"wordCount\":415,\"commentCount\":0,\"image\":{\"@id\":\"https:\/\/www.africa-press.net\/cameroun\/politique\/cameroun-exposition-linstitut-universitaire-des-technologies-de-ngaoundere-presente-son-savoir-faire-a-yaounde#primaryimage\"},\"thumbnailUrl\":\"https:\/\/static.africa-press.net\/cameroun\/sites\/57\/2021\/04\/img-6089c29cb5970.jpg\",\"keywords\":[\"Africa Press\",\"Africa Press-Cameroun\",\"Cameroun\"],\"articleSection\":[\"homepage-french\",\"Politique\",\"Toutes les actualit\u00e9s\"],\"inLanguage\":\"fr-FR\",\"potentialAction\":[{\"@type\":\"CommentAction\",\"name\":\"Comment\",\"target\":[\"https:\/\/www.africa-press.net\/cameroun\/politique\/cameroun-exposition-linstitut-universitaire-des-technologies-de-ngaoundere-presente-son-savoir-faire-a-yaounde#respond\"]}]},{\"@type\":\"WebPage\",\"@id\":\"https:\/\/www.africa-press.net\/cameroun\/politique\/cameroun-exposition-linstitut-universitaire-des-technologies-de-ngaoundere-presente-son-savoir-faire-a-yaounde\",\"url\":\"https:\/\/www.africa-press.net\/cameroun\/politique\/cameroun-exposition-linstitut-universitaire-des-technologies-de-ngaoundere-presente-son-savoir-faire-a-yaounde\",\"name\":\"Cameroun - Exposition: L'Institut Universitaire des technologies de Ngaound\u00e9r\u00e9 pr\u00e9sente son savoir-faire \u00e0 Yaound\u00e9 - Cameroun\",\"isPartOf\":{\"@id\":\"https:\/\/www.africa-press.net\/cameroun\/#website\"},\"primaryImageOfPage\":{\"@id\":\"https:\/\/www.africa-press.net\/cameroun\/politique\/cameroun-exposition-linstitut-universitaire-des-technologies-de-ngaoundere-presente-son-savoir-faire-a-yaounde#primaryimage\"},\"image\":{\"@id\":\"https:\/\/www.africa-press.net\/cameroun\/politique\/cameroun-exposition-linstitut-universitaire-des-technologies-de-ngaoundere-presente-son-savoir-faire-a-yaounde#primaryimage\"},\"thumbnailUrl\":\"https:\/\/static.africa-press.net\/cameroun\/sites\/57\/2021\/04\/img-6089c29cb5970.jpg\",\"datePublished\":\"2021-04-28T18:49:48+00:00\",\"dateModified\":\"2021-04-28T20:17:06+00:00\",\"author\":{\"@id\":\"https:\/\/www.africa-press.net\/cameroun\/#\/schema\/person\/2b1cf3cd81a31e3cd26889ca66d677f1\"},\"description\":\"Le savoir faire de l'Institut Universitaire des Technologies (l'IUT) de Ngaound\u00e9r\u00e9 d\u00e9port\u00e9 et pr\u00e9sent\u00e9 au public de Yaou ...\",\"breadcrumb\":{\"@id\":\"https:\/\/www.africa-press.net\/cameroun\/politique\/cameroun-exposition-linstitut-universitaire-des-technologies-de-ngaoundere-presente-son-savoir-faire-a-yaounde#breadcrumb\"},\"inLanguage\":\"fr-FR\",\"potentialAction\":[{\"@type\":\"ReadAction\",\"target\":[\"https:\/\/www.africa-press.net\/cameroun\/politique\/cameroun-exposition-linstitut-universitaire-des-technologies-de-ngaoundere-presente-son-savoir-faire-a-yaounde\"]}]},{\"@type\":\"ImageObject\",\"inLanguage\":\"fr-FR\",\"@id\":\"https:\/\/www.africa-press.net\/cameroun\/politique\/cameroun-exposition-linstitut-universitaire-des-technologies-de-ngaoundere-presente-son-savoir-faire-a-yaounde#primaryimage\",\"url\":\"https:\/\/static.africa-press.net\/cameroun\/sites\/57\/2021\/04\/img-6089c29cb5970.jpg\",\"contentUrl\":\"https:\/\/static.africa-press.net\/cameroun\/sites\/57\/2021\/04\/img-6089c29cb5970.jpg\",\"width\":800,\"height\":533,\"caption\":\"Cameroun - Exposition: L'Institut Universitaire des technologies de Ngaound\u00e9r\u00e9 pr\u00e9sente son savoir-faire \u00e0 Yaound\u00e9\"},{\"@type\":\"BreadcrumbList\",\"@id\":\"https:\/\/www.africa-press.net\/cameroun\/politique\/cameroun-exposition-linstitut-universitaire-des-technologies-de-ngaoundere-presente-son-savoir-faire-a-yaounde#breadcrumb\",\"itemListElement\":[{\"@type\":\"ListItem\",\"position\":1,\"name\":\"Accueil\",\"item\":\"https:\/\/www.africa-press.net\/cameroun\/\"},{\"@type\":\"ListItem\",\"position\":2,\"name\":\"Cameroun &#8211; Exposition: L&#8217;Institut Universitaire des technologies de Ngaound\u00e9r\u00e9 pr\u00e9sente son savoir-faire \u00e0 Yaound\u00e9\"}]},{\"@type\":\"WebSite\",\"@id\":\"https:\/\/www.africa-press.net\/cameroun\/#website\",\"url\":\"https:\/\/www.africa-press.net\/cameroun\/\",\"name\":\"Cameroun\",\"description\":\"Just another Africa News Agency Sites site\",\"potentialAction\":[{\"@type\":\"SearchAction\",\"target\":{\"@type\":\"EntryPoint\",\"urlTemplate\":\"https:\/\/www.africa-press.net\/cameroun\/?s={search_term_string}\"},\"query-input\":{\"@type\":\"PropertyValueSpecification\",\"valueRequired\":true,\"valueName\":\"search_term_string\"}}],\"inLanguage\":\"fr-FR\"},{\"@type\":\"Person\",\"@id\":\"https:\/\/www.africa-press.net\/cameroun\/#\/schema\/person\/2b1cf3cd81a31e3cd26889ca66d677f1\",\"name\":\"cfeditorfr\"}]}<\/script>\n<!-- \/ Yoast SEO Premium plugin. -->","yoast_head_json":{"title":"Cameroun - Exposition: L'Institut Universitaire des technologies de Ngaound\u00e9r\u00e9 pr\u00e9sente son savoir-faire \u00e0 Yaound\u00e9 - Cameroun","description":"Le savoir faire de l'Institut Universitaire des Technologies (l'IUT) de Ngaound\u00e9r\u00e9 d\u00e9port\u00e9 et pr\u00e9sent\u00e9 au public de Yaou ...","robots":{"index":"index","follow":"follow","max-snippet":"max-snippet:-1","max-image-preview":"max-image-preview:large","max-video-preview":"max-video-preview:-1"},"canonical":"https:\/\/www.africa-press.net\/cameroun\/politique\/cameroun-exposition-linstitut-universitaire-des-technologies-de-ngaoundere-presente-son-savoir-faire-a-yaounde","og_locale":"fr_FR","og_type":"article","og_title":"Cameroun - Exposition: L'Institut Universitaire des technologies de Ngaound\u00e9r\u00e9 pr\u00e9sente son savoir-faire \u00e0 Yaound\u00e9","og_description":"Le savoir faire de l'Institut Universitaire des Technologies (l'IUT) de Ngaound\u00e9r\u00e9 d\u00e9port\u00e9 et pr\u00e9sent\u00e9 au public de Yaou ...","og_url":"https:\/\/www.africa-press.net\/cameroun\/politique\/cameroun-exposition-linstitut-universitaire-des-technologies-de-ngaoundere-presente-son-savoir-faire-a-yaounde","og_site_name":"Cameroun","article_published_time":"2021-04-28T18:49:48+00:00","article_modified_time":"2021-04-28T20:17:06+00:00","og_image":[{"width":800,"height":533,"url":"https:\/\/static.africa-press.net\/cameroun\/sites\/57\/2021\/04\/img-6089c29cb5970.jpg","type":"image\/jpeg"}],"author":"cfeditorfr","twitter_card":"summary_large_image","twitter_misc":{"\u00c9crit par":"cfeditorfr","Dur\u00e9e de lecture estim\u00e9e":"2 minutes"},"schema":{"@context":"https:\/\/schema.org","@graph":[{"@type":"Article","@id":"https:\/\/www.africa-press.net\/cameroun\/politique\/cameroun-exposition-linstitut-universitaire-des-technologies-de-ngaoundere-presente-son-savoir-faire-a-yaounde#article","isPartOf":{"@id":"https:\/\/www.africa-press.net\/cameroun\/politique\/cameroun-exposition-linstitut-universitaire-des-technologies-de-ngaoundere-presente-son-savoir-faire-a-yaounde"},"author":{"name":"cfeditorfr","@id":"https:\/\/www.africa-press.net\/cameroun\/#\/schema\/person\/2b1cf3cd81a31e3cd26889ca66d677f1"},"headline":"Cameroun &#8211; Exposition: L&rsquo;Institut Universitaire des technologies de Ngaound\u00e9r\u00e9 pr\u00e9sente son savoir-faire \u00e0 Yaound\u00e9","datePublished":"2021-04-28T18:49:48+00:00","dateModified":"2021-04-28T20:17:06+00:00","mainEntityOfPage":{"@id":"https:\/\/www.africa-press.net\/cameroun\/politique\/cameroun-exposition-linstitut-universitaire-des-technologies-de-ngaoundere-presente-son-savoir-faire-a-yaounde"},"wordCount":415,"commentCount":0,"image":{"@id":"https:\/\/www.africa-press.net\/cameroun\/politique\/cameroun-exposition-linstitut-universitaire-des-technologies-de-ngaoundere-presente-son-savoir-faire-a-yaounde#primaryimage"},"thumbnailUrl":"https:\/\/static.africa-press.net\/cameroun\/sites\/57\/2021\/04\/img-6089c29cb5970.jpg","keywords":["Africa Press","Africa Press-Cameroun","Cameroun"],"articleSection":["homepage-french","Politique","Toutes les actualit\u00e9s"],"inLanguage":"fr-FR","potentialAction":[{"@type":"CommentAction","name":"Comment","target":["https:\/\/www.africa-press.net\/cameroun\/politique\/cameroun-exposition-linstitut-universitaire-des-technologies-de-ngaoundere-presente-son-savoir-faire-a-yaounde#respond"]}]},{"@type":"WebPage","@id":"https:\/\/www.africa-press.net\/cameroun\/politique\/cameroun-exposition-linstitut-universitaire-des-technologies-de-ngaoundere-presente-son-savoir-faire-a-yaounde","url":"https:\/\/www.africa-press.net\/cameroun\/politique\/cameroun-exposition-linstitut-universitaire-des-technologies-de-ngaoundere-presente-son-savoir-faire-a-yaounde","name":"Cameroun - Exposition: L'Institut Universitaire des technologies de Ngaound\u00e9r\u00e9 pr\u00e9sente son savoir-faire \u00e0 Yaound\u00e9 - Cameroun","isPartOf":{"@id":"https:\/\/www.africa-press.net\/cameroun\/#website"},"primaryImageOfPage":{"@id":"https:\/\/www.africa-press.net\/cameroun\/politique\/cameroun-exposition-linstitut-universitaire-des-technologies-de-ngaoundere-presente-son-savoir-faire-a-yaounde#primaryimage"},"image":{"@id":"https:\/\/www.africa-press.net\/cameroun\/politique\/cameroun-exposition-linstitut-universitaire-des-technologies-de-ngaoundere-presente-son-savoir-faire-a-yaounde#primaryimage"},"thumbnailUrl":"https:\/\/static.africa-press.net\/cameroun\/sites\/57\/2021\/04\/img-6089c29cb5970.jpg","datePublished":"2021-04-28T18:49:48+00:00","dateModified":"2021-04-28T20:17:06+00:00","author":{"@id":"https:\/\/www.africa-press.net\/cameroun\/#\/schema\/person\/2b1cf3cd81a31e3cd26889ca66d677f1"},"description":"Le savoir faire de l'Institut Universitaire des Technologies (l'IUT) de Ngaound\u00e9r\u00e9 d\u00e9port\u00e9 et pr\u00e9sent\u00e9 au public de Yaou ...","breadcrumb":{"@id":"https:\/\/www.africa-press.net\/cameroun\/politique\/cameroun-exposition-linstitut-universitaire-des-technologies-de-ngaoundere-presente-son-savoir-faire-a-yaounde#breadcrumb"},"inLanguage":"fr-FR","potentialAction":[{"@type":"ReadAction","target":["https:\/\/www.africa-press.net\/cameroun\/politique\/cameroun-exposition-linstitut-universitaire-des-technologies-de-ngaoundere-presente-son-savoir-faire-a-yaounde"]}]},{"@type":"ImageObject","inLanguage":"fr-FR","@id":"https:\/\/www.africa-press.net\/cameroun\/politique\/cameroun-exposition-linstitut-universitaire-des-technologies-de-ngaoundere-presente-son-savoir-faire-a-yaounde#primaryimage","url":"https:\/\/static.africa-press.net\/cameroun\/sites\/57\/2021\/04\/img-6089c29cb5970.jpg","contentUrl":"https:\/\/static.africa-press.net\/cameroun\/sites\/57\/2021\/04\/img-6089c29cb5970.jpg","width":800,"height":533,"caption":"Cameroun - Exposition: L'Institut Universitaire des technologies de Ngaound\u00e9r\u00e9 pr\u00e9sente son savoir-faire \u00e0 Yaound\u00e9"},{"@type":"BreadcrumbList","@id":"https:\/\/www.africa-press.net\/cameroun\/politique\/cameroun-exposition-linstitut-universitaire-des-technologies-de-ngaoundere-presente-son-savoir-faire-a-yaounde#breadcrumb","itemListElement":[{"@type":"ListItem","position":1,"name":"Accueil","item":"https:\/\/www.africa-press.net\/cameroun\/"},{"@type":"ListItem","position":2,"name":"Cameroun &#8211; Exposition: L&#8217;Institut Universitaire des technologies de Ngaound\u00e9r\u00e9 pr\u00e9sente son savoir-faire \u00e0 Yaound\u00e9"}]},{"@type":"WebSite","@id":"https:\/\/www.africa-press.net\/cameroun\/#website","url":"https:\/\/www.africa-press.net\/cameroun\/","name":"Cameroun","description":"Just another Africa News Agency Sites site","potentialAction":[{"@type":"SearchAction","target":{"@type":"EntryPoint","urlTemplate":"https:\/\/www.africa-press.net\/cameroun\/?s={search_term_string}"},"query-input":{"@type":"PropertyValueSpecification","valueRequired":true,"valueName":"search_term_string"}}],"inLanguage":"fr-FR"},{"@type":"Person","@id":"https:\/\/www.africa-press.net\/cameroun\/#\/schema\/person\/2b1cf3cd81a31e3cd26889ca66d677f1","name":"cfeditorfr"}]}},"_links":{"self":[{"href":"https:\/\/www.africa-press.net\/cameroun\/wp-json\/wp\/v2\/posts\/2711","targetHints":{"allow":["GET"]}}],"collection":[{"href":"https:\/\/www.africa-press.net\/cameroun\/wp-json\/wp\/v2\/posts"}],"about":[{"href":"https:\/\/www.africa-press.net\/cameroun\/wp-json\/wp\/v2\/types\/post"}],"author":[{"embeddable":true,"href":"https:\/\/www.africa-press.net\/cameroun\/wp-json\/wp\/v2\/users\/82"}],"replies":[{"embeddable":true,"href":"https:\/\/www.africa-press.net\/cameroun\/wp-json\/wp\/v2\/comments?post=2711"}],"version-history":[{"count":0,"href":"https:\/\/www.africa-press.net\/cameroun\/wp-json\/wp\/v2\/posts\/2711\/revisions"}],"wp:featuredmedia":[{"embeddable":true,"href":"https:\/\/www.africa-press.net\/cameroun\/wp-json\/wp\/v2\/media\/2710"}],"wp:attachment":[{"href":"https:\/\/www.africa-press.net\/cameroun\/wp-json\/wp\/v2\/media?parent=2711"}],"wp:term":[{"taxonomy":"category","embeddable":true,"href":"https:\/\/www.africa-press.net\/cameroun\/wp-json\/wp\/v2\/categories?post=2711"},{"taxonomy":"post_tag","embeddable":true,"href":"https:\/\/www.africa-press.net\/cameroun\/wp-json\/wp\/v2\/tags?post=2711"}],"curies":[{"name":"wp","href":"https:\/\/api.w.org\/{rel}","templated":true}]}}