{"id":27128,"date":"2022-09-10T16:51:56","date_gmt":"2022-09-10T16:51:56","guid":{"rendered":"https:\/\/www.africa-press.net\/cameroun\/politique\/la-reine-est-morte-vive-paul-biya"},"modified":"2022-09-10T17:12:47","modified_gmt":"2022-09-10T17:12:47","slug":"la-reine-est-morte-vive-paul-biya","status":"publish","type":"post","link":"https:\/\/www.africa-press.net\/cameroun\/politique\/la-reine-est-morte-vive-paul-biya","title":{"rendered":"La reine est morte, vive Paul Biya !"},"content":{"rendered":"<p><span style=\"color: #ff6600\"><strong>Africa-Press &#8211; Cameroun. <\/strong><\/span>\u00c0 chaque d\u00e9c\u00e8s de reine \u00e2g\u00e9e, \u00e0 chaque putsch contre un pr\u00e9sident cacochyme, les adeptes des statistiques r\u00e9ajustent les classements des dirigeants du monde en fonction de leur long\u00e9vit\u00e9. Moins simple qu\u2019il n\u2019y para\u00eet : quelques \u00ab \u00e9coles \u00bb diff\u00e9rent en la mati\u00e8re. Certains \u00ab tops \u00bb classent \u00e0 part les t\u00eates couronn\u00e9es dont les r\u00e8gnes sont \u00e0 dur\u00e9e ind\u00e9termin\u00e9e, tandis que d\u2019autres distinguent long\u00e9vit\u00e9 sur le tr\u00f4ne et long\u00e9vit\u00e9 sur la plan\u00e8te\u2026<\/p>\n<p>D\u00e8s le d\u00e9c\u00e8s, ce jeudi, d\u2019Elizabeth II \u00e0 96 ans, 4 mois et 17 jours, les regards se sont tourn\u00e9s en direction du Cameroun. Au dernier souffle de la souveraine britannique, Paul Biya \u00e9tait en effet \u00e2g\u00e9 de 89 ans, 6 mois et 26 jours. Le pr\u00e9sident libanais Michel Aoun et le roi d\u2019Arabie Saoudite Salmane ben Abdelaziz Al Saoud ont respectivement 87 et 86 ans.<\/p>\n<p>Pour ceux qui privil\u00e9gient la dur\u00e9e aux affaires, en revanche, le pr\u00e9sident camerounais, avec 39 ans, 10 mois et 2 jours \u00e0 la t\u00eate du pays, doit s\u2019incliner devant l\u2019\u00c9quato-Guin\u00e9en Teodoro Obiang Nguema Mbasogo et ses 43 ans, 1 mois et 5 jours sur le tr\u00f4ne\u2026<\/p>\n<p>Depuis l\u2019annonce de la remont\u00e9e de Paul Biya dans le classement des patriarches au pouvoir, certains Camerounais agac\u00e9s devinent une qu\u00eate de poux sur une t\u00eate qu\u2019ils estiment ras\u00e9e. Dans la presse ou sur les r\u00e9seaux sociaux, ils rappellent que comparaison n\u2019est pas raison, que c\u2019est le concept de monarchie europ\u00e9enne qui est d\u00e9suet et que, vieux ou pas, le pr\u00e9sident du Cameroun, lui, \u00ab est \u00e9lu \u00bb.<\/p>\n<p><b>Biden, futur octog\u00e9naire<\/b><\/p>\n<p>Certes, l\u2019\u00e2ge ne dit que peu de la qualit\u00e9 d\u2019un dirigeant, ni de la sant\u00e9 du syst\u00e8me politique de son pays. Si les parcours \u00e9lectoraux des \u00c9tats-Unis laissent parfois perplexes, seuls les fondamentalistes trumpistes remettent en cause l\u2019\u00e9lection d\u2019un Joe Biden qui sera octog\u00e9naire au milieu de son premier mandat. Quant \u00e0 l\u2019Afrique, elle est tout \u00e0 la fois le continent aux esp\u00e9rances de vie modestes et au respect des anciens.<\/p>\n<p>En r\u00e9alit\u00e9, ni la sagesse ni l\u2019incivisme ne sont l\u2019apanage des Africains. Et ce n\u2019est gu\u00e8re une affaire de nombre d\u2019anniversaires. Battu l\u2019ann\u00e9e de ses 86 ans, le S\u00e9n\u00e9galais Abdoulaye Wade accepta le verdict des urnes, tandis que le Zimbabw\u00e9en Robert Mugabe s\u2019obstinait encore, l\u2019ann\u00e9e de ses 93 ans. Quant au dirigeant supr\u00eame encore trentenaire de la Cor\u00e9e du Nord, il ne suscite gu\u00e8re de jalousie\u2026<\/p>\n<p>En dehors de son caract\u00e8re anecdotique, la question de l\u2019\u00e2ge renvoie essentiellement \u00e0 la capacit\u00e9 physiologique de gouverner. Elizabeth II n\u2019avait en main aucun levier op\u00e9rationnel de la gouvernance britannique. La Constitution camerounaise, elle, accorde bien plus de pouvoirs \u00e0 Paul Biya qui entretenait le flou, r\u00e9cemment, sur l\u2019\u00e9ventualit\u00e9 qu\u2019il soit candidat \u00e0 sa propre succession, l\u2019ann\u00e9e de ses 92 ans. Tranchera-t-on le d\u00e9bat avec un bulletin de sant\u00e9 ? L\u00e0 aussi, l\u2019Occident n\u2019a gu\u00e8re de le\u00e7on \u00e0 donner sur les trompe-l\u2019\u0153il m\u00e9dicaux des dirigeants\u2026<\/p>\n<p><strong>Pour plus d&rsquo;informations et d&rsquo;analyses sur la <a href=\"https:\/\/www.africa-press.net\/cameroun\">Cameroun<\/a>, suivez <a href=\"https:\/\/www.africa-press.net\/\">Africa-Press<\/a><\/strong><\/p>\n","protected":false},"excerpt":{"rendered":"<p>Africa-Press &#8211; Cameroun. \u00c0 chaque d\u00e9c\u00e8s de reine \u00e2g\u00e9e, \u00e0 chaque putsch contre un pr\u00e9sident cacochyme, les adeptes des statistiques r\u00e9ajustent les classements des dirigeants du monde en fonction de leur long\u00e9vit\u00e9. Moins simple qu\u2019il n\u2019y para\u00eet : quelques \u00ab \u00e9coles \u00bb diff\u00e9rent en la mati\u00e8re. Certains \u00ab tops \u00bb classent \u00e0 part les t\u00eates [&hellip;]<\/p>\n","protected":false},"author":82,"featured_media":27127,"comment_status":"open","ping_status":"closed","sticky":false,"template":"","format":"standard","meta":{"footnotes":""},"categories":[7,11,2,20,10],"tags":[36,50,49],"class_list":["post-27128","post","type-post","status-publish","format-standard","has-post-thumbnail","hentry","category-dossiers","category-homepage-french","category-politique","category-top-nouvelles","category-toutes-les-actualites","tag-africa-press","tag-africa-press-cameroun","tag-cameroun"],"yoast_head":"<!-- This site is optimized with the Yoast SEO Premium plugin v26.1 (Yoast SEO v27.0) - https:\/\/yoast.com\/product\/yoast-seo-premium-wordpress\/ -->\n<title>La reine est morte, vive Paul Biya ! - Cameroun<\/title>\n<meta name=\"description\" content=\"\u00c0 chaque d\u00e9c\u00e8s de reine \u00e2g\u00e9e, \u00e0 chaque putsch contre un pr\u00e9sident cacochyme, les adeptes des statistiques r\u00e9ajustent les ...\" \/>\n<meta name=\"robots\" content=\"index, follow, max-snippet:-1, max-image-preview:large, max-video-preview:-1\" \/>\n<link rel=\"canonical\" href=\"https:\/\/www.africa-press.net\/cameroun\/politique\/la-reine-est-morte-vive-paul-biya\" \/>\n<meta property=\"og:locale\" content=\"fr_FR\" \/>\n<meta property=\"og:type\" content=\"article\" \/>\n<meta property=\"og:title\" content=\"La reine est morte, vive Paul Biya !\" \/>\n<meta property=\"og:description\" content=\"\u00c0 chaque d\u00e9c\u00e8s de reine \u00e2g\u00e9e, \u00e0 chaque putsch contre un pr\u00e9sident cacochyme, les adeptes des statistiques r\u00e9ajustent les ...\" \/>\n<meta property=\"og:url\" content=\"https:\/\/www.africa-press.net\/cameroun\/politique\/la-reine-est-morte-vive-paul-biya\" \/>\n<meta property=\"og:site_name\" content=\"Cameroun\" \/>\n<meta property=\"article:published_time\" content=\"2022-09-10T16:51:56+00:00\" \/>\n<meta property=\"article:modified_time\" content=\"2022-09-10T17:12:47+00:00\" \/>\n<meta property=\"og:image\" content=\"https:\/\/static.africa-press.net\/cameroun\/sites\/57\/2022\/09\/postQueueImg_2-631cc568f1d80.jpg\" \/>\n\t<meta property=\"og:image:width\" content=\"1256\" \/>\n\t<meta property=\"og:image:height\" content=\"628\" \/>\n\t<meta property=\"og:image:type\" content=\"image\/jpeg\" \/>\n<meta name=\"author\" content=\"cfeditorfr\" \/>\n<meta name=\"twitter:card\" content=\"summary_large_image\" \/>\n<meta name=\"twitter:label1\" content=\"\u00c9crit par\" \/>\n\t<meta name=\"twitter:data1\" content=\"cfeditorfr\" \/>\n\t<meta name=\"twitter:label2\" content=\"Dur\u00e9e de lecture estim\u00e9e\" \/>\n\t<meta name=\"twitter:data2\" content=\"3 minutes\" \/>\n<script type=\"application\/ld+json\" class=\"yoast-schema-graph\">{\"@context\":\"https:\/\/schema.org\",\"@graph\":[{\"@type\":\"Article\",\"@id\":\"https:\/\/www.africa-press.net\/cameroun\/politique\/la-reine-est-morte-vive-paul-biya#article\",\"isPartOf\":{\"@id\":\"https:\/\/www.africa-press.net\/cameroun\/politique\/la-reine-est-morte-vive-paul-biya\"},\"author\":{\"name\":\"cfeditorfr\",\"@id\":\"https:\/\/www.africa-press.net\/cameroun\/#\/schema\/person\/2b1cf3cd81a31e3cd26889ca66d677f1\"},\"headline\":\"La reine est morte, vive Paul Biya !\",\"datePublished\":\"2022-09-10T16:51:56+00:00\",\"dateModified\":\"2022-09-10T17:12:47+00:00\",\"mainEntityOfPage\":{\"@id\":\"https:\/\/www.africa-press.net\/cameroun\/politique\/la-reine-est-morte-vive-paul-biya\"},\"wordCount\":555,\"commentCount\":0,\"image\":{\"@id\":\"https:\/\/www.africa-press.net\/cameroun\/politique\/la-reine-est-morte-vive-paul-biya#primaryimage\"},\"thumbnailUrl\":\"https:\/\/static.africa-press.net\/cameroun\/sites\/57\/2022\/09\/postQueueImg_2-631cc568f1d80.jpg\",\"keywords\":[\"Africa Press\",\"Africa Press-Cameroun\",\"Cameroun\"],\"articleSection\":[\"Dossiers\",\"homepage-french\",\"Politique\",\"Top Nouvelles\",\"Toutes les actualit\u00e9s\"],\"inLanguage\":\"fr-FR\",\"potentialAction\":[{\"@type\":\"CommentAction\",\"name\":\"Comment\",\"target\":[\"https:\/\/www.africa-press.net\/cameroun\/politique\/la-reine-est-morte-vive-paul-biya#respond\"]}]},{\"@type\":\"WebPage\",\"@id\":\"https:\/\/www.africa-press.net\/cameroun\/politique\/la-reine-est-morte-vive-paul-biya\",\"url\":\"https:\/\/www.africa-press.net\/cameroun\/politique\/la-reine-est-morte-vive-paul-biya\",\"name\":\"La reine est morte, vive Paul Biya ! - Cameroun\",\"isPartOf\":{\"@id\":\"https:\/\/www.africa-press.net\/cameroun\/#website\"},\"primaryImageOfPage\":{\"@id\":\"https:\/\/www.africa-press.net\/cameroun\/politique\/la-reine-est-morte-vive-paul-biya#primaryimage\"},\"image\":{\"@id\":\"https:\/\/www.africa-press.net\/cameroun\/politique\/la-reine-est-morte-vive-paul-biya#primaryimage\"},\"thumbnailUrl\":\"https:\/\/static.africa-press.net\/cameroun\/sites\/57\/2022\/09\/postQueueImg_2-631cc568f1d80.jpg\",\"datePublished\":\"2022-09-10T16:51:56+00:00\",\"dateModified\":\"2022-09-10T17:12:47+00:00\",\"author\":{\"@id\":\"https:\/\/www.africa-press.net\/cameroun\/#\/schema\/person\/2b1cf3cd81a31e3cd26889ca66d677f1\"},\"description\":\"\u00c0 chaque d\u00e9c\u00e8s de reine \u00e2g\u00e9e, \u00e0 chaque putsch contre un pr\u00e9sident cacochyme, les adeptes des statistiques r\u00e9ajustent les ...\",\"breadcrumb\":{\"@id\":\"https:\/\/www.africa-press.net\/cameroun\/politique\/la-reine-est-morte-vive-paul-biya#breadcrumb\"},\"inLanguage\":\"fr-FR\",\"potentialAction\":[{\"@type\":\"ReadAction\",\"target\":[\"https:\/\/www.africa-press.net\/cameroun\/politique\/la-reine-est-morte-vive-paul-biya\"]}]},{\"@type\":\"ImageObject\",\"inLanguage\":\"fr-FR\",\"@id\":\"https:\/\/www.africa-press.net\/cameroun\/politique\/la-reine-est-morte-vive-paul-biya#primaryimage\",\"url\":\"https:\/\/static.africa-press.net\/cameroun\/sites\/57\/2022\/09\/postQueueImg_2-631cc568f1d80.jpg\",\"contentUrl\":\"https:\/\/static.africa-press.net\/cameroun\/sites\/57\/2022\/09\/postQueueImg_2-631cc568f1d80.jpg\",\"width\":1256,\"height\":628,\"caption\":\"La reine est morte, vive Paul Biya !\"},{\"@type\":\"BreadcrumbList\",\"@id\":\"https:\/\/www.africa-press.net\/cameroun\/politique\/la-reine-est-morte-vive-paul-biya#breadcrumb\",\"itemListElement\":[{\"@type\":\"ListItem\",\"position\":1,\"name\":\"Accueil\",\"item\":\"https:\/\/www.africa-press.net\/cameroun\/\"},{\"@type\":\"ListItem\",\"position\":2,\"name\":\"La reine est morte, vive Paul Biya !\"}]},{\"@type\":\"WebSite\",\"@id\":\"https:\/\/www.africa-press.net\/cameroun\/#website\",\"url\":\"https:\/\/www.africa-press.net\/cameroun\/\",\"name\":\"Cameroun\",\"description\":\"Just another Africa News Agency Sites site\",\"potentialAction\":[{\"@type\":\"SearchAction\",\"target\":{\"@type\":\"EntryPoint\",\"urlTemplate\":\"https:\/\/www.africa-press.net\/cameroun\/?s={search_term_string}\"},\"query-input\":{\"@type\":\"PropertyValueSpecification\",\"valueRequired\":true,\"valueName\":\"search_term_string\"}}],\"inLanguage\":\"fr-FR\"},{\"@type\":\"Person\",\"@id\":\"https:\/\/www.africa-press.net\/cameroun\/#\/schema\/person\/2b1cf3cd81a31e3cd26889ca66d677f1\",\"name\":\"cfeditorfr\"}]}<\/script>\n<!-- \/ Yoast SEO Premium plugin. -->","yoast_head_json":{"title":"La reine est morte, vive Paul Biya ! - Cameroun","description":"\u00c0 chaque d\u00e9c\u00e8s de reine \u00e2g\u00e9e, \u00e0 chaque putsch contre un pr\u00e9sident cacochyme, les adeptes des statistiques r\u00e9ajustent les ...","robots":{"index":"index","follow":"follow","max-snippet":"max-snippet:-1","max-image-preview":"max-image-preview:large","max-video-preview":"max-video-preview:-1"},"canonical":"https:\/\/www.africa-press.net\/cameroun\/politique\/la-reine-est-morte-vive-paul-biya","og_locale":"fr_FR","og_type":"article","og_title":"La reine est morte, vive Paul Biya !","og_description":"\u00c0 chaque d\u00e9c\u00e8s de reine \u00e2g\u00e9e, \u00e0 chaque putsch contre un pr\u00e9sident cacochyme, les adeptes des statistiques r\u00e9ajustent les ...","og_url":"https:\/\/www.africa-press.net\/cameroun\/politique\/la-reine-est-morte-vive-paul-biya","og_site_name":"Cameroun","article_published_time":"2022-09-10T16:51:56+00:00","article_modified_time":"2022-09-10T17:12:47+00:00","og_image":[{"width":1256,"height":628,"url":"https:\/\/static.africa-press.net\/cameroun\/sites\/57\/2022\/09\/postQueueImg_2-631cc568f1d80.jpg","type":"image\/jpeg"}],"author":"cfeditorfr","twitter_card":"summary_large_image","twitter_misc":{"\u00c9crit par":"cfeditorfr","Dur\u00e9e de lecture estim\u00e9e":"3 minutes"},"schema":{"@context":"https:\/\/schema.org","@graph":[{"@type":"Article","@id":"https:\/\/www.africa-press.net\/cameroun\/politique\/la-reine-est-morte-vive-paul-biya#article","isPartOf":{"@id":"https:\/\/www.africa-press.net\/cameroun\/politique\/la-reine-est-morte-vive-paul-biya"},"author":{"name":"cfeditorfr","@id":"https:\/\/www.africa-press.net\/cameroun\/#\/schema\/person\/2b1cf3cd81a31e3cd26889ca66d677f1"},"headline":"La reine est morte, vive Paul Biya !","datePublished":"2022-09-10T16:51:56+00:00","dateModified":"2022-09-10T17:12:47+00:00","mainEntityOfPage":{"@id":"https:\/\/www.africa-press.net\/cameroun\/politique\/la-reine-est-morte-vive-paul-biya"},"wordCount":555,"commentCount":0,"image":{"@id":"https:\/\/www.africa-press.net\/cameroun\/politique\/la-reine-est-morte-vive-paul-biya#primaryimage"},"thumbnailUrl":"https:\/\/static.africa-press.net\/cameroun\/sites\/57\/2022\/09\/postQueueImg_2-631cc568f1d80.jpg","keywords":["Africa Press","Africa Press-Cameroun","Cameroun"],"articleSection":["Dossiers","homepage-french","Politique","Top Nouvelles","Toutes les actualit\u00e9s"],"inLanguage":"fr-FR","potentialAction":[{"@type":"CommentAction","name":"Comment","target":["https:\/\/www.africa-press.net\/cameroun\/politique\/la-reine-est-morte-vive-paul-biya#respond"]}]},{"@type":"WebPage","@id":"https:\/\/www.africa-press.net\/cameroun\/politique\/la-reine-est-morte-vive-paul-biya","url":"https:\/\/www.africa-press.net\/cameroun\/politique\/la-reine-est-morte-vive-paul-biya","name":"La reine est morte, vive Paul Biya ! - Cameroun","isPartOf":{"@id":"https:\/\/www.africa-press.net\/cameroun\/#website"},"primaryImageOfPage":{"@id":"https:\/\/www.africa-press.net\/cameroun\/politique\/la-reine-est-morte-vive-paul-biya#primaryimage"},"image":{"@id":"https:\/\/www.africa-press.net\/cameroun\/politique\/la-reine-est-morte-vive-paul-biya#primaryimage"},"thumbnailUrl":"https:\/\/static.africa-press.net\/cameroun\/sites\/57\/2022\/09\/postQueueImg_2-631cc568f1d80.jpg","datePublished":"2022-09-10T16:51:56+00:00","dateModified":"2022-09-10T17:12:47+00:00","author":{"@id":"https:\/\/www.africa-press.net\/cameroun\/#\/schema\/person\/2b1cf3cd81a31e3cd26889ca66d677f1"},"description":"\u00c0 chaque d\u00e9c\u00e8s de reine \u00e2g\u00e9e, \u00e0 chaque putsch contre un pr\u00e9sident cacochyme, les adeptes des statistiques r\u00e9ajustent les ...","breadcrumb":{"@id":"https:\/\/www.africa-press.net\/cameroun\/politique\/la-reine-est-morte-vive-paul-biya#breadcrumb"},"inLanguage":"fr-FR","potentialAction":[{"@type":"ReadAction","target":["https:\/\/www.africa-press.net\/cameroun\/politique\/la-reine-est-morte-vive-paul-biya"]}]},{"@type":"ImageObject","inLanguage":"fr-FR","@id":"https:\/\/www.africa-press.net\/cameroun\/politique\/la-reine-est-morte-vive-paul-biya#primaryimage","url":"https:\/\/static.africa-press.net\/cameroun\/sites\/57\/2022\/09\/postQueueImg_2-631cc568f1d80.jpg","contentUrl":"https:\/\/static.africa-press.net\/cameroun\/sites\/57\/2022\/09\/postQueueImg_2-631cc568f1d80.jpg","width":1256,"height":628,"caption":"La reine est morte, vive Paul Biya !"},{"@type":"BreadcrumbList","@id":"https:\/\/www.africa-press.net\/cameroun\/politique\/la-reine-est-morte-vive-paul-biya#breadcrumb","itemListElement":[{"@type":"ListItem","position":1,"name":"Accueil","item":"https:\/\/www.africa-press.net\/cameroun\/"},{"@type":"ListItem","position":2,"name":"La reine est morte, vive Paul Biya !"}]},{"@type":"WebSite","@id":"https:\/\/www.africa-press.net\/cameroun\/#website","url":"https:\/\/www.africa-press.net\/cameroun\/","name":"Cameroun","description":"Just another Africa News Agency Sites site","potentialAction":[{"@type":"SearchAction","target":{"@type":"EntryPoint","urlTemplate":"https:\/\/www.africa-press.net\/cameroun\/?s={search_term_string}"},"query-input":{"@type":"PropertyValueSpecification","valueRequired":true,"valueName":"search_term_string"}}],"inLanguage":"fr-FR"},{"@type":"Person","@id":"https:\/\/www.africa-press.net\/cameroun\/#\/schema\/person\/2b1cf3cd81a31e3cd26889ca66d677f1","name":"cfeditorfr"}]}},"_links":{"self":[{"href":"https:\/\/www.africa-press.net\/cameroun\/wp-json\/wp\/v2\/posts\/27128","targetHints":{"allow":["GET"]}}],"collection":[{"href":"https:\/\/www.africa-press.net\/cameroun\/wp-json\/wp\/v2\/posts"}],"about":[{"href":"https:\/\/www.africa-press.net\/cameroun\/wp-json\/wp\/v2\/types\/post"}],"author":[{"embeddable":true,"href":"https:\/\/www.africa-press.net\/cameroun\/wp-json\/wp\/v2\/users\/82"}],"replies":[{"embeddable":true,"href":"https:\/\/www.africa-press.net\/cameroun\/wp-json\/wp\/v2\/comments?post=27128"}],"version-history":[{"count":0,"href":"https:\/\/www.africa-press.net\/cameroun\/wp-json\/wp\/v2\/posts\/27128\/revisions"}],"wp:featuredmedia":[{"embeddable":true,"href":"https:\/\/www.africa-press.net\/cameroun\/wp-json\/wp\/v2\/media\/27127"}],"wp:attachment":[{"href":"https:\/\/www.africa-press.net\/cameroun\/wp-json\/wp\/v2\/media?parent=27128"}],"wp:term":[{"taxonomy":"category","embeddable":true,"href":"https:\/\/www.africa-press.net\/cameroun\/wp-json\/wp\/v2\/categories?post=27128"},{"taxonomy":"post_tag","embeddable":true,"href":"https:\/\/www.africa-press.net\/cameroun\/wp-json\/wp\/v2\/tags?post=27128"}],"curies":[{"name":"wp","href":"https:\/\/api.w.org\/{rel}","templated":true}]}}