{"id":27140,"date":"2022-09-10T16:54:20","date_gmt":"2022-09-10T16:54:20","guid":{"rendered":"https:\/\/www.africa-press.net\/cameroun\/politique\/fuite-dune-liste-du-prochain-gouvernement-paul-biya-a-tranche-le-sort-datangana-kouna-scelle"},"modified":"2022-09-10T17:24:28","modified_gmt":"2022-09-10T17:24:28","slug":"fuite-dune-liste-du-prochain-gouvernement-paul-biya-a-tranche-le-sort-datangana-kouna-scelle","status":"publish","type":"post","link":"https:\/\/www.africa-press.net\/cameroun\/politique\/fuite-dune-liste-du-prochain-gouvernement-paul-biya-a-tranche-le-sort-datangana-kouna-scelle","title":{"rendered":"Fuite d\u2019une liste du prochain gouvernement : Paul Biya a tranch\u00e9, le sort d\u2019Atangana Kouna scell\u00e9"},"content":{"rendered":"<p><span style=\"color: #ff6600\"><strong>Africa-Press &#8211; Cameroun. <\/strong><\/span>Depuis sa lib\u00e9ration de prison, apr\u00e8s avoir restitu\u00e9 le corps du d\u00e9lit, Basile Atangana Kouna continue de faire jaser. Sa r\u00e9ception r\u00e9cente au Palais d\u2019Etoudi a suscit\u00e9 de vives pol\u00e9miques. Dans la foul\u00e9e, il a \u00e9t\u00e9 annonc\u00e9 de retour au sein du gouvernement. Mais qu\u2019en est-il r\u00e9ellement ?<\/p>\n<p>Dans sa derni\u00e8re livraison, le confr\u00e8re R\u00e9alit\u00e9s Plus r\u00e9v\u00e9lait le retour imminent de Basile Atangana Kouna au premier plan. Il rapporte que Basile Atangana Kouna pourrait bien reprendre la t\u00eate du minist\u00e8re de l\u2019Eau et de l\u2019Energie. Le journal a d\u2019ailleurs port\u00e9 cette affirmation \u00e0 sa Une.<\/p>\n<p>\u00abEfficace, le Dr Basile Atangana Kouna pressenti pour reprendre le minist\u00e8re de l\u2019Eau et de l\u2019Energie !\u00bb, peut-on lire \u00e0 la Une de R\u00e9alit\u00e9s Plus. Le Confr\u00e8re a \u00e9t\u00e9 affirmatif notamment au regard de sa source. Selon cette source, \u00ab l\u2019ex-ministre Atangana Kouna a sorti de l\u2019eau les barrages de Lom Pangar, Memve\u2019ele, Mekin et a su ma\u00eetriser les coupures d\u2019\u00e9lectricit\u00e9. Depuis qu\u2019il est parti beaucoup de projets et de dossiers pi\u00e9tinent au MINEE et lui seul serait capable de faire bouger les lignes et satisfaire les populations camerounaises. Beaucoup d\u2019investisseurs internationaux r\u00e9clameraient Basile Atangana Kouna au MINEE\u00bb.<\/p>\n<p>\u00abEn \u00e9change de cette compr\u00e9hension de Basile Atangana Kouna, il lui a \u00e9t\u00e9 propos\u00e9 un retour aux affaires par la case de la pr\u00e9sidence de la R\u00e9publique du Cameroun\u2026plus pr\u00e9cis\u00e9ment le poste d\u2019ambassadeur itin\u00e9rant \u00e0 la pr\u00e9sidence de la R\u00e9publique\u2026il s\u2019agit certes d\u2019un poste purement honorifique mais avec des avantages de ministre (voiture et r\u00e9sidence de fonction, salaire minist\u00e9riel\u2026ligne budg\u00e9taire\u2026etc)\u2026et c\u2018est un poste de \u2018r\u00e9habilitation\u2019 \u00e0 titre provisoire pour une plus haute fonction \u00e0 d\u00e9terminer dans les ann\u00e9es \u00e0 venir\u00bb, avait soulign\u00e9 une autre source.<\/p>\n<p>Sauf qu\u2019hier, le lanceur d\u2019alerte Boris Bertolt a publi\u00e9 une liste (en exclusivit\u00e9 mais dont la v\u00e9rification est quasi-impossible), l\u2019on s\u2019aper\u00e7oit que Basile Atangana Kouna n y figure pas.<\/p>\n<p>URGENT : une liste du prochain gouvernement sur la table de Paul Biya<\/p>\n<p>Il s&rsquo;agit d&rsquo;une liste exclusive qui vient d&rsquo;\u00eatre rendu publique par le journaliste politologue Boris Bertolt sur sa page Facebook ce vendredi. On peut voir la composition du prochain gouvernement tant attendu.<\/p>\n<p>Premier ministre: Dion Ngute<\/p>\n<p>Ministre d\u2019\u00c9tat, Ministre de la Justice, Garde des sceaux : M. Ferdinand Ngoh Ngoh.<\/p>\n<p>Ministre d\u2019Etat, Ministre de l\u2019Administration Territoriale : M. Ibrahim Talba Malla<\/p>\n<p>Ministre des Arts et de la Culture : Mme Minette Libong Li Likeng<\/p>\n<p>Ministre de l\u2019\u00c9conomie, de la Planification et de l\u2019Am\u00e9nagement du territoire : M. Paul Tassong<\/p>\n<p>Ministre des Finances : M. Mekoulou Mvondo Alain Noel<\/p>\n<p>Ministre des Relations ext\u00e9rieures : M. Samuel Mvondo Ayolo<\/p>\n<p>Ministre de l\u2019Enseignement sup\u00e9rieur : M. Laurent Serge Etoundi Ngoa<\/p>\n<p>Ministre de la Communication : M. Paul Atanga Nji<\/p>\n<p>Ministre des Domaines, du Cadastre et des Affaires fonci\u00e8res: M. Emmanuel Ndjere<\/p>\n<p>Ministre des For\u00eats et de la Faune : M. Gaston Eloundou Essomba<\/p>\n<p>Ministre de l\u2019Eau et de l\u2019Energie : Samuel Dieudonn\u00e9 Ivaha Diboua<\/p>\n<p>Ministre de l\u2019\u00c9ducation de base : Mme Vivian Asheri Kilo<\/p>\n<p>Ministre des Enseignements secondaires : M. Mouelle Kombi<\/p>\n<p>Ministre de la Fonction publique et de la R\u00e9forme administrative : M. Oswald Baboke<\/p>\n<p>Ministre des Postes et T\u00e9l\u00e9communications : M. Manaouda Malachie<\/p>\n<p>Ministre des Travaux publics: M. Gilbert Didier Edoa<\/p>\n<p>Ministre du Travail et de la S\u00e9curit\u00e9 sociale : Auguste MBAPPE PENDA<\/p>\n<p>Ministre des Transports : M. Gregoire Owona<\/p>\n<p>Ministre de la Sant\u00e9 : M. Louis Richard NJOCK<\/p>\n<p>Ministre des Sports et de l\u2019\u00c9ducation physique : M. Pierre Isma\u00ebl Bidoung Mkpatt<\/p>\n<p>Ministre d\u00e9l\u00e9gu\u00e9 aupr\u00e8s du ministre de l\u2019Agriculture et du D\u00e9veloppement rural charg\u00e9 du D\u00e9veloppement rural : Mme Marie Claire Nnana<\/p>\n<p>Ministre d\u00e9l\u00e9gu\u00e9 aupr\u00e8s du ministre de l\u2019Environnement, de la Protection de la nature et du D\u00e9veloppement durable : M. Zang Martial Valery<\/p>\n<p>Ministre d\u00e9l\u00e9gu\u00e9 aupr\u00e8s du ministre des Finances : M. Modeste Mopa Fatouing<\/p>\n<p>Ministre d\u00e9l\u00e9gu\u00e9 aupr\u00e8s du ministre des Relations ext\u00e9rieures charg\u00e9 des relations avec le monde islamique : Hessena Mahamat<\/p>\n<p>Ministre d\u00e9l\u00e9gu\u00e9 aupr\u00e8s du ministre de l\u2019\u00c9conomie, de la Planification et de l\u2019Am\u00e9nagement du territoire charg\u00e9 de la Planification : M. Jean TCHOFFO<\/p>\n<p>Secr\u00e9taire d\u2019\u00c9tat aupr\u00e8s du ministre de la D\u00e9fense, charg\u00e9 des Anciens combattants et Victimes de guerre : M. Said Kamssouloum<\/p>\n<p>Secr\u00e9taire d\u2019\u00c9tat aupr\u00e8s du ministre de la Sant\u00e9, charg\u00e9 des Pand\u00e9mies : M. Pierre Joseph Fouda<\/p>\n<p>Secr\u00e9taire d\u2019\u00c9tat aupr\u00e8s du ministre des Travaux publics charg\u00e9 des Routes : M. Urbain Noel Ebang Mv\u00e9<\/p>\n<p>Secr\u00e9taire d\u2019\u00c9tat aupr\u00e8s du ministre de l\u2019\u00c9ducation de base : M. Oyono Adam<\/p>\n<p>Ministres rattach\u00e9s \u00e0 la Pr\u00e9sidence de la R\u00e9publique :<\/p>\n<p>Ministre d\u2019Etat, Secr\u00e9taire g\u00e9n\u00e9ral de la Pr\u00e9sidence : M. Joseph Beti Assomo<\/p>\n<p>Ministre, Directeur du cabinet civil : M. Joseph Anderson Le<\/p>\n<p>Ministre d\u00e9l\u00e9gu\u00e9 \u00e0 la Pr\u00e9sidence, charg\u00e9 de la D\u00e9fense : M. Jean Abate Edi\u2019i<\/p>\n<p>Ministre d\u00e9l\u00e9gu\u00e9 \u00e0 la Pr\u00e9sidence, charg\u00e9 du Contr\u00f4le sup\u00e9rieur de l\u2019\u00c9tat : Mme Feh Helen Kwanga Epse Galega<\/p>\n<p>Ministre d\u00e9l\u00e9gu\u00e9 \u00e0 la Pr\u00e9sidence, charg\u00e9 des March\u00e9s publics : M. Midjiyawa Bakari<\/p>\n<p>Ministre, secr\u00e9taire g\u00e9n\u00e9ral adjoint : M. Yaouba Abdoulaye<\/p>\n<p>D\u00e9l\u00e9gu\u00e9 General \u00e0 la Suret\u00e9 Nationale : Simon Pierre Bikele<\/p>\n<p>Directeur General de la Recherche Ext\u00e9rieure : Mounkouop Mouminou.<\/p>\n<p><strong>Pour plus d&rsquo;informations et d&rsquo;analyses sur la <a href=\"https:\/\/www.africa-press.net\/cameroun\">Cameroun<\/a>, suivez <a href=\"https:\/\/www.africa-press.net\/\">Africa-Press<\/a><\/strong><\/p>\n","protected":false},"excerpt":{"rendered":"<p>Africa-Press &#8211; Cameroun. Depuis sa lib\u00e9ration de prison, apr\u00e8s avoir restitu\u00e9 le corps du d\u00e9lit, Basile Atangana Kouna continue de faire jaser. Sa r\u00e9ception r\u00e9cente au Palais d\u2019Etoudi a suscit\u00e9 de vives pol\u00e9miques. Dans la foul\u00e9e, il a \u00e9t\u00e9 annonc\u00e9 de retour au sein du gouvernement. Mais qu\u2019en est-il r\u00e9ellement ? Dans sa derni\u00e8re livraison, [&hellip;]<\/p>\n","protected":false},"author":82,"featured_media":27139,"comment_status":"open","ping_status":"closed","sticky":false,"template":"","format":"standard","meta":{"footnotes":""},"categories":[7,11,2,10],"tags":[36,50,49],"class_list":["post-27140","post","type-post","status-publish","format-standard","has-post-thumbnail","hentry","category-dossiers","category-homepage-french","category-politique","category-toutes-les-actualites","tag-africa-press","tag-africa-press-cameroun","tag-cameroun"],"yoast_head":"<!-- This site is optimized with the Yoast SEO Premium plugin v26.1 (Yoast SEO v27.0) - https:\/\/yoast.com\/product\/yoast-seo-premium-wordpress\/ -->\n<title>Fuite d\u2019une liste du prochain gouvernement : Paul Biya a tranch\u00e9, le sort d\u2019Atangana Kouna scell\u00e9 - Cameroun<\/title>\n<meta name=\"description\" content=\"Depuis sa lib\u00e9ration de prison, apr\u00e8s avoir restitu\u00e9 le corps du d\u00e9lit, Basile Atangana Kouna continue de faire jaser. S ...\" \/>\n<meta name=\"robots\" content=\"index, follow, max-snippet:-1, max-image-preview:large, max-video-preview:-1\" \/>\n<link rel=\"canonical\" href=\"https:\/\/www.africa-press.net\/cameroun\/politique\/fuite-dune-liste-du-prochain-gouvernement-paul-biya-a-tranche-le-sort-datangana-kouna-scelle\" \/>\n<meta property=\"og:locale\" content=\"fr_FR\" \/>\n<meta property=\"og:type\" content=\"article\" \/>\n<meta property=\"og:title\" content=\"Fuite d\u2019une liste du prochain gouvernement : Paul Biya a tranch\u00e9, le sort d\u2019Atangana Kouna scell\u00e9\" \/>\n<meta property=\"og:description\" content=\"Depuis sa lib\u00e9ration de prison, apr\u00e8s avoir restitu\u00e9 le corps du d\u00e9lit, Basile Atangana Kouna continue de faire jaser. S ...\" \/>\n<meta property=\"og:url\" content=\"https:\/\/www.africa-press.net\/cameroun\/politique\/fuite-dune-liste-du-prochain-gouvernement-paul-biya-a-tranche-le-sort-datangana-kouna-scelle\" \/>\n<meta property=\"og:site_name\" content=\"Cameroun\" \/>\n<meta property=\"article:published_time\" content=\"2022-09-10T16:54:20+00:00\" \/>\n<meta property=\"article:modified_time\" content=\"2022-09-10T17:24:28+00:00\" \/>\n<meta property=\"og:image\" content=\"https:\/\/static.africa-press.net\/cameroun\/sites\/57\/2022\/09\/postQueueImg_5-631cc83178aff.jpg\" \/>\n\t<meta property=\"og:image:width\" content=\"600\" \/>\n\t<meta property=\"og:image:height\" content=\"363\" \/>\n\t<meta property=\"og:image:type\" content=\"image\/jpeg\" \/>\n<meta name=\"author\" content=\"cfeditorfr\" \/>\n<meta name=\"twitter:card\" content=\"summary_large_image\" \/>\n<meta name=\"twitter:label1\" content=\"\u00c9crit par\" \/>\n\t<meta name=\"twitter:data1\" content=\"cfeditorfr\" \/>\n\t<meta name=\"twitter:label2\" content=\"Dur\u00e9e de lecture estim\u00e9e\" \/>\n\t<meta name=\"twitter:data2\" content=\"5 minutes\" \/>\n<script type=\"application\/ld+json\" class=\"yoast-schema-graph\">{\"@context\":\"https:\/\/schema.org\",\"@graph\":[{\"@type\":\"Article\",\"@id\":\"https:\/\/www.africa-press.net\/cameroun\/politique\/fuite-dune-liste-du-prochain-gouvernement-paul-biya-a-tranche-le-sort-datangana-kouna-scelle#article\",\"isPartOf\":{\"@id\":\"https:\/\/www.africa-press.net\/cameroun\/politique\/fuite-dune-liste-du-prochain-gouvernement-paul-biya-a-tranche-le-sort-datangana-kouna-scelle\"},\"author\":{\"name\":\"cfeditorfr\",\"@id\":\"https:\/\/www.africa-press.net\/cameroun\/#\/schema\/person\/2b1cf3cd81a31e3cd26889ca66d677f1\"},\"headline\":\"Fuite d\u2019une liste du prochain gouvernement : Paul Biya a tranch\u00e9, le sort d\u2019Atangana Kouna scell\u00e9\",\"datePublished\":\"2022-09-10T16:54:20+00:00\",\"dateModified\":\"2022-09-10T17:24:28+00:00\",\"mainEntityOfPage\":{\"@id\":\"https:\/\/www.africa-press.net\/cameroun\/politique\/fuite-dune-liste-du-prochain-gouvernement-paul-biya-a-tranche-le-sort-datangana-kouna-scelle\"},\"wordCount\":972,\"commentCount\":0,\"image\":{\"@id\":\"https:\/\/www.africa-press.net\/cameroun\/politique\/fuite-dune-liste-du-prochain-gouvernement-paul-biya-a-tranche-le-sort-datangana-kouna-scelle#primaryimage\"},\"thumbnailUrl\":\"https:\/\/static.africa-press.net\/cameroun\/sites\/57\/2022\/09\/postQueueImg_5-631cc83178aff.jpg\",\"keywords\":[\"Africa Press\",\"Africa Press-Cameroun\",\"Cameroun\"],\"articleSection\":[\"Dossiers\",\"homepage-french\",\"Politique\",\"Toutes les actualit\u00e9s\"],\"inLanguage\":\"fr-FR\",\"potentialAction\":[{\"@type\":\"CommentAction\",\"name\":\"Comment\",\"target\":[\"https:\/\/www.africa-press.net\/cameroun\/politique\/fuite-dune-liste-du-prochain-gouvernement-paul-biya-a-tranche-le-sort-datangana-kouna-scelle#respond\"]}]},{\"@type\":\"WebPage\",\"@id\":\"https:\/\/www.africa-press.net\/cameroun\/politique\/fuite-dune-liste-du-prochain-gouvernement-paul-biya-a-tranche-le-sort-datangana-kouna-scelle\",\"url\":\"https:\/\/www.africa-press.net\/cameroun\/politique\/fuite-dune-liste-du-prochain-gouvernement-paul-biya-a-tranche-le-sort-datangana-kouna-scelle\",\"name\":\"Fuite d\u2019une liste du prochain gouvernement : Paul Biya a tranch\u00e9, le sort d\u2019Atangana Kouna scell\u00e9 - Cameroun\",\"isPartOf\":{\"@id\":\"https:\/\/www.africa-press.net\/cameroun\/#website\"},\"primaryImageOfPage\":{\"@id\":\"https:\/\/www.africa-press.net\/cameroun\/politique\/fuite-dune-liste-du-prochain-gouvernement-paul-biya-a-tranche-le-sort-datangana-kouna-scelle#primaryimage\"},\"image\":{\"@id\":\"https:\/\/www.africa-press.net\/cameroun\/politique\/fuite-dune-liste-du-prochain-gouvernement-paul-biya-a-tranche-le-sort-datangana-kouna-scelle#primaryimage\"},\"thumbnailUrl\":\"https:\/\/static.africa-press.net\/cameroun\/sites\/57\/2022\/09\/postQueueImg_5-631cc83178aff.jpg\",\"datePublished\":\"2022-09-10T16:54:20+00:00\",\"dateModified\":\"2022-09-10T17:24:28+00:00\",\"author\":{\"@id\":\"https:\/\/www.africa-press.net\/cameroun\/#\/schema\/person\/2b1cf3cd81a31e3cd26889ca66d677f1\"},\"description\":\"Depuis sa lib\u00e9ration de prison, apr\u00e8s avoir restitu\u00e9 le corps du d\u00e9lit, Basile Atangana Kouna continue de faire jaser. S ...\",\"breadcrumb\":{\"@id\":\"https:\/\/www.africa-press.net\/cameroun\/politique\/fuite-dune-liste-du-prochain-gouvernement-paul-biya-a-tranche-le-sort-datangana-kouna-scelle#breadcrumb\"},\"inLanguage\":\"fr-FR\",\"potentialAction\":[{\"@type\":\"ReadAction\",\"target\":[\"https:\/\/www.africa-press.net\/cameroun\/politique\/fuite-dune-liste-du-prochain-gouvernement-paul-biya-a-tranche-le-sort-datangana-kouna-scelle\"]}]},{\"@type\":\"ImageObject\",\"inLanguage\":\"fr-FR\",\"@id\":\"https:\/\/www.africa-press.net\/cameroun\/politique\/fuite-dune-liste-du-prochain-gouvernement-paul-biya-a-tranche-le-sort-datangana-kouna-scelle#primaryimage\",\"url\":\"https:\/\/static.africa-press.net\/cameroun\/sites\/57\/2022\/09\/postQueueImg_5-631cc83178aff.jpg\",\"contentUrl\":\"https:\/\/static.africa-press.net\/cameroun\/sites\/57\/2022\/09\/postQueueImg_5-631cc83178aff.jpg\",\"width\":600,\"height\":363,\"caption\":\"Fuite d\u2019une liste du prochain gouvernement : Paul Biya a tranch\u00e9, le sort d\u2019Atangana Kouna scell\u00e9\"},{\"@type\":\"BreadcrumbList\",\"@id\":\"https:\/\/www.africa-press.net\/cameroun\/politique\/fuite-dune-liste-du-prochain-gouvernement-paul-biya-a-tranche-le-sort-datangana-kouna-scelle#breadcrumb\",\"itemListElement\":[{\"@type\":\"ListItem\",\"position\":1,\"name\":\"Accueil\",\"item\":\"https:\/\/www.africa-press.net\/cameroun\/\"},{\"@type\":\"ListItem\",\"position\":2,\"name\":\"Fuite d\u2019une liste du prochain gouvernement : Paul Biya a tranch\u00e9, le sort d\u2019Atangana Kouna scell\u00e9\"}]},{\"@type\":\"WebSite\",\"@id\":\"https:\/\/www.africa-press.net\/cameroun\/#website\",\"url\":\"https:\/\/www.africa-press.net\/cameroun\/\",\"name\":\"Cameroun\",\"description\":\"Just another Africa News Agency Sites site\",\"potentialAction\":[{\"@type\":\"SearchAction\",\"target\":{\"@type\":\"EntryPoint\",\"urlTemplate\":\"https:\/\/www.africa-press.net\/cameroun\/?s={search_term_string}\"},\"query-input\":{\"@type\":\"PropertyValueSpecification\",\"valueRequired\":true,\"valueName\":\"search_term_string\"}}],\"inLanguage\":\"fr-FR\"},{\"@type\":\"Person\",\"@id\":\"https:\/\/www.africa-press.net\/cameroun\/#\/schema\/person\/2b1cf3cd81a31e3cd26889ca66d677f1\",\"name\":\"cfeditorfr\"}]}<\/script>\n<!-- \/ Yoast SEO Premium plugin. -->","yoast_head_json":{"title":"Fuite d\u2019une liste du prochain gouvernement : Paul Biya a tranch\u00e9, le sort d\u2019Atangana Kouna scell\u00e9 - Cameroun","description":"Depuis sa lib\u00e9ration de prison, apr\u00e8s avoir restitu\u00e9 le corps du d\u00e9lit, Basile Atangana Kouna continue de faire jaser. S ...","robots":{"index":"index","follow":"follow","max-snippet":"max-snippet:-1","max-image-preview":"max-image-preview:large","max-video-preview":"max-video-preview:-1"},"canonical":"https:\/\/www.africa-press.net\/cameroun\/politique\/fuite-dune-liste-du-prochain-gouvernement-paul-biya-a-tranche-le-sort-datangana-kouna-scelle","og_locale":"fr_FR","og_type":"article","og_title":"Fuite d\u2019une liste du prochain gouvernement : Paul Biya a tranch\u00e9, le sort d\u2019Atangana Kouna scell\u00e9","og_description":"Depuis sa lib\u00e9ration de prison, apr\u00e8s avoir restitu\u00e9 le corps du d\u00e9lit, Basile Atangana Kouna continue de faire jaser. S ...","og_url":"https:\/\/www.africa-press.net\/cameroun\/politique\/fuite-dune-liste-du-prochain-gouvernement-paul-biya-a-tranche-le-sort-datangana-kouna-scelle","og_site_name":"Cameroun","article_published_time":"2022-09-10T16:54:20+00:00","article_modified_time":"2022-09-10T17:24:28+00:00","og_image":[{"width":600,"height":363,"url":"https:\/\/static.africa-press.net\/cameroun\/sites\/57\/2022\/09\/postQueueImg_5-631cc83178aff.jpg","type":"image\/jpeg"}],"author":"cfeditorfr","twitter_card":"summary_large_image","twitter_misc":{"\u00c9crit par":"cfeditorfr","Dur\u00e9e de lecture estim\u00e9e":"5 minutes"},"schema":{"@context":"https:\/\/schema.org","@graph":[{"@type":"Article","@id":"https:\/\/www.africa-press.net\/cameroun\/politique\/fuite-dune-liste-du-prochain-gouvernement-paul-biya-a-tranche-le-sort-datangana-kouna-scelle#article","isPartOf":{"@id":"https:\/\/www.africa-press.net\/cameroun\/politique\/fuite-dune-liste-du-prochain-gouvernement-paul-biya-a-tranche-le-sort-datangana-kouna-scelle"},"author":{"name":"cfeditorfr","@id":"https:\/\/www.africa-press.net\/cameroun\/#\/schema\/person\/2b1cf3cd81a31e3cd26889ca66d677f1"},"headline":"Fuite d\u2019une liste du prochain gouvernement : Paul Biya a tranch\u00e9, le sort d\u2019Atangana Kouna scell\u00e9","datePublished":"2022-09-10T16:54:20+00:00","dateModified":"2022-09-10T17:24:28+00:00","mainEntityOfPage":{"@id":"https:\/\/www.africa-press.net\/cameroun\/politique\/fuite-dune-liste-du-prochain-gouvernement-paul-biya-a-tranche-le-sort-datangana-kouna-scelle"},"wordCount":972,"commentCount":0,"image":{"@id":"https:\/\/www.africa-press.net\/cameroun\/politique\/fuite-dune-liste-du-prochain-gouvernement-paul-biya-a-tranche-le-sort-datangana-kouna-scelle#primaryimage"},"thumbnailUrl":"https:\/\/static.africa-press.net\/cameroun\/sites\/57\/2022\/09\/postQueueImg_5-631cc83178aff.jpg","keywords":["Africa Press","Africa Press-Cameroun","Cameroun"],"articleSection":["Dossiers","homepage-french","Politique","Toutes les actualit\u00e9s"],"inLanguage":"fr-FR","potentialAction":[{"@type":"CommentAction","name":"Comment","target":["https:\/\/www.africa-press.net\/cameroun\/politique\/fuite-dune-liste-du-prochain-gouvernement-paul-biya-a-tranche-le-sort-datangana-kouna-scelle#respond"]}]},{"@type":"WebPage","@id":"https:\/\/www.africa-press.net\/cameroun\/politique\/fuite-dune-liste-du-prochain-gouvernement-paul-biya-a-tranche-le-sort-datangana-kouna-scelle","url":"https:\/\/www.africa-press.net\/cameroun\/politique\/fuite-dune-liste-du-prochain-gouvernement-paul-biya-a-tranche-le-sort-datangana-kouna-scelle","name":"Fuite d\u2019une liste du prochain gouvernement : Paul Biya a tranch\u00e9, le sort d\u2019Atangana Kouna scell\u00e9 - Cameroun","isPartOf":{"@id":"https:\/\/www.africa-press.net\/cameroun\/#website"},"primaryImageOfPage":{"@id":"https:\/\/www.africa-press.net\/cameroun\/politique\/fuite-dune-liste-du-prochain-gouvernement-paul-biya-a-tranche-le-sort-datangana-kouna-scelle#primaryimage"},"image":{"@id":"https:\/\/www.africa-press.net\/cameroun\/politique\/fuite-dune-liste-du-prochain-gouvernement-paul-biya-a-tranche-le-sort-datangana-kouna-scelle#primaryimage"},"thumbnailUrl":"https:\/\/static.africa-press.net\/cameroun\/sites\/57\/2022\/09\/postQueueImg_5-631cc83178aff.jpg","datePublished":"2022-09-10T16:54:20+00:00","dateModified":"2022-09-10T17:24:28+00:00","author":{"@id":"https:\/\/www.africa-press.net\/cameroun\/#\/schema\/person\/2b1cf3cd81a31e3cd26889ca66d677f1"},"description":"Depuis sa lib\u00e9ration de prison, apr\u00e8s avoir restitu\u00e9 le corps du d\u00e9lit, Basile Atangana Kouna continue de faire jaser. S ...","breadcrumb":{"@id":"https:\/\/www.africa-press.net\/cameroun\/politique\/fuite-dune-liste-du-prochain-gouvernement-paul-biya-a-tranche-le-sort-datangana-kouna-scelle#breadcrumb"},"inLanguage":"fr-FR","potentialAction":[{"@type":"ReadAction","target":["https:\/\/www.africa-press.net\/cameroun\/politique\/fuite-dune-liste-du-prochain-gouvernement-paul-biya-a-tranche-le-sort-datangana-kouna-scelle"]}]},{"@type":"ImageObject","inLanguage":"fr-FR","@id":"https:\/\/www.africa-press.net\/cameroun\/politique\/fuite-dune-liste-du-prochain-gouvernement-paul-biya-a-tranche-le-sort-datangana-kouna-scelle#primaryimage","url":"https:\/\/static.africa-press.net\/cameroun\/sites\/57\/2022\/09\/postQueueImg_5-631cc83178aff.jpg","contentUrl":"https:\/\/static.africa-press.net\/cameroun\/sites\/57\/2022\/09\/postQueueImg_5-631cc83178aff.jpg","width":600,"height":363,"caption":"Fuite d\u2019une liste du prochain gouvernement : Paul Biya a tranch\u00e9, le sort d\u2019Atangana Kouna scell\u00e9"},{"@type":"BreadcrumbList","@id":"https:\/\/www.africa-press.net\/cameroun\/politique\/fuite-dune-liste-du-prochain-gouvernement-paul-biya-a-tranche-le-sort-datangana-kouna-scelle#breadcrumb","itemListElement":[{"@type":"ListItem","position":1,"name":"Accueil","item":"https:\/\/www.africa-press.net\/cameroun\/"},{"@type":"ListItem","position":2,"name":"Fuite d\u2019une liste du prochain gouvernement : Paul Biya a tranch\u00e9, le sort d\u2019Atangana Kouna scell\u00e9"}]},{"@type":"WebSite","@id":"https:\/\/www.africa-press.net\/cameroun\/#website","url":"https:\/\/www.africa-press.net\/cameroun\/","name":"Cameroun","description":"Just another Africa News Agency Sites site","potentialAction":[{"@type":"SearchAction","target":{"@type":"EntryPoint","urlTemplate":"https:\/\/www.africa-press.net\/cameroun\/?s={search_term_string}"},"query-input":{"@type":"PropertyValueSpecification","valueRequired":true,"valueName":"search_term_string"}}],"inLanguage":"fr-FR"},{"@type":"Person","@id":"https:\/\/www.africa-press.net\/cameroun\/#\/schema\/person\/2b1cf3cd81a31e3cd26889ca66d677f1","name":"cfeditorfr"}]}},"_links":{"self":[{"href":"https:\/\/www.africa-press.net\/cameroun\/wp-json\/wp\/v2\/posts\/27140","targetHints":{"allow":["GET"]}}],"collection":[{"href":"https:\/\/www.africa-press.net\/cameroun\/wp-json\/wp\/v2\/posts"}],"about":[{"href":"https:\/\/www.africa-press.net\/cameroun\/wp-json\/wp\/v2\/types\/post"}],"author":[{"embeddable":true,"href":"https:\/\/www.africa-press.net\/cameroun\/wp-json\/wp\/v2\/users\/82"}],"replies":[{"embeddable":true,"href":"https:\/\/www.africa-press.net\/cameroun\/wp-json\/wp\/v2\/comments?post=27140"}],"version-history":[{"count":0,"href":"https:\/\/www.africa-press.net\/cameroun\/wp-json\/wp\/v2\/posts\/27140\/revisions"}],"wp:featuredmedia":[{"embeddable":true,"href":"https:\/\/www.africa-press.net\/cameroun\/wp-json\/wp\/v2\/media\/27139"}],"wp:attachment":[{"href":"https:\/\/www.africa-press.net\/cameroun\/wp-json\/wp\/v2\/media?parent=27140"}],"wp:term":[{"taxonomy":"category","embeddable":true,"href":"https:\/\/www.africa-press.net\/cameroun\/wp-json\/wp\/v2\/categories?post=27140"},{"taxonomy":"post_tag","embeddable":true,"href":"https:\/\/www.africa-press.net\/cameroun\/wp-json\/wp\/v2\/tags?post=27140"}],"curies":[{"name":"wp","href":"https:\/\/api.w.org\/{rel}","templated":true}]}}