{"id":27158,"date":"2022-09-11T16:44:31","date_gmt":"2022-09-11T16:44:31","guid":{"rendered":"https:\/\/www.africa-press.net\/cameroun\/politique\/sante-publique-les-activites-du-centre-hospitalier-regional-de-garoua-perturbees-par-un-deficit-delectricite"},"modified":"2022-09-11T19:27:55","modified_gmt":"2022-09-11T19:27:55","slug":"sante-publique-les-activites-du-centre-hospitalier-regional-de-garoua-perturbees-par-un-deficit-delectricite","status":"publish","type":"post","link":"https:\/\/www.africa-press.net\/cameroun\/toutes-les-actualites\/sante-publique-les-activites-du-centre-hospitalier-regional-de-garoua-perturbees-par-un-deficit-delectricite","title":{"rendered":"Sant\u00e9 Publique: Les activit\u00e9s du Centre Hospitalier R\u00e9gional de Garoua perturb\u00e9es par un d\u00e9ficit d\u2019\u00e9lectricit\u00e9"},"content":{"rendered":"<p><span style=\"color: #ff6600\"><strong>Africa-Press &#8211; Cameroun. <\/strong><\/span>Le blog \u00ab<b> l\u2019Urgentiste<\/b> \u00bb de la journaliste Olive Atangana, r\u00e9v\u00e8le ce vendredi 9 septembre 2022 que le Centre Hospitalier R\u00e9gional de Garoua, inaugur\u00e9 au mois de mai 2022, a de la peine \u00e0 fonctionner de fa\u00e7on optimale en raison du d\u00e9ficit d\u2019\u00e9nergie \u00e9lectrique, qui ne facilite pas l\u2019usage de certains appareils.<\/p>\n<p>\u00ab <b>Le probl\u00e8me vient de ce que l\u2019h\u00f4pital est raccord\u00e9 sur une ligne \u00e9lectrique basse tension, destin\u00e9e \u00e0 l\u2019alimentation rurale. L\u2019\u00e9lectricit\u00e9 fournie par ce branchement est par cons\u00e9quent faible pour alimenter des \u00e9quipements comme les scanners qui exigent de la haute tension, explique une source interne au CHR de Garoua. Pis, cette ligne \u00e9lectrique fait l\u2019objet de d\u00e9lestage de fa\u00e7on r\u00e9currente<\/b> \u00bb, rapporte la cons\u0153ur.<\/p>\n<p>L\u2019entreprise Energy of Cameroon (Eneo) qui assure le service public de la distribution de l\u2019\u00e9lectricit\u00e9 a \u00e9t\u00e9 contact\u00e9e et assure que cette situation n\u2019est pas forc\u00e9ment li\u00e9e au d\u00e9ficit \u00e9nerg\u00e9tique que connait la r\u00e9gion et qui l\u2019oblige souvent \u00e0 proc\u00e9der par des rationnements. \u00ab\u2009<b>Nous leur avions servi un devis qu\u2019ils avaient rejet\u00e9 \u00e0 l\u2019\u00e9poque estimant que c\u2019\u00e9tait on\u00e9reux. Donc, ils ont demand\u00e9 \u00e0 \u00eatre raccord\u00e9s sur le r\u00e9seau public\u2009\u00bb,<\/b> a confi\u00e9 un responsable d\u2019Eneo \u00e0 \u00ab <b>l\u2019Urgentiste <\/b>\u00bb.<\/p>\n<p>L\u2019h\u00f4pital dispose cependant d\u2019une source d\u2019\u00e9nergie alternative, un g\u00e9n\u00e9rateur, qui ne parvient malheureusement pas \u00e0 faire fonctionner les appareils, lesquels sont presque hors d\u2019usage. Par cons\u00e9quent, le centre se trouve obliger de r\u00e9f\u00e9rer ses nombreux cas vers d\u2019autres formations sanitaires aux ressources plus ad\u00e9quates.<\/p>\n<p><strong>Pour plus d&rsquo;informations et d&rsquo;analyses sur la <a href=\"https:\/\/www.africa-press.net\/cameroun\">Cameroun<\/a>, suivez <a href=\"https:\/\/www.africa-press.net\/\">Africa-Press<\/a><\/strong><\/p>\n","protected":false},"excerpt":{"rendered":"<p>Africa-Press &#8211; Cameroun. Le blog \u00ab l\u2019Urgentiste \u00bb de la journaliste Olive Atangana, r\u00e9v\u00e8le ce vendredi 9 septembre 2022 que le Centre Hospitalier R\u00e9gional de Garoua, inaugur\u00e9 au mois de mai 2022, a de la peine \u00e0 fonctionner de fa\u00e7on optimale en raison du d\u00e9ficit d\u2019\u00e9nergie \u00e9lectrique, qui ne facilite pas l\u2019usage de certains appareils. [&hellip;]<\/p>\n","protected":false},"author":82,"featured_media":27157,"comment_status":"open","ping_status":"closed","sticky":false,"template":"","format":"standard","meta":{"footnotes":""},"categories":[21,11,10],"tags":[36,50,49],"class_list":["post-27158","post","type-post","status-publish","format-standard","has-post-thumbnail","hentry","category-communaute","category-homepage-french","category-toutes-les-actualites","tag-africa-press","tag-africa-press-cameroun","tag-cameroun"],"yoast_head":"<!-- This site is optimized with the Yoast SEO Premium plugin v26.1 (Yoast SEO v27.0) - https:\/\/yoast.com\/product\/yoast-seo-premium-wordpress\/ -->\n<title>Sant\u00e9 Publique: Les activit\u00e9s du Centre Hospitalier R\u00e9gional de Garoua perturb\u00e9es par un d\u00e9ficit d\u2019\u00e9lectricit\u00e9 - Cameroun<\/title>\n<meta name=\"description\" content=\"Le blog \u00ab l\u2019Urgentiste \u00bb de la journaliste Olive Atangana, r\u00e9v\u00e8le ce vendredi 9 septembre 2022 que le Centre Hosp ...\" \/>\n<meta name=\"robots\" content=\"index, follow, max-snippet:-1, max-image-preview:large, max-video-preview:-1\" \/>\n<link rel=\"canonical\" href=\"https:\/\/www.africa-press.net\/cameroun\/toutes-les-actualites\/sante-publique-les-activites-du-centre-hospitalier-regional-de-garoua-perturbees-par-un-deficit-delectricite\" \/>\n<meta property=\"og:locale\" content=\"fr_FR\" \/>\n<meta property=\"og:type\" content=\"article\" \/>\n<meta property=\"og:title\" content=\"Sant\u00e9 Publique: Les activit\u00e9s du Centre Hospitalier R\u00e9gional de Garoua perturb\u00e9es par un d\u00e9ficit d\u2019\u00e9lectricit\u00e9\" \/>\n<meta property=\"og:description\" content=\"Le blog \u00ab l\u2019Urgentiste \u00bb de la journaliste Olive Atangana, r\u00e9v\u00e8le ce vendredi 9 septembre 2022 que le Centre Hosp ...\" \/>\n<meta property=\"og:url\" content=\"https:\/\/www.africa-press.net\/cameroun\/toutes-les-actualites\/sante-publique-les-activites-du-centre-hospitalier-regional-de-garoua-perturbees-par-un-deficit-delectricite\" \/>\n<meta property=\"og:site_name\" content=\"Cameroun\" \/>\n<meta property=\"article:published_time\" content=\"2022-09-11T16:44:31+00:00\" \/>\n<meta property=\"article:modified_time\" content=\"2022-09-11T19:27:55+00:00\" \/>\n<meta property=\"og:image\" content=\"https:\/\/static.africa-press.net\/cameroun\/sites\/57\/2022\/09\/img-631e3698276c8.jpg\" \/>\n\t<meta property=\"og:image:width\" content=\"800\" \/>\n\t<meta property=\"og:image:height\" content=\"558\" \/>\n\t<meta property=\"og:image:type\" content=\"image\/jpeg\" \/>\n<meta name=\"author\" content=\"cfeditorfr\" \/>\n<meta name=\"twitter:card\" content=\"summary_large_image\" \/>\n<meta name=\"twitter:label1\" content=\"\u00c9crit par\" \/>\n\t<meta name=\"twitter:data1\" content=\"cfeditorfr\" \/>\n\t<meta name=\"twitter:label2\" content=\"Dur\u00e9e de lecture estim\u00e9e\" \/>\n\t<meta name=\"twitter:data2\" content=\"2 minutes\" \/>\n<script type=\"application\/ld+json\" class=\"yoast-schema-graph\">{\"@context\":\"https:\/\/schema.org\",\"@graph\":[{\"@type\":\"Article\",\"@id\":\"https:\/\/www.africa-press.net\/cameroun\/toutes-les-actualites\/sante-publique-les-activites-du-centre-hospitalier-regional-de-garoua-perturbees-par-un-deficit-delectricite#article\",\"isPartOf\":{\"@id\":\"https:\/\/www.africa-press.net\/cameroun\/toutes-les-actualites\/sante-publique-les-activites-du-centre-hospitalier-regional-de-garoua-perturbees-par-un-deficit-delectricite\"},\"author\":{\"name\":\"cfeditorfr\",\"@id\":\"https:\/\/www.africa-press.net\/cameroun\/#\/schema\/person\/2b1cf3cd81a31e3cd26889ca66d677f1\"},\"headline\":\"Sant\u00e9 Publique: Les activit\u00e9s du Centre Hospitalier R\u00e9gional de Garoua perturb\u00e9es par un d\u00e9ficit d\u2019\u00e9lectricit\u00e9\",\"datePublished\":\"2022-09-11T16:44:31+00:00\",\"dateModified\":\"2022-09-11T19:27:55+00:00\",\"mainEntityOfPage\":{\"@id\":\"https:\/\/www.africa-press.net\/cameroun\/toutes-les-actualites\/sante-publique-les-activites-du-centre-hospitalier-regional-de-garoua-perturbees-par-un-deficit-delectricite\"},\"wordCount\":309,\"commentCount\":0,\"image\":{\"@id\":\"https:\/\/www.africa-press.net\/cameroun\/toutes-les-actualites\/sante-publique-les-activites-du-centre-hospitalier-regional-de-garoua-perturbees-par-un-deficit-delectricite#primaryimage\"},\"thumbnailUrl\":\"https:\/\/static.africa-press.net\/cameroun\/sites\/57\/2022\/09\/img-631e3698276c8.jpg\",\"keywords\":[\"Africa Press\",\"Africa Press-Cameroun\",\"Cameroun\"],\"articleSection\":[\"Communaut\u00e9\",\"homepage-french\",\"Toutes les actualit\u00e9s\"],\"inLanguage\":\"fr-FR\",\"potentialAction\":[{\"@type\":\"CommentAction\",\"name\":\"Comment\",\"target\":[\"https:\/\/www.africa-press.net\/cameroun\/toutes-les-actualites\/sante-publique-les-activites-du-centre-hospitalier-regional-de-garoua-perturbees-par-un-deficit-delectricite#respond\"]}]},{\"@type\":\"WebPage\",\"@id\":\"https:\/\/www.africa-press.net\/cameroun\/toutes-les-actualites\/sante-publique-les-activites-du-centre-hospitalier-regional-de-garoua-perturbees-par-un-deficit-delectricite\",\"url\":\"https:\/\/www.africa-press.net\/cameroun\/toutes-les-actualites\/sante-publique-les-activites-du-centre-hospitalier-regional-de-garoua-perturbees-par-un-deficit-delectricite\",\"name\":\"Sant\u00e9 Publique: Les activit\u00e9s du Centre Hospitalier R\u00e9gional de Garoua perturb\u00e9es par un d\u00e9ficit d\u2019\u00e9lectricit\u00e9 - Cameroun\",\"isPartOf\":{\"@id\":\"https:\/\/www.africa-press.net\/cameroun\/#website\"},\"primaryImageOfPage\":{\"@id\":\"https:\/\/www.africa-press.net\/cameroun\/toutes-les-actualites\/sante-publique-les-activites-du-centre-hospitalier-regional-de-garoua-perturbees-par-un-deficit-delectricite#primaryimage\"},\"image\":{\"@id\":\"https:\/\/www.africa-press.net\/cameroun\/toutes-les-actualites\/sante-publique-les-activites-du-centre-hospitalier-regional-de-garoua-perturbees-par-un-deficit-delectricite#primaryimage\"},\"thumbnailUrl\":\"https:\/\/static.africa-press.net\/cameroun\/sites\/57\/2022\/09\/img-631e3698276c8.jpg\",\"datePublished\":\"2022-09-11T16:44:31+00:00\",\"dateModified\":\"2022-09-11T19:27:55+00:00\",\"author\":{\"@id\":\"https:\/\/www.africa-press.net\/cameroun\/#\/schema\/person\/2b1cf3cd81a31e3cd26889ca66d677f1\"},\"description\":\"Le blog \u00ab l\u2019Urgentiste \u00bb de la journaliste Olive Atangana, r\u00e9v\u00e8le ce vendredi 9 septembre 2022 que le Centre Hosp ...\",\"breadcrumb\":{\"@id\":\"https:\/\/www.africa-press.net\/cameroun\/toutes-les-actualites\/sante-publique-les-activites-du-centre-hospitalier-regional-de-garoua-perturbees-par-un-deficit-delectricite#breadcrumb\"},\"inLanguage\":\"fr-FR\",\"potentialAction\":[{\"@type\":\"ReadAction\",\"target\":[\"https:\/\/www.africa-press.net\/cameroun\/toutes-les-actualites\/sante-publique-les-activites-du-centre-hospitalier-regional-de-garoua-perturbees-par-un-deficit-delectricite\"]}]},{\"@type\":\"ImageObject\",\"inLanguage\":\"fr-FR\",\"@id\":\"https:\/\/www.africa-press.net\/cameroun\/toutes-les-actualites\/sante-publique-les-activites-du-centre-hospitalier-regional-de-garoua-perturbees-par-un-deficit-delectricite#primaryimage\",\"url\":\"https:\/\/static.africa-press.net\/cameroun\/sites\/57\/2022\/09\/img-631e3698276c8.jpg\",\"contentUrl\":\"https:\/\/static.africa-press.net\/cameroun\/sites\/57\/2022\/09\/img-631e3698276c8.jpg\",\"width\":800,\"height\":558,\"caption\":\"Sant\u00e9 Publique: Les activit\u00e9s du Centre Hospitalier R\u00e9gional de Garoua perturb\u00e9es par un d\u00e9ficit d\u2019\u00e9lectricit\u00e9\"},{\"@type\":\"BreadcrumbList\",\"@id\":\"https:\/\/www.africa-press.net\/cameroun\/toutes-les-actualites\/sante-publique-les-activites-du-centre-hospitalier-regional-de-garoua-perturbees-par-un-deficit-delectricite#breadcrumb\",\"itemListElement\":[{\"@type\":\"ListItem\",\"position\":1,\"name\":\"Accueil\",\"item\":\"https:\/\/www.africa-press.net\/cameroun\/\"},{\"@type\":\"ListItem\",\"position\":2,\"name\":\"Sant\u00e9 Publique: Les activit\u00e9s du Centre Hospitalier R\u00e9gional de Garoua perturb\u00e9es par un d\u00e9ficit d\u2019\u00e9lectricit\u00e9\"}]},{\"@type\":\"WebSite\",\"@id\":\"https:\/\/www.africa-press.net\/cameroun\/#website\",\"url\":\"https:\/\/www.africa-press.net\/cameroun\/\",\"name\":\"Cameroun\",\"description\":\"Just another Africa News Agency Sites site\",\"potentialAction\":[{\"@type\":\"SearchAction\",\"target\":{\"@type\":\"EntryPoint\",\"urlTemplate\":\"https:\/\/www.africa-press.net\/cameroun\/?s={search_term_string}\"},\"query-input\":{\"@type\":\"PropertyValueSpecification\",\"valueRequired\":true,\"valueName\":\"search_term_string\"}}],\"inLanguage\":\"fr-FR\"},{\"@type\":\"Person\",\"@id\":\"https:\/\/www.africa-press.net\/cameroun\/#\/schema\/person\/2b1cf3cd81a31e3cd26889ca66d677f1\",\"name\":\"cfeditorfr\"}]}<\/script>\n<!-- \/ Yoast SEO Premium plugin. -->","yoast_head_json":{"title":"Sant\u00e9 Publique: Les activit\u00e9s du Centre Hospitalier R\u00e9gional de Garoua perturb\u00e9es par un d\u00e9ficit d\u2019\u00e9lectricit\u00e9 - Cameroun","description":"Le blog \u00ab l\u2019Urgentiste \u00bb de la journaliste Olive Atangana, r\u00e9v\u00e8le ce vendredi 9 septembre 2022 que le Centre Hosp ...","robots":{"index":"index","follow":"follow","max-snippet":"max-snippet:-1","max-image-preview":"max-image-preview:large","max-video-preview":"max-video-preview:-1"},"canonical":"https:\/\/www.africa-press.net\/cameroun\/toutes-les-actualites\/sante-publique-les-activites-du-centre-hospitalier-regional-de-garoua-perturbees-par-un-deficit-delectricite","og_locale":"fr_FR","og_type":"article","og_title":"Sant\u00e9 Publique: Les activit\u00e9s du Centre Hospitalier R\u00e9gional de Garoua perturb\u00e9es par un d\u00e9ficit d\u2019\u00e9lectricit\u00e9","og_description":"Le blog \u00ab l\u2019Urgentiste \u00bb de la journaliste Olive Atangana, r\u00e9v\u00e8le ce vendredi 9 septembre 2022 que le Centre Hosp ...","og_url":"https:\/\/www.africa-press.net\/cameroun\/toutes-les-actualites\/sante-publique-les-activites-du-centre-hospitalier-regional-de-garoua-perturbees-par-un-deficit-delectricite","og_site_name":"Cameroun","article_published_time":"2022-09-11T16:44:31+00:00","article_modified_time":"2022-09-11T19:27:55+00:00","og_image":[{"width":800,"height":558,"url":"https:\/\/static.africa-press.net\/cameroun\/sites\/57\/2022\/09\/img-631e3698276c8.jpg","type":"image\/jpeg"}],"author":"cfeditorfr","twitter_card":"summary_large_image","twitter_misc":{"\u00c9crit par":"cfeditorfr","Dur\u00e9e de lecture estim\u00e9e":"2 minutes"},"schema":{"@context":"https:\/\/schema.org","@graph":[{"@type":"Article","@id":"https:\/\/www.africa-press.net\/cameroun\/toutes-les-actualites\/sante-publique-les-activites-du-centre-hospitalier-regional-de-garoua-perturbees-par-un-deficit-delectricite#article","isPartOf":{"@id":"https:\/\/www.africa-press.net\/cameroun\/toutes-les-actualites\/sante-publique-les-activites-du-centre-hospitalier-regional-de-garoua-perturbees-par-un-deficit-delectricite"},"author":{"name":"cfeditorfr","@id":"https:\/\/www.africa-press.net\/cameroun\/#\/schema\/person\/2b1cf3cd81a31e3cd26889ca66d677f1"},"headline":"Sant\u00e9 Publique: Les activit\u00e9s du Centre Hospitalier R\u00e9gional de Garoua perturb\u00e9es par un d\u00e9ficit d\u2019\u00e9lectricit\u00e9","datePublished":"2022-09-11T16:44:31+00:00","dateModified":"2022-09-11T19:27:55+00:00","mainEntityOfPage":{"@id":"https:\/\/www.africa-press.net\/cameroun\/toutes-les-actualites\/sante-publique-les-activites-du-centre-hospitalier-regional-de-garoua-perturbees-par-un-deficit-delectricite"},"wordCount":309,"commentCount":0,"image":{"@id":"https:\/\/www.africa-press.net\/cameroun\/toutes-les-actualites\/sante-publique-les-activites-du-centre-hospitalier-regional-de-garoua-perturbees-par-un-deficit-delectricite#primaryimage"},"thumbnailUrl":"https:\/\/static.africa-press.net\/cameroun\/sites\/57\/2022\/09\/img-631e3698276c8.jpg","keywords":["Africa Press","Africa Press-Cameroun","Cameroun"],"articleSection":["Communaut\u00e9","homepage-french","Toutes les actualit\u00e9s"],"inLanguage":"fr-FR","potentialAction":[{"@type":"CommentAction","name":"Comment","target":["https:\/\/www.africa-press.net\/cameroun\/toutes-les-actualites\/sante-publique-les-activites-du-centre-hospitalier-regional-de-garoua-perturbees-par-un-deficit-delectricite#respond"]}]},{"@type":"WebPage","@id":"https:\/\/www.africa-press.net\/cameroun\/toutes-les-actualites\/sante-publique-les-activites-du-centre-hospitalier-regional-de-garoua-perturbees-par-un-deficit-delectricite","url":"https:\/\/www.africa-press.net\/cameroun\/toutes-les-actualites\/sante-publique-les-activites-du-centre-hospitalier-regional-de-garoua-perturbees-par-un-deficit-delectricite","name":"Sant\u00e9 Publique: Les activit\u00e9s du Centre Hospitalier R\u00e9gional de Garoua perturb\u00e9es par un d\u00e9ficit d\u2019\u00e9lectricit\u00e9 - Cameroun","isPartOf":{"@id":"https:\/\/www.africa-press.net\/cameroun\/#website"},"primaryImageOfPage":{"@id":"https:\/\/www.africa-press.net\/cameroun\/toutes-les-actualites\/sante-publique-les-activites-du-centre-hospitalier-regional-de-garoua-perturbees-par-un-deficit-delectricite#primaryimage"},"image":{"@id":"https:\/\/www.africa-press.net\/cameroun\/toutes-les-actualites\/sante-publique-les-activites-du-centre-hospitalier-regional-de-garoua-perturbees-par-un-deficit-delectricite#primaryimage"},"thumbnailUrl":"https:\/\/static.africa-press.net\/cameroun\/sites\/57\/2022\/09\/img-631e3698276c8.jpg","datePublished":"2022-09-11T16:44:31+00:00","dateModified":"2022-09-11T19:27:55+00:00","author":{"@id":"https:\/\/www.africa-press.net\/cameroun\/#\/schema\/person\/2b1cf3cd81a31e3cd26889ca66d677f1"},"description":"Le blog \u00ab l\u2019Urgentiste \u00bb de la journaliste Olive Atangana, r\u00e9v\u00e8le ce vendredi 9 septembre 2022 que le Centre Hosp ...","breadcrumb":{"@id":"https:\/\/www.africa-press.net\/cameroun\/toutes-les-actualites\/sante-publique-les-activites-du-centre-hospitalier-regional-de-garoua-perturbees-par-un-deficit-delectricite#breadcrumb"},"inLanguage":"fr-FR","potentialAction":[{"@type":"ReadAction","target":["https:\/\/www.africa-press.net\/cameroun\/toutes-les-actualites\/sante-publique-les-activites-du-centre-hospitalier-regional-de-garoua-perturbees-par-un-deficit-delectricite"]}]},{"@type":"ImageObject","inLanguage":"fr-FR","@id":"https:\/\/www.africa-press.net\/cameroun\/toutes-les-actualites\/sante-publique-les-activites-du-centre-hospitalier-regional-de-garoua-perturbees-par-un-deficit-delectricite#primaryimage","url":"https:\/\/static.africa-press.net\/cameroun\/sites\/57\/2022\/09\/img-631e3698276c8.jpg","contentUrl":"https:\/\/static.africa-press.net\/cameroun\/sites\/57\/2022\/09\/img-631e3698276c8.jpg","width":800,"height":558,"caption":"Sant\u00e9 Publique: Les activit\u00e9s du Centre Hospitalier R\u00e9gional de Garoua perturb\u00e9es par un d\u00e9ficit d\u2019\u00e9lectricit\u00e9"},{"@type":"BreadcrumbList","@id":"https:\/\/www.africa-press.net\/cameroun\/toutes-les-actualites\/sante-publique-les-activites-du-centre-hospitalier-regional-de-garoua-perturbees-par-un-deficit-delectricite#breadcrumb","itemListElement":[{"@type":"ListItem","position":1,"name":"Accueil","item":"https:\/\/www.africa-press.net\/cameroun\/"},{"@type":"ListItem","position":2,"name":"Sant\u00e9 Publique: Les activit\u00e9s du Centre Hospitalier R\u00e9gional de Garoua perturb\u00e9es par un d\u00e9ficit d\u2019\u00e9lectricit\u00e9"}]},{"@type":"WebSite","@id":"https:\/\/www.africa-press.net\/cameroun\/#website","url":"https:\/\/www.africa-press.net\/cameroun\/","name":"Cameroun","description":"Just another Africa News Agency Sites site","potentialAction":[{"@type":"SearchAction","target":{"@type":"EntryPoint","urlTemplate":"https:\/\/www.africa-press.net\/cameroun\/?s={search_term_string}"},"query-input":{"@type":"PropertyValueSpecification","valueRequired":true,"valueName":"search_term_string"}}],"inLanguage":"fr-FR"},{"@type":"Person","@id":"https:\/\/www.africa-press.net\/cameroun\/#\/schema\/person\/2b1cf3cd81a31e3cd26889ca66d677f1","name":"cfeditorfr"}]}},"_links":{"self":[{"href":"https:\/\/www.africa-press.net\/cameroun\/wp-json\/wp\/v2\/posts\/27158","targetHints":{"allow":["GET"]}}],"collection":[{"href":"https:\/\/www.africa-press.net\/cameroun\/wp-json\/wp\/v2\/posts"}],"about":[{"href":"https:\/\/www.africa-press.net\/cameroun\/wp-json\/wp\/v2\/types\/post"}],"author":[{"embeddable":true,"href":"https:\/\/www.africa-press.net\/cameroun\/wp-json\/wp\/v2\/users\/82"}],"replies":[{"embeddable":true,"href":"https:\/\/www.africa-press.net\/cameroun\/wp-json\/wp\/v2\/comments?post=27158"}],"version-history":[{"count":0,"href":"https:\/\/www.africa-press.net\/cameroun\/wp-json\/wp\/v2\/posts\/27158\/revisions"}],"wp:featuredmedia":[{"embeddable":true,"href":"https:\/\/www.africa-press.net\/cameroun\/wp-json\/wp\/v2\/media\/27157"}],"wp:attachment":[{"href":"https:\/\/www.africa-press.net\/cameroun\/wp-json\/wp\/v2\/media?parent=27158"}],"wp:term":[{"taxonomy":"category","embeddable":true,"href":"https:\/\/www.africa-press.net\/cameroun\/wp-json\/wp\/v2\/categories?post=27158"},{"taxonomy":"post_tag","embeddable":true,"href":"https:\/\/www.africa-press.net\/cameroun\/wp-json\/wp\/v2\/tags?post=27158"}],"curies":[{"name":"wp","href":"https:\/\/api.w.org\/{rel}","templated":true}]}}