{"id":27161,"date":"2022-09-11T16:50:17","date_gmt":"2022-09-11T16:50:17","guid":{"rendered":"https:\/\/www.africa-press.net\/cameroun\/politique\/rentree-scolaire-2022-2023-300-policiers-deployes-dans-la-ville-de-yaounde"},"modified":"2022-09-11T19:28:44","modified_gmt":"2022-09-11T19:28:44","slug":"rentree-scolaire-2022-2023-300-policiers-deployes-dans-la-ville-de-yaounde","status":"publish","type":"post","link":"https:\/\/www.africa-press.net\/cameroun\/toutes-les-actualites\/rentree-scolaire-2022-2023-300-policiers-deployes-dans-la-ville-de-yaounde","title":{"rendered":"Rentr\u00e9e scolaire 2022-2023: 300 policiers d\u00e9ploy\u00e9s dans la ville de Yaound\u00e9"},"content":{"rendered":"<p><span style=\"color: #ff6600\"><strong>Africa-Press &#8211; Cameroun. <\/strong><\/span>Assurer une reprise des classes sans accident dans la ville de Yaound\u00e9. C\u2019est l\u2019objectif du nouveau d\u00e9ploiement des \u00e9l\u00e9ments de la s\u00fbret\u00e9 nationale constat\u00e9 dans la capitale politique depuis le lundi 05 septembre 2022, jour de la rentr\u00e9e effective de l\u2019ann\u00e9e scolaire 2022-2023 au Cameroun.<\/p>\n<p>Les \u00e9quipes sur le terrain sont compos\u00e9es des enqu\u00eateurs, agents de constat, des \u00e9l\u00e9ments de la circulation routi\u00e8re \u00e0 pied et \u00e0 moto. \u00ab <b>Le travail a commenc\u00e9 par la sensibilisation de nos hommes 48 heures avant, sur l\u2019ampleur et la sensibilit\u00e9 de cette p\u00e9riode. Nous avons ensuite proc\u00e9d\u00e9 \u00e0 l\u2019organisation du service afin qu\u2019une mise en place soit faite le lundi matin \u00e0 5 heures 45 minutes<\/b> \u00bb rassure le commissaire principal El Hadj Adamou Baba, commandant du groupement r\u00e9gional de la voie publique et circulation du Centre dans les colonnes de Cameroon Tribune du mardi 06 septembre courant.<\/p>\n<p>Selon Human Rights Watch, depuis cinq ans, 700 000 \u00e9l\u00e8ves des deux r\u00e9gions du Nord-Ouest et du Sud-Ouest ont \u00e9t\u00e9 priv\u00e9s d&rsquo;enseignement \u00e0 cause de l&rsquo;ins\u00e9curit\u00e9. L&rsquo;ONG comptait encore cette ann\u00e9e, entre janvier et juin, 33 \u00e9l\u00e8ves et cinq enseignants kidnapp\u00e9s par des s\u00e9paratistes, et au moins trois \u00e9tablissements scolaires attaqu\u00e9s.<\/p>\n<p>\u00ab <b>Notre rencontre se tient dans un contexte s\u00e9curitaire marqu\u00e9 par diverses menaces et soubresauts dans certaines parties du pays, notamment dans les r\u00e9gions de l\u2019Extr\u00eame-Nord, du Nord-Ouest et du Sud-Ouest. Nous devons pleinement \u00eatre conscients de ce que la s\u00e9curit\u00e9 du pays \u00e0 l\u2019occasion de la rentr\u00e9e scolaire l\u2019ensemble de notre territoire national et qu\u2019une vigilance toute sp\u00e9ciale doit \u00eatre observ\u00e9e au niveau de nos fronti\u00e8res, tant terrestres que maritimes et a\u00e9riennes<\/b> \u00bb a martel\u00e9 Joseph Beti Assomo, ministre d\u00e9l\u00e9gu\u00e9 \u00e0 la pr\u00e9sidence de la R\u00e9publique charg\u00e9e de la D\u00e9fense (Mindef) lors de la r\u00e9union de s\u00e9curit\u00e9 tenu \u00e0 Yaound\u00e9 le 29 ao\u00fbt 2022 sur instruction du pr\u00e9sident de la R\u00e9publique Paul Biya.<\/p>\n<p><b>Jean Daniel Obama<\/b><\/p>\n<p><strong>Pour plus d&rsquo;informations et d&rsquo;analyses sur la <a href=\"https:\/\/www.africa-press.net\/cameroun\">Cameroun<\/a>, suivez <a href=\"https:\/\/www.africa-press.net\/\">Africa-Press<\/a><\/strong><\/p>\n","protected":false},"excerpt":{"rendered":"<p>Africa-Press &#8211; Cameroun. Assurer une reprise des classes sans accident dans la ville de Yaound\u00e9. C\u2019est l\u2019objectif du nouveau d\u00e9ploiement des \u00e9l\u00e9ments de la s\u00fbret\u00e9 nationale constat\u00e9 dans la capitale politique depuis le lundi 05 septembre 2022, jour de la rentr\u00e9e effective de l\u2019ann\u00e9e scolaire 2022-2023 au Cameroun. Les \u00e9quipes sur le terrain sont compos\u00e9es [&hellip;]<\/p>\n","protected":false},"author":82,"featured_media":27160,"comment_status":"open","ping_status":"closed","sticky":false,"template":"","format":"standard","meta":{"footnotes":""},"categories":[21,11,10],"tags":[36,50,49],"class_list":["post-27161","post","type-post","status-publish","format-standard","has-post-thumbnail","hentry","category-communaute","category-homepage-french","category-toutes-les-actualites","tag-africa-press","tag-africa-press-cameroun","tag-cameroun"],"yoast_head":"<!-- This site is optimized with the Yoast SEO Premium plugin v26.1 (Yoast SEO v27.0) - https:\/\/yoast.com\/product\/yoast-seo-premium-wordpress\/ -->\n<title>Rentr\u00e9e scolaire 2022-2023: 300 policiers d\u00e9ploy\u00e9s dans la ville de Yaound\u00e9 - Cameroun<\/title>\n<meta name=\"description\" content=\"Assurer une reprise des classes sans accident dans la ville de Yaound\u00e9. C\u2019est l\u2019objectif du nouveau d\u00e9ploiement des \u00e9l\u00e9m ...\" \/>\n<meta name=\"robots\" content=\"index, follow, max-snippet:-1, max-image-preview:large, max-video-preview:-1\" \/>\n<link rel=\"canonical\" href=\"https:\/\/www.africa-press.net\/cameroun\/toutes-les-actualites\/rentree-scolaire-2022-2023-300-policiers-deployes-dans-la-ville-de-yaounde\" \/>\n<meta property=\"og:locale\" content=\"fr_FR\" \/>\n<meta property=\"og:type\" content=\"article\" \/>\n<meta property=\"og:title\" content=\"Rentr\u00e9e scolaire 2022-2023: 300 policiers d\u00e9ploy\u00e9s dans la ville de Yaound\u00e9\" \/>\n<meta property=\"og:description\" content=\"Assurer une reprise des classes sans accident dans la ville de Yaound\u00e9. C\u2019est l\u2019objectif du nouveau d\u00e9ploiement des \u00e9l\u00e9m ...\" \/>\n<meta property=\"og:url\" content=\"https:\/\/www.africa-press.net\/cameroun\/toutes-les-actualites\/rentree-scolaire-2022-2023-300-policiers-deployes-dans-la-ville-de-yaounde\" \/>\n<meta property=\"og:site_name\" content=\"Cameroun\" \/>\n<meta property=\"article:published_time\" content=\"2022-09-11T16:50:17+00:00\" \/>\n<meta property=\"article:modified_time\" content=\"2022-09-11T19:28:44+00:00\" \/>\n<meta property=\"og:image\" content=\"https:\/\/static.africa-press.net\/cameroun\/sites\/57\/2022\/09\/img-631e36c74e870.jpg\" \/>\n\t<meta property=\"og:image:width\" content=\"800\" \/>\n\t<meta property=\"og:image:height\" content=\"537\" \/>\n\t<meta property=\"og:image:type\" content=\"image\/jpeg\" \/>\n<meta name=\"author\" content=\"cfeditorfr\" \/>\n<meta name=\"twitter:card\" content=\"summary_large_image\" \/>\n<meta name=\"twitter:label1\" content=\"\u00c9crit par\" \/>\n\t<meta name=\"twitter:data1\" content=\"cfeditorfr\" \/>\n\t<meta name=\"twitter:label2\" content=\"Dur\u00e9e de lecture estim\u00e9e\" \/>\n\t<meta name=\"twitter:data2\" content=\"2 minutes\" \/>\n<script type=\"application\/ld+json\" class=\"yoast-schema-graph\">{\"@context\":\"https:\/\/schema.org\",\"@graph\":[{\"@type\":\"Article\",\"@id\":\"https:\/\/www.africa-press.net\/cameroun\/toutes-les-actualites\/rentree-scolaire-2022-2023-300-policiers-deployes-dans-la-ville-de-yaounde#article\",\"isPartOf\":{\"@id\":\"https:\/\/www.africa-press.net\/cameroun\/toutes-les-actualites\/rentree-scolaire-2022-2023-300-policiers-deployes-dans-la-ville-de-yaounde\"},\"author\":{\"name\":\"cfeditorfr\",\"@id\":\"https:\/\/www.africa-press.net\/cameroun\/#\/schema\/person\/2b1cf3cd81a31e3cd26889ca66d677f1\"},\"headline\":\"Rentr\u00e9e scolaire 2022-2023: 300 policiers d\u00e9ploy\u00e9s dans la ville de Yaound\u00e9\",\"datePublished\":\"2022-09-11T16:50:17+00:00\",\"dateModified\":\"2022-09-11T19:28:44+00:00\",\"mainEntityOfPage\":{\"@id\":\"https:\/\/www.africa-press.net\/cameroun\/toutes-les-actualites\/rentree-scolaire-2022-2023-300-policiers-deployes-dans-la-ville-de-yaounde\"},\"wordCount\":372,\"commentCount\":0,\"image\":{\"@id\":\"https:\/\/www.africa-press.net\/cameroun\/toutes-les-actualites\/rentree-scolaire-2022-2023-300-policiers-deployes-dans-la-ville-de-yaounde#primaryimage\"},\"thumbnailUrl\":\"https:\/\/static.africa-press.net\/cameroun\/sites\/57\/2022\/09\/img-631e36c74e870.jpg\",\"keywords\":[\"Africa Press\",\"Africa Press-Cameroun\",\"Cameroun\"],\"articleSection\":[\"Communaut\u00e9\",\"homepage-french\",\"Toutes les actualit\u00e9s\"],\"inLanguage\":\"fr-FR\",\"potentialAction\":[{\"@type\":\"CommentAction\",\"name\":\"Comment\",\"target\":[\"https:\/\/www.africa-press.net\/cameroun\/toutes-les-actualites\/rentree-scolaire-2022-2023-300-policiers-deployes-dans-la-ville-de-yaounde#respond\"]}]},{\"@type\":\"WebPage\",\"@id\":\"https:\/\/www.africa-press.net\/cameroun\/toutes-les-actualites\/rentree-scolaire-2022-2023-300-policiers-deployes-dans-la-ville-de-yaounde\",\"url\":\"https:\/\/www.africa-press.net\/cameroun\/toutes-les-actualites\/rentree-scolaire-2022-2023-300-policiers-deployes-dans-la-ville-de-yaounde\",\"name\":\"Rentr\u00e9e scolaire 2022-2023: 300 policiers d\u00e9ploy\u00e9s dans la ville de Yaound\u00e9 - Cameroun\",\"isPartOf\":{\"@id\":\"https:\/\/www.africa-press.net\/cameroun\/#website\"},\"primaryImageOfPage\":{\"@id\":\"https:\/\/www.africa-press.net\/cameroun\/toutes-les-actualites\/rentree-scolaire-2022-2023-300-policiers-deployes-dans-la-ville-de-yaounde#primaryimage\"},\"image\":{\"@id\":\"https:\/\/www.africa-press.net\/cameroun\/toutes-les-actualites\/rentree-scolaire-2022-2023-300-policiers-deployes-dans-la-ville-de-yaounde#primaryimage\"},\"thumbnailUrl\":\"https:\/\/static.africa-press.net\/cameroun\/sites\/57\/2022\/09\/img-631e36c74e870.jpg\",\"datePublished\":\"2022-09-11T16:50:17+00:00\",\"dateModified\":\"2022-09-11T19:28:44+00:00\",\"author\":{\"@id\":\"https:\/\/www.africa-press.net\/cameroun\/#\/schema\/person\/2b1cf3cd81a31e3cd26889ca66d677f1\"},\"description\":\"Assurer une reprise des classes sans accident dans la ville de Yaound\u00e9. C\u2019est l\u2019objectif du nouveau d\u00e9ploiement des \u00e9l\u00e9m ...\",\"breadcrumb\":{\"@id\":\"https:\/\/www.africa-press.net\/cameroun\/toutes-les-actualites\/rentree-scolaire-2022-2023-300-policiers-deployes-dans-la-ville-de-yaounde#breadcrumb\"},\"inLanguage\":\"fr-FR\",\"potentialAction\":[{\"@type\":\"ReadAction\",\"target\":[\"https:\/\/www.africa-press.net\/cameroun\/toutes-les-actualites\/rentree-scolaire-2022-2023-300-policiers-deployes-dans-la-ville-de-yaounde\"]}]},{\"@type\":\"ImageObject\",\"inLanguage\":\"fr-FR\",\"@id\":\"https:\/\/www.africa-press.net\/cameroun\/toutes-les-actualites\/rentree-scolaire-2022-2023-300-policiers-deployes-dans-la-ville-de-yaounde#primaryimage\",\"url\":\"https:\/\/static.africa-press.net\/cameroun\/sites\/57\/2022\/09\/img-631e36c74e870.jpg\",\"contentUrl\":\"https:\/\/static.africa-press.net\/cameroun\/sites\/57\/2022\/09\/img-631e36c74e870.jpg\",\"width\":800,\"height\":537,\"caption\":\"Rentr\u00e9e scolaire 2022-2023: 300 policiers d\u00e9ploy\u00e9s dans la ville de Yaound\u00e9\"},{\"@type\":\"BreadcrumbList\",\"@id\":\"https:\/\/www.africa-press.net\/cameroun\/toutes-les-actualites\/rentree-scolaire-2022-2023-300-policiers-deployes-dans-la-ville-de-yaounde#breadcrumb\",\"itemListElement\":[{\"@type\":\"ListItem\",\"position\":1,\"name\":\"Accueil\",\"item\":\"https:\/\/www.africa-press.net\/cameroun\/\"},{\"@type\":\"ListItem\",\"position\":2,\"name\":\"Rentr\u00e9e scolaire 2022-2023: 300 policiers d\u00e9ploy\u00e9s dans la ville de Yaound\u00e9\"}]},{\"@type\":\"WebSite\",\"@id\":\"https:\/\/www.africa-press.net\/cameroun\/#website\",\"url\":\"https:\/\/www.africa-press.net\/cameroun\/\",\"name\":\"Cameroun\",\"description\":\"Just another Africa News Agency Sites site\",\"potentialAction\":[{\"@type\":\"SearchAction\",\"target\":{\"@type\":\"EntryPoint\",\"urlTemplate\":\"https:\/\/www.africa-press.net\/cameroun\/?s={search_term_string}\"},\"query-input\":{\"@type\":\"PropertyValueSpecification\",\"valueRequired\":true,\"valueName\":\"search_term_string\"}}],\"inLanguage\":\"fr-FR\"},{\"@type\":\"Person\",\"@id\":\"https:\/\/www.africa-press.net\/cameroun\/#\/schema\/person\/2b1cf3cd81a31e3cd26889ca66d677f1\",\"name\":\"cfeditorfr\"}]}<\/script>\n<!-- \/ Yoast SEO Premium plugin. -->","yoast_head_json":{"title":"Rentr\u00e9e scolaire 2022-2023: 300 policiers d\u00e9ploy\u00e9s dans la ville de Yaound\u00e9 - Cameroun","description":"Assurer une reprise des classes sans accident dans la ville de Yaound\u00e9. C\u2019est l\u2019objectif du nouveau d\u00e9ploiement des \u00e9l\u00e9m ...","robots":{"index":"index","follow":"follow","max-snippet":"max-snippet:-1","max-image-preview":"max-image-preview:large","max-video-preview":"max-video-preview:-1"},"canonical":"https:\/\/www.africa-press.net\/cameroun\/toutes-les-actualites\/rentree-scolaire-2022-2023-300-policiers-deployes-dans-la-ville-de-yaounde","og_locale":"fr_FR","og_type":"article","og_title":"Rentr\u00e9e scolaire 2022-2023: 300 policiers d\u00e9ploy\u00e9s dans la ville de Yaound\u00e9","og_description":"Assurer une reprise des classes sans accident dans la ville de Yaound\u00e9. C\u2019est l\u2019objectif du nouveau d\u00e9ploiement des \u00e9l\u00e9m ...","og_url":"https:\/\/www.africa-press.net\/cameroun\/toutes-les-actualites\/rentree-scolaire-2022-2023-300-policiers-deployes-dans-la-ville-de-yaounde","og_site_name":"Cameroun","article_published_time":"2022-09-11T16:50:17+00:00","article_modified_time":"2022-09-11T19:28:44+00:00","og_image":[{"width":800,"height":537,"url":"https:\/\/static.africa-press.net\/cameroun\/sites\/57\/2022\/09\/img-631e36c74e870.jpg","type":"image\/jpeg"}],"author":"cfeditorfr","twitter_card":"summary_large_image","twitter_misc":{"\u00c9crit par":"cfeditorfr","Dur\u00e9e de lecture estim\u00e9e":"2 minutes"},"schema":{"@context":"https:\/\/schema.org","@graph":[{"@type":"Article","@id":"https:\/\/www.africa-press.net\/cameroun\/toutes-les-actualites\/rentree-scolaire-2022-2023-300-policiers-deployes-dans-la-ville-de-yaounde#article","isPartOf":{"@id":"https:\/\/www.africa-press.net\/cameroun\/toutes-les-actualites\/rentree-scolaire-2022-2023-300-policiers-deployes-dans-la-ville-de-yaounde"},"author":{"name":"cfeditorfr","@id":"https:\/\/www.africa-press.net\/cameroun\/#\/schema\/person\/2b1cf3cd81a31e3cd26889ca66d677f1"},"headline":"Rentr\u00e9e scolaire 2022-2023: 300 policiers d\u00e9ploy\u00e9s dans la ville de Yaound\u00e9","datePublished":"2022-09-11T16:50:17+00:00","dateModified":"2022-09-11T19:28:44+00:00","mainEntityOfPage":{"@id":"https:\/\/www.africa-press.net\/cameroun\/toutes-les-actualites\/rentree-scolaire-2022-2023-300-policiers-deployes-dans-la-ville-de-yaounde"},"wordCount":372,"commentCount":0,"image":{"@id":"https:\/\/www.africa-press.net\/cameroun\/toutes-les-actualites\/rentree-scolaire-2022-2023-300-policiers-deployes-dans-la-ville-de-yaounde#primaryimage"},"thumbnailUrl":"https:\/\/static.africa-press.net\/cameroun\/sites\/57\/2022\/09\/img-631e36c74e870.jpg","keywords":["Africa Press","Africa Press-Cameroun","Cameroun"],"articleSection":["Communaut\u00e9","homepage-french","Toutes les actualit\u00e9s"],"inLanguage":"fr-FR","potentialAction":[{"@type":"CommentAction","name":"Comment","target":["https:\/\/www.africa-press.net\/cameroun\/toutes-les-actualites\/rentree-scolaire-2022-2023-300-policiers-deployes-dans-la-ville-de-yaounde#respond"]}]},{"@type":"WebPage","@id":"https:\/\/www.africa-press.net\/cameroun\/toutes-les-actualites\/rentree-scolaire-2022-2023-300-policiers-deployes-dans-la-ville-de-yaounde","url":"https:\/\/www.africa-press.net\/cameroun\/toutes-les-actualites\/rentree-scolaire-2022-2023-300-policiers-deployes-dans-la-ville-de-yaounde","name":"Rentr\u00e9e scolaire 2022-2023: 300 policiers d\u00e9ploy\u00e9s dans la ville de Yaound\u00e9 - Cameroun","isPartOf":{"@id":"https:\/\/www.africa-press.net\/cameroun\/#website"},"primaryImageOfPage":{"@id":"https:\/\/www.africa-press.net\/cameroun\/toutes-les-actualites\/rentree-scolaire-2022-2023-300-policiers-deployes-dans-la-ville-de-yaounde#primaryimage"},"image":{"@id":"https:\/\/www.africa-press.net\/cameroun\/toutes-les-actualites\/rentree-scolaire-2022-2023-300-policiers-deployes-dans-la-ville-de-yaounde#primaryimage"},"thumbnailUrl":"https:\/\/static.africa-press.net\/cameroun\/sites\/57\/2022\/09\/img-631e36c74e870.jpg","datePublished":"2022-09-11T16:50:17+00:00","dateModified":"2022-09-11T19:28:44+00:00","author":{"@id":"https:\/\/www.africa-press.net\/cameroun\/#\/schema\/person\/2b1cf3cd81a31e3cd26889ca66d677f1"},"description":"Assurer une reprise des classes sans accident dans la ville de Yaound\u00e9. C\u2019est l\u2019objectif du nouveau d\u00e9ploiement des \u00e9l\u00e9m ...","breadcrumb":{"@id":"https:\/\/www.africa-press.net\/cameroun\/toutes-les-actualites\/rentree-scolaire-2022-2023-300-policiers-deployes-dans-la-ville-de-yaounde#breadcrumb"},"inLanguage":"fr-FR","potentialAction":[{"@type":"ReadAction","target":["https:\/\/www.africa-press.net\/cameroun\/toutes-les-actualites\/rentree-scolaire-2022-2023-300-policiers-deployes-dans-la-ville-de-yaounde"]}]},{"@type":"ImageObject","inLanguage":"fr-FR","@id":"https:\/\/www.africa-press.net\/cameroun\/toutes-les-actualites\/rentree-scolaire-2022-2023-300-policiers-deployes-dans-la-ville-de-yaounde#primaryimage","url":"https:\/\/static.africa-press.net\/cameroun\/sites\/57\/2022\/09\/img-631e36c74e870.jpg","contentUrl":"https:\/\/static.africa-press.net\/cameroun\/sites\/57\/2022\/09\/img-631e36c74e870.jpg","width":800,"height":537,"caption":"Rentr\u00e9e scolaire 2022-2023: 300 policiers d\u00e9ploy\u00e9s dans la ville de Yaound\u00e9"},{"@type":"BreadcrumbList","@id":"https:\/\/www.africa-press.net\/cameroun\/toutes-les-actualites\/rentree-scolaire-2022-2023-300-policiers-deployes-dans-la-ville-de-yaounde#breadcrumb","itemListElement":[{"@type":"ListItem","position":1,"name":"Accueil","item":"https:\/\/www.africa-press.net\/cameroun\/"},{"@type":"ListItem","position":2,"name":"Rentr\u00e9e scolaire 2022-2023: 300 policiers d\u00e9ploy\u00e9s dans la ville de Yaound\u00e9"}]},{"@type":"WebSite","@id":"https:\/\/www.africa-press.net\/cameroun\/#website","url":"https:\/\/www.africa-press.net\/cameroun\/","name":"Cameroun","description":"Just another Africa News Agency Sites site","potentialAction":[{"@type":"SearchAction","target":{"@type":"EntryPoint","urlTemplate":"https:\/\/www.africa-press.net\/cameroun\/?s={search_term_string}"},"query-input":{"@type":"PropertyValueSpecification","valueRequired":true,"valueName":"search_term_string"}}],"inLanguage":"fr-FR"},{"@type":"Person","@id":"https:\/\/www.africa-press.net\/cameroun\/#\/schema\/person\/2b1cf3cd81a31e3cd26889ca66d677f1","name":"cfeditorfr"}]}},"_links":{"self":[{"href":"https:\/\/www.africa-press.net\/cameroun\/wp-json\/wp\/v2\/posts\/27161","targetHints":{"allow":["GET"]}}],"collection":[{"href":"https:\/\/www.africa-press.net\/cameroun\/wp-json\/wp\/v2\/posts"}],"about":[{"href":"https:\/\/www.africa-press.net\/cameroun\/wp-json\/wp\/v2\/types\/post"}],"author":[{"embeddable":true,"href":"https:\/\/www.africa-press.net\/cameroun\/wp-json\/wp\/v2\/users\/82"}],"replies":[{"embeddable":true,"href":"https:\/\/www.africa-press.net\/cameroun\/wp-json\/wp\/v2\/comments?post=27161"}],"version-history":[{"count":0,"href":"https:\/\/www.africa-press.net\/cameroun\/wp-json\/wp\/v2\/posts\/27161\/revisions"}],"wp:featuredmedia":[{"embeddable":true,"href":"https:\/\/www.africa-press.net\/cameroun\/wp-json\/wp\/v2\/media\/27160"}],"wp:attachment":[{"href":"https:\/\/www.africa-press.net\/cameroun\/wp-json\/wp\/v2\/media?parent=27161"}],"wp:term":[{"taxonomy":"category","embeddable":true,"href":"https:\/\/www.africa-press.net\/cameroun\/wp-json\/wp\/v2\/categories?post=27161"},{"taxonomy":"post_tag","embeddable":true,"href":"https:\/\/www.africa-press.net\/cameroun\/wp-json\/wp\/v2\/tags?post=27161"}],"curies":[{"name":"wp","href":"https:\/\/api.w.org\/{rel}","templated":true}]}}