{"id":27164,"date":"2022-09-11T19:28:13","date_gmt":"2022-09-11T19:28:13","guid":{"rendered":"https:\/\/www.africa-press.net\/cameroun\/politique\/message-a-la-diaspora-camerounaise-de-france-et-environs"},"modified":"2022-09-11T19:47:36","modified_gmt":"2022-09-11T19:47:36","slug":"message-a-la-diaspora-camerounaise-de-france-et-environs","status":"publish","type":"post","link":"https:\/\/www.africa-press.net\/cameroun\/dossiers\/message-a-la-diaspora-camerounaise-de-france-et-environs","title":{"rendered":"MESSAGE \u00c0 LA DIASPORA CAMEROUNAISE DE FRANCE ET ENVIRONS"},"content":{"rendered":"<p><span style=\"color: #ff6600\"><strong>Africa-Press &#8211; Cameroun. <\/strong><\/span>En date du 10 septembre 2022,vous avez sorti l&rsquo;une de vos meilleures cartes en terme de manifestation de solidarit\u00e9 et de fraternit\u00e9 entre fils d&rsquo;une m\u00eame Nation.<\/p>\n<p>En date du 10 septembre 2022,vous avez sorti l&rsquo;une de vos meilleures cartes en terme de manifestation de solidarit\u00e9 et de fraternit\u00e9 entre fils d&rsquo;une m\u00eame Nation.<\/p>\n<p>Vous avez montr\u00e9 aux yeux du monde entier que nous sommes encore et toujours plus que jamais unis dans notre diversit\u00e9 .<\/p>\n<p>Vous avez montr\u00e9 les \u00e9lans d&rsquo;une prise de Conscience collective apr\u00e8s les foyers de tension qui, pendant un moment ont voulu \u00e9branler notre coh\u00e9sion et vivre ensemble .<\/p>\n<p>Vous nous avez fait oublier le temps d&rsquo;une soir\u00e9e culturelle explosive \u00e0 Paris, les recents \u00e9v\u00e8nements malheureux de Montr\u00e9al et Usa qui ternissent l&rsquo;image de notre diaspora et du Cameroun en g\u00e9n\u00e9ral.Nous condamnerons toujours avec la derni\u00e8re \u00e9nergie ces erreurs fatales que commettent certains de nos Compatriotes de la Diaspora.C&rsquo;est l&rsquo;occasion de pr\u00e9senter nos regrets \u00e9ternels et Condol\u00e9ances attrist\u00e9es aux familles et proches de toutes les victimes de violences et de barbarie de ces derni\u00e8res semaines tant au Cameroun qu&rsquo;\u00e0 l&rsquo;\u00e9tranger.<\/p>\n<p>La plate-forme \u00ab\u00a0CITOYEN MOD\u00c8LE-DIASPORA MOD\u00c8LE CAMEROUN\u00a0\u00bb \u00e0 travers ses 16 antennes dans le monde f\u00e9licite tous les acteurs qui ont contribu\u00e9 \u00e0 remplir les quelques 2000 places de L&rsquo;olympia de Paris autour des valeurs culturelles port\u00e9es par notre soeur Lady ponce .<\/p>\n<p>Mention sp\u00e9ciale \u00e0 Son Excellence Monsieur Samuel Eto&rsquo;o Fils, Ambassadeur du Mondial Qatar 2022 et \u00e0 l&rsquo;antenne Diaspora Mod\u00e8le Cameroun zone Europe pilot\u00e9e par M Honor\u00e9 Sylvain Bitnkeu.<\/p>\n<p>Non seulement vous avez fait le plein de l&rsquo;olympia, mais vous y avez fait vivre l&rsquo;\u00e2me du Cameroun \u00e0 travers son multiculturalisme exaltant.<\/p>\n<p>Comment ne pas mentionner que vous avez \u00e9galement adopt\u00e9 pendant ce concert g\u00e9ant, l&rsquo;attitude d&rsquo;une diaspora MOD\u00c8LE qui donne un peu plus d&rsquo;altitude \u00e0 notre 237 et d\u00e9montre clairement la tr\u00e8s bonne intention de la diaspora de Concilier les acquis positifs du pass\u00e9 avec les exigences de L&rsquo;avenir.Ce sera gagnant pour toutes et pour tous.<\/p>\n<p>Puisse cette m\u00eame dynamique citoyenne et r\u00e9publicaine accompagner les prochains \u00e9v\u00e8nements culturels dans la diaspora ainsi que nos Lions indomptables au Qatar pour un sacre in\u00e9dit au Mondial 2022!<\/p>\n<p>Le lancement de la Campagne internationale de Mobilisation des \u00ab\u00a0SUPPORTES MOD\u00c8LES au Qatar d\u00e9nomm\u00e9e AFRICA WIN MONDIAL 2022 AVEC SAMUEL ETO&rsquo;O\u00a0\u00bb est d&rsquo;ailleurs dej\u00e0 en cours de telechargement. Une Campagne \u00e0 laquelle nous appelons de tous nos voeux l&rsquo;implication totale de la FORCE que repr\u00e9sente notre Diaspora.<\/p>\n<p>Diaspora Camerounaise de France et environs ,pour ce que vous avez fait ce 10 septembre 2022 \u00e0 Paris, prenez vos coeurs.<\/p>\n<p><strong>Pour plus d&rsquo;informations et d&rsquo;analyses sur la <a href=\"https:\/\/www.africa-press.net\/cameroun\">Cameroun<\/a>, suivez <a href=\"https:\/\/www.africa-press.net\/\">Africa-Press<\/a><\/strong><\/p>\n","protected":false},"excerpt":{"rendered":"<p>Africa-Press &#8211; Cameroun. En date du 10 septembre 2022,vous avez sorti l&rsquo;une de vos meilleures cartes en terme de manifestation de solidarit\u00e9 et de fraternit\u00e9 entre fils d&rsquo;une m\u00eame Nation. En date du 10 septembre 2022,vous avez sorti l&rsquo;une de vos meilleures cartes en terme de manifestation de solidarit\u00e9 et de fraternit\u00e9 entre fils d&rsquo;une [&hellip;]<\/p>\n","protected":false},"author":82,"featured_media":27163,"comment_status":"open","ping_status":"closed","sticky":false,"template":"","format":"standard","meta":{"footnotes":""},"categories":[7,11,10],"tags":[36,50,49],"class_list":["post-27164","post","type-post","status-publish","format-standard","has-post-thumbnail","hentry","category-dossiers","category-homepage-french","category-toutes-les-actualites","tag-africa-press","tag-africa-press-cameroun","tag-cameroun"],"yoast_head":"<!-- This site is optimized with the Yoast SEO Premium plugin v26.1 (Yoast SEO v27.0) - https:\/\/yoast.com\/product\/yoast-seo-premium-wordpress\/ -->\n<title>MESSAGE \u00c0 LA DIASPORA CAMEROUNAISE DE FRANCE ET ENVIRONS - Cameroun<\/title>\n<meta name=\"description\" content=\"En date du 10 septembre 2022,vous avez sorti l&#039;une de vos meilleures cartes en terme de manifestation de solidarit\u00e9 et d ...\" \/>\n<meta name=\"robots\" content=\"index, follow, max-snippet:-1, max-image-preview:large, max-video-preview:-1\" \/>\n<link rel=\"canonical\" href=\"https:\/\/www.africa-press.net\/cameroun\/dossiers\/message-a-la-diaspora-camerounaise-de-france-et-environs\" \/>\n<meta property=\"og:locale\" content=\"fr_FR\" \/>\n<meta property=\"og:type\" content=\"article\" \/>\n<meta property=\"og:title\" content=\"MESSAGE \u00c0 LA DIASPORA CAMEROUNAISE DE FRANCE ET ENVIRONS\" \/>\n<meta property=\"og:description\" content=\"En date du 10 septembre 2022,vous avez sorti l&#039;une de vos meilleures cartes en terme de manifestation de solidarit\u00e9 et d ...\" \/>\n<meta property=\"og:url\" content=\"https:\/\/www.africa-press.net\/cameroun\/dossiers\/message-a-la-diaspora-camerounaise-de-france-et-environs\" \/>\n<meta property=\"og:site_name\" content=\"Cameroun\" \/>\n<meta property=\"article:published_time\" content=\"2022-09-11T19:28:13+00:00\" \/>\n<meta property=\"article:modified_time\" content=\"2022-09-11T19:47:36+00:00\" \/>\n<meta property=\"og:image\" content=\"https:\/\/static.africa-press.net\/cameroun\/sites\/57\/2022\/09\/postQueueImg_1-631e3b21365bb.jpg\" \/>\n\t<meta property=\"og:image:width\" content=\"800\" \/>\n\t<meta property=\"og:image:height\" content=\"533\" \/>\n\t<meta property=\"og:image:type\" content=\"image\/jpeg\" \/>\n<meta name=\"author\" content=\"cfeditorfr\" \/>\n<meta name=\"twitter:card\" content=\"summary_large_image\" \/>\n<meta name=\"twitter:label1\" content=\"\u00c9crit par\" \/>\n\t<meta name=\"twitter:data1\" content=\"cfeditorfr\" \/>\n\t<meta name=\"twitter:label2\" content=\"Dur\u00e9e de lecture estim\u00e9e\" \/>\n\t<meta name=\"twitter:data2\" content=\"3 minutes\" \/>\n<script type=\"application\/ld+json\" class=\"yoast-schema-graph\">{\"@context\":\"https:\/\/schema.org\",\"@graph\":[{\"@type\":\"Article\",\"@id\":\"https:\/\/www.africa-press.net\/cameroun\/dossiers\/message-a-la-diaspora-camerounaise-de-france-et-environs#article\",\"isPartOf\":{\"@id\":\"https:\/\/www.africa-press.net\/cameroun\/dossiers\/message-a-la-diaspora-camerounaise-de-france-et-environs\"},\"author\":{\"name\":\"cfeditorfr\",\"@id\":\"https:\/\/www.africa-press.net\/cameroun\/#\/schema\/person\/2b1cf3cd81a31e3cd26889ca66d677f1\"},\"headline\":\"MESSAGE \u00c0 LA DIASPORA CAMEROUNAISE DE FRANCE ET ENVIRONS\",\"datePublished\":\"2022-09-11T19:28:13+00:00\",\"dateModified\":\"2022-09-11T19:47:36+00:00\",\"mainEntityOfPage\":{\"@id\":\"https:\/\/www.africa-press.net\/cameroun\/dossiers\/message-a-la-diaspora-camerounaise-de-france-et-environs\"},\"wordCount\":489,\"commentCount\":0,\"image\":{\"@id\":\"https:\/\/www.africa-press.net\/cameroun\/dossiers\/message-a-la-diaspora-camerounaise-de-france-et-environs#primaryimage\"},\"thumbnailUrl\":\"https:\/\/static.africa-press.net\/cameroun\/sites\/57\/2022\/09\/postQueueImg_1-631e3b21365bb.jpg\",\"keywords\":[\"Africa Press\",\"Africa Press-Cameroun\",\"Cameroun\"],\"articleSection\":[\"Dossiers\",\"homepage-french\",\"Toutes les actualit\u00e9s\"],\"inLanguage\":\"fr-FR\",\"potentialAction\":[{\"@type\":\"CommentAction\",\"name\":\"Comment\",\"target\":[\"https:\/\/www.africa-press.net\/cameroun\/dossiers\/message-a-la-diaspora-camerounaise-de-france-et-environs#respond\"]}]},{\"@type\":\"WebPage\",\"@id\":\"https:\/\/www.africa-press.net\/cameroun\/dossiers\/message-a-la-diaspora-camerounaise-de-france-et-environs\",\"url\":\"https:\/\/www.africa-press.net\/cameroun\/dossiers\/message-a-la-diaspora-camerounaise-de-france-et-environs\",\"name\":\"MESSAGE \u00c0 LA DIASPORA CAMEROUNAISE DE FRANCE ET ENVIRONS - Cameroun\",\"isPartOf\":{\"@id\":\"https:\/\/www.africa-press.net\/cameroun\/#website\"},\"primaryImageOfPage\":{\"@id\":\"https:\/\/www.africa-press.net\/cameroun\/dossiers\/message-a-la-diaspora-camerounaise-de-france-et-environs#primaryimage\"},\"image\":{\"@id\":\"https:\/\/www.africa-press.net\/cameroun\/dossiers\/message-a-la-diaspora-camerounaise-de-france-et-environs#primaryimage\"},\"thumbnailUrl\":\"https:\/\/static.africa-press.net\/cameroun\/sites\/57\/2022\/09\/postQueueImg_1-631e3b21365bb.jpg\",\"datePublished\":\"2022-09-11T19:28:13+00:00\",\"dateModified\":\"2022-09-11T19:47:36+00:00\",\"author\":{\"@id\":\"https:\/\/www.africa-press.net\/cameroun\/#\/schema\/person\/2b1cf3cd81a31e3cd26889ca66d677f1\"},\"description\":\"En date du 10 septembre 2022,vous avez sorti l'une de vos meilleures cartes en terme de manifestation de solidarit\u00e9 et d ...\",\"breadcrumb\":{\"@id\":\"https:\/\/www.africa-press.net\/cameroun\/dossiers\/message-a-la-diaspora-camerounaise-de-france-et-environs#breadcrumb\"},\"inLanguage\":\"fr-FR\",\"potentialAction\":[{\"@type\":\"ReadAction\",\"target\":[\"https:\/\/www.africa-press.net\/cameroun\/dossiers\/message-a-la-diaspora-camerounaise-de-france-et-environs\"]}]},{\"@type\":\"ImageObject\",\"inLanguage\":\"fr-FR\",\"@id\":\"https:\/\/www.africa-press.net\/cameroun\/dossiers\/message-a-la-diaspora-camerounaise-de-france-et-environs#primaryimage\",\"url\":\"https:\/\/static.africa-press.net\/cameroun\/sites\/57\/2022\/09\/postQueueImg_1-631e3b21365bb.jpg\",\"contentUrl\":\"https:\/\/static.africa-press.net\/cameroun\/sites\/57\/2022\/09\/postQueueImg_1-631e3b21365bb.jpg\",\"width\":800,\"height\":533,\"caption\":\"MESSAGE \u00c0 LA DIASPORA CAMEROUNAISE DE FRANCE ET ENVIRONS\"},{\"@type\":\"BreadcrumbList\",\"@id\":\"https:\/\/www.africa-press.net\/cameroun\/dossiers\/message-a-la-diaspora-camerounaise-de-france-et-environs#breadcrumb\",\"itemListElement\":[{\"@type\":\"ListItem\",\"position\":1,\"name\":\"Accueil\",\"item\":\"https:\/\/www.africa-press.net\/cameroun\/\"},{\"@type\":\"ListItem\",\"position\":2,\"name\":\"MESSAGE \u00c0 LA DIASPORA CAMEROUNAISE DE FRANCE ET ENVIRONS\"}]},{\"@type\":\"WebSite\",\"@id\":\"https:\/\/www.africa-press.net\/cameroun\/#website\",\"url\":\"https:\/\/www.africa-press.net\/cameroun\/\",\"name\":\"Cameroun\",\"description\":\"Just another Africa News Agency Sites site\",\"potentialAction\":[{\"@type\":\"SearchAction\",\"target\":{\"@type\":\"EntryPoint\",\"urlTemplate\":\"https:\/\/www.africa-press.net\/cameroun\/?s={search_term_string}\"},\"query-input\":{\"@type\":\"PropertyValueSpecification\",\"valueRequired\":true,\"valueName\":\"search_term_string\"}}],\"inLanguage\":\"fr-FR\"},{\"@type\":\"Person\",\"@id\":\"https:\/\/www.africa-press.net\/cameroun\/#\/schema\/person\/2b1cf3cd81a31e3cd26889ca66d677f1\",\"name\":\"cfeditorfr\"}]}<\/script>\n<!-- \/ Yoast SEO Premium plugin. -->","yoast_head_json":{"title":"MESSAGE \u00c0 LA DIASPORA CAMEROUNAISE DE FRANCE ET ENVIRONS - Cameroun","description":"En date du 10 septembre 2022,vous avez sorti l'une de vos meilleures cartes en terme de manifestation de solidarit\u00e9 et d ...","robots":{"index":"index","follow":"follow","max-snippet":"max-snippet:-1","max-image-preview":"max-image-preview:large","max-video-preview":"max-video-preview:-1"},"canonical":"https:\/\/www.africa-press.net\/cameroun\/dossiers\/message-a-la-diaspora-camerounaise-de-france-et-environs","og_locale":"fr_FR","og_type":"article","og_title":"MESSAGE \u00c0 LA DIASPORA CAMEROUNAISE DE FRANCE ET ENVIRONS","og_description":"En date du 10 septembre 2022,vous avez sorti l'une de vos meilleures cartes en terme de manifestation de solidarit\u00e9 et d ...","og_url":"https:\/\/www.africa-press.net\/cameroun\/dossiers\/message-a-la-diaspora-camerounaise-de-france-et-environs","og_site_name":"Cameroun","article_published_time":"2022-09-11T19:28:13+00:00","article_modified_time":"2022-09-11T19:47:36+00:00","og_image":[{"width":800,"height":533,"url":"https:\/\/static.africa-press.net\/cameroun\/sites\/57\/2022\/09\/postQueueImg_1-631e3b21365bb.jpg","type":"image\/jpeg"}],"author":"cfeditorfr","twitter_card":"summary_large_image","twitter_misc":{"\u00c9crit par":"cfeditorfr","Dur\u00e9e de lecture estim\u00e9e":"3 minutes"},"schema":{"@context":"https:\/\/schema.org","@graph":[{"@type":"Article","@id":"https:\/\/www.africa-press.net\/cameroun\/dossiers\/message-a-la-diaspora-camerounaise-de-france-et-environs#article","isPartOf":{"@id":"https:\/\/www.africa-press.net\/cameroun\/dossiers\/message-a-la-diaspora-camerounaise-de-france-et-environs"},"author":{"name":"cfeditorfr","@id":"https:\/\/www.africa-press.net\/cameroun\/#\/schema\/person\/2b1cf3cd81a31e3cd26889ca66d677f1"},"headline":"MESSAGE \u00c0 LA DIASPORA CAMEROUNAISE DE FRANCE ET ENVIRONS","datePublished":"2022-09-11T19:28:13+00:00","dateModified":"2022-09-11T19:47:36+00:00","mainEntityOfPage":{"@id":"https:\/\/www.africa-press.net\/cameroun\/dossiers\/message-a-la-diaspora-camerounaise-de-france-et-environs"},"wordCount":489,"commentCount":0,"image":{"@id":"https:\/\/www.africa-press.net\/cameroun\/dossiers\/message-a-la-diaspora-camerounaise-de-france-et-environs#primaryimage"},"thumbnailUrl":"https:\/\/static.africa-press.net\/cameroun\/sites\/57\/2022\/09\/postQueueImg_1-631e3b21365bb.jpg","keywords":["Africa Press","Africa Press-Cameroun","Cameroun"],"articleSection":["Dossiers","homepage-french","Toutes les actualit\u00e9s"],"inLanguage":"fr-FR","potentialAction":[{"@type":"CommentAction","name":"Comment","target":["https:\/\/www.africa-press.net\/cameroun\/dossiers\/message-a-la-diaspora-camerounaise-de-france-et-environs#respond"]}]},{"@type":"WebPage","@id":"https:\/\/www.africa-press.net\/cameroun\/dossiers\/message-a-la-diaspora-camerounaise-de-france-et-environs","url":"https:\/\/www.africa-press.net\/cameroun\/dossiers\/message-a-la-diaspora-camerounaise-de-france-et-environs","name":"MESSAGE \u00c0 LA DIASPORA CAMEROUNAISE DE FRANCE ET ENVIRONS - Cameroun","isPartOf":{"@id":"https:\/\/www.africa-press.net\/cameroun\/#website"},"primaryImageOfPage":{"@id":"https:\/\/www.africa-press.net\/cameroun\/dossiers\/message-a-la-diaspora-camerounaise-de-france-et-environs#primaryimage"},"image":{"@id":"https:\/\/www.africa-press.net\/cameroun\/dossiers\/message-a-la-diaspora-camerounaise-de-france-et-environs#primaryimage"},"thumbnailUrl":"https:\/\/static.africa-press.net\/cameroun\/sites\/57\/2022\/09\/postQueueImg_1-631e3b21365bb.jpg","datePublished":"2022-09-11T19:28:13+00:00","dateModified":"2022-09-11T19:47:36+00:00","author":{"@id":"https:\/\/www.africa-press.net\/cameroun\/#\/schema\/person\/2b1cf3cd81a31e3cd26889ca66d677f1"},"description":"En date du 10 septembre 2022,vous avez sorti l'une de vos meilleures cartes en terme de manifestation de solidarit\u00e9 et d ...","breadcrumb":{"@id":"https:\/\/www.africa-press.net\/cameroun\/dossiers\/message-a-la-diaspora-camerounaise-de-france-et-environs#breadcrumb"},"inLanguage":"fr-FR","potentialAction":[{"@type":"ReadAction","target":["https:\/\/www.africa-press.net\/cameroun\/dossiers\/message-a-la-diaspora-camerounaise-de-france-et-environs"]}]},{"@type":"ImageObject","inLanguage":"fr-FR","@id":"https:\/\/www.africa-press.net\/cameroun\/dossiers\/message-a-la-diaspora-camerounaise-de-france-et-environs#primaryimage","url":"https:\/\/static.africa-press.net\/cameroun\/sites\/57\/2022\/09\/postQueueImg_1-631e3b21365bb.jpg","contentUrl":"https:\/\/static.africa-press.net\/cameroun\/sites\/57\/2022\/09\/postQueueImg_1-631e3b21365bb.jpg","width":800,"height":533,"caption":"MESSAGE \u00c0 LA DIASPORA CAMEROUNAISE DE FRANCE ET ENVIRONS"},{"@type":"BreadcrumbList","@id":"https:\/\/www.africa-press.net\/cameroun\/dossiers\/message-a-la-diaspora-camerounaise-de-france-et-environs#breadcrumb","itemListElement":[{"@type":"ListItem","position":1,"name":"Accueil","item":"https:\/\/www.africa-press.net\/cameroun\/"},{"@type":"ListItem","position":2,"name":"MESSAGE \u00c0 LA DIASPORA CAMEROUNAISE DE FRANCE ET ENVIRONS"}]},{"@type":"WebSite","@id":"https:\/\/www.africa-press.net\/cameroun\/#website","url":"https:\/\/www.africa-press.net\/cameroun\/","name":"Cameroun","description":"Just another Africa News Agency Sites site","potentialAction":[{"@type":"SearchAction","target":{"@type":"EntryPoint","urlTemplate":"https:\/\/www.africa-press.net\/cameroun\/?s={search_term_string}"},"query-input":{"@type":"PropertyValueSpecification","valueRequired":true,"valueName":"search_term_string"}}],"inLanguage":"fr-FR"},{"@type":"Person","@id":"https:\/\/www.africa-press.net\/cameroun\/#\/schema\/person\/2b1cf3cd81a31e3cd26889ca66d677f1","name":"cfeditorfr"}]}},"_links":{"self":[{"href":"https:\/\/www.africa-press.net\/cameroun\/wp-json\/wp\/v2\/posts\/27164","targetHints":{"allow":["GET"]}}],"collection":[{"href":"https:\/\/www.africa-press.net\/cameroun\/wp-json\/wp\/v2\/posts"}],"about":[{"href":"https:\/\/www.africa-press.net\/cameroun\/wp-json\/wp\/v2\/types\/post"}],"author":[{"embeddable":true,"href":"https:\/\/www.africa-press.net\/cameroun\/wp-json\/wp\/v2\/users\/82"}],"replies":[{"embeddable":true,"href":"https:\/\/www.africa-press.net\/cameroun\/wp-json\/wp\/v2\/comments?post=27164"}],"version-history":[{"count":0,"href":"https:\/\/www.africa-press.net\/cameroun\/wp-json\/wp\/v2\/posts\/27164\/revisions"}],"wp:featuredmedia":[{"embeddable":true,"href":"https:\/\/www.africa-press.net\/cameroun\/wp-json\/wp\/v2\/media\/27163"}],"wp:attachment":[{"href":"https:\/\/www.africa-press.net\/cameroun\/wp-json\/wp\/v2\/media?parent=27164"}],"wp:term":[{"taxonomy":"category","embeddable":true,"href":"https:\/\/www.africa-press.net\/cameroun\/wp-json\/wp\/v2\/categories?post=27164"},{"taxonomy":"post_tag","embeddable":true,"href":"https:\/\/www.africa-press.net\/cameroun\/wp-json\/wp\/v2\/tags?post=27164"}],"curies":[{"name":"wp","href":"https:\/\/api.w.org\/{rel}","templated":true}]}}