{"id":27167,"date":"2022-09-11T19:29:26","date_gmt":"2022-09-11T19:29:26","guid":{"rendered":"https:\/\/www.africa-press.net\/cameroun\/politique\/succession-de-paul-biya-en-2025-samuel-etoo-franck-biya-cabral-libii-annonces-a-etoudi"},"modified":"2022-09-11T19:48:06","modified_gmt":"2022-09-11T19:48:06","slug":"succession-de-paul-biya-en-2025-samuel-etoo-franck-biya-cabral-libii-annonces-a-etoudi","status":"publish","type":"post","link":"https:\/\/www.africa-press.net\/cameroun\/politique\/succession-de-paul-biya-en-2025-samuel-etoo-franck-biya-cabral-libii-annonces-a-etoudi","title":{"rendered":"Succession de Paul Biya en 2025 : Samuel Eto&rsquo;o, Franck biya, Cabral Libii annonc\u00e9s \u00e0 Etoudi"},"content":{"rendered":"<p><span style=\"color: #ff6600\"><strong>Africa-Press &#8211; Cameroun. <\/strong><\/span>L\u2019\u00e9lection pr\u00e9sidentielle de 2025 s\u2019annonce \u00e0 grand pas. Dans pratiquement 2 ans, Paul Biya, 90 ans et plus de 40 ans au pouvoir devrait remettre en jeu son mandat. M\u00eame si les voix s\u2019\u00e9l\u00e8vent pur qu\u2019il ne rempile plus, rien n\u2019est encore d\u00e9cid\u00e9. Mais pour la succession, la bataille se fait rude. Mbombog Ngw\u00e9 Gwodock pour sa part pense qu\u2019il y a trois personnes dans les starkings blocks.<\/p>\n<p>Le proph\u00e9tisme d\u00e9complex\u00e9&#8230;<\/p>\n<p>2025, \u00c7A VA SE JOUER ICI.<\/p>\n<p>1- Cabral Libii : Ph\u00e9nom\u00e8ne politique, fin strat\u00e8ge et sacr\u00e9 opportuniste. L&rsquo;homme jouit d&rsquo;une popularit\u00e9 politique ind\u00e9niable, il m\u00e8ne un travail acharn\u00e9 dans la construction d&rsquo;une base militante d\u00e9vou\u00e9e et critique. Il est incontestablement le leader politique de demain. De 2025 ? Peut-\u00eatre ! Mais d&rsquo;abord, il faut qu&rsquo;il aff\u00fbte encore ses armes, m\u00fbrit encore ses rangs et se cr\u00e9e une notori\u00e9t\u00e9 internationale.<\/p>\n<p>2- Samuel Eto&rsquo;o : Le plus c\u00e9l\u00e8bre. C&rsquo;est difficile de d\u00e9lier c\u00e9l\u00e9brit\u00e9 et popularit\u00e9. Dans tous les cas, Samuel combine les deux en Sport. Il jouit de la popularit\u00e9 l\u00e9gitime et de l\u00e9gitimit\u00e9 populaire. Samuel est un d\u00e9complex\u00e9, c&rsquo;est un non-align\u00e9 qui a r\u00e9ussi \u00e0 vaincre la mafia. Politiquement moins outill\u00e9 mais son pragmatisme et son c\u00f4t\u00e9 management qui produisent des r\u00e9sultats palpables ces jours \u00e0 la Fecafoot le mettent parmi la pole position s&rsquo;il arrivait \u00e0 candidater pour 2025.<\/p>\n<p>3- Franck biya : Discret mais redoutable. Ce fils et conseiller particulier de son p\u00e8re-President sortant ma\u00eetrise mieux les arcanes du pouvoir. Il suffit qu&rsquo;il se d\u00e9cide et les soutiens de son p\u00e8re s&rsquo;aligneront. En m\u00eame temps, il aura la responsabilit\u00e9 de d\u00e9fendre le bilan de son vieux vu qu&rsquo;il n&rsquo;a visiblement aucun fait d&rsquo;armes \u00e0 part l&rsquo;exploitation abusive de certaines essences foresti\u00e8res et minerais dont on l&rsquo;accuse. C&rsquo;est une candidature probl\u00e9matique qui misera davantage dans le forcing.<\/p>\n<p>Il y aura aussi des troubles f\u00eates comme :<\/p>\n<p>-Maurice Kamto : Pr\u00e9sidentiable mais qui a vu sa cote de popularit\u00e9 se r\u00e9duire \u00e0 n\u00e9ant \u00e0 cause des int\u00e9gristes ethnofascistes Bamileke. Mais toujours est-il qu&rsquo;il sera de la partie et pourra opter pour une alliance.<\/p>\n<p>-Celestin Djamen : il sera la r\u00e9v\u00e9lation politique de cette pr\u00e9sidentielle.<\/p>\n<p>-Bello Bouba : accompagnera Franck par une alliance.<\/p>\n<p>-Joshua Osih : le SDF fera une coalition avec le PCRN .<\/p>\n<p>Ce sera \u00e0 peu pr\u00e8s la configuration politique des \u00e9ch\u00e9ances \u00e9lectorales de 2025.<\/p>\n<p>Mbombog Ngw\u00e9 Gwodock<\/p>\n<p><strong>Pour plus d&rsquo;informations et d&rsquo;analyses sur la <a href=\"https:\/\/www.africa-press.net\/cameroun\">Cameroun<\/a>, suivez <a href=\"https:\/\/www.africa-press.net\/\">Africa-Press<\/a><\/strong><\/p>\n","protected":false},"excerpt":{"rendered":"<p>Africa-Press &#8211; Cameroun. L\u2019\u00e9lection pr\u00e9sidentielle de 2025 s\u2019annonce \u00e0 grand pas. Dans pratiquement 2 ans, Paul Biya, 90 ans et plus de 40 ans au pouvoir devrait remettre en jeu son mandat. M\u00eame si les voix s\u2019\u00e9l\u00e8vent pur qu\u2019il ne rempile plus, rien n\u2019est encore d\u00e9cid\u00e9. Mais pour la succession, la bataille se fait rude. [&hellip;]<\/p>\n","protected":false},"author":82,"featured_media":27166,"comment_status":"open","ping_status":"closed","sticky":false,"template":"","format":"standard","meta":{"footnotes":""},"categories":[11,2,10],"tags":[36,50,49],"class_list":["post-27167","post","type-post","status-publish","format-standard","has-post-thumbnail","hentry","category-homepage-french","category-politique","category-toutes-les-actualites","tag-africa-press","tag-africa-press-cameroun","tag-cameroun"],"yoast_head":"<!-- This site is optimized with the Yoast SEO Premium plugin v26.1 (Yoast SEO v27.0) - https:\/\/yoast.com\/product\/yoast-seo-premium-wordpress\/ -->\n<title>Succession de Paul Biya en 2025 : Samuel Eto&#039;o, Franck biya, Cabral Libii annonc\u00e9s \u00e0 Etoudi - Cameroun<\/title>\n<meta name=\"description\" content=\"L\u2019\u00e9lection pr\u00e9sidentielle de 2025 s\u2019annonce \u00e0 grand pas. Dans pratiquement 2 ans, Paul Biya, 90 ans et plus de 40 ans au ...\" \/>\n<meta name=\"robots\" content=\"index, follow, max-snippet:-1, max-image-preview:large, max-video-preview:-1\" \/>\n<link rel=\"canonical\" href=\"https:\/\/www.africa-press.net\/cameroun\/politique\/succession-de-paul-biya-en-2025-samuel-etoo-franck-biya-cabral-libii-annonces-a-etoudi\" \/>\n<meta property=\"og:locale\" content=\"fr_FR\" \/>\n<meta property=\"og:type\" content=\"article\" \/>\n<meta property=\"og:title\" content=\"Succession de Paul Biya en 2025 : Samuel Eto&#039;o, Franck biya, Cabral Libii annonc\u00e9s \u00e0 Etoudi\" \/>\n<meta property=\"og:description\" content=\"L\u2019\u00e9lection pr\u00e9sidentielle de 2025 s\u2019annonce \u00e0 grand pas. Dans pratiquement 2 ans, Paul Biya, 90 ans et plus de 40 ans au ...\" \/>\n<meta property=\"og:url\" content=\"https:\/\/www.africa-press.net\/cameroun\/politique\/succession-de-paul-biya-en-2025-samuel-etoo-franck-biya-cabral-libii-annonces-a-etoudi\" \/>\n<meta property=\"og:site_name\" content=\"Cameroun\" \/>\n<meta property=\"article:published_time\" content=\"2022-09-11T19:29:26+00:00\" \/>\n<meta property=\"article:modified_time\" content=\"2022-09-11T19:48:06+00:00\" \/>\n<meta property=\"og:image\" content=\"https:\/\/static.africa-press.net\/cameroun\/sites\/57\/2022\/09\/postQueueImg_2-631e3b5d54d0a.jpg\" \/>\n\t<meta property=\"og:image:width\" content=\"1280\" \/>\n\t<meta property=\"og:image:height\" content=\"720\" \/>\n\t<meta property=\"og:image:type\" content=\"image\/jpeg\" \/>\n<meta name=\"author\" content=\"cfeditorfr\" \/>\n<meta name=\"twitter:card\" content=\"summary_large_image\" \/>\n<meta name=\"twitter:label1\" content=\"\u00c9crit par\" \/>\n\t<meta name=\"twitter:data1\" content=\"cfeditorfr\" \/>\n\t<meta name=\"twitter:label2\" content=\"Dur\u00e9e de lecture estim\u00e9e\" \/>\n\t<meta name=\"twitter:data2\" content=\"3 minutes\" \/>\n<script type=\"application\/ld+json\" class=\"yoast-schema-graph\">{\"@context\":\"https:\/\/schema.org\",\"@graph\":[{\"@type\":\"Article\",\"@id\":\"https:\/\/www.africa-press.net\/cameroun\/politique\/succession-de-paul-biya-en-2025-samuel-etoo-franck-biya-cabral-libii-annonces-a-etoudi#article\",\"isPartOf\":{\"@id\":\"https:\/\/www.africa-press.net\/cameroun\/politique\/succession-de-paul-biya-en-2025-samuel-etoo-franck-biya-cabral-libii-annonces-a-etoudi\"},\"author\":{\"name\":\"cfeditorfr\",\"@id\":\"https:\/\/www.africa-press.net\/cameroun\/#\/schema\/person\/2b1cf3cd81a31e3cd26889ca66d677f1\"},\"headline\":\"Succession de Paul Biya en 2025 : Samuel Eto&rsquo;o, Franck biya, Cabral Libii annonc\u00e9s \u00e0 Etoudi\",\"datePublished\":\"2022-09-11T19:29:26+00:00\",\"dateModified\":\"2022-09-11T19:48:06+00:00\",\"mainEntityOfPage\":{\"@id\":\"https:\/\/www.africa-press.net\/cameroun\/politique\/succession-de-paul-biya-en-2025-samuel-etoo-franck-biya-cabral-libii-annonces-a-etoudi\"},\"wordCount\":464,\"commentCount\":0,\"image\":{\"@id\":\"https:\/\/www.africa-press.net\/cameroun\/politique\/succession-de-paul-biya-en-2025-samuel-etoo-franck-biya-cabral-libii-annonces-a-etoudi#primaryimage\"},\"thumbnailUrl\":\"https:\/\/static.africa-press.net\/cameroun\/sites\/57\/2022\/09\/postQueueImg_2-631e3b5d54d0a.jpg\",\"keywords\":[\"Africa Press\",\"Africa Press-Cameroun\",\"Cameroun\"],\"articleSection\":[\"homepage-french\",\"Politique\",\"Toutes les actualit\u00e9s\"],\"inLanguage\":\"fr-FR\",\"potentialAction\":[{\"@type\":\"CommentAction\",\"name\":\"Comment\",\"target\":[\"https:\/\/www.africa-press.net\/cameroun\/politique\/succession-de-paul-biya-en-2025-samuel-etoo-franck-biya-cabral-libii-annonces-a-etoudi#respond\"]}]},{\"@type\":\"WebPage\",\"@id\":\"https:\/\/www.africa-press.net\/cameroun\/politique\/succession-de-paul-biya-en-2025-samuel-etoo-franck-biya-cabral-libii-annonces-a-etoudi\",\"url\":\"https:\/\/www.africa-press.net\/cameroun\/politique\/succession-de-paul-biya-en-2025-samuel-etoo-franck-biya-cabral-libii-annonces-a-etoudi\",\"name\":\"Succession de Paul Biya en 2025 : Samuel Eto'o, Franck biya, Cabral Libii annonc\u00e9s \u00e0 Etoudi - Cameroun\",\"isPartOf\":{\"@id\":\"https:\/\/www.africa-press.net\/cameroun\/#website\"},\"primaryImageOfPage\":{\"@id\":\"https:\/\/www.africa-press.net\/cameroun\/politique\/succession-de-paul-biya-en-2025-samuel-etoo-franck-biya-cabral-libii-annonces-a-etoudi#primaryimage\"},\"image\":{\"@id\":\"https:\/\/www.africa-press.net\/cameroun\/politique\/succession-de-paul-biya-en-2025-samuel-etoo-franck-biya-cabral-libii-annonces-a-etoudi#primaryimage\"},\"thumbnailUrl\":\"https:\/\/static.africa-press.net\/cameroun\/sites\/57\/2022\/09\/postQueueImg_2-631e3b5d54d0a.jpg\",\"datePublished\":\"2022-09-11T19:29:26+00:00\",\"dateModified\":\"2022-09-11T19:48:06+00:00\",\"author\":{\"@id\":\"https:\/\/www.africa-press.net\/cameroun\/#\/schema\/person\/2b1cf3cd81a31e3cd26889ca66d677f1\"},\"description\":\"L\u2019\u00e9lection pr\u00e9sidentielle de 2025 s\u2019annonce \u00e0 grand pas. Dans pratiquement 2 ans, Paul Biya, 90 ans et plus de 40 ans au ...\",\"breadcrumb\":{\"@id\":\"https:\/\/www.africa-press.net\/cameroun\/politique\/succession-de-paul-biya-en-2025-samuel-etoo-franck-biya-cabral-libii-annonces-a-etoudi#breadcrumb\"},\"inLanguage\":\"fr-FR\",\"potentialAction\":[{\"@type\":\"ReadAction\",\"target\":[\"https:\/\/www.africa-press.net\/cameroun\/politique\/succession-de-paul-biya-en-2025-samuel-etoo-franck-biya-cabral-libii-annonces-a-etoudi\"]}]},{\"@type\":\"ImageObject\",\"inLanguage\":\"fr-FR\",\"@id\":\"https:\/\/www.africa-press.net\/cameroun\/politique\/succession-de-paul-biya-en-2025-samuel-etoo-franck-biya-cabral-libii-annonces-a-etoudi#primaryimage\",\"url\":\"https:\/\/static.africa-press.net\/cameroun\/sites\/57\/2022\/09\/postQueueImg_2-631e3b5d54d0a.jpg\",\"contentUrl\":\"https:\/\/static.africa-press.net\/cameroun\/sites\/57\/2022\/09\/postQueueImg_2-631e3b5d54d0a.jpg\",\"width\":1280,\"height\":720,\"caption\":\"Succession de Paul Biya en 2025 : Samuel Eto'o, Franck biya, Cabral Libii annonc\u00e9s \u00e0 Etoudi\"},{\"@type\":\"BreadcrumbList\",\"@id\":\"https:\/\/www.africa-press.net\/cameroun\/politique\/succession-de-paul-biya-en-2025-samuel-etoo-franck-biya-cabral-libii-annonces-a-etoudi#breadcrumb\",\"itemListElement\":[{\"@type\":\"ListItem\",\"position\":1,\"name\":\"Accueil\",\"item\":\"https:\/\/www.africa-press.net\/cameroun\/\"},{\"@type\":\"ListItem\",\"position\":2,\"name\":\"Succession de Paul Biya en 2025 : Samuel Eto&#8217;o, Franck biya, Cabral Libii annonc\u00e9s \u00e0 Etoudi\"}]},{\"@type\":\"WebSite\",\"@id\":\"https:\/\/www.africa-press.net\/cameroun\/#website\",\"url\":\"https:\/\/www.africa-press.net\/cameroun\/\",\"name\":\"Cameroun\",\"description\":\"Just another Africa News Agency Sites site\",\"potentialAction\":[{\"@type\":\"SearchAction\",\"target\":{\"@type\":\"EntryPoint\",\"urlTemplate\":\"https:\/\/www.africa-press.net\/cameroun\/?s={search_term_string}\"},\"query-input\":{\"@type\":\"PropertyValueSpecification\",\"valueRequired\":true,\"valueName\":\"search_term_string\"}}],\"inLanguage\":\"fr-FR\"},{\"@type\":\"Person\",\"@id\":\"https:\/\/www.africa-press.net\/cameroun\/#\/schema\/person\/2b1cf3cd81a31e3cd26889ca66d677f1\",\"name\":\"cfeditorfr\"}]}<\/script>\n<!-- \/ Yoast SEO Premium plugin. -->","yoast_head_json":{"title":"Succession de Paul Biya en 2025 : Samuel Eto'o, Franck biya, Cabral Libii annonc\u00e9s \u00e0 Etoudi - Cameroun","description":"L\u2019\u00e9lection pr\u00e9sidentielle de 2025 s\u2019annonce \u00e0 grand pas. Dans pratiquement 2 ans, Paul Biya, 90 ans et plus de 40 ans au ...","robots":{"index":"index","follow":"follow","max-snippet":"max-snippet:-1","max-image-preview":"max-image-preview:large","max-video-preview":"max-video-preview:-1"},"canonical":"https:\/\/www.africa-press.net\/cameroun\/politique\/succession-de-paul-biya-en-2025-samuel-etoo-franck-biya-cabral-libii-annonces-a-etoudi","og_locale":"fr_FR","og_type":"article","og_title":"Succession de Paul Biya en 2025 : Samuel Eto'o, Franck biya, Cabral Libii annonc\u00e9s \u00e0 Etoudi","og_description":"L\u2019\u00e9lection pr\u00e9sidentielle de 2025 s\u2019annonce \u00e0 grand pas. Dans pratiquement 2 ans, Paul Biya, 90 ans et plus de 40 ans au ...","og_url":"https:\/\/www.africa-press.net\/cameroun\/politique\/succession-de-paul-biya-en-2025-samuel-etoo-franck-biya-cabral-libii-annonces-a-etoudi","og_site_name":"Cameroun","article_published_time":"2022-09-11T19:29:26+00:00","article_modified_time":"2022-09-11T19:48:06+00:00","og_image":[{"width":1280,"height":720,"url":"https:\/\/static.africa-press.net\/cameroun\/sites\/57\/2022\/09\/postQueueImg_2-631e3b5d54d0a.jpg","type":"image\/jpeg"}],"author":"cfeditorfr","twitter_card":"summary_large_image","twitter_misc":{"\u00c9crit par":"cfeditorfr","Dur\u00e9e de lecture estim\u00e9e":"3 minutes"},"schema":{"@context":"https:\/\/schema.org","@graph":[{"@type":"Article","@id":"https:\/\/www.africa-press.net\/cameroun\/politique\/succession-de-paul-biya-en-2025-samuel-etoo-franck-biya-cabral-libii-annonces-a-etoudi#article","isPartOf":{"@id":"https:\/\/www.africa-press.net\/cameroun\/politique\/succession-de-paul-biya-en-2025-samuel-etoo-franck-biya-cabral-libii-annonces-a-etoudi"},"author":{"name":"cfeditorfr","@id":"https:\/\/www.africa-press.net\/cameroun\/#\/schema\/person\/2b1cf3cd81a31e3cd26889ca66d677f1"},"headline":"Succession de Paul Biya en 2025 : Samuel Eto&rsquo;o, Franck biya, Cabral Libii annonc\u00e9s \u00e0 Etoudi","datePublished":"2022-09-11T19:29:26+00:00","dateModified":"2022-09-11T19:48:06+00:00","mainEntityOfPage":{"@id":"https:\/\/www.africa-press.net\/cameroun\/politique\/succession-de-paul-biya-en-2025-samuel-etoo-franck-biya-cabral-libii-annonces-a-etoudi"},"wordCount":464,"commentCount":0,"image":{"@id":"https:\/\/www.africa-press.net\/cameroun\/politique\/succession-de-paul-biya-en-2025-samuel-etoo-franck-biya-cabral-libii-annonces-a-etoudi#primaryimage"},"thumbnailUrl":"https:\/\/static.africa-press.net\/cameroun\/sites\/57\/2022\/09\/postQueueImg_2-631e3b5d54d0a.jpg","keywords":["Africa Press","Africa Press-Cameroun","Cameroun"],"articleSection":["homepage-french","Politique","Toutes les actualit\u00e9s"],"inLanguage":"fr-FR","potentialAction":[{"@type":"CommentAction","name":"Comment","target":["https:\/\/www.africa-press.net\/cameroun\/politique\/succession-de-paul-biya-en-2025-samuel-etoo-franck-biya-cabral-libii-annonces-a-etoudi#respond"]}]},{"@type":"WebPage","@id":"https:\/\/www.africa-press.net\/cameroun\/politique\/succession-de-paul-biya-en-2025-samuel-etoo-franck-biya-cabral-libii-annonces-a-etoudi","url":"https:\/\/www.africa-press.net\/cameroun\/politique\/succession-de-paul-biya-en-2025-samuel-etoo-franck-biya-cabral-libii-annonces-a-etoudi","name":"Succession de Paul Biya en 2025 : Samuel Eto'o, Franck biya, Cabral Libii annonc\u00e9s \u00e0 Etoudi - Cameroun","isPartOf":{"@id":"https:\/\/www.africa-press.net\/cameroun\/#website"},"primaryImageOfPage":{"@id":"https:\/\/www.africa-press.net\/cameroun\/politique\/succession-de-paul-biya-en-2025-samuel-etoo-franck-biya-cabral-libii-annonces-a-etoudi#primaryimage"},"image":{"@id":"https:\/\/www.africa-press.net\/cameroun\/politique\/succession-de-paul-biya-en-2025-samuel-etoo-franck-biya-cabral-libii-annonces-a-etoudi#primaryimage"},"thumbnailUrl":"https:\/\/static.africa-press.net\/cameroun\/sites\/57\/2022\/09\/postQueueImg_2-631e3b5d54d0a.jpg","datePublished":"2022-09-11T19:29:26+00:00","dateModified":"2022-09-11T19:48:06+00:00","author":{"@id":"https:\/\/www.africa-press.net\/cameroun\/#\/schema\/person\/2b1cf3cd81a31e3cd26889ca66d677f1"},"description":"L\u2019\u00e9lection pr\u00e9sidentielle de 2025 s\u2019annonce \u00e0 grand pas. Dans pratiquement 2 ans, Paul Biya, 90 ans et plus de 40 ans au ...","breadcrumb":{"@id":"https:\/\/www.africa-press.net\/cameroun\/politique\/succession-de-paul-biya-en-2025-samuel-etoo-franck-biya-cabral-libii-annonces-a-etoudi#breadcrumb"},"inLanguage":"fr-FR","potentialAction":[{"@type":"ReadAction","target":["https:\/\/www.africa-press.net\/cameroun\/politique\/succession-de-paul-biya-en-2025-samuel-etoo-franck-biya-cabral-libii-annonces-a-etoudi"]}]},{"@type":"ImageObject","inLanguage":"fr-FR","@id":"https:\/\/www.africa-press.net\/cameroun\/politique\/succession-de-paul-biya-en-2025-samuel-etoo-franck-biya-cabral-libii-annonces-a-etoudi#primaryimage","url":"https:\/\/static.africa-press.net\/cameroun\/sites\/57\/2022\/09\/postQueueImg_2-631e3b5d54d0a.jpg","contentUrl":"https:\/\/static.africa-press.net\/cameroun\/sites\/57\/2022\/09\/postQueueImg_2-631e3b5d54d0a.jpg","width":1280,"height":720,"caption":"Succession de Paul Biya en 2025 : Samuel Eto'o, Franck biya, Cabral Libii annonc\u00e9s \u00e0 Etoudi"},{"@type":"BreadcrumbList","@id":"https:\/\/www.africa-press.net\/cameroun\/politique\/succession-de-paul-biya-en-2025-samuel-etoo-franck-biya-cabral-libii-annonces-a-etoudi#breadcrumb","itemListElement":[{"@type":"ListItem","position":1,"name":"Accueil","item":"https:\/\/www.africa-press.net\/cameroun\/"},{"@type":"ListItem","position":2,"name":"Succession de Paul Biya en 2025 : Samuel Eto&#8217;o, Franck biya, Cabral Libii annonc\u00e9s \u00e0 Etoudi"}]},{"@type":"WebSite","@id":"https:\/\/www.africa-press.net\/cameroun\/#website","url":"https:\/\/www.africa-press.net\/cameroun\/","name":"Cameroun","description":"Just another Africa News Agency Sites site","potentialAction":[{"@type":"SearchAction","target":{"@type":"EntryPoint","urlTemplate":"https:\/\/www.africa-press.net\/cameroun\/?s={search_term_string}"},"query-input":{"@type":"PropertyValueSpecification","valueRequired":true,"valueName":"search_term_string"}}],"inLanguage":"fr-FR"},{"@type":"Person","@id":"https:\/\/www.africa-press.net\/cameroun\/#\/schema\/person\/2b1cf3cd81a31e3cd26889ca66d677f1","name":"cfeditorfr"}]}},"_links":{"self":[{"href":"https:\/\/www.africa-press.net\/cameroun\/wp-json\/wp\/v2\/posts\/27167","targetHints":{"allow":["GET"]}}],"collection":[{"href":"https:\/\/www.africa-press.net\/cameroun\/wp-json\/wp\/v2\/posts"}],"about":[{"href":"https:\/\/www.africa-press.net\/cameroun\/wp-json\/wp\/v2\/types\/post"}],"author":[{"embeddable":true,"href":"https:\/\/www.africa-press.net\/cameroun\/wp-json\/wp\/v2\/users\/82"}],"replies":[{"embeddable":true,"href":"https:\/\/www.africa-press.net\/cameroun\/wp-json\/wp\/v2\/comments?post=27167"}],"version-history":[{"count":0,"href":"https:\/\/www.africa-press.net\/cameroun\/wp-json\/wp\/v2\/posts\/27167\/revisions"}],"wp:featuredmedia":[{"embeddable":true,"href":"https:\/\/www.africa-press.net\/cameroun\/wp-json\/wp\/v2\/media\/27166"}],"wp:attachment":[{"href":"https:\/\/www.africa-press.net\/cameroun\/wp-json\/wp\/v2\/media?parent=27167"}],"wp:term":[{"taxonomy":"category","embeddable":true,"href":"https:\/\/www.africa-press.net\/cameroun\/wp-json\/wp\/v2\/categories?post=27167"},{"taxonomy":"post_tag","embeddable":true,"href":"https:\/\/www.africa-press.net\/cameroun\/wp-json\/wp\/v2\/tags?post=27167"}],"curies":[{"name":"wp","href":"https:\/\/api.w.org\/{rel}","templated":true}]}}