{"id":27170,"date":"2022-09-11T19:30:49","date_gmt":"2022-09-11T19:30:49","guid":{"rendered":"https:\/\/www.africa-press.net\/cameroun\/politique\/inedit-un-soutien-de-paul-biya-lui-demande-de-liberer-olivier-bibou-nissack"},"modified":"2022-09-11T19:48:33","modified_gmt":"2022-09-11T19:48:33","slug":"inedit-un-soutien-de-paul-biya-lui-demande-de-liberer-olivier-bibou-nissack","status":"publish","type":"post","link":"https:\/\/www.africa-press.net\/cameroun\/toutes-les-actualites\/inedit-un-soutien-de-paul-biya-lui-demande-de-liberer-olivier-bibou-nissack","title":{"rendered":"INEDIT : un soutien de Paul Biya lui demande de lib\u00e9rer Olivier Bibou Nissack"},"content":{"rendered":"<p><span style=\"color: #ff6600\"><strong>Africa-Press &#8211; Cameroun. <\/strong><\/span>Depuis son arrestation, sa femme et ses amis se battent dehors pour sa lib\u00e9ration. Et lui, depuis sa prison, il a gard\u00e9 sa combativit\u00e9 qu\u2019on lui connaissait sur le champ politique aux c\u00f4t\u00e9 de Maurice Kamto et du MRC. Lui, c\u2019est Olivier Bibou Nissack, condamn\u00e9 par le tribunal militaire de Douala avec certains ses compagnons \u00e0 des peines allant jusqu\u2019\u00e0 07 ans de prison ferme. Les appels \u00e0 sa lib\u00e9ration se multiplient. Un autre vient de Polycarpe Xavier Atangana Eteme, qui se dit soutien de Paul Biya.<\/p>\n<p>J&rsquo;exhorte le Pr\u00e9sident Paul Biya , grand soutien ind\u00e9fectible que je suis pour lui , \u00e0 faire la publicit\u00e9 de la justice en utilisant les solutions juridiques qui existent ( peines alternatives, contr\u00f4le judiciaire, assignation \u00e0 r\u00e9sidence, lib\u00e9ration conditionnelle, r\u00e9duction de peine, suspension de peine pour raison m\u00e9dicale , amnistie, gr\u00e2ce, etc ) en faveur de Monsieur Olivier Bibou Nissack, jusqu&rsquo;aux auteurs de petits d\u00e9lits li\u00e9s \u00e0 la mis\u00e8re : vol de plantain.<\/p>\n<p>D&rsquo;abord, cette demande est essentielle pour un Cameroun un et indivisible pour une paix durable demain. Ensuite, ils sont une mains<\/p>\n<p>d&rsquo;oeuvre importante et ressource intellectuelle n\u00e9cessaire pour d\u00e9velopper le Cameroun.<\/p>\n<p>Faisons table rase sur Tout!!<\/p>\n<p>Polycarpe xavier Atangana eteme, pour une soci\u00e9t\u00e9 fraternelle.<\/p>\n<p><strong>Pour plus d&rsquo;informations et d&rsquo;analyses sur la <a href=\"https:\/\/www.africa-press.net\/cameroun\">Cameroun<\/a>, suivez <a href=\"https:\/\/www.africa-press.net\/\">Africa-Press<\/a><\/strong><\/p>\n","protected":false},"excerpt":{"rendered":"<p>Africa-Press &#8211; Cameroun. Depuis son arrestation, sa femme et ses amis se battent dehors pour sa lib\u00e9ration. Et lui, depuis sa prison, il a gard\u00e9 sa combativit\u00e9 qu\u2019on lui connaissait sur le champ politique aux c\u00f4t\u00e9 de Maurice Kamto et du MRC. Lui, c\u2019est Olivier Bibou Nissack, condamn\u00e9 par le tribunal militaire de Douala avec [&hellip;]<\/p>\n","protected":false},"author":82,"featured_media":27169,"comment_status":"open","ping_status":"closed","sticky":false,"template":"","format":"standard","meta":{"footnotes":""},"categories":[21,11,10],"tags":[36,50,49],"class_list":["post-27170","post","type-post","status-publish","format-standard","has-post-thumbnail","hentry","category-communaute","category-homepage-french","category-toutes-les-actualites","tag-africa-press","tag-africa-press-cameroun","tag-cameroun"],"yoast_head":"<!-- This site is optimized with the Yoast SEO Premium plugin v26.1 (Yoast SEO v27.0) - https:\/\/yoast.com\/product\/yoast-seo-premium-wordpress\/ -->\n<title>INEDIT : un soutien de Paul Biya lui demande de lib\u00e9rer Olivier Bibou Nissack - Cameroun<\/title>\n<meta name=\"description\" content=\"Depuis son arrestation, sa femme et ses amis se battent dehors pour sa lib\u00e9ration. Et lui, depuis sa prison, il a gard\u00e9 ...\" \/>\n<meta name=\"robots\" content=\"index, follow, max-snippet:-1, max-image-preview:large, max-video-preview:-1\" \/>\n<link rel=\"canonical\" href=\"https:\/\/www.africa-press.net\/cameroun\/toutes-les-actualites\/inedit-un-soutien-de-paul-biya-lui-demande-de-liberer-olivier-bibou-nissack\" \/>\n<meta property=\"og:locale\" content=\"fr_FR\" \/>\n<meta property=\"og:type\" content=\"article\" \/>\n<meta property=\"og:title\" content=\"INEDIT : un soutien de Paul Biya lui demande de lib\u00e9rer Olivier Bibou Nissack\" \/>\n<meta property=\"og:description\" content=\"Depuis son arrestation, sa femme et ses amis se battent dehors pour sa lib\u00e9ration. Et lui, depuis sa prison, il a gard\u00e9 ...\" \/>\n<meta property=\"og:url\" content=\"https:\/\/www.africa-press.net\/cameroun\/toutes-les-actualites\/inedit-un-soutien-de-paul-biya-lui-demande-de-liberer-olivier-bibou-nissack\" \/>\n<meta property=\"og:site_name\" content=\"Cameroun\" \/>\n<meta property=\"article:published_time\" content=\"2022-09-11T19:30:49+00:00\" \/>\n<meta property=\"article:modified_time\" content=\"2022-09-11T19:48:33+00:00\" \/>\n<meta property=\"og:image\" content=\"https:\/\/static.africa-press.net\/cameroun\/sites\/57\/2022\/09\/postQueueImg_3-631e3b7c69c08.jpg\" \/>\n\t<meta property=\"og:image:width\" content=\"600\" \/>\n\t<meta property=\"og:image:height\" content=\"374\" \/>\n\t<meta property=\"og:image:type\" content=\"image\/jpeg\" \/>\n<meta name=\"author\" content=\"cfeditorfr\" \/>\n<meta name=\"twitter:card\" content=\"summary_large_image\" \/>\n<meta name=\"twitter:label1\" content=\"\u00c9crit par\" \/>\n\t<meta name=\"twitter:data1\" content=\"cfeditorfr\" \/>\n\t<meta name=\"twitter:label2\" content=\"Dur\u00e9e de lecture estim\u00e9e\" \/>\n\t<meta name=\"twitter:data2\" content=\"2 minutes\" \/>\n<script type=\"application\/ld+json\" class=\"yoast-schema-graph\">{\"@context\":\"https:\/\/schema.org\",\"@graph\":[{\"@type\":\"Article\",\"@id\":\"https:\/\/www.africa-press.net\/cameroun\/toutes-les-actualites\/inedit-un-soutien-de-paul-biya-lui-demande-de-liberer-olivier-bibou-nissack#article\",\"isPartOf\":{\"@id\":\"https:\/\/www.africa-press.net\/cameroun\/toutes-les-actualites\/inedit-un-soutien-de-paul-biya-lui-demande-de-liberer-olivier-bibou-nissack\"},\"author\":{\"name\":\"cfeditorfr\",\"@id\":\"https:\/\/www.africa-press.net\/cameroun\/#\/schema\/person\/2b1cf3cd81a31e3cd26889ca66d677f1\"},\"headline\":\"INEDIT : un soutien de Paul Biya lui demande de lib\u00e9rer Olivier Bibou Nissack\",\"datePublished\":\"2022-09-11T19:30:49+00:00\",\"dateModified\":\"2022-09-11T19:48:33+00:00\",\"mainEntityOfPage\":{\"@id\":\"https:\/\/www.africa-press.net\/cameroun\/toutes-les-actualites\/inedit-un-soutien-de-paul-biya-lui-demande-de-liberer-olivier-bibou-nissack\"},\"wordCount\":244,\"commentCount\":0,\"image\":{\"@id\":\"https:\/\/www.africa-press.net\/cameroun\/toutes-les-actualites\/inedit-un-soutien-de-paul-biya-lui-demande-de-liberer-olivier-bibou-nissack#primaryimage\"},\"thumbnailUrl\":\"https:\/\/static.africa-press.net\/cameroun\/sites\/57\/2022\/09\/postQueueImg_3-631e3b7c69c08.jpg\",\"keywords\":[\"Africa Press\",\"Africa Press-Cameroun\",\"Cameroun\"],\"articleSection\":[\"Communaut\u00e9\",\"homepage-french\",\"Toutes les actualit\u00e9s\"],\"inLanguage\":\"fr-FR\",\"potentialAction\":[{\"@type\":\"CommentAction\",\"name\":\"Comment\",\"target\":[\"https:\/\/www.africa-press.net\/cameroun\/toutes-les-actualites\/inedit-un-soutien-de-paul-biya-lui-demande-de-liberer-olivier-bibou-nissack#respond\"]}]},{\"@type\":\"WebPage\",\"@id\":\"https:\/\/www.africa-press.net\/cameroun\/toutes-les-actualites\/inedit-un-soutien-de-paul-biya-lui-demande-de-liberer-olivier-bibou-nissack\",\"url\":\"https:\/\/www.africa-press.net\/cameroun\/toutes-les-actualites\/inedit-un-soutien-de-paul-biya-lui-demande-de-liberer-olivier-bibou-nissack\",\"name\":\"INEDIT : un soutien de Paul Biya lui demande de lib\u00e9rer Olivier Bibou Nissack - Cameroun\",\"isPartOf\":{\"@id\":\"https:\/\/www.africa-press.net\/cameroun\/#website\"},\"primaryImageOfPage\":{\"@id\":\"https:\/\/www.africa-press.net\/cameroun\/toutes-les-actualites\/inedit-un-soutien-de-paul-biya-lui-demande-de-liberer-olivier-bibou-nissack#primaryimage\"},\"image\":{\"@id\":\"https:\/\/www.africa-press.net\/cameroun\/toutes-les-actualites\/inedit-un-soutien-de-paul-biya-lui-demande-de-liberer-olivier-bibou-nissack#primaryimage\"},\"thumbnailUrl\":\"https:\/\/static.africa-press.net\/cameroun\/sites\/57\/2022\/09\/postQueueImg_3-631e3b7c69c08.jpg\",\"datePublished\":\"2022-09-11T19:30:49+00:00\",\"dateModified\":\"2022-09-11T19:48:33+00:00\",\"author\":{\"@id\":\"https:\/\/www.africa-press.net\/cameroun\/#\/schema\/person\/2b1cf3cd81a31e3cd26889ca66d677f1\"},\"description\":\"Depuis son arrestation, sa femme et ses amis se battent dehors pour sa lib\u00e9ration. Et lui, depuis sa prison, il a gard\u00e9 ...\",\"breadcrumb\":{\"@id\":\"https:\/\/www.africa-press.net\/cameroun\/toutes-les-actualites\/inedit-un-soutien-de-paul-biya-lui-demande-de-liberer-olivier-bibou-nissack#breadcrumb\"},\"inLanguage\":\"fr-FR\",\"potentialAction\":[{\"@type\":\"ReadAction\",\"target\":[\"https:\/\/www.africa-press.net\/cameroun\/toutes-les-actualites\/inedit-un-soutien-de-paul-biya-lui-demande-de-liberer-olivier-bibou-nissack\"]}]},{\"@type\":\"ImageObject\",\"inLanguage\":\"fr-FR\",\"@id\":\"https:\/\/www.africa-press.net\/cameroun\/toutes-les-actualites\/inedit-un-soutien-de-paul-biya-lui-demande-de-liberer-olivier-bibou-nissack#primaryimage\",\"url\":\"https:\/\/static.africa-press.net\/cameroun\/sites\/57\/2022\/09\/postQueueImg_3-631e3b7c69c08.jpg\",\"contentUrl\":\"https:\/\/static.africa-press.net\/cameroun\/sites\/57\/2022\/09\/postQueueImg_3-631e3b7c69c08.jpg\",\"width\":600,\"height\":374,\"caption\":\"INEDIT : un soutien de Paul Biya lui demande de lib\u00e9rer Olivier Bibou Nissack\"},{\"@type\":\"BreadcrumbList\",\"@id\":\"https:\/\/www.africa-press.net\/cameroun\/toutes-les-actualites\/inedit-un-soutien-de-paul-biya-lui-demande-de-liberer-olivier-bibou-nissack#breadcrumb\",\"itemListElement\":[{\"@type\":\"ListItem\",\"position\":1,\"name\":\"Accueil\",\"item\":\"https:\/\/www.africa-press.net\/cameroun\/\"},{\"@type\":\"ListItem\",\"position\":2,\"name\":\"INEDIT : un soutien de Paul Biya lui demande de lib\u00e9rer Olivier Bibou Nissack\"}]},{\"@type\":\"WebSite\",\"@id\":\"https:\/\/www.africa-press.net\/cameroun\/#website\",\"url\":\"https:\/\/www.africa-press.net\/cameroun\/\",\"name\":\"Cameroun\",\"description\":\"Just another Africa News Agency Sites site\",\"potentialAction\":[{\"@type\":\"SearchAction\",\"target\":{\"@type\":\"EntryPoint\",\"urlTemplate\":\"https:\/\/www.africa-press.net\/cameroun\/?s={search_term_string}\"},\"query-input\":{\"@type\":\"PropertyValueSpecification\",\"valueRequired\":true,\"valueName\":\"search_term_string\"}}],\"inLanguage\":\"fr-FR\"},{\"@type\":\"Person\",\"@id\":\"https:\/\/www.africa-press.net\/cameroun\/#\/schema\/person\/2b1cf3cd81a31e3cd26889ca66d677f1\",\"name\":\"cfeditorfr\"}]}<\/script>\n<!-- \/ Yoast SEO Premium plugin. -->","yoast_head_json":{"title":"INEDIT : un soutien de Paul Biya lui demande de lib\u00e9rer Olivier Bibou Nissack - Cameroun","description":"Depuis son arrestation, sa femme et ses amis se battent dehors pour sa lib\u00e9ration. Et lui, depuis sa prison, il a gard\u00e9 ...","robots":{"index":"index","follow":"follow","max-snippet":"max-snippet:-1","max-image-preview":"max-image-preview:large","max-video-preview":"max-video-preview:-1"},"canonical":"https:\/\/www.africa-press.net\/cameroun\/toutes-les-actualites\/inedit-un-soutien-de-paul-biya-lui-demande-de-liberer-olivier-bibou-nissack","og_locale":"fr_FR","og_type":"article","og_title":"INEDIT : un soutien de Paul Biya lui demande de lib\u00e9rer Olivier Bibou Nissack","og_description":"Depuis son arrestation, sa femme et ses amis se battent dehors pour sa lib\u00e9ration. Et lui, depuis sa prison, il a gard\u00e9 ...","og_url":"https:\/\/www.africa-press.net\/cameroun\/toutes-les-actualites\/inedit-un-soutien-de-paul-biya-lui-demande-de-liberer-olivier-bibou-nissack","og_site_name":"Cameroun","article_published_time":"2022-09-11T19:30:49+00:00","article_modified_time":"2022-09-11T19:48:33+00:00","og_image":[{"width":600,"height":374,"url":"https:\/\/static.africa-press.net\/cameroun\/sites\/57\/2022\/09\/postQueueImg_3-631e3b7c69c08.jpg","type":"image\/jpeg"}],"author":"cfeditorfr","twitter_card":"summary_large_image","twitter_misc":{"\u00c9crit par":"cfeditorfr","Dur\u00e9e de lecture estim\u00e9e":"2 minutes"},"schema":{"@context":"https:\/\/schema.org","@graph":[{"@type":"Article","@id":"https:\/\/www.africa-press.net\/cameroun\/toutes-les-actualites\/inedit-un-soutien-de-paul-biya-lui-demande-de-liberer-olivier-bibou-nissack#article","isPartOf":{"@id":"https:\/\/www.africa-press.net\/cameroun\/toutes-les-actualites\/inedit-un-soutien-de-paul-biya-lui-demande-de-liberer-olivier-bibou-nissack"},"author":{"name":"cfeditorfr","@id":"https:\/\/www.africa-press.net\/cameroun\/#\/schema\/person\/2b1cf3cd81a31e3cd26889ca66d677f1"},"headline":"INEDIT : un soutien de Paul Biya lui demande de lib\u00e9rer Olivier Bibou Nissack","datePublished":"2022-09-11T19:30:49+00:00","dateModified":"2022-09-11T19:48:33+00:00","mainEntityOfPage":{"@id":"https:\/\/www.africa-press.net\/cameroun\/toutes-les-actualites\/inedit-un-soutien-de-paul-biya-lui-demande-de-liberer-olivier-bibou-nissack"},"wordCount":244,"commentCount":0,"image":{"@id":"https:\/\/www.africa-press.net\/cameroun\/toutes-les-actualites\/inedit-un-soutien-de-paul-biya-lui-demande-de-liberer-olivier-bibou-nissack#primaryimage"},"thumbnailUrl":"https:\/\/static.africa-press.net\/cameroun\/sites\/57\/2022\/09\/postQueueImg_3-631e3b7c69c08.jpg","keywords":["Africa Press","Africa Press-Cameroun","Cameroun"],"articleSection":["Communaut\u00e9","homepage-french","Toutes les actualit\u00e9s"],"inLanguage":"fr-FR","potentialAction":[{"@type":"CommentAction","name":"Comment","target":["https:\/\/www.africa-press.net\/cameroun\/toutes-les-actualites\/inedit-un-soutien-de-paul-biya-lui-demande-de-liberer-olivier-bibou-nissack#respond"]}]},{"@type":"WebPage","@id":"https:\/\/www.africa-press.net\/cameroun\/toutes-les-actualites\/inedit-un-soutien-de-paul-biya-lui-demande-de-liberer-olivier-bibou-nissack","url":"https:\/\/www.africa-press.net\/cameroun\/toutes-les-actualites\/inedit-un-soutien-de-paul-biya-lui-demande-de-liberer-olivier-bibou-nissack","name":"INEDIT : un soutien de Paul Biya lui demande de lib\u00e9rer Olivier Bibou Nissack - Cameroun","isPartOf":{"@id":"https:\/\/www.africa-press.net\/cameroun\/#website"},"primaryImageOfPage":{"@id":"https:\/\/www.africa-press.net\/cameroun\/toutes-les-actualites\/inedit-un-soutien-de-paul-biya-lui-demande-de-liberer-olivier-bibou-nissack#primaryimage"},"image":{"@id":"https:\/\/www.africa-press.net\/cameroun\/toutes-les-actualites\/inedit-un-soutien-de-paul-biya-lui-demande-de-liberer-olivier-bibou-nissack#primaryimage"},"thumbnailUrl":"https:\/\/static.africa-press.net\/cameroun\/sites\/57\/2022\/09\/postQueueImg_3-631e3b7c69c08.jpg","datePublished":"2022-09-11T19:30:49+00:00","dateModified":"2022-09-11T19:48:33+00:00","author":{"@id":"https:\/\/www.africa-press.net\/cameroun\/#\/schema\/person\/2b1cf3cd81a31e3cd26889ca66d677f1"},"description":"Depuis son arrestation, sa femme et ses amis se battent dehors pour sa lib\u00e9ration. Et lui, depuis sa prison, il a gard\u00e9 ...","breadcrumb":{"@id":"https:\/\/www.africa-press.net\/cameroun\/toutes-les-actualites\/inedit-un-soutien-de-paul-biya-lui-demande-de-liberer-olivier-bibou-nissack#breadcrumb"},"inLanguage":"fr-FR","potentialAction":[{"@type":"ReadAction","target":["https:\/\/www.africa-press.net\/cameroun\/toutes-les-actualites\/inedit-un-soutien-de-paul-biya-lui-demande-de-liberer-olivier-bibou-nissack"]}]},{"@type":"ImageObject","inLanguage":"fr-FR","@id":"https:\/\/www.africa-press.net\/cameroun\/toutes-les-actualites\/inedit-un-soutien-de-paul-biya-lui-demande-de-liberer-olivier-bibou-nissack#primaryimage","url":"https:\/\/static.africa-press.net\/cameroun\/sites\/57\/2022\/09\/postQueueImg_3-631e3b7c69c08.jpg","contentUrl":"https:\/\/static.africa-press.net\/cameroun\/sites\/57\/2022\/09\/postQueueImg_3-631e3b7c69c08.jpg","width":600,"height":374,"caption":"INEDIT : un soutien de Paul Biya lui demande de lib\u00e9rer Olivier Bibou Nissack"},{"@type":"BreadcrumbList","@id":"https:\/\/www.africa-press.net\/cameroun\/toutes-les-actualites\/inedit-un-soutien-de-paul-biya-lui-demande-de-liberer-olivier-bibou-nissack#breadcrumb","itemListElement":[{"@type":"ListItem","position":1,"name":"Accueil","item":"https:\/\/www.africa-press.net\/cameroun\/"},{"@type":"ListItem","position":2,"name":"INEDIT : un soutien de Paul Biya lui demande de lib\u00e9rer Olivier Bibou Nissack"}]},{"@type":"WebSite","@id":"https:\/\/www.africa-press.net\/cameroun\/#website","url":"https:\/\/www.africa-press.net\/cameroun\/","name":"Cameroun","description":"Just another Africa News Agency Sites site","potentialAction":[{"@type":"SearchAction","target":{"@type":"EntryPoint","urlTemplate":"https:\/\/www.africa-press.net\/cameroun\/?s={search_term_string}"},"query-input":{"@type":"PropertyValueSpecification","valueRequired":true,"valueName":"search_term_string"}}],"inLanguage":"fr-FR"},{"@type":"Person","@id":"https:\/\/www.africa-press.net\/cameroun\/#\/schema\/person\/2b1cf3cd81a31e3cd26889ca66d677f1","name":"cfeditorfr"}]}},"_links":{"self":[{"href":"https:\/\/www.africa-press.net\/cameroun\/wp-json\/wp\/v2\/posts\/27170","targetHints":{"allow":["GET"]}}],"collection":[{"href":"https:\/\/www.africa-press.net\/cameroun\/wp-json\/wp\/v2\/posts"}],"about":[{"href":"https:\/\/www.africa-press.net\/cameroun\/wp-json\/wp\/v2\/types\/post"}],"author":[{"embeddable":true,"href":"https:\/\/www.africa-press.net\/cameroun\/wp-json\/wp\/v2\/users\/82"}],"replies":[{"embeddable":true,"href":"https:\/\/www.africa-press.net\/cameroun\/wp-json\/wp\/v2\/comments?post=27170"}],"version-history":[{"count":0,"href":"https:\/\/www.africa-press.net\/cameroun\/wp-json\/wp\/v2\/posts\/27170\/revisions"}],"wp:featuredmedia":[{"embeddable":true,"href":"https:\/\/www.africa-press.net\/cameroun\/wp-json\/wp\/v2\/media\/27169"}],"wp:attachment":[{"href":"https:\/\/www.africa-press.net\/cameroun\/wp-json\/wp\/v2\/media?parent=27170"}],"wp:term":[{"taxonomy":"category","embeddable":true,"href":"https:\/\/www.africa-press.net\/cameroun\/wp-json\/wp\/v2\/categories?post=27170"},{"taxonomy":"post_tag","embeddable":true,"href":"https:\/\/www.africa-press.net\/cameroun\/wp-json\/wp\/v2\/tags?post=27170"}],"curies":[{"name":"wp","href":"https:\/\/api.w.org\/{rel}","templated":true}]}}