{"id":27176,"date":"2022-09-11T19:32:03","date_gmt":"2022-09-11T19:32:03","guid":{"rendered":"https:\/\/www.africa-press.net\/cameroun\/politique\/le-remplacant-constitutionnel-de-paul-biya-marcel-niat-njifendji-de-nouveau-malade-sest-envole-pour-paris"},"modified":"2022-09-11T19:49:42","modified_gmt":"2022-09-11T19:49:42","slug":"le-remplacant-constitutionnel-de-paul-biya-marcel-niat-njifendji-de-nouveau-malade-sest-envole-pour-paris","status":"publish","type":"post","link":"https:\/\/www.africa-press.net\/cameroun\/politique\/le-remplacant-constitutionnel-de-paul-biya-marcel-niat-njifendji-de-nouveau-malade-sest-envole-pour-paris","title":{"rendered":"Le rempla\u00e7ant constitutionnel de Paul Biya, Marcel Niat Njifendji de nouveau malade s&rsquo;est envol\u00e9 pour Paris"},"content":{"rendered":"<p><span style=\"color: #ff6600\"><strong>Africa-Press &#8211; Cameroun. <\/strong><\/span>Le pr\u00e9sident du S\u00e9nat Marcel Niat Njifenji serait de nouveau tr\u00e8s malade. C&rsquo;est une information de Boris Bertolt.<\/p>\n<p>Annon\u00e7ant l&rsquo;\u00e9tat critique de la sant\u00e9 du secr\u00e9taire g\u00e9n\u00e9ral du S\u00e9nat camerounais, Michel Mevaa Meboutou, Boris Bertolt a aussi annonc\u00e9 la pr\u00e9sence \u00e0 Paris du pr\u00e9sident du s\u00e9nat, Niat Njifendji qui serait aussi malade.<\/p>\n<p>\u00ab C\u2019est un secret de polichinelle, le pr\u00e9sident du s\u00e9nat, Niat Njifendji est malade. D\u2019ailleurs, il est arriv\u00e9 \u00e0 Paris il y a quelques jours pour ses traditionnelles visites m\u00e9dicales \u00bb a \u00e9crit le Journaliste et lanceur d&rsquo;alerte Boris Bertolt.<\/p>\n<p>L&rsquo;homme a eu plusieurs soucis de sant\u00e9 ces derni\u00e8res ann\u00e9es. Le rempla\u00e7ant constitutionnel de Paul Biya s\u00e9journerait donc \u00e0 Paris pour des soins.<\/p>\n<p>Ce n&rsquo;est pas la premi\u00e8re fois qu&rsquo;il s&rsquo;envole pour Paris dans la capitale Fran\u00e7aise pour des soins. La derni\u00e8re visite date d&rsquo;il y a quelques mois.<\/p>\n<p>Michel Mevaa M&rsquo;Eboutou, Secr\u00e9taire G\u00e9n\u00e9ral du S\u00e9nat, entre la vie et la mort<\/p>\n<p>Apr\u00e8s le G\u00e9n\u00e9ral Semengue hospitalis\u00e9 dans un \u00e9tat critique \u00e0 Yaound\u00e9, l&rsquo;on apprend aux derni\u00e8res nouvelles que le Secr\u00e9taire g\u00e9n\u00e9ral du S\u00e9nat, MICHEL MEVA\u2019A M\u2019EBOUTOU serait gravement malade.<\/p>\n<p>\u00ab C\u2019est un secret de polichinelle, le pr\u00e9sident du s\u00e9nat, Niat Njifendji est malade. D\u2019ailleurs, il est arriv\u00e9 \u00e0 Paris il y a quelques jours pour ses traditionnelles visites m\u00e9dicales.<\/p>\n<p>Mais, d\u00e9sormais c\u2019est \u00e9galement le secr\u00e9taire g\u00e9n\u00e9ral du s\u00e9nat, Michel Meva\u2019a M\u2019Eboutou qui voit son \u00e9tat de sant\u00e9 s\u2019aggraver. En effet, depuis bient\u00f4t 1 mois, Meva\u2019a M\u2019Eboutou ne part plus au bureau du fait de son \u00e9tat de sant\u00e9. Il est couch\u00e9 chez lui \u00bb r\u00e9v\u00e8le Boris Bertolt.<\/p>\n<p><strong>Pour plus d&rsquo;informations et d&rsquo;analyses sur la <a href=\"https:\/\/www.africa-press.net\/cameroun\">Cameroun<\/a>, suivez <a href=\"https:\/\/www.africa-press.net\/\">Africa-Press<\/a><\/strong><\/p>\n","protected":false},"excerpt":{"rendered":"<p>Africa-Press &#8211; Cameroun. Le pr\u00e9sident du S\u00e9nat Marcel Niat Njifenji serait de nouveau tr\u00e8s malade. C&rsquo;est une information de Boris Bertolt. Annon\u00e7ant l&rsquo;\u00e9tat critique de la sant\u00e9 du secr\u00e9taire g\u00e9n\u00e9ral du S\u00e9nat camerounais, Michel Mevaa Meboutou, Boris Bertolt a aussi annonc\u00e9 la pr\u00e9sence \u00e0 Paris du pr\u00e9sident du s\u00e9nat, Niat Njifendji qui serait aussi malade. [&hellip;]<\/p>\n","protected":false},"author":82,"featured_media":27175,"comment_status":"open","ping_status":"closed","sticky":false,"template":"","format":"standard","meta":{"footnotes":""},"categories":[11,2,10],"tags":[36,50,49],"class_list":["post-27176","post","type-post","status-publish","format-standard","has-post-thumbnail","hentry","category-homepage-french","category-politique","category-toutes-les-actualites","tag-africa-press","tag-africa-press-cameroun","tag-cameroun"],"yoast_head":"<!-- This site is optimized with the Yoast SEO Premium plugin v26.1 (Yoast SEO v27.0) - https:\/\/yoast.com\/product\/yoast-seo-premium-wordpress\/ -->\n<title>Le rempla\u00e7ant constitutionnel de Paul Biya, Marcel Niat Njifendji de nouveau malade s&#039;est envol\u00e9 pour Paris - Cameroun<\/title>\n<meta name=\"description\" content=\"Le pr\u00e9sident du S\u00e9nat Marcel Niat Njifenji serait de nouveau tr\u00e8s malade. C&#039;est une information de Boris Bertolt. Annon ...\" \/>\n<meta name=\"robots\" content=\"index, follow, max-snippet:-1, max-image-preview:large, max-video-preview:-1\" \/>\n<link rel=\"canonical\" href=\"https:\/\/www.africa-press.net\/cameroun\/politique\/le-remplacant-constitutionnel-de-paul-biya-marcel-niat-njifendji-de-nouveau-malade-sest-envole-pour-paris\" \/>\n<meta property=\"og:locale\" content=\"fr_FR\" \/>\n<meta property=\"og:type\" content=\"article\" \/>\n<meta property=\"og:title\" content=\"Le rempla\u00e7ant constitutionnel de Paul Biya, Marcel Niat Njifendji de nouveau malade s&#039;est envol\u00e9 pour Paris\" \/>\n<meta property=\"og:description\" content=\"Le pr\u00e9sident du S\u00e9nat Marcel Niat Njifenji serait de nouveau tr\u00e8s malade. C&#039;est une information de Boris Bertolt. Annon ...\" \/>\n<meta property=\"og:url\" content=\"https:\/\/www.africa-press.net\/cameroun\/politique\/le-remplacant-constitutionnel-de-paul-biya-marcel-niat-njifendji-de-nouveau-malade-sest-envole-pour-paris\" \/>\n<meta property=\"og:site_name\" content=\"Cameroun\" \/>\n<meta property=\"article:published_time\" content=\"2022-09-11T19:32:03+00:00\" \/>\n<meta property=\"article:modified_time\" content=\"2022-09-11T19:49:42+00:00\" \/>\n<meta property=\"og:image\" content=\"https:\/\/static.africa-press.net\/cameroun\/sites\/57\/2022\/09\/postQueueImg_5-631e3bbbe1717.jpg\" \/>\n\t<meta property=\"og:image:width\" content=\"600\" \/>\n\t<meta property=\"og:image:height\" content=\"316\" \/>\n\t<meta property=\"og:image:type\" content=\"image\/jpeg\" \/>\n<meta name=\"author\" content=\"cfeditorfr\" \/>\n<meta name=\"twitter:card\" content=\"summary_large_image\" \/>\n<meta name=\"twitter:label1\" content=\"\u00c9crit par\" \/>\n\t<meta name=\"twitter:data1\" content=\"cfeditorfr\" \/>\n\t<meta name=\"twitter:label2\" content=\"Dur\u00e9e de lecture estim\u00e9e\" \/>\n\t<meta name=\"twitter:data2\" content=\"2 minutes\" \/>\n<script type=\"application\/ld+json\" class=\"yoast-schema-graph\">{\"@context\":\"https:\/\/schema.org\",\"@graph\":[{\"@type\":\"Article\",\"@id\":\"https:\/\/www.africa-press.net\/cameroun\/politique\/le-remplacant-constitutionnel-de-paul-biya-marcel-niat-njifendji-de-nouveau-malade-sest-envole-pour-paris#article\",\"isPartOf\":{\"@id\":\"https:\/\/www.africa-press.net\/cameroun\/politique\/le-remplacant-constitutionnel-de-paul-biya-marcel-niat-njifendji-de-nouveau-malade-sest-envole-pour-paris\"},\"author\":{\"name\":\"cfeditorfr\",\"@id\":\"https:\/\/www.africa-press.net\/cameroun\/#\/schema\/person\/2b1cf3cd81a31e3cd26889ca66d677f1\"},\"headline\":\"Le rempla\u00e7ant constitutionnel de Paul Biya, Marcel Niat Njifendji de nouveau malade s&rsquo;est envol\u00e9 pour Paris\",\"datePublished\":\"2022-09-11T19:32:03+00:00\",\"dateModified\":\"2022-09-11T19:49:42+00:00\",\"mainEntityOfPage\":{\"@id\":\"https:\/\/www.africa-press.net\/cameroun\/politique\/le-remplacant-constitutionnel-de-paul-biya-marcel-niat-njifendji-de-nouveau-malade-sest-envole-pour-paris\"},\"wordCount\":349,\"commentCount\":0,\"image\":{\"@id\":\"https:\/\/www.africa-press.net\/cameroun\/politique\/le-remplacant-constitutionnel-de-paul-biya-marcel-niat-njifendji-de-nouveau-malade-sest-envole-pour-paris#primaryimage\"},\"thumbnailUrl\":\"https:\/\/static.africa-press.net\/cameroun\/sites\/57\/2022\/09\/postQueueImg_5-631e3bbbe1717.jpg\",\"keywords\":[\"Africa Press\",\"Africa Press-Cameroun\",\"Cameroun\"],\"articleSection\":[\"homepage-french\",\"Politique\",\"Toutes les actualit\u00e9s\"],\"inLanguage\":\"fr-FR\",\"potentialAction\":[{\"@type\":\"CommentAction\",\"name\":\"Comment\",\"target\":[\"https:\/\/www.africa-press.net\/cameroun\/politique\/le-remplacant-constitutionnel-de-paul-biya-marcel-niat-njifendji-de-nouveau-malade-sest-envole-pour-paris#respond\"]}]},{\"@type\":\"WebPage\",\"@id\":\"https:\/\/www.africa-press.net\/cameroun\/politique\/le-remplacant-constitutionnel-de-paul-biya-marcel-niat-njifendji-de-nouveau-malade-sest-envole-pour-paris\",\"url\":\"https:\/\/www.africa-press.net\/cameroun\/politique\/le-remplacant-constitutionnel-de-paul-biya-marcel-niat-njifendji-de-nouveau-malade-sest-envole-pour-paris\",\"name\":\"Le rempla\u00e7ant constitutionnel de Paul Biya, Marcel Niat Njifendji de nouveau malade s'est envol\u00e9 pour Paris - Cameroun\",\"isPartOf\":{\"@id\":\"https:\/\/www.africa-press.net\/cameroun\/#website\"},\"primaryImageOfPage\":{\"@id\":\"https:\/\/www.africa-press.net\/cameroun\/politique\/le-remplacant-constitutionnel-de-paul-biya-marcel-niat-njifendji-de-nouveau-malade-sest-envole-pour-paris#primaryimage\"},\"image\":{\"@id\":\"https:\/\/www.africa-press.net\/cameroun\/politique\/le-remplacant-constitutionnel-de-paul-biya-marcel-niat-njifendji-de-nouveau-malade-sest-envole-pour-paris#primaryimage\"},\"thumbnailUrl\":\"https:\/\/static.africa-press.net\/cameroun\/sites\/57\/2022\/09\/postQueueImg_5-631e3bbbe1717.jpg\",\"datePublished\":\"2022-09-11T19:32:03+00:00\",\"dateModified\":\"2022-09-11T19:49:42+00:00\",\"author\":{\"@id\":\"https:\/\/www.africa-press.net\/cameroun\/#\/schema\/person\/2b1cf3cd81a31e3cd26889ca66d677f1\"},\"description\":\"Le pr\u00e9sident du S\u00e9nat Marcel Niat Njifenji serait de nouveau tr\u00e8s malade. C'est une information de Boris Bertolt. Annon ...\",\"breadcrumb\":{\"@id\":\"https:\/\/www.africa-press.net\/cameroun\/politique\/le-remplacant-constitutionnel-de-paul-biya-marcel-niat-njifendji-de-nouveau-malade-sest-envole-pour-paris#breadcrumb\"},\"inLanguage\":\"fr-FR\",\"potentialAction\":[{\"@type\":\"ReadAction\",\"target\":[\"https:\/\/www.africa-press.net\/cameroun\/politique\/le-remplacant-constitutionnel-de-paul-biya-marcel-niat-njifendji-de-nouveau-malade-sest-envole-pour-paris\"]}]},{\"@type\":\"ImageObject\",\"inLanguage\":\"fr-FR\",\"@id\":\"https:\/\/www.africa-press.net\/cameroun\/politique\/le-remplacant-constitutionnel-de-paul-biya-marcel-niat-njifendji-de-nouveau-malade-sest-envole-pour-paris#primaryimage\",\"url\":\"https:\/\/static.africa-press.net\/cameroun\/sites\/57\/2022\/09\/postQueueImg_5-631e3bbbe1717.jpg\",\"contentUrl\":\"https:\/\/static.africa-press.net\/cameroun\/sites\/57\/2022\/09\/postQueueImg_5-631e3bbbe1717.jpg\",\"width\":600,\"height\":316,\"caption\":\"Le rempla\u00e7ant constitutionnel de Paul Biya, Marcel Niat Njifendji de nouveau malade s'est envol\u00e9 pour Paris\"},{\"@type\":\"BreadcrumbList\",\"@id\":\"https:\/\/www.africa-press.net\/cameroun\/politique\/le-remplacant-constitutionnel-de-paul-biya-marcel-niat-njifendji-de-nouveau-malade-sest-envole-pour-paris#breadcrumb\",\"itemListElement\":[{\"@type\":\"ListItem\",\"position\":1,\"name\":\"Accueil\",\"item\":\"https:\/\/www.africa-press.net\/cameroun\/\"},{\"@type\":\"ListItem\",\"position\":2,\"name\":\"Le rempla\u00e7ant constitutionnel de Paul Biya, Marcel Niat Njifendji de nouveau malade s&#8217;est envol\u00e9 pour Paris\"}]},{\"@type\":\"WebSite\",\"@id\":\"https:\/\/www.africa-press.net\/cameroun\/#website\",\"url\":\"https:\/\/www.africa-press.net\/cameroun\/\",\"name\":\"Cameroun\",\"description\":\"Just another Africa News Agency Sites site\",\"potentialAction\":[{\"@type\":\"SearchAction\",\"target\":{\"@type\":\"EntryPoint\",\"urlTemplate\":\"https:\/\/www.africa-press.net\/cameroun\/?s={search_term_string}\"},\"query-input\":{\"@type\":\"PropertyValueSpecification\",\"valueRequired\":true,\"valueName\":\"search_term_string\"}}],\"inLanguage\":\"fr-FR\"},{\"@type\":\"Person\",\"@id\":\"https:\/\/www.africa-press.net\/cameroun\/#\/schema\/person\/2b1cf3cd81a31e3cd26889ca66d677f1\",\"name\":\"cfeditorfr\"}]}<\/script>\n<!-- \/ Yoast SEO Premium plugin. -->","yoast_head_json":{"title":"Le rempla\u00e7ant constitutionnel de Paul Biya, Marcel Niat Njifendji de nouveau malade s'est envol\u00e9 pour Paris - Cameroun","description":"Le pr\u00e9sident du S\u00e9nat Marcel Niat Njifenji serait de nouveau tr\u00e8s malade. C'est une information de Boris Bertolt. Annon ...","robots":{"index":"index","follow":"follow","max-snippet":"max-snippet:-1","max-image-preview":"max-image-preview:large","max-video-preview":"max-video-preview:-1"},"canonical":"https:\/\/www.africa-press.net\/cameroun\/politique\/le-remplacant-constitutionnel-de-paul-biya-marcel-niat-njifendji-de-nouveau-malade-sest-envole-pour-paris","og_locale":"fr_FR","og_type":"article","og_title":"Le rempla\u00e7ant constitutionnel de Paul Biya, Marcel Niat Njifendji de nouveau malade s'est envol\u00e9 pour Paris","og_description":"Le pr\u00e9sident du S\u00e9nat Marcel Niat Njifenji serait de nouveau tr\u00e8s malade. C'est une information de Boris Bertolt. Annon ...","og_url":"https:\/\/www.africa-press.net\/cameroun\/politique\/le-remplacant-constitutionnel-de-paul-biya-marcel-niat-njifendji-de-nouveau-malade-sest-envole-pour-paris","og_site_name":"Cameroun","article_published_time":"2022-09-11T19:32:03+00:00","article_modified_time":"2022-09-11T19:49:42+00:00","og_image":[{"width":600,"height":316,"url":"https:\/\/static.africa-press.net\/cameroun\/sites\/57\/2022\/09\/postQueueImg_5-631e3bbbe1717.jpg","type":"image\/jpeg"}],"author":"cfeditorfr","twitter_card":"summary_large_image","twitter_misc":{"\u00c9crit par":"cfeditorfr","Dur\u00e9e de lecture estim\u00e9e":"2 minutes"},"schema":{"@context":"https:\/\/schema.org","@graph":[{"@type":"Article","@id":"https:\/\/www.africa-press.net\/cameroun\/politique\/le-remplacant-constitutionnel-de-paul-biya-marcel-niat-njifendji-de-nouveau-malade-sest-envole-pour-paris#article","isPartOf":{"@id":"https:\/\/www.africa-press.net\/cameroun\/politique\/le-remplacant-constitutionnel-de-paul-biya-marcel-niat-njifendji-de-nouveau-malade-sest-envole-pour-paris"},"author":{"name":"cfeditorfr","@id":"https:\/\/www.africa-press.net\/cameroun\/#\/schema\/person\/2b1cf3cd81a31e3cd26889ca66d677f1"},"headline":"Le rempla\u00e7ant constitutionnel de Paul Biya, Marcel Niat Njifendji de nouveau malade s&rsquo;est envol\u00e9 pour Paris","datePublished":"2022-09-11T19:32:03+00:00","dateModified":"2022-09-11T19:49:42+00:00","mainEntityOfPage":{"@id":"https:\/\/www.africa-press.net\/cameroun\/politique\/le-remplacant-constitutionnel-de-paul-biya-marcel-niat-njifendji-de-nouveau-malade-sest-envole-pour-paris"},"wordCount":349,"commentCount":0,"image":{"@id":"https:\/\/www.africa-press.net\/cameroun\/politique\/le-remplacant-constitutionnel-de-paul-biya-marcel-niat-njifendji-de-nouveau-malade-sest-envole-pour-paris#primaryimage"},"thumbnailUrl":"https:\/\/static.africa-press.net\/cameroun\/sites\/57\/2022\/09\/postQueueImg_5-631e3bbbe1717.jpg","keywords":["Africa Press","Africa Press-Cameroun","Cameroun"],"articleSection":["homepage-french","Politique","Toutes les actualit\u00e9s"],"inLanguage":"fr-FR","potentialAction":[{"@type":"CommentAction","name":"Comment","target":["https:\/\/www.africa-press.net\/cameroun\/politique\/le-remplacant-constitutionnel-de-paul-biya-marcel-niat-njifendji-de-nouveau-malade-sest-envole-pour-paris#respond"]}]},{"@type":"WebPage","@id":"https:\/\/www.africa-press.net\/cameroun\/politique\/le-remplacant-constitutionnel-de-paul-biya-marcel-niat-njifendji-de-nouveau-malade-sest-envole-pour-paris","url":"https:\/\/www.africa-press.net\/cameroun\/politique\/le-remplacant-constitutionnel-de-paul-biya-marcel-niat-njifendji-de-nouveau-malade-sest-envole-pour-paris","name":"Le rempla\u00e7ant constitutionnel de Paul Biya, Marcel Niat Njifendji de nouveau malade s'est envol\u00e9 pour Paris - Cameroun","isPartOf":{"@id":"https:\/\/www.africa-press.net\/cameroun\/#website"},"primaryImageOfPage":{"@id":"https:\/\/www.africa-press.net\/cameroun\/politique\/le-remplacant-constitutionnel-de-paul-biya-marcel-niat-njifendji-de-nouveau-malade-sest-envole-pour-paris#primaryimage"},"image":{"@id":"https:\/\/www.africa-press.net\/cameroun\/politique\/le-remplacant-constitutionnel-de-paul-biya-marcel-niat-njifendji-de-nouveau-malade-sest-envole-pour-paris#primaryimage"},"thumbnailUrl":"https:\/\/static.africa-press.net\/cameroun\/sites\/57\/2022\/09\/postQueueImg_5-631e3bbbe1717.jpg","datePublished":"2022-09-11T19:32:03+00:00","dateModified":"2022-09-11T19:49:42+00:00","author":{"@id":"https:\/\/www.africa-press.net\/cameroun\/#\/schema\/person\/2b1cf3cd81a31e3cd26889ca66d677f1"},"description":"Le pr\u00e9sident du S\u00e9nat Marcel Niat Njifenji serait de nouveau tr\u00e8s malade. C'est une information de Boris Bertolt. Annon ...","breadcrumb":{"@id":"https:\/\/www.africa-press.net\/cameroun\/politique\/le-remplacant-constitutionnel-de-paul-biya-marcel-niat-njifendji-de-nouveau-malade-sest-envole-pour-paris#breadcrumb"},"inLanguage":"fr-FR","potentialAction":[{"@type":"ReadAction","target":["https:\/\/www.africa-press.net\/cameroun\/politique\/le-remplacant-constitutionnel-de-paul-biya-marcel-niat-njifendji-de-nouveau-malade-sest-envole-pour-paris"]}]},{"@type":"ImageObject","inLanguage":"fr-FR","@id":"https:\/\/www.africa-press.net\/cameroun\/politique\/le-remplacant-constitutionnel-de-paul-biya-marcel-niat-njifendji-de-nouveau-malade-sest-envole-pour-paris#primaryimage","url":"https:\/\/static.africa-press.net\/cameroun\/sites\/57\/2022\/09\/postQueueImg_5-631e3bbbe1717.jpg","contentUrl":"https:\/\/static.africa-press.net\/cameroun\/sites\/57\/2022\/09\/postQueueImg_5-631e3bbbe1717.jpg","width":600,"height":316,"caption":"Le rempla\u00e7ant constitutionnel de Paul Biya, Marcel Niat Njifendji de nouveau malade s'est envol\u00e9 pour Paris"},{"@type":"BreadcrumbList","@id":"https:\/\/www.africa-press.net\/cameroun\/politique\/le-remplacant-constitutionnel-de-paul-biya-marcel-niat-njifendji-de-nouveau-malade-sest-envole-pour-paris#breadcrumb","itemListElement":[{"@type":"ListItem","position":1,"name":"Accueil","item":"https:\/\/www.africa-press.net\/cameroun\/"},{"@type":"ListItem","position":2,"name":"Le rempla\u00e7ant constitutionnel de Paul Biya, Marcel Niat Njifendji de nouveau malade s&#8217;est envol\u00e9 pour Paris"}]},{"@type":"WebSite","@id":"https:\/\/www.africa-press.net\/cameroun\/#website","url":"https:\/\/www.africa-press.net\/cameroun\/","name":"Cameroun","description":"Just another Africa News Agency Sites site","potentialAction":[{"@type":"SearchAction","target":{"@type":"EntryPoint","urlTemplate":"https:\/\/www.africa-press.net\/cameroun\/?s={search_term_string}"},"query-input":{"@type":"PropertyValueSpecification","valueRequired":true,"valueName":"search_term_string"}}],"inLanguage":"fr-FR"},{"@type":"Person","@id":"https:\/\/www.africa-press.net\/cameroun\/#\/schema\/person\/2b1cf3cd81a31e3cd26889ca66d677f1","name":"cfeditorfr"}]}},"_links":{"self":[{"href":"https:\/\/www.africa-press.net\/cameroun\/wp-json\/wp\/v2\/posts\/27176","targetHints":{"allow":["GET"]}}],"collection":[{"href":"https:\/\/www.africa-press.net\/cameroun\/wp-json\/wp\/v2\/posts"}],"about":[{"href":"https:\/\/www.africa-press.net\/cameroun\/wp-json\/wp\/v2\/types\/post"}],"author":[{"embeddable":true,"href":"https:\/\/www.africa-press.net\/cameroun\/wp-json\/wp\/v2\/users\/82"}],"replies":[{"embeddable":true,"href":"https:\/\/www.africa-press.net\/cameroun\/wp-json\/wp\/v2\/comments?post=27176"}],"version-history":[{"count":0,"href":"https:\/\/www.africa-press.net\/cameroun\/wp-json\/wp\/v2\/posts\/27176\/revisions"}],"wp:featuredmedia":[{"embeddable":true,"href":"https:\/\/www.africa-press.net\/cameroun\/wp-json\/wp\/v2\/media\/27175"}],"wp:attachment":[{"href":"https:\/\/www.africa-press.net\/cameroun\/wp-json\/wp\/v2\/media?parent=27176"}],"wp:term":[{"taxonomy":"category","embeddable":true,"href":"https:\/\/www.africa-press.net\/cameroun\/wp-json\/wp\/v2\/categories?post=27176"},{"taxonomy":"post_tag","embeddable":true,"href":"https:\/\/www.africa-press.net\/cameroun\/wp-json\/wp\/v2\/tags?post=27176"}],"curies":[{"name":"wp","href":"https:\/\/api.w.org\/{rel}","templated":true}]}}