{"id":27182,"date":"2022-09-11T19:34:16","date_gmt":"2022-09-11T19:34:16","guid":{"rendered":"https:\/\/www.africa-press.net\/cameroun\/politique\/puissance-de-feu-dans-le-noso-les-forces-speciales-tuent-plusieurs-ambaboys-no-pity-deroute"},"modified":"2022-09-11T19:51:07","modified_gmt":"2022-09-11T19:51:07","slug":"puissance-de-feu-dans-le-noso-les-forces-speciales-tuent-plusieurs-ambaboys-no-pity-deroute","status":"publish","type":"post","link":"https:\/\/www.africa-press.net\/cameroun\/video\/puissance-de-feu-dans-le-noso-les-forces-speciales-tuent-plusieurs-ambaboys-no-pity-deroute","title":{"rendered":"Puissance de feu dans le NOSO : les forces sp\u00e9ciales tuent plusieurs Ambaboys, No Pity d\u00e9rout\u00e9"},"content":{"rendered":"<p><span style=\"color: #ff6600\"><strong>Africa-Press &#8211; Cameroun. <\/strong><\/span>Selon une vid\u00e9o qui fait le tour de plusieurs plateformes et non encore authentifi\u00e9e, de violents accrochages auraient eu lieu ce 10 septembre 2022 dans le NOSO. Les affrontements auraient oppos\u00e9s des \u00e9l\u00e9ments des forces sp\u00e9ciales de Yaound\u00e9 et un d\u00e9tachement de s\u00e9paratistes conduit par le redoutable No Pity. Les combats ont manifestement eu lieu \u00e0 Bui, un d\u00e9partement situ\u00e9 dans la r\u00e9gion du Nord-Ouest au Cameroun. Son chef-lieu est Kumbo<\/p>\n<p>Selon les commentaires qui ont suivi la vid\u00e9o dans laquelle on assiste \u00e0 de violents \u00e9changes de tirs, l\u2019on note qu\u2019il y a eu 7 s\u00e9paratistes neutralis\u00e9 dans les rangs de No Pity qui m\u00eame a \u00e9t\u00e9 me en d\u00e9route.<\/p>\n<p>Ce qui est curieux dans la vid\u00e9o, qui reste \u00e0 authentifier, c\u2019est que ce sont les Ambaboys m\u00eame qui filmaient la sc\u00e8ne de guerre.<\/p>\n<p>Il faut retenir qu\u2019il n y a pas longtemps, Paul Biya avait d\u00e9ploy\u00e9 dans la r\u00e9gion des forces sp\u00e9ciales pour pr\u00eater main forte aux \u00e9l\u00e9ments du BIR d\u00e9j\u00e0 sur le terrain. L\u2019on note ainsi une mont\u00e9e en puissance des forces loyalistes.<\/p>\n<p>https:\/\/www.facebook.com\/watch\/?ref=external&#038;v=5649054768478681<\/p>\n<p><strong>Pour plus d&rsquo;informations et d&rsquo;analyses sur la <a href=\"https:\/\/www.africa-press.net\/cameroun\">Cameroun<\/a>, suivez <a href=\"https:\/\/www.africa-press.net\/\">Africa-Press<\/a><\/strong><\/p>\n","protected":false},"excerpt":{"rendered":"<p>Africa-Press &#8211; Cameroun. Selon une vid\u00e9o qui fait le tour de plusieurs plateformes et non encore authentifi\u00e9e, de violents accrochages auraient eu lieu ce 10 septembre 2022 dans le NOSO. Les affrontements auraient oppos\u00e9s des \u00e9l\u00e9ments des forces sp\u00e9ciales de Yaound\u00e9 et un d\u00e9tachement de s\u00e9paratistes conduit par le redoutable No Pity. Les combats ont [&hellip;]<\/p>\n","protected":false},"author":82,"featured_media":27181,"comment_status":"open","ping_status":"closed","sticky":false,"template":"","format":"standard","meta":{"footnotes":""},"categories":[11,10,9],"tags":[36,50,49],"class_list":["post-27182","post","type-post","status-publish","format-standard","has-post-thumbnail","hentry","category-homepage-french","category-toutes-les-actualites","category-video","tag-africa-press","tag-africa-press-cameroun","tag-cameroun"],"yoast_head":"<!-- This site is optimized with the Yoast SEO Premium plugin v26.1 (Yoast SEO v27.0) - https:\/\/yoast.com\/product\/yoast-seo-premium-wordpress\/ -->\n<title>Puissance de feu dans le NOSO : les forces sp\u00e9ciales tuent plusieurs Ambaboys, No Pity d\u00e9rout\u00e9 - Cameroun<\/title>\n<meta name=\"description\" content=\"Selon une vid\u00e9o qui fait le tour de plusieurs plateformes et non encore authentifi\u00e9e, de violents accrochages auraient e ...\" \/>\n<meta name=\"robots\" content=\"index, follow, max-snippet:-1, max-image-preview:large, max-video-preview:-1\" \/>\n<link rel=\"canonical\" href=\"https:\/\/www.africa-press.net\/cameroun\/video\/puissance-de-feu-dans-le-noso-les-forces-speciales-tuent-plusieurs-ambaboys-no-pity-deroute\" \/>\n<meta property=\"og:locale\" content=\"fr_FR\" \/>\n<meta property=\"og:type\" content=\"article\" \/>\n<meta property=\"og:title\" content=\"Puissance de feu dans le NOSO : les forces sp\u00e9ciales tuent plusieurs Ambaboys, No Pity d\u00e9rout\u00e9\" \/>\n<meta property=\"og:description\" content=\"Selon une vid\u00e9o qui fait le tour de plusieurs plateformes et non encore authentifi\u00e9e, de violents accrochages auraient e ...\" \/>\n<meta property=\"og:url\" content=\"https:\/\/www.africa-press.net\/cameroun\/video\/puissance-de-feu-dans-le-noso-les-forces-speciales-tuent-plusieurs-ambaboys-no-pity-deroute\" \/>\n<meta property=\"og:site_name\" content=\"Cameroun\" \/>\n<meta property=\"article:published_time\" content=\"2022-09-11T19:34:16+00:00\" \/>\n<meta property=\"article:modified_time\" content=\"2022-09-11T19:51:07+00:00\" \/>\n<meta property=\"og:image\" content=\"https:\/\/static.africa-press.net\/cameroun\/sites\/57\/2022\/09\/postQueueImg_7-631e3c0b8e9a9.jpg\" \/>\n\t<meta property=\"og:image:width\" content=\"600\" \/>\n\t<meta property=\"og:image:height\" content=\"337\" \/>\n\t<meta property=\"og:image:type\" content=\"image\/jpeg\" \/>\n<meta name=\"author\" content=\"cfeditorfr\" \/>\n<meta name=\"twitter:card\" content=\"summary_large_image\" \/>\n<meta name=\"twitter:label1\" content=\"\u00c9crit par\" \/>\n\t<meta name=\"twitter:data1\" content=\"cfeditorfr\" \/>\n\t<meta name=\"twitter:label2\" content=\"Dur\u00e9e de lecture estim\u00e9e\" \/>\n\t<meta name=\"twitter:data2\" content=\"1 minute\" \/>\n<script type=\"application\/ld+json\" class=\"yoast-schema-graph\">{\"@context\":\"https:\/\/schema.org\",\"@graph\":[{\"@type\":\"Article\",\"@id\":\"https:\/\/www.africa-press.net\/cameroun\/video\/puissance-de-feu-dans-le-noso-les-forces-speciales-tuent-plusieurs-ambaboys-no-pity-deroute#article\",\"isPartOf\":{\"@id\":\"https:\/\/www.africa-press.net\/cameroun\/video\/puissance-de-feu-dans-le-noso-les-forces-speciales-tuent-plusieurs-ambaboys-no-pity-deroute\"},\"author\":{\"name\":\"cfeditorfr\",\"@id\":\"https:\/\/www.africa-press.net\/cameroun\/#\/schema\/person\/2b1cf3cd81a31e3cd26889ca66d677f1\"},\"headline\":\"Puissance de feu dans le NOSO : les forces sp\u00e9ciales tuent plusieurs Ambaboys, No Pity d\u00e9rout\u00e9\",\"datePublished\":\"2022-09-11T19:34:16+00:00\",\"dateModified\":\"2022-09-11T19:51:07+00:00\",\"mainEntityOfPage\":{\"@id\":\"https:\/\/www.africa-press.net\/cameroun\/video\/puissance-de-feu-dans-le-noso-les-forces-speciales-tuent-plusieurs-ambaboys-no-pity-deroute\"},\"wordCount\":239,\"commentCount\":0,\"image\":{\"@id\":\"https:\/\/www.africa-press.net\/cameroun\/video\/puissance-de-feu-dans-le-noso-les-forces-speciales-tuent-plusieurs-ambaboys-no-pity-deroute#primaryimage\"},\"thumbnailUrl\":\"https:\/\/static.africa-press.net\/cameroun\/sites\/57\/2022\/09\/postQueueImg_7-631e3c0b8e9a9.jpg\",\"keywords\":[\"Africa Press\",\"Africa Press-Cameroun\",\"Cameroun\"],\"articleSection\":[\"homepage-french\",\"Toutes les actualit\u00e9s\",\"vid\u00e9o\"],\"inLanguage\":\"fr-FR\",\"potentialAction\":[{\"@type\":\"CommentAction\",\"name\":\"Comment\",\"target\":[\"https:\/\/www.africa-press.net\/cameroun\/video\/puissance-de-feu-dans-le-noso-les-forces-speciales-tuent-plusieurs-ambaboys-no-pity-deroute#respond\"]}]},{\"@type\":\"WebPage\",\"@id\":\"https:\/\/www.africa-press.net\/cameroun\/video\/puissance-de-feu-dans-le-noso-les-forces-speciales-tuent-plusieurs-ambaboys-no-pity-deroute\",\"url\":\"https:\/\/www.africa-press.net\/cameroun\/video\/puissance-de-feu-dans-le-noso-les-forces-speciales-tuent-plusieurs-ambaboys-no-pity-deroute\",\"name\":\"Puissance de feu dans le NOSO : les forces sp\u00e9ciales tuent plusieurs Ambaboys, No Pity d\u00e9rout\u00e9 - Cameroun\",\"isPartOf\":{\"@id\":\"https:\/\/www.africa-press.net\/cameroun\/#website\"},\"primaryImageOfPage\":{\"@id\":\"https:\/\/www.africa-press.net\/cameroun\/video\/puissance-de-feu-dans-le-noso-les-forces-speciales-tuent-plusieurs-ambaboys-no-pity-deroute#primaryimage\"},\"image\":{\"@id\":\"https:\/\/www.africa-press.net\/cameroun\/video\/puissance-de-feu-dans-le-noso-les-forces-speciales-tuent-plusieurs-ambaboys-no-pity-deroute#primaryimage\"},\"thumbnailUrl\":\"https:\/\/static.africa-press.net\/cameroun\/sites\/57\/2022\/09\/postQueueImg_7-631e3c0b8e9a9.jpg\",\"datePublished\":\"2022-09-11T19:34:16+00:00\",\"dateModified\":\"2022-09-11T19:51:07+00:00\",\"author\":{\"@id\":\"https:\/\/www.africa-press.net\/cameroun\/#\/schema\/person\/2b1cf3cd81a31e3cd26889ca66d677f1\"},\"description\":\"Selon une vid\u00e9o qui fait le tour de plusieurs plateformes et non encore authentifi\u00e9e, de violents accrochages auraient e ...\",\"breadcrumb\":{\"@id\":\"https:\/\/www.africa-press.net\/cameroun\/video\/puissance-de-feu-dans-le-noso-les-forces-speciales-tuent-plusieurs-ambaboys-no-pity-deroute#breadcrumb\"},\"inLanguage\":\"fr-FR\",\"potentialAction\":[{\"@type\":\"ReadAction\",\"target\":[\"https:\/\/www.africa-press.net\/cameroun\/video\/puissance-de-feu-dans-le-noso-les-forces-speciales-tuent-plusieurs-ambaboys-no-pity-deroute\"]}]},{\"@type\":\"ImageObject\",\"inLanguage\":\"fr-FR\",\"@id\":\"https:\/\/www.africa-press.net\/cameroun\/video\/puissance-de-feu-dans-le-noso-les-forces-speciales-tuent-plusieurs-ambaboys-no-pity-deroute#primaryimage\",\"url\":\"https:\/\/static.africa-press.net\/cameroun\/sites\/57\/2022\/09\/postQueueImg_7-631e3c0b8e9a9.jpg\",\"contentUrl\":\"https:\/\/static.africa-press.net\/cameroun\/sites\/57\/2022\/09\/postQueueImg_7-631e3c0b8e9a9.jpg\",\"width\":600,\"height\":337,\"caption\":\"Puissance de feu dans le NOSO : les forces sp\u00e9ciales tuent plusieurs Ambaboys, No Pity d\u00e9rout\u00e9\"},{\"@type\":\"BreadcrumbList\",\"@id\":\"https:\/\/www.africa-press.net\/cameroun\/video\/puissance-de-feu-dans-le-noso-les-forces-speciales-tuent-plusieurs-ambaboys-no-pity-deroute#breadcrumb\",\"itemListElement\":[{\"@type\":\"ListItem\",\"position\":1,\"name\":\"Accueil\",\"item\":\"https:\/\/www.africa-press.net\/cameroun\/\"},{\"@type\":\"ListItem\",\"position\":2,\"name\":\"Puissance de feu dans le NOSO : les forces sp\u00e9ciales tuent plusieurs Ambaboys, No Pity d\u00e9rout\u00e9\"}]},{\"@type\":\"WebSite\",\"@id\":\"https:\/\/www.africa-press.net\/cameroun\/#website\",\"url\":\"https:\/\/www.africa-press.net\/cameroun\/\",\"name\":\"Cameroun\",\"description\":\"Just another Africa News Agency Sites site\",\"potentialAction\":[{\"@type\":\"SearchAction\",\"target\":{\"@type\":\"EntryPoint\",\"urlTemplate\":\"https:\/\/www.africa-press.net\/cameroun\/?s={search_term_string}\"},\"query-input\":{\"@type\":\"PropertyValueSpecification\",\"valueRequired\":true,\"valueName\":\"search_term_string\"}}],\"inLanguage\":\"fr-FR\"},{\"@type\":\"Person\",\"@id\":\"https:\/\/www.africa-press.net\/cameroun\/#\/schema\/person\/2b1cf3cd81a31e3cd26889ca66d677f1\",\"name\":\"cfeditorfr\"}]}<\/script>\n<!-- \/ Yoast SEO Premium plugin. -->","yoast_head_json":{"title":"Puissance de feu dans le NOSO : les forces sp\u00e9ciales tuent plusieurs Ambaboys, No Pity d\u00e9rout\u00e9 - Cameroun","description":"Selon une vid\u00e9o qui fait le tour de plusieurs plateformes et non encore authentifi\u00e9e, de violents accrochages auraient e ...","robots":{"index":"index","follow":"follow","max-snippet":"max-snippet:-1","max-image-preview":"max-image-preview:large","max-video-preview":"max-video-preview:-1"},"canonical":"https:\/\/www.africa-press.net\/cameroun\/video\/puissance-de-feu-dans-le-noso-les-forces-speciales-tuent-plusieurs-ambaboys-no-pity-deroute","og_locale":"fr_FR","og_type":"article","og_title":"Puissance de feu dans le NOSO : les forces sp\u00e9ciales tuent plusieurs Ambaboys, No Pity d\u00e9rout\u00e9","og_description":"Selon une vid\u00e9o qui fait le tour de plusieurs plateformes et non encore authentifi\u00e9e, de violents accrochages auraient e ...","og_url":"https:\/\/www.africa-press.net\/cameroun\/video\/puissance-de-feu-dans-le-noso-les-forces-speciales-tuent-plusieurs-ambaboys-no-pity-deroute","og_site_name":"Cameroun","article_published_time":"2022-09-11T19:34:16+00:00","article_modified_time":"2022-09-11T19:51:07+00:00","og_image":[{"width":600,"height":337,"url":"https:\/\/static.africa-press.net\/cameroun\/sites\/57\/2022\/09\/postQueueImg_7-631e3c0b8e9a9.jpg","type":"image\/jpeg"}],"author":"cfeditorfr","twitter_card":"summary_large_image","twitter_misc":{"\u00c9crit par":"cfeditorfr","Dur\u00e9e de lecture estim\u00e9e":"1 minute"},"schema":{"@context":"https:\/\/schema.org","@graph":[{"@type":"Article","@id":"https:\/\/www.africa-press.net\/cameroun\/video\/puissance-de-feu-dans-le-noso-les-forces-speciales-tuent-plusieurs-ambaboys-no-pity-deroute#article","isPartOf":{"@id":"https:\/\/www.africa-press.net\/cameroun\/video\/puissance-de-feu-dans-le-noso-les-forces-speciales-tuent-plusieurs-ambaboys-no-pity-deroute"},"author":{"name":"cfeditorfr","@id":"https:\/\/www.africa-press.net\/cameroun\/#\/schema\/person\/2b1cf3cd81a31e3cd26889ca66d677f1"},"headline":"Puissance de feu dans le NOSO : les forces sp\u00e9ciales tuent plusieurs Ambaboys, No Pity d\u00e9rout\u00e9","datePublished":"2022-09-11T19:34:16+00:00","dateModified":"2022-09-11T19:51:07+00:00","mainEntityOfPage":{"@id":"https:\/\/www.africa-press.net\/cameroun\/video\/puissance-de-feu-dans-le-noso-les-forces-speciales-tuent-plusieurs-ambaboys-no-pity-deroute"},"wordCount":239,"commentCount":0,"image":{"@id":"https:\/\/www.africa-press.net\/cameroun\/video\/puissance-de-feu-dans-le-noso-les-forces-speciales-tuent-plusieurs-ambaboys-no-pity-deroute#primaryimage"},"thumbnailUrl":"https:\/\/static.africa-press.net\/cameroun\/sites\/57\/2022\/09\/postQueueImg_7-631e3c0b8e9a9.jpg","keywords":["Africa Press","Africa Press-Cameroun","Cameroun"],"articleSection":["homepage-french","Toutes les actualit\u00e9s","vid\u00e9o"],"inLanguage":"fr-FR","potentialAction":[{"@type":"CommentAction","name":"Comment","target":["https:\/\/www.africa-press.net\/cameroun\/video\/puissance-de-feu-dans-le-noso-les-forces-speciales-tuent-plusieurs-ambaboys-no-pity-deroute#respond"]}]},{"@type":"WebPage","@id":"https:\/\/www.africa-press.net\/cameroun\/video\/puissance-de-feu-dans-le-noso-les-forces-speciales-tuent-plusieurs-ambaboys-no-pity-deroute","url":"https:\/\/www.africa-press.net\/cameroun\/video\/puissance-de-feu-dans-le-noso-les-forces-speciales-tuent-plusieurs-ambaboys-no-pity-deroute","name":"Puissance de feu dans le NOSO : les forces sp\u00e9ciales tuent plusieurs Ambaboys, No Pity d\u00e9rout\u00e9 - Cameroun","isPartOf":{"@id":"https:\/\/www.africa-press.net\/cameroun\/#website"},"primaryImageOfPage":{"@id":"https:\/\/www.africa-press.net\/cameroun\/video\/puissance-de-feu-dans-le-noso-les-forces-speciales-tuent-plusieurs-ambaboys-no-pity-deroute#primaryimage"},"image":{"@id":"https:\/\/www.africa-press.net\/cameroun\/video\/puissance-de-feu-dans-le-noso-les-forces-speciales-tuent-plusieurs-ambaboys-no-pity-deroute#primaryimage"},"thumbnailUrl":"https:\/\/static.africa-press.net\/cameroun\/sites\/57\/2022\/09\/postQueueImg_7-631e3c0b8e9a9.jpg","datePublished":"2022-09-11T19:34:16+00:00","dateModified":"2022-09-11T19:51:07+00:00","author":{"@id":"https:\/\/www.africa-press.net\/cameroun\/#\/schema\/person\/2b1cf3cd81a31e3cd26889ca66d677f1"},"description":"Selon une vid\u00e9o qui fait le tour de plusieurs plateformes et non encore authentifi\u00e9e, de violents accrochages auraient e ...","breadcrumb":{"@id":"https:\/\/www.africa-press.net\/cameroun\/video\/puissance-de-feu-dans-le-noso-les-forces-speciales-tuent-plusieurs-ambaboys-no-pity-deroute#breadcrumb"},"inLanguage":"fr-FR","potentialAction":[{"@type":"ReadAction","target":["https:\/\/www.africa-press.net\/cameroun\/video\/puissance-de-feu-dans-le-noso-les-forces-speciales-tuent-plusieurs-ambaboys-no-pity-deroute"]}]},{"@type":"ImageObject","inLanguage":"fr-FR","@id":"https:\/\/www.africa-press.net\/cameroun\/video\/puissance-de-feu-dans-le-noso-les-forces-speciales-tuent-plusieurs-ambaboys-no-pity-deroute#primaryimage","url":"https:\/\/static.africa-press.net\/cameroun\/sites\/57\/2022\/09\/postQueueImg_7-631e3c0b8e9a9.jpg","contentUrl":"https:\/\/static.africa-press.net\/cameroun\/sites\/57\/2022\/09\/postQueueImg_7-631e3c0b8e9a9.jpg","width":600,"height":337,"caption":"Puissance de feu dans le NOSO : les forces sp\u00e9ciales tuent plusieurs Ambaboys, No Pity d\u00e9rout\u00e9"},{"@type":"BreadcrumbList","@id":"https:\/\/www.africa-press.net\/cameroun\/video\/puissance-de-feu-dans-le-noso-les-forces-speciales-tuent-plusieurs-ambaboys-no-pity-deroute#breadcrumb","itemListElement":[{"@type":"ListItem","position":1,"name":"Accueil","item":"https:\/\/www.africa-press.net\/cameroun\/"},{"@type":"ListItem","position":2,"name":"Puissance de feu dans le NOSO : les forces sp\u00e9ciales tuent plusieurs Ambaboys, No Pity d\u00e9rout\u00e9"}]},{"@type":"WebSite","@id":"https:\/\/www.africa-press.net\/cameroun\/#website","url":"https:\/\/www.africa-press.net\/cameroun\/","name":"Cameroun","description":"Just another Africa News Agency Sites site","potentialAction":[{"@type":"SearchAction","target":{"@type":"EntryPoint","urlTemplate":"https:\/\/www.africa-press.net\/cameroun\/?s={search_term_string}"},"query-input":{"@type":"PropertyValueSpecification","valueRequired":true,"valueName":"search_term_string"}}],"inLanguage":"fr-FR"},{"@type":"Person","@id":"https:\/\/www.africa-press.net\/cameroun\/#\/schema\/person\/2b1cf3cd81a31e3cd26889ca66d677f1","name":"cfeditorfr"}]}},"_links":{"self":[{"href":"https:\/\/www.africa-press.net\/cameroun\/wp-json\/wp\/v2\/posts\/27182","targetHints":{"allow":["GET"]}}],"collection":[{"href":"https:\/\/www.africa-press.net\/cameroun\/wp-json\/wp\/v2\/posts"}],"about":[{"href":"https:\/\/www.africa-press.net\/cameroun\/wp-json\/wp\/v2\/types\/post"}],"author":[{"embeddable":true,"href":"https:\/\/www.africa-press.net\/cameroun\/wp-json\/wp\/v2\/users\/82"}],"replies":[{"embeddable":true,"href":"https:\/\/www.africa-press.net\/cameroun\/wp-json\/wp\/v2\/comments?post=27182"}],"version-history":[{"count":0,"href":"https:\/\/www.africa-press.net\/cameroun\/wp-json\/wp\/v2\/posts\/27182\/revisions"}],"wp:featuredmedia":[{"embeddable":true,"href":"https:\/\/www.africa-press.net\/cameroun\/wp-json\/wp\/v2\/media\/27181"}],"wp:attachment":[{"href":"https:\/\/www.africa-press.net\/cameroun\/wp-json\/wp\/v2\/media?parent=27182"}],"wp:term":[{"taxonomy":"category","embeddable":true,"href":"https:\/\/www.africa-press.net\/cameroun\/wp-json\/wp\/v2\/categories?post=27182"},{"taxonomy":"post_tag","embeddable":true,"href":"https:\/\/www.africa-press.net\/cameroun\/wp-json\/wp\/v2\/tags?post=27182"}],"curies":[{"name":"wp","href":"https:\/\/api.w.org\/{rel}","templated":true}]}}