{"id":27185,"date":"2022-09-12T18:20:15","date_gmt":"2022-09-12T18:20:15","guid":{"rendered":"https:\/\/www.africa-press.net\/cameroun\/politique\/medias-le-promoteur-de-info-tv-dieudonne-mveng-convoque-a-la-police-judiciaire-suite-a-une-plainte-de-vision-finance-la-banque-de-jean-pierre-amougou-belinga"},"modified":"2022-09-12T18:20:35","modified_gmt":"2022-09-12T18:20:35","slug":"medias-le-promoteur-de-info-tv-dieudonne-mveng-convoque-a-la-police-judiciaire-suite-a-une-plainte-de-vision-finance-la-banque-de-jean-pierre-amougou-belinga","status":"publish","type":"post","link":"https:\/\/www.africa-press.net\/cameroun\/toutes-les-actualites\/medias-le-promoteur-de-info-tv-dieudonne-mveng-convoque-a-la-police-judiciaire-suite-a-une-plainte-de-vision-finance-la-banque-de-jean-pierre-amougou-belinga","title":{"rendered":"M\u00e9dias: Le promoteur de Info TV, Dieudonn\u00e9 Mveng, convoqu\u00e9 \u00e0 la police judiciaire suite \u00e0 une plainte de Vision Finance, la banque de Jean-Pierre Amougou Belinga"},"content":{"rendered":"<p><span style=\"color: #ff6600\"><strong>Africa-Press &#8211; Cameroun. <\/strong><\/span>Le torchon brule entre Dieudonn\u00e9 Mveng, promoteur de la chaine de t\u00e9l\u00e9vision Info TV, et des journaux Info Matin et La M\u00e9t\u00e9o, et Jean-Pierre Amougou Belinga, patron du Groupe l\u2019Anecdote (Vision4, l\u2019Anecdote, Satellite FM), et promoteur de la Banque Vision Finance S.A. Le premier a \u00e9t\u00e9 convoqu\u00e9 \u00e0 la Direction de la Police Judiciaire le 22 septembre 2022, pour r\u00e9pondre \u00e0 une plainte de la banque sus-\u00e9voqu\u00e9e, pour des accusations d\u2019insolvabilit\u00e9 d\u2019une somme de 20 millions de FCFA contract\u00e9e aupr\u00e8s de la banque.<\/p>\n<p>Le journal Le Jour de ce lundi 12 septembre 2022 qui r\u00e9v\u00e8le cette information indique qu\u2019il s\u2019agit en effet d\u2019une deuxi\u00e8me convocation de ce patron de la police par les fins limiers de la police. \u00ab <b>Cette convocation lui a \u00e9t\u00e9 notifi\u00e9e le 05 septembre 2022 \u00e0 10h40. Dieudonn\u00e9 Mveng s&rsquo;est fait repr\u00e9senter par son conseil. Ce que n&rsquo;avaient manifestement pas pr\u00e9vu les enqu\u00eateurs. L&rsquo;audition a ainsi \u00e9t\u00e9 report\u00e9e au 22 septembre 2022 et une autre convocation \u00e9mise pour cette date \u00bb,<\/b> pr\u00e9cise le journal de Haman Mana.<\/p>\n<p>Ce tablo\u00efd ajoute que sur ce cr\u00e9dit bancaire de 20 millions de FCFA, Dieudonn\u00e9 Mveng a d\u00e9j\u00e0 \u00e9pong\u00e9 15 millions de FCFA, mais qu\u2019il est encore d\u00e9biteur d\u2019un reliquat de 12 millions de FCFA, \u00e0 cause des agios et les int\u00e9r\u00eats qui ont \u00e0 nouveau fait gonfler la dette.<\/p>\n<p>Il est un secret de polichinelle que les relations sont tr\u00e8s tendues entre les deux hommes d\u2019affaires, qui ont pourtant \u00e9t\u00e9 tr\u00e8s proches, au point une partie de l\u2019opinion a souvent pr\u00eat\u00e9 \u00e0 Jean-Pierre Amougou Belinga des participations au capital de la chaine Info TV. Dans les milieux de la presse, certaines langues croient savoir que cette d\u00e9liquescence des rapports entre les deux patrons, trouve son origine dans le recrutement du journaliste Parfait Ayissi par la chaine Info TV. Ce dernier est un ancien employ\u00e9 de la chaine Vision4, et n\u2019a pas gard\u00e9 de tr\u00e8s bons rapports avec son ancien employeur Amougou Belinga. L\u2019on est donc tent\u00e9 de croire que cette affaire a plut\u00f4t de relents de r\u00e8glement de compte.<\/p>\n<p><strong>Pour plus d&rsquo;informations et d&rsquo;analyses sur la <a href=\"https:\/\/www.africa-press.net\/cameroun\">Cameroun<\/a>, suivez <a href=\"https:\/\/www.africa-press.net\/\">Africa-Press<\/a><\/strong><\/p>\n","protected":false},"excerpt":{"rendered":"<p>Africa-Press &#8211; Cameroun. Le torchon brule entre Dieudonn\u00e9 Mveng, promoteur de la chaine de t\u00e9l\u00e9vision Info TV, et des journaux Info Matin et La M\u00e9t\u00e9o, et Jean-Pierre Amougou Belinga, patron du Groupe l\u2019Anecdote (Vision4, l\u2019Anecdote, Satellite FM), et promoteur de la Banque Vision Finance S.A. Le premier a \u00e9t\u00e9 convoqu\u00e9 \u00e0 la Direction de la [&hellip;]<\/p>\n","protected":false},"author":82,"featured_media":27184,"comment_status":"open","ping_status":"closed","sticky":false,"template":"","format":"standard","meta":{"footnotes":""},"categories":[21,11,10],"tags":[36,50,49],"class_list":["post-27185","post","type-post","status-publish","format-standard","has-post-thumbnail","hentry","category-communaute","category-homepage-french","category-toutes-les-actualites","tag-africa-press","tag-africa-press-cameroun","tag-cameroun"],"yoast_head":"<!-- This site is optimized with the Yoast SEO Premium plugin v26.1 (Yoast SEO v27.0) - https:\/\/yoast.com\/product\/yoast-seo-premium-wordpress\/ -->\n<title>M\u00e9dias: Le promoteur de Info TV, Dieudonn\u00e9 Mveng, convoqu\u00e9 \u00e0 la police judiciaire suite \u00e0 une plainte de Vision Finance, la banque de Jean-Pierre Amougou Belinga - Cameroun<\/title>\n<meta name=\"description\" content=\"Le torchon brule entre Dieudonn\u00e9 Mveng, promoteur de la chaine de t\u00e9l\u00e9vision Info TV, et des journaux Info Matin et La M ...\" \/>\n<meta name=\"robots\" content=\"index, follow, max-snippet:-1, max-image-preview:large, max-video-preview:-1\" \/>\n<link rel=\"canonical\" href=\"https:\/\/www.africa-press.net\/cameroun\/toutes-les-actualites\/medias-le-promoteur-de-info-tv-dieudonne-mveng-convoque-a-la-police-judiciaire-suite-a-une-plainte-de-vision-finance-la-banque-de-jean-pierre-amougou-belinga\" \/>\n<meta property=\"og:locale\" content=\"fr_FR\" \/>\n<meta property=\"og:type\" content=\"article\" \/>\n<meta property=\"og:title\" content=\"M\u00e9dias: Le promoteur de Info TV, Dieudonn\u00e9 Mveng, convoqu\u00e9 \u00e0 la police judiciaire suite \u00e0 une plainte de Vision Finance, la banque de Jean-Pierre Amougou Belinga\" \/>\n<meta property=\"og:description\" content=\"Le torchon brule entre Dieudonn\u00e9 Mveng, promoteur de la chaine de t\u00e9l\u00e9vision Info TV, et des journaux Info Matin et La M ...\" \/>\n<meta property=\"og:url\" content=\"https:\/\/www.africa-press.net\/cameroun\/toutes-les-actualites\/medias-le-promoteur-de-info-tv-dieudonne-mveng-convoque-a-la-police-judiciaire-suite-a-une-plainte-de-vision-finance-la-banque-de-jean-pierre-amougou-belinga\" \/>\n<meta property=\"og:site_name\" content=\"Cameroun\" \/>\n<meta property=\"article:published_time\" content=\"2022-09-12T18:20:15+00:00\" \/>\n<meta property=\"article:modified_time\" content=\"2022-09-12T18:20:35+00:00\" \/>\n<meta property=\"og:image\" content=\"https:\/\/static.africa-press.net\/cameroun\/sites\/57\/2022\/09\/img-631f7854b36cd.jpg\" \/>\n\t<meta property=\"og:image:width\" content=\"800\" \/>\n\t<meta property=\"og:image:height\" content=\"432\" \/>\n\t<meta property=\"og:image:type\" content=\"image\/jpeg\" \/>\n<meta name=\"author\" content=\"cfeditorfr\" \/>\n<meta name=\"twitter:card\" content=\"summary_large_image\" \/>\n<meta name=\"twitter:label1\" content=\"\u00c9crit par\" \/>\n\t<meta name=\"twitter:data1\" content=\"cfeditorfr\" \/>\n\t<meta name=\"twitter:label2\" content=\"Dur\u00e9e de lecture estim\u00e9e\" \/>\n\t<meta name=\"twitter:data2\" content=\"2 minutes\" \/>\n<script type=\"application\/ld+json\" class=\"yoast-schema-graph\">{\"@context\":\"https:\/\/schema.org\",\"@graph\":[{\"@type\":\"Article\",\"@id\":\"https:\/\/www.africa-press.net\/cameroun\/toutes-les-actualites\/medias-le-promoteur-de-info-tv-dieudonne-mveng-convoque-a-la-police-judiciaire-suite-a-une-plainte-de-vision-finance-la-banque-de-jean-pierre-amougou-belinga#article\",\"isPartOf\":{\"@id\":\"https:\/\/www.africa-press.net\/cameroun\/toutes-les-actualites\/medias-le-promoteur-de-info-tv-dieudonne-mveng-convoque-a-la-police-judiciaire-suite-a-une-plainte-de-vision-finance-la-banque-de-jean-pierre-amougou-belinga\"},\"author\":{\"name\":\"cfeditorfr\",\"@id\":\"https:\/\/www.africa-press.net\/cameroun\/#\/schema\/person\/2b1cf3cd81a31e3cd26889ca66d677f1\"},\"headline\":\"M\u00e9dias: Le promoteur de Info TV, Dieudonn\u00e9 Mveng, convoqu\u00e9 \u00e0 la police judiciaire suite \u00e0 une plainte de Vision Finance, la banque de Jean-Pierre Amougou Belinga\",\"datePublished\":\"2022-09-12T18:20:15+00:00\",\"dateModified\":\"2022-09-12T18:20:35+00:00\",\"mainEntityOfPage\":{\"@id\":\"https:\/\/www.africa-press.net\/cameroun\/toutes-les-actualites\/medias-le-promoteur-de-info-tv-dieudonne-mveng-convoque-a-la-police-judiciaire-suite-a-une-plainte-de-vision-finance-la-banque-de-jean-pierre-amougou-belinga\"},\"wordCount\":408,\"commentCount\":0,\"image\":{\"@id\":\"https:\/\/www.africa-press.net\/cameroun\/toutes-les-actualites\/medias-le-promoteur-de-info-tv-dieudonne-mveng-convoque-a-la-police-judiciaire-suite-a-une-plainte-de-vision-finance-la-banque-de-jean-pierre-amougou-belinga#primaryimage\"},\"thumbnailUrl\":\"https:\/\/static.africa-press.net\/cameroun\/sites\/57\/2022\/09\/img-631f7854b36cd.jpg\",\"keywords\":[\"Africa Press\",\"Africa Press-Cameroun\",\"Cameroun\"],\"articleSection\":[\"Communaut\u00e9\",\"homepage-french\",\"Toutes les actualit\u00e9s\"],\"inLanguage\":\"fr-FR\",\"potentialAction\":[{\"@type\":\"CommentAction\",\"name\":\"Comment\",\"target\":[\"https:\/\/www.africa-press.net\/cameroun\/toutes-les-actualites\/medias-le-promoteur-de-info-tv-dieudonne-mveng-convoque-a-la-police-judiciaire-suite-a-une-plainte-de-vision-finance-la-banque-de-jean-pierre-amougou-belinga#respond\"]}]},{\"@type\":\"WebPage\",\"@id\":\"https:\/\/www.africa-press.net\/cameroun\/toutes-les-actualites\/medias-le-promoteur-de-info-tv-dieudonne-mveng-convoque-a-la-police-judiciaire-suite-a-une-plainte-de-vision-finance-la-banque-de-jean-pierre-amougou-belinga\",\"url\":\"https:\/\/www.africa-press.net\/cameroun\/toutes-les-actualites\/medias-le-promoteur-de-info-tv-dieudonne-mveng-convoque-a-la-police-judiciaire-suite-a-une-plainte-de-vision-finance-la-banque-de-jean-pierre-amougou-belinga\",\"name\":\"M\u00e9dias: Le promoteur de Info TV, Dieudonn\u00e9 Mveng, convoqu\u00e9 \u00e0 la police judiciaire suite \u00e0 une plainte de Vision Finance, la banque de Jean-Pierre Amougou Belinga - Cameroun\",\"isPartOf\":{\"@id\":\"https:\/\/www.africa-press.net\/cameroun\/#website\"},\"primaryImageOfPage\":{\"@id\":\"https:\/\/www.africa-press.net\/cameroun\/toutes-les-actualites\/medias-le-promoteur-de-info-tv-dieudonne-mveng-convoque-a-la-police-judiciaire-suite-a-une-plainte-de-vision-finance-la-banque-de-jean-pierre-amougou-belinga#primaryimage\"},\"image\":{\"@id\":\"https:\/\/www.africa-press.net\/cameroun\/toutes-les-actualites\/medias-le-promoteur-de-info-tv-dieudonne-mveng-convoque-a-la-police-judiciaire-suite-a-une-plainte-de-vision-finance-la-banque-de-jean-pierre-amougou-belinga#primaryimage\"},\"thumbnailUrl\":\"https:\/\/static.africa-press.net\/cameroun\/sites\/57\/2022\/09\/img-631f7854b36cd.jpg\",\"datePublished\":\"2022-09-12T18:20:15+00:00\",\"dateModified\":\"2022-09-12T18:20:35+00:00\",\"author\":{\"@id\":\"https:\/\/www.africa-press.net\/cameroun\/#\/schema\/person\/2b1cf3cd81a31e3cd26889ca66d677f1\"},\"description\":\"Le torchon brule entre Dieudonn\u00e9 Mveng, promoteur de la chaine de t\u00e9l\u00e9vision Info TV, et des journaux Info Matin et La M ...\",\"breadcrumb\":{\"@id\":\"https:\/\/www.africa-press.net\/cameroun\/toutes-les-actualites\/medias-le-promoteur-de-info-tv-dieudonne-mveng-convoque-a-la-police-judiciaire-suite-a-une-plainte-de-vision-finance-la-banque-de-jean-pierre-amougou-belinga#breadcrumb\"},\"inLanguage\":\"fr-FR\",\"potentialAction\":[{\"@type\":\"ReadAction\",\"target\":[\"https:\/\/www.africa-press.net\/cameroun\/toutes-les-actualites\/medias-le-promoteur-de-info-tv-dieudonne-mveng-convoque-a-la-police-judiciaire-suite-a-une-plainte-de-vision-finance-la-banque-de-jean-pierre-amougou-belinga\"]}]},{\"@type\":\"ImageObject\",\"inLanguage\":\"fr-FR\",\"@id\":\"https:\/\/www.africa-press.net\/cameroun\/toutes-les-actualites\/medias-le-promoteur-de-info-tv-dieudonne-mveng-convoque-a-la-police-judiciaire-suite-a-une-plainte-de-vision-finance-la-banque-de-jean-pierre-amougou-belinga#primaryimage\",\"url\":\"https:\/\/static.africa-press.net\/cameroun\/sites\/57\/2022\/09\/img-631f7854b36cd.jpg\",\"contentUrl\":\"https:\/\/static.africa-press.net\/cameroun\/sites\/57\/2022\/09\/img-631f7854b36cd.jpg\",\"width\":800,\"height\":432,\"caption\":\"M\u00e9dias: Le promoteur de Info TV, Dieudonn\u00e9 Mveng, convoqu\u00e9 \u00e0 la police judiciaire suite \u00e0 une plainte de Vision Finance, la banque de Jean-Pierre Amougou Belinga\"},{\"@type\":\"BreadcrumbList\",\"@id\":\"https:\/\/www.africa-press.net\/cameroun\/toutes-les-actualites\/medias-le-promoteur-de-info-tv-dieudonne-mveng-convoque-a-la-police-judiciaire-suite-a-une-plainte-de-vision-finance-la-banque-de-jean-pierre-amougou-belinga#breadcrumb\",\"itemListElement\":[{\"@type\":\"ListItem\",\"position\":1,\"name\":\"Accueil\",\"item\":\"https:\/\/www.africa-press.net\/cameroun\/\"},{\"@type\":\"ListItem\",\"position\":2,\"name\":\"M\u00e9dias: Le promoteur de Info TV, Dieudonn\u00e9 Mveng, convoqu\u00e9 \u00e0 la police judiciaire suite \u00e0 une plainte de Vision Finance, la banque de Jean-Pierre Amougou Belinga\"}]},{\"@type\":\"WebSite\",\"@id\":\"https:\/\/www.africa-press.net\/cameroun\/#website\",\"url\":\"https:\/\/www.africa-press.net\/cameroun\/\",\"name\":\"Cameroun\",\"description\":\"Just another Africa News Agency Sites site\",\"potentialAction\":[{\"@type\":\"SearchAction\",\"target\":{\"@type\":\"EntryPoint\",\"urlTemplate\":\"https:\/\/www.africa-press.net\/cameroun\/?s={search_term_string}\"},\"query-input\":{\"@type\":\"PropertyValueSpecification\",\"valueRequired\":true,\"valueName\":\"search_term_string\"}}],\"inLanguage\":\"fr-FR\"},{\"@type\":\"Person\",\"@id\":\"https:\/\/www.africa-press.net\/cameroun\/#\/schema\/person\/2b1cf3cd81a31e3cd26889ca66d677f1\",\"name\":\"cfeditorfr\"}]}<\/script>\n<!-- \/ Yoast SEO Premium plugin. -->","yoast_head_json":{"title":"M\u00e9dias: Le promoteur de Info TV, Dieudonn\u00e9 Mveng, convoqu\u00e9 \u00e0 la police judiciaire suite \u00e0 une plainte de Vision Finance, la banque de Jean-Pierre Amougou Belinga - Cameroun","description":"Le torchon brule entre Dieudonn\u00e9 Mveng, promoteur de la chaine de t\u00e9l\u00e9vision Info TV, et des journaux Info Matin et La M ...","robots":{"index":"index","follow":"follow","max-snippet":"max-snippet:-1","max-image-preview":"max-image-preview:large","max-video-preview":"max-video-preview:-1"},"canonical":"https:\/\/www.africa-press.net\/cameroun\/toutes-les-actualites\/medias-le-promoteur-de-info-tv-dieudonne-mveng-convoque-a-la-police-judiciaire-suite-a-une-plainte-de-vision-finance-la-banque-de-jean-pierre-amougou-belinga","og_locale":"fr_FR","og_type":"article","og_title":"M\u00e9dias: Le promoteur de Info TV, Dieudonn\u00e9 Mveng, convoqu\u00e9 \u00e0 la police judiciaire suite \u00e0 une plainte de Vision Finance, la banque de Jean-Pierre Amougou Belinga","og_description":"Le torchon brule entre Dieudonn\u00e9 Mveng, promoteur de la chaine de t\u00e9l\u00e9vision Info TV, et des journaux Info Matin et La M ...","og_url":"https:\/\/www.africa-press.net\/cameroun\/toutes-les-actualites\/medias-le-promoteur-de-info-tv-dieudonne-mveng-convoque-a-la-police-judiciaire-suite-a-une-plainte-de-vision-finance-la-banque-de-jean-pierre-amougou-belinga","og_site_name":"Cameroun","article_published_time":"2022-09-12T18:20:15+00:00","article_modified_time":"2022-09-12T18:20:35+00:00","og_image":[{"width":800,"height":432,"url":"https:\/\/static.africa-press.net\/cameroun\/sites\/57\/2022\/09\/img-631f7854b36cd.jpg","type":"image\/jpeg"}],"author":"cfeditorfr","twitter_card":"summary_large_image","twitter_misc":{"\u00c9crit par":"cfeditorfr","Dur\u00e9e de lecture estim\u00e9e":"2 minutes"},"schema":{"@context":"https:\/\/schema.org","@graph":[{"@type":"Article","@id":"https:\/\/www.africa-press.net\/cameroun\/toutes-les-actualites\/medias-le-promoteur-de-info-tv-dieudonne-mveng-convoque-a-la-police-judiciaire-suite-a-une-plainte-de-vision-finance-la-banque-de-jean-pierre-amougou-belinga#article","isPartOf":{"@id":"https:\/\/www.africa-press.net\/cameroun\/toutes-les-actualites\/medias-le-promoteur-de-info-tv-dieudonne-mveng-convoque-a-la-police-judiciaire-suite-a-une-plainte-de-vision-finance-la-banque-de-jean-pierre-amougou-belinga"},"author":{"name":"cfeditorfr","@id":"https:\/\/www.africa-press.net\/cameroun\/#\/schema\/person\/2b1cf3cd81a31e3cd26889ca66d677f1"},"headline":"M\u00e9dias: Le promoteur de Info TV, Dieudonn\u00e9 Mveng, convoqu\u00e9 \u00e0 la police judiciaire suite \u00e0 une plainte de Vision Finance, la banque de Jean-Pierre Amougou Belinga","datePublished":"2022-09-12T18:20:15+00:00","dateModified":"2022-09-12T18:20:35+00:00","mainEntityOfPage":{"@id":"https:\/\/www.africa-press.net\/cameroun\/toutes-les-actualites\/medias-le-promoteur-de-info-tv-dieudonne-mveng-convoque-a-la-police-judiciaire-suite-a-une-plainte-de-vision-finance-la-banque-de-jean-pierre-amougou-belinga"},"wordCount":408,"commentCount":0,"image":{"@id":"https:\/\/www.africa-press.net\/cameroun\/toutes-les-actualites\/medias-le-promoteur-de-info-tv-dieudonne-mveng-convoque-a-la-police-judiciaire-suite-a-une-plainte-de-vision-finance-la-banque-de-jean-pierre-amougou-belinga#primaryimage"},"thumbnailUrl":"https:\/\/static.africa-press.net\/cameroun\/sites\/57\/2022\/09\/img-631f7854b36cd.jpg","keywords":["Africa Press","Africa Press-Cameroun","Cameroun"],"articleSection":["Communaut\u00e9","homepage-french","Toutes les actualit\u00e9s"],"inLanguage":"fr-FR","potentialAction":[{"@type":"CommentAction","name":"Comment","target":["https:\/\/www.africa-press.net\/cameroun\/toutes-les-actualites\/medias-le-promoteur-de-info-tv-dieudonne-mveng-convoque-a-la-police-judiciaire-suite-a-une-plainte-de-vision-finance-la-banque-de-jean-pierre-amougou-belinga#respond"]}]},{"@type":"WebPage","@id":"https:\/\/www.africa-press.net\/cameroun\/toutes-les-actualites\/medias-le-promoteur-de-info-tv-dieudonne-mveng-convoque-a-la-police-judiciaire-suite-a-une-plainte-de-vision-finance-la-banque-de-jean-pierre-amougou-belinga","url":"https:\/\/www.africa-press.net\/cameroun\/toutes-les-actualites\/medias-le-promoteur-de-info-tv-dieudonne-mveng-convoque-a-la-police-judiciaire-suite-a-une-plainte-de-vision-finance-la-banque-de-jean-pierre-amougou-belinga","name":"M\u00e9dias: Le promoteur de Info TV, Dieudonn\u00e9 Mveng, convoqu\u00e9 \u00e0 la police judiciaire suite \u00e0 une plainte de Vision Finance, la banque de Jean-Pierre Amougou Belinga - Cameroun","isPartOf":{"@id":"https:\/\/www.africa-press.net\/cameroun\/#website"},"primaryImageOfPage":{"@id":"https:\/\/www.africa-press.net\/cameroun\/toutes-les-actualites\/medias-le-promoteur-de-info-tv-dieudonne-mveng-convoque-a-la-police-judiciaire-suite-a-une-plainte-de-vision-finance-la-banque-de-jean-pierre-amougou-belinga#primaryimage"},"image":{"@id":"https:\/\/www.africa-press.net\/cameroun\/toutes-les-actualites\/medias-le-promoteur-de-info-tv-dieudonne-mveng-convoque-a-la-police-judiciaire-suite-a-une-plainte-de-vision-finance-la-banque-de-jean-pierre-amougou-belinga#primaryimage"},"thumbnailUrl":"https:\/\/static.africa-press.net\/cameroun\/sites\/57\/2022\/09\/img-631f7854b36cd.jpg","datePublished":"2022-09-12T18:20:15+00:00","dateModified":"2022-09-12T18:20:35+00:00","author":{"@id":"https:\/\/www.africa-press.net\/cameroun\/#\/schema\/person\/2b1cf3cd81a31e3cd26889ca66d677f1"},"description":"Le torchon brule entre Dieudonn\u00e9 Mveng, promoteur de la chaine de t\u00e9l\u00e9vision Info TV, et des journaux Info Matin et La M ...","breadcrumb":{"@id":"https:\/\/www.africa-press.net\/cameroun\/toutes-les-actualites\/medias-le-promoteur-de-info-tv-dieudonne-mveng-convoque-a-la-police-judiciaire-suite-a-une-plainte-de-vision-finance-la-banque-de-jean-pierre-amougou-belinga#breadcrumb"},"inLanguage":"fr-FR","potentialAction":[{"@type":"ReadAction","target":["https:\/\/www.africa-press.net\/cameroun\/toutes-les-actualites\/medias-le-promoteur-de-info-tv-dieudonne-mveng-convoque-a-la-police-judiciaire-suite-a-une-plainte-de-vision-finance-la-banque-de-jean-pierre-amougou-belinga"]}]},{"@type":"ImageObject","inLanguage":"fr-FR","@id":"https:\/\/www.africa-press.net\/cameroun\/toutes-les-actualites\/medias-le-promoteur-de-info-tv-dieudonne-mveng-convoque-a-la-police-judiciaire-suite-a-une-plainte-de-vision-finance-la-banque-de-jean-pierre-amougou-belinga#primaryimage","url":"https:\/\/static.africa-press.net\/cameroun\/sites\/57\/2022\/09\/img-631f7854b36cd.jpg","contentUrl":"https:\/\/static.africa-press.net\/cameroun\/sites\/57\/2022\/09\/img-631f7854b36cd.jpg","width":800,"height":432,"caption":"M\u00e9dias: Le promoteur de Info TV, Dieudonn\u00e9 Mveng, convoqu\u00e9 \u00e0 la police judiciaire suite \u00e0 une plainte de Vision Finance, la banque de Jean-Pierre Amougou Belinga"},{"@type":"BreadcrumbList","@id":"https:\/\/www.africa-press.net\/cameroun\/toutes-les-actualites\/medias-le-promoteur-de-info-tv-dieudonne-mveng-convoque-a-la-police-judiciaire-suite-a-une-plainte-de-vision-finance-la-banque-de-jean-pierre-amougou-belinga#breadcrumb","itemListElement":[{"@type":"ListItem","position":1,"name":"Accueil","item":"https:\/\/www.africa-press.net\/cameroun\/"},{"@type":"ListItem","position":2,"name":"M\u00e9dias: Le promoteur de Info TV, Dieudonn\u00e9 Mveng, convoqu\u00e9 \u00e0 la police judiciaire suite \u00e0 une plainte de Vision Finance, la banque de Jean-Pierre Amougou Belinga"}]},{"@type":"WebSite","@id":"https:\/\/www.africa-press.net\/cameroun\/#website","url":"https:\/\/www.africa-press.net\/cameroun\/","name":"Cameroun","description":"Just another Africa News Agency Sites site","potentialAction":[{"@type":"SearchAction","target":{"@type":"EntryPoint","urlTemplate":"https:\/\/www.africa-press.net\/cameroun\/?s={search_term_string}"},"query-input":{"@type":"PropertyValueSpecification","valueRequired":true,"valueName":"search_term_string"}}],"inLanguage":"fr-FR"},{"@type":"Person","@id":"https:\/\/www.africa-press.net\/cameroun\/#\/schema\/person\/2b1cf3cd81a31e3cd26889ca66d677f1","name":"cfeditorfr"}]}},"_links":{"self":[{"href":"https:\/\/www.africa-press.net\/cameroun\/wp-json\/wp\/v2\/posts\/27185","targetHints":{"allow":["GET"]}}],"collection":[{"href":"https:\/\/www.africa-press.net\/cameroun\/wp-json\/wp\/v2\/posts"}],"about":[{"href":"https:\/\/www.africa-press.net\/cameroun\/wp-json\/wp\/v2\/types\/post"}],"author":[{"embeddable":true,"href":"https:\/\/www.africa-press.net\/cameroun\/wp-json\/wp\/v2\/users\/82"}],"replies":[{"embeddable":true,"href":"https:\/\/www.africa-press.net\/cameroun\/wp-json\/wp\/v2\/comments?post=27185"}],"version-history":[{"count":0,"href":"https:\/\/www.africa-press.net\/cameroun\/wp-json\/wp\/v2\/posts\/27185\/revisions"}],"wp:featuredmedia":[{"embeddable":true,"href":"https:\/\/www.africa-press.net\/cameroun\/wp-json\/wp\/v2\/media\/27184"}],"wp:attachment":[{"href":"https:\/\/www.africa-press.net\/cameroun\/wp-json\/wp\/v2\/media?parent=27185"}],"wp:term":[{"taxonomy":"category","embeddable":true,"href":"https:\/\/www.africa-press.net\/cameroun\/wp-json\/wp\/v2\/categories?post=27185"},{"taxonomy":"post_tag","embeddable":true,"href":"https:\/\/www.africa-press.net\/cameroun\/wp-json\/wp\/v2\/tags?post=27185"}],"curies":[{"name":"wp","href":"https:\/\/api.w.org\/{rel}","templated":true}]}}