{"id":27191,"date":"2022-09-12T15:38:41","date_gmt":"2022-09-12T15:38:41","guid":{"rendered":"https:\/\/www.africa-press.net\/cameroun\/politique\/necrologie-retrouvee-morte-dans-sa-chambre-en-belgique-la-camerounaise-ursule-edoa-va-etre-inhumee-le-13-septembre-2022-a-liege"},"modified":"2022-09-12T18:22:04","modified_gmt":"2022-09-12T18:22:04","slug":"necrologie-retrouvee-morte-dans-sa-chambre-en-belgique-la-camerounaise-ursule-edoa-va-etre-inhumee-le-13-septembre-2022-a-liege","status":"publish","type":"post","link":"https:\/\/www.africa-press.net\/cameroun\/toutes-les-actualites\/necrologie-retrouvee-morte-dans-sa-chambre-en-belgique-la-camerounaise-ursule-edoa-va-etre-inhumee-le-13-septembre-2022-a-liege","title":{"rendered":"N\u00e9crologie: Retrouv\u00e9e morte dans sa chambre en Belgique, la \u00a0Camerounaise Ursule Edoa va \u00eatre inhum\u00e9e le 13 septembre 2022 \u00e0 Li\u00e8ge"},"content":{"rendered":"<p><span style=\"color: #ff6600\"><strong>Africa-Press &#8211; Cameroun. <\/strong><\/span>La communaut\u00e9 camerounaise en Belgique a appris ce week-end le d\u00e9c\u00e8s tragique de Ursule Edoa Bissa, d\u00e9c\u00e9d\u00e9e dans des circonstances non encore \u00e9lucid\u00e9es. Elle aurait \u00e9t\u00e9 retrouv\u00e9e morte dans sa chambre \u00e0 Li\u00e8ge, rapportent des sources concordantes au sein de la diaspora camerounaise. Sa d\u00e9pouille auraient d\u00e9couverte dans un \u00e9tat de putr\u00e9faction, et les autorit\u00e9s de la ville ont imm\u00e9diatement entrepris de proc\u00e9der \u00e0 son inhumation.<\/p>\n<p>Son enterrement est programm\u00e9 le mardi 13 septembre 2022, au cimeti\u00e8re de Sainte-Walburge \u00e0 10H30 minutes, heure locale, au fun\u00e9rarium Simon &amp; Fils \u00e0 Li\u00e8ge. Cette c\u00e9r\u00e9monie pourrait se d\u00e9rouler en l\u2019absence des membres de sa famille, en l\u2019occurrence sa maman.<\/p>\n<p>Le media <b>Griote TV<\/b> r\u00e9v\u00e8le en effet ce mardi 12 septembre 2022, que la maman de la disparue \u00ab <b>a rendez-vous ce jour \u00e0 l&rsquo;ambassade pour sa demande de visa afin d&rsquo;assister aux obs\u00e8ques. Elle a besoin d&rsquo;une association qui peut repousser la date de l&rsquo;incin\u00e9ration dans un d\u00e9lai de 15 jours <\/b>\u00bb, pr\u00e9cise le media de Clarence Yongo. L\u2019on apprend par ailleurs des proches de la d\u00e9funte que son v\u0153u \u00e0 sa mort \u00e9tait d\u2019\u00eatre enterr\u00e9e en Belgique.<\/p>\n<p><strong>Pour plus d&rsquo;informations et d&rsquo;analyses sur la <a href=\"https:\/\/www.africa-press.net\/cameroun\">Cameroun<\/a>, suivez <a href=\"https:\/\/www.africa-press.net\/\">Africa-Press<\/a><\/strong><\/p>\n","protected":false},"excerpt":{"rendered":"<p>Africa-Press &#8211; Cameroun. La communaut\u00e9 camerounaise en Belgique a appris ce week-end le d\u00e9c\u00e8s tragique de Ursule Edoa Bissa, d\u00e9c\u00e9d\u00e9e dans des circonstances non encore \u00e9lucid\u00e9es. Elle aurait \u00e9t\u00e9 retrouv\u00e9e morte dans sa chambre \u00e0 Li\u00e8ge, rapportent des sources concordantes au sein de la diaspora camerounaise. Sa d\u00e9pouille auraient d\u00e9couverte dans un \u00e9tat de putr\u00e9faction, [&hellip;]<\/p>\n","protected":false},"author":82,"featured_media":27190,"comment_status":"open","ping_status":"closed","sticky":false,"template":"","format":"standard","meta":{"footnotes":""},"categories":[21,11,10],"tags":[36,50,49],"class_list":["post-27191","post","type-post","status-publish","format-standard","has-post-thumbnail","hentry","category-communaute","category-homepage-french","category-toutes-les-actualites","tag-africa-press","tag-africa-press-cameroun","tag-cameroun"],"yoast_head":"<!-- This site is optimized with the Yoast SEO Premium plugin v26.1 (Yoast SEO v27.0) - https:\/\/yoast.com\/product\/yoast-seo-premium-wordpress\/ -->\n<title>N\u00e9crologie: Retrouv\u00e9e morte dans sa chambre en Belgique, la \u00a0Camerounaise Ursule Edoa va \u00eatre inhum\u00e9e le 13 septembre 2022 \u00e0 Li\u00e8ge - Cameroun<\/title>\n<meta name=\"description\" content=\"La communaut\u00e9 camerounaise en Belgique a appris ce week-end le d\u00e9c\u00e8s tragique de Ursule Edoa Bissa, d\u00e9c\u00e9d\u00e9e dans des cir ...\" \/>\n<meta name=\"robots\" content=\"index, follow, max-snippet:-1, max-image-preview:large, max-video-preview:-1\" \/>\n<link rel=\"canonical\" href=\"https:\/\/www.africa-press.net\/cameroun\/toutes-les-actualites\/necrologie-retrouvee-morte-dans-sa-chambre-en-belgique-la-camerounaise-ursule-edoa-va-etre-inhumee-le-13-septembre-2022-a-liege\" \/>\n<meta property=\"og:locale\" content=\"fr_FR\" \/>\n<meta property=\"og:type\" content=\"article\" \/>\n<meta property=\"og:title\" content=\"N\u00e9crologie: Retrouv\u00e9e morte dans sa chambre en Belgique, la \u00a0Camerounaise Ursule Edoa va \u00eatre inhum\u00e9e le 13 septembre 2022 \u00e0 Li\u00e8ge\" \/>\n<meta property=\"og:description\" content=\"La communaut\u00e9 camerounaise en Belgique a appris ce week-end le d\u00e9c\u00e8s tragique de Ursule Edoa Bissa, d\u00e9c\u00e9d\u00e9e dans des cir ...\" \/>\n<meta property=\"og:url\" content=\"https:\/\/www.africa-press.net\/cameroun\/toutes-les-actualites\/necrologie-retrouvee-morte-dans-sa-chambre-en-belgique-la-camerounaise-ursule-edoa-va-etre-inhumee-le-13-septembre-2022-a-liege\" \/>\n<meta property=\"og:site_name\" content=\"Cameroun\" \/>\n<meta property=\"article:published_time\" content=\"2022-09-12T15:38:41+00:00\" \/>\n<meta property=\"article:modified_time\" content=\"2022-09-12T18:22:04+00:00\" \/>\n<meta property=\"og:image\" content=\"https:\/\/static.africa-press.net\/cameroun\/sites\/57\/2022\/09\/img-631f78ad5bb5c.jpg\" \/>\n\t<meta property=\"og:image:width\" content=\"800\" \/>\n\t<meta property=\"og:image:height\" content=\"766\" \/>\n\t<meta property=\"og:image:type\" content=\"image\/jpeg\" \/>\n<meta name=\"author\" content=\"cfeditorfr\" \/>\n<meta name=\"twitter:card\" content=\"summary_large_image\" \/>\n<meta name=\"twitter:label1\" content=\"\u00c9crit par\" \/>\n\t<meta name=\"twitter:data1\" content=\"cfeditorfr\" \/>\n\t<meta name=\"twitter:label2\" content=\"Dur\u00e9e de lecture estim\u00e9e\" \/>\n\t<meta name=\"twitter:data2\" content=\"1 minute\" \/>\n<script type=\"application\/ld+json\" class=\"yoast-schema-graph\">{\"@context\":\"https:\/\/schema.org\",\"@graph\":[{\"@type\":\"Article\",\"@id\":\"https:\/\/www.africa-press.net\/cameroun\/toutes-les-actualites\/necrologie-retrouvee-morte-dans-sa-chambre-en-belgique-la-camerounaise-ursule-edoa-va-etre-inhumee-le-13-septembre-2022-a-liege#article\",\"isPartOf\":{\"@id\":\"https:\/\/www.africa-press.net\/cameroun\/toutes-les-actualites\/necrologie-retrouvee-morte-dans-sa-chambre-en-belgique-la-camerounaise-ursule-edoa-va-etre-inhumee-le-13-septembre-2022-a-liege\"},\"author\":{\"name\":\"cfeditorfr\",\"@id\":\"https:\/\/www.africa-press.net\/cameroun\/#\/schema\/person\/2b1cf3cd81a31e3cd26889ca66d677f1\"},\"headline\":\"N\u00e9crologie: Retrouv\u00e9e morte dans sa chambre en Belgique, la \u00a0Camerounaise Ursule Edoa va \u00eatre inhum\u00e9e le 13 septembre 2022 \u00e0 Li\u00e8ge\",\"datePublished\":\"2022-09-12T15:38:41+00:00\",\"dateModified\":\"2022-09-12T18:22:04+00:00\",\"mainEntityOfPage\":{\"@id\":\"https:\/\/www.africa-press.net\/cameroun\/toutes-les-actualites\/necrologie-retrouvee-morte-dans-sa-chambre-en-belgique-la-camerounaise-ursule-edoa-va-etre-inhumee-le-13-septembre-2022-a-liege\"},\"wordCount\":247,\"commentCount\":0,\"image\":{\"@id\":\"https:\/\/www.africa-press.net\/cameroun\/toutes-les-actualites\/necrologie-retrouvee-morte-dans-sa-chambre-en-belgique-la-camerounaise-ursule-edoa-va-etre-inhumee-le-13-septembre-2022-a-liege#primaryimage\"},\"thumbnailUrl\":\"https:\/\/static.africa-press.net\/cameroun\/sites\/57\/2022\/09\/img-631f78ad5bb5c.jpg\",\"keywords\":[\"Africa Press\",\"Africa Press-Cameroun\",\"Cameroun\"],\"articleSection\":[\"Communaut\u00e9\",\"homepage-french\",\"Toutes les actualit\u00e9s\"],\"inLanguage\":\"fr-FR\",\"potentialAction\":[{\"@type\":\"CommentAction\",\"name\":\"Comment\",\"target\":[\"https:\/\/www.africa-press.net\/cameroun\/toutes-les-actualites\/necrologie-retrouvee-morte-dans-sa-chambre-en-belgique-la-camerounaise-ursule-edoa-va-etre-inhumee-le-13-septembre-2022-a-liege#respond\"]}]},{\"@type\":\"WebPage\",\"@id\":\"https:\/\/www.africa-press.net\/cameroun\/toutes-les-actualites\/necrologie-retrouvee-morte-dans-sa-chambre-en-belgique-la-camerounaise-ursule-edoa-va-etre-inhumee-le-13-septembre-2022-a-liege\",\"url\":\"https:\/\/www.africa-press.net\/cameroun\/toutes-les-actualites\/necrologie-retrouvee-morte-dans-sa-chambre-en-belgique-la-camerounaise-ursule-edoa-va-etre-inhumee-le-13-septembre-2022-a-liege\",\"name\":\"N\u00e9crologie: Retrouv\u00e9e morte dans sa chambre en Belgique, la \u00a0Camerounaise Ursule Edoa va \u00eatre inhum\u00e9e le 13 septembre 2022 \u00e0 Li\u00e8ge - Cameroun\",\"isPartOf\":{\"@id\":\"https:\/\/www.africa-press.net\/cameroun\/#website\"},\"primaryImageOfPage\":{\"@id\":\"https:\/\/www.africa-press.net\/cameroun\/toutes-les-actualites\/necrologie-retrouvee-morte-dans-sa-chambre-en-belgique-la-camerounaise-ursule-edoa-va-etre-inhumee-le-13-septembre-2022-a-liege#primaryimage\"},\"image\":{\"@id\":\"https:\/\/www.africa-press.net\/cameroun\/toutes-les-actualites\/necrologie-retrouvee-morte-dans-sa-chambre-en-belgique-la-camerounaise-ursule-edoa-va-etre-inhumee-le-13-septembre-2022-a-liege#primaryimage\"},\"thumbnailUrl\":\"https:\/\/static.africa-press.net\/cameroun\/sites\/57\/2022\/09\/img-631f78ad5bb5c.jpg\",\"datePublished\":\"2022-09-12T15:38:41+00:00\",\"dateModified\":\"2022-09-12T18:22:04+00:00\",\"author\":{\"@id\":\"https:\/\/www.africa-press.net\/cameroun\/#\/schema\/person\/2b1cf3cd81a31e3cd26889ca66d677f1\"},\"description\":\"La communaut\u00e9 camerounaise en Belgique a appris ce week-end le d\u00e9c\u00e8s tragique de Ursule Edoa Bissa, d\u00e9c\u00e9d\u00e9e dans des cir ...\",\"breadcrumb\":{\"@id\":\"https:\/\/www.africa-press.net\/cameroun\/toutes-les-actualites\/necrologie-retrouvee-morte-dans-sa-chambre-en-belgique-la-camerounaise-ursule-edoa-va-etre-inhumee-le-13-septembre-2022-a-liege#breadcrumb\"},\"inLanguage\":\"fr-FR\",\"potentialAction\":[{\"@type\":\"ReadAction\",\"target\":[\"https:\/\/www.africa-press.net\/cameroun\/toutes-les-actualites\/necrologie-retrouvee-morte-dans-sa-chambre-en-belgique-la-camerounaise-ursule-edoa-va-etre-inhumee-le-13-septembre-2022-a-liege\"]}]},{\"@type\":\"ImageObject\",\"inLanguage\":\"fr-FR\",\"@id\":\"https:\/\/www.africa-press.net\/cameroun\/toutes-les-actualites\/necrologie-retrouvee-morte-dans-sa-chambre-en-belgique-la-camerounaise-ursule-edoa-va-etre-inhumee-le-13-septembre-2022-a-liege#primaryimage\",\"url\":\"https:\/\/static.africa-press.net\/cameroun\/sites\/57\/2022\/09\/img-631f78ad5bb5c.jpg\",\"contentUrl\":\"https:\/\/static.africa-press.net\/cameroun\/sites\/57\/2022\/09\/img-631f78ad5bb5c.jpg\",\"width\":800,\"height\":766,\"caption\":\"N\u00e9crologie: Retrouv\u00e9e morte dans sa chambre en Belgique, la \u00a0Camerounaise Ursule Edoa va \u00eatre inhum\u00e9e le 13 septembre 2022 \u00e0 Li\u00e8ge\"},{\"@type\":\"BreadcrumbList\",\"@id\":\"https:\/\/www.africa-press.net\/cameroun\/toutes-les-actualites\/necrologie-retrouvee-morte-dans-sa-chambre-en-belgique-la-camerounaise-ursule-edoa-va-etre-inhumee-le-13-septembre-2022-a-liege#breadcrumb\",\"itemListElement\":[{\"@type\":\"ListItem\",\"position\":1,\"name\":\"Accueil\",\"item\":\"https:\/\/www.africa-press.net\/cameroun\/\"},{\"@type\":\"ListItem\",\"position\":2,\"name\":\"N\u00e9crologie: Retrouv\u00e9e morte dans sa chambre en Belgique, la \u00a0Camerounaise Ursule Edoa va \u00eatre inhum\u00e9e le 13 septembre 2022 \u00e0 Li\u00e8ge\"}]},{\"@type\":\"WebSite\",\"@id\":\"https:\/\/www.africa-press.net\/cameroun\/#website\",\"url\":\"https:\/\/www.africa-press.net\/cameroun\/\",\"name\":\"Cameroun\",\"description\":\"Just another Africa News Agency Sites site\",\"potentialAction\":[{\"@type\":\"SearchAction\",\"target\":{\"@type\":\"EntryPoint\",\"urlTemplate\":\"https:\/\/www.africa-press.net\/cameroun\/?s={search_term_string}\"},\"query-input\":{\"@type\":\"PropertyValueSpecification\",\"valueRequired\":true,\"valueName\":\"search_term_string\"}}],\"inLanguage\":\"fr-FR\"},{\"@type\":\"Person\",\"@id\":\"https:\/\/www.africa-press.net\/cameroun\/#\/schema\/person\/2b1cf3cd81a31e3cd26889ca66d677f1\",\"name\":\"cfeditorfr\"}]}<\/script>\n<!-- \/ Yoast SEO Premium plugin. -->","yoast_head_json":{"title":"N\u00e9crologie: Retrouv\u00e9e morte dans sa chambre en Belgique, la \u00a0Camerounaise Ursule Edoa va \u00eatre inhum\u00e9e le 13 septembre 2022 \u00e0 Li\u00e8ge - Cameroun","description":"La communaut\u00e9 camerounaise en Belgique a appris ce week-end le d\u00e9c\u00e8s tragique de Ursule Edoa Bissa, d\u00e9c\u00e9d\u00e9e dans des cir ...","robots":{"index":"index","follow":"follow","max-snippet":"max-snippet:-1","max-image-preview":"max-image-preview:large","max-video-preview":"max-video-preview:-1"},"canonical":"https:\/\/www.africa-press.net\/cameroun\/toutes-les-actualites\/necrologie-retrouvee-morte-dans-sa-chambre-en-belgique-la-camerounaise-ursule-edoa-va-etre-inhumee-le-13-septembre-2022-a-liege","og_locale":"fr_FR","og_type":"article","og_title":"N\u00e9crologie: Retrouv\u00e9e morte dans sa chambre en Belgique, la \u00a0Camerounaise Ursule Edoa va \u00eatre inhum\u00e9e le 13 septembre 2022 \u00e0 Li\u00e8ge","og_description":"La communaut\u00e9 camerounaise en Belgique a appris ce week-end le d\u00e9c\u00e8s tragique de Ursule Edoa Bissa, d\u00e9c\u00e9d\u00e9e dans des cir ...","og_url":"https:\/\/www.africa-press.net\/cameroun\/toutes-les-actualites\/necrologie-retrouvee-morte-dans-sa-chambre-en-belgique-la-camerounaise-ursule-edoa-va-etre-inhumee-le-13-septembre-2022-a-liege","og_site_name":"Cameroun","article_published_time":"2022-09-12T15:38:41+00:00","article_modified_time":"2022-09-12T18:22:04+00:00","og_image":[{"width":800,"height":766,"url":"https:\/\/static.africa-press.net\/cameroun\/sites\/57\/2022\/09\/img-631f78ad5bb5c.jpg","type":"image\/jpeg"}],"author":"cfeditorfr","twitter_card":"summary_large_image","twitter_misc":{"\u00c9crit par":"cfeditorfr","Dur\u00e9e de lecture estim\u00e9e":"1 minute"},"schema":{"@context":"https:\/\/schema.org","@graph":[{"@type":"Article","@id":"https:\/\/www.africa-press.net\/cameroun\/toutes-les-actualites\/necrologie-retrouvee-morte-dans-sa-chambre-en-belgique-la-camerounaise-ursule-edoa-va-etre-inhumee-le-13-septembre-2022-a-liege#article","isPartOf":{"@id":"https:\/\/www.africa-press.net\/cameroun\/toutes-les-actualites\/necrologie-retrouvee-morte-dans-sa-chambre-en-belgique-la-camerounaise-ursule-edoa-va-etre-inhumee-le-13-septembre-2022-a-liege"},"author":{"name":"cfeditorfr","@id":"https:\/\/www.africa-press.net\/cameroun\/#\/schema\/person\/2b1cf3cd81a31e3cd26889ca66d677f1"},"headline":"N\u00e9crologie: Retrouv\u00e9e morte dans sa chambre en Belgique, la \u00a0Camerounaise Ursule Edoa va \u00eatre inhum\u00e9e le 13 septembre 2022 \u00e0 Li\u00e8ge","datePublished":"2022-09-12T15:38:41+00:00","dateModified":"2022-09-12T18:22:04+00:00","mainEntityOfPage":{"@id":"https:\/\/www.africa-press.net\/cameroun\/toutes-les-actualites\/necrologie-retrouvee-morte-dans-sa-chambre-en-belgique-la-camerounaise-ursule-edoa-va-etre-inhumee-le-13-septembre-2022-a-liege"},"wordCount":247,"commentCount":0,"image":{"@id":"https:\/\/www.africa-press.net\/cameroun\/toutes-les-actualites\/necrologie-retrouvee-morte-dans-sa-chambre-en-belgique-la-camerounaise-ursule-edoa-va-etre-inhumee-le-13-septembre-2022-a-liege#primaryimage"},"thumbnailUrl":"https:\/\/static.africa-press.net\/cameroun\/sites\/57\/2022\/09\/img-631f78ad5bb5c.jpg","keywords":["Africa Press","Africa Press-Cameroun","Cameroun"],"articleSection":["Communaut\u00e9","homepage-french","Toutes les actualit\u00e9s"],"inLanguage":"fr-FR","potentialAction":[{"@type":"CommentAction","name":"Comment","target":["https:\/\/www.africa-press.net\/cameroun\/toutes-les-actualites\/necrologie-retrouvee-morte-dans-sa-chambre-en-belgique-la-camerounaise-ursule-edoa-va-etre-inhumee-le-13-septembre-2022-a-liege#respond"]}]},{"@type":"WebPage","@id":"https:\/\/www.africa-press.net\/cameroun\/toutes-les-actualites\/necrologie-retrouvee-morte-dans-sa-chambre-en-belgique-la-camerounaise-ursule-edoa-va-etre-inhumee-le-13-septembre-2022-a-liege","url":"https:\/\/www.africa-press.net\/cameroun\/toutes-les-actualites\/necrologie-retrouvee-morte-dans-sa-chambre-en-belgique-la-camerounaise-ursule-edoa-va-etre-inhumee-le-13-septembre-2022-a-liege","name":"N\u00e9crologie: Retrouv\u00e9e morte dans sa chambre en Belgique, la \u00a0Camerounaise Ursule Edoa va \u00eatre inhum\u00e9e le 13 septembre 2022 \u00e0 Li\u00e8ge - Cameroun","isPartOf":{"@id":"https:\/\/www.africa-press.net\/cameroun\/#website"},"primaryImageOfPage":{"@id":"https:\/\/www.africa-press.net\/cameroun\/toutes-les-actualites\/necrologie-retrouvee-morte-dans-sa-chambre-en-belgique-la-camerounaise-ursule-edoa-va-etre-inhumee-le-13-septembre-2022-a-liege#primaryimage"},"image":{"@id":"https:\/\/www.africa-press.net\/cameroun\/toutes-les-actualites\/necrologie-retrouvee-morte-dans-sa-chambre-en-belgique-la-camerounaise-ursule-edoa-va-etre-inhumee-le-13-septembre-2022-a-liege#primaryimage"},"thumbnailUrl":"https:\/\/static.africa-press.net\/cameroun\/sites\/57\/2022\/09\/img-631f78ad5bb5c.jpg","datePublished":"2022-09-12T15:38:41+00:00","dateModified":"2022-09-12T18:22:04+00:00","author":{"@id":"https:\/\/www.africa-press.net\/cameroun\/#\/schema\/person\/2b1cf3cd81a31e3cd26889ca66d677f1"},"description":"La communaut\u00e9 camerounaise en Belgique a appris ce week-end le d\u00e9c\u00e8s tragique de Ursule Edoa Bissa, d\u00e9c\u00e9d\u00e9e dans des cir ...","breadcrumb":{"@id":"https:\/\/www.africa-press.net\/cameroun\/toutes-les-actualites\/necrologie-retrouvee-morte-dans-sa-chambre-en-belgique-la-camerounaise-ursule-edoa-va-etre-inhumee-le-13-septembre-2022-a-liege#breadcrumb"},"inLanguage":"fr-FR","potentialAction":[{"@type":"ReadAction","target":["https:\/\/www.africa-press.net\/cameroun\/toutes-les-actualites\/necrologie-retrouvee-morte-dans-sa-chambre-en-belgique-la-camerounaise-ursule-edoa-va-etre-inhumee-le-13-septembre-2022-a-liege"]}]},{"@type":"ImageObject","inLanguage":"fr-FR","@id":"https:\/\/www.africa-press.net\/cameroun\/toutes-les-actualites\/necrologie-retrouvee-morte-dans-sa-chambre-en-belgique-la-camerounaise-ursule-edoa-va-etre-inhumee-le-13-septembre-2022-a-liege#primaryimage","url":"https:\/\/static.africa-press.net\/cameroun\/sites\/57\/2022\/09\/img-631f78ad5bb5c.jpg","contentUrl":"https:\/\/static.africa-press.net\/cameroun\/sites\/57\/2022\/09\/img-631f78ad5bb5c.jpg","width":800,"height":766,"caption":"N\u00e9crologie: Retrouv\u00e9e morte dans sa chambre en Belgique, la \u00a0Camerounaise Ursule Edoa va \u00eatre inhum\u00e9e le 13 septembre 2022 \u00e0 Li\u00e8ge"},{"@type":"BreadcrumbList","@id":"https:\/\/www.africa-press.net\/cameroun\/toutes-les-actualites\/necrologie-retrouvee-morte-dans-sa-chambre-en-belgique-la-camerounaise-ursule-edoa-va-etre-inhumee-le-13-septembre-2022-a-liege#breadcrumb","itemListElement":[{"@type":"ListItem","position":1,"name":"Accueil","item":"https:\/\/www.africa-press.net\/cameroun\/"},{"@type":"ListItem","position":2,"name":"N\u00e9crologie: Retrouv\u00e9e morte dans sa chambre en Belgique, la \u00a0Camerounaise Ursule Edoa va \u00eatre inhum\u00e9e le 13 septembre 2022 \u00e0 Li\u00e8ge"}]},{"@type":"WebSite","@id":"https:\/\/www.africa-press.net\/cameroun\/#website","url":"https:\/\/www.africa-press.net\/cameroun\/","name":"Cameroun","description":"Just another Africa News Agency Sites site","potentialAction":[{"@type":"SearchAction","target":{"@type":"EntryPoint","urlTemplate":"https:\/\/www.africa-press.net\/cameroun\/?s={search_term_string}"},"query-input":{"@type":"PropertyValueSpecification","valueRequired":true,"valueName":"search_term_string"}}],"inLanguage":"fr-FR"},{"@type":"Person","@id":"https:\/\/www.africa-press.net\/cameroun\/#\/schema\/person\/2b1cf3cd81a31e3cd26889ca66d677f1","name":"cfeditorfr"}]}},"_links":{"self":[{"href":"https:\/\/www.africa-press.net\/cameroun\/wp-json\/wp\/v2\/posts\/27191","targetHints":{"allow":["GET"]}}],"collection":[{"href":"https:\/\/www.africa-press.net\/cameroun\/wp-json\/wp\/v2\/posts"}],"about":[{"href":"https:\/\/www.africa-press.net\/cameroun\/wp-json\/wp\/v2\/types\/post"}],"author":[{"embeddable":true,"href":"https:\/\/www.africa-press.net\/cameroun\/wp-json\/wp\/v2\/users\/82"}],"replies":[{"embeddable":true,"href":"https:\/\/www.africa-press.net\/cameroun\/wp-json\/wp\/v2\/comments?post=27191"}],"version-history":[{"count":0,"href":"https:\/\/www.africa-press.net\/cameroun\/wp-json\/wp\/v2\/posts\/27191\/revisions"}],"wp:featuredmedia":[{"embeddable":true,"href":"https:\/\/www.africa-press.net\/cameroun\/wp-json\/wp\/v2\/media\/27190"}],"wp:attachment":[{"href":"https:\/\/www.africa-press.net\/cameroun\/wp-json\/wp\/v2\/media?parent=27191"}],"wp:term":[{"taxonomy":"category","embeddable":true,"href":"https:\/\/www.africa-press.net\/cameroun\/wp-json\/wp\/v2\/categories?post=27191"},{"taxonomy":"post_tag","embeddable":true,"href":"https:\/\/www.africa-press.net\/cameroun\/wp-json\/wp\/v2\/tags?post=27191"}],"curies":[{"name":"wp","href":"https:\/\/api.w.org\/{rel}","templated":true}]}}