{"id":27200,"date":"2022-09-12T16:00:47","date_gmt":"2022-09-12T16:00:47","guid":{"rendered":"https:\/\/www.africa-press.net\/cameroun\/politique\/distinction-des-prix-institues-en-hommage-au-defunt-bernard-njonga"},"modified":"2022-09-12T18:24:08","modified_gmt":"2022-09-12T18:24:08","slug":"distinction-des-prix-institues-en-hommage-au-defunt-bernard-njonga","status":"publish","type":"post","link":"https:\/\/www.africa-press.net\/cameroun\/politique\/distinction-des-prix-institues-en-hommage-au-defunt-bernard-njonga","title":{"rendered":"Distinction: Des prix institu\u00e9s en hommage au d\u00e9funt Bernard Njonga"},"content":{"rendered":"<p><span style=\"color: #ff6600\"><strong>Africa-Press &#8211; Cameroun. <\/strong><\/span>La m\u00e9moire de l\u2019activiste Bernard Njonga et figure marquante de la soci\u00e9t\u00e9 civile camerounaise, d\u00e9c\u00e9d\u00e9 le 21 f\u00e9vrier 2022, sera exalt\u00e9e \u00e0 travers trois prix qui portent son nom, et viseront \u00e0 p\u00e9renniser son \u0153uvre. D\u2019apr\u00e8s le journal <b>Le Messager <\/b>de ce lundi 12 septembre 2022, il s\u2019agit du \u00ab <b>Prix Bernard Njonga pour la photographie sociale \u00bb<\/b> et du \u00ab <b>Prix Bernard Njonga pour la litt\u00e9rature sur le d\u00e9veloppement rural <\/b>\u00bb, institu\u00e9s par Service d\u2019Appui aux Initiatives Locales de D\u00e9veloppement (SAILD), une organisation non-gouvernementale cr\u00e9\u00e9e par le d\u00e9funt en 1988.<\/p>\n<p>Le premier prix r\u00e9compense une photo qui raconte une histoire, fait d\u00e9couvrir une r\u00e9alit\u00e9, transmet une connaissance et inspire. Le vainqueur de ce prix remportera une enveloppe de 350 000 FCFA, outre un prix sp\u00e9cial du Jury de 150 000 FCFCA, et les photographies doivent avoir \u00e9t\u00e9 faites entre le 19 d\u00e9cembre 2020 et le 19 d\u00e9cembre 2022.<\/p>\n<p>Le deuxi\u00e8me prix a pour objectif de primer les \u0153uvres \u00e9crites qui portent sur les probl\u00e8mes du monde rural ou contribuent \u00e0 leur r\u00e9solution et au changement de mentalit\u00e9. Il r\u00e9compense un Document de r\u00e9flexion ou un documentaire \u00e0 hauteur de 500 000 FCFA ; un Document d\u2019information scientifique et technique \u00e0 500 000 FCFA \u00e9galement ; et un article de article de presse pour une valeur de 300 000 FCFA pour le vainqueur.<\/p>\n<p>D\u2019apr\u00e8s Ernesto Yen\u00e9, consultant en d\u00e9veloppement local, et disciple de Bernard Njonga, \u00ab <b>le dernier ouvrage de Bernard Njonga s\u2019intitule : \u2018Je continue\u2019. Ce n\u2019\u00e9tait pas que je m\u2019arr\u00eate ou que \u00e7a s\u2019ach\u00e8ve. Ou alors que c\u2019est la fin du parcours, ou j\u2019ai combattu le bon combat. Non ! C\u2019est je continue. Et comme il a dit que je continue, nous allons continuer parce que toutes les institutions qu\u2019il a cr\u00e9\u00e9es sont en train de lui survivre. Quand vous regardez le SAILD. Quand vous regardez La Voix du paysan, qui parait depuis 1988 de fa\u00e7on interrompue et qui est pass\u00e9 au num\u00e9rique bien avant certains medias, vous n\u2019allez pas dire que nous ne faisons rien \u00bb<\/b>. Les soumissions doivent \u00eatre faites avant le 18 octobre 2022.<\/p>\n<p><strong>Pour plus d&rsquo;informations et d&rsquo;analyses sur la <a href=\"https:\/\/www.africa-press.net\/cameroun\">Cameroun<\/a>, suivez <a href=\"https:\/\/www.africa-press.net\/\">Africa-Press<\/a><\/strong><\/p>\n","protected":false},"excerpt":{"rendered":"<p>Africa-Press &#8211; Cameroun. La m\u00e9moire de l\u2019activiste Bernard Njonga et figure marquante de la soci\u00e9t\u00e9 civile camerounaise, d\u00e9c\u00e9d\u00e9 le 21 f\u00e9vrier 2022, sera exalt\u00e9e \u00e0 travers trois prix qui portent son nom, et viseront \u00e0 p\u00e9renniser son \u0153uvre. D\u2019apr\u00e8s le journal Le Messager de ce lundi 12 septembre 2022, il s\u2019agit du \u00ab Prix Bernard [&hellip;]<\/p>\n","protected":false},"author":82,"featured_media":27199,"comment_status":"open","ping_status":"closed","sticky":false,"template":"","format":"standard","meta":{"footnotes":""},"categories":[11,2,10],"tags":[36,50,49],"class_list":["post-27200","post","type-post","status-publish","format-standard","has-post-thumbnail","hentry","category-homepage-french","category-politique","category-toutes-les-actualites","tag-africa-press","tag-africa-press-cameroun","tag-cameroun"],"yoast_head":"<!-- This site is optimized with the Yoast SEO Premium plugin v26.1 (Yoast SEO v27.0) - https:\/\/yoast.com\/product\/yoast-seo-premium-wordpress\/ -->\n<title>Distinction: Des prix institu\u00e9s en hommage au d\u00e9funt Bernard Njonga - Cameroun<\/title>\n<meta name=\"description\" content=\"La m\u00e9moire de l\u2019activiste Bernard Njonga et figure marquante de la soci\u00e9t\u00e9 civile camerounaise, d\u00e9c\u00e9d\u00e9 le 21 f\u00e9vrier 202 ...\" \/>\n<meta name=\"robots\" content=\"index, follow, max-snippet:-1, max-image-preview:large, max-video-preview:-1\" \/>\n<link rel=\"canonical\" href=\"https:\/\/www.africa-press.net\/cameroun\/politique\/distinction-des-prix-institues-en-hommage-au-defunt-bernard-njonga\" \/>\n<meta property=\"og:locale\" content=\"fr_FR\" \/>\n<meta property=\"og:type\" content=\"article\" \/>\n<meta property=\"og:title\" content=\"Distinction: Des prix institu\u00e9s en hommage au d\u00e9funt Bernard Njonga\" \/>\n<meta property=\"og:description\" content=\"La m\u00e9moire de l\u2019activiste Bernard Njonga et figure marquante de la soci\u00e9t\u00e9 civile camerounaise, d\u00e9c\u00e9d\u00e9 le 21 f\u00e9vrier 202 ...\" \/>\n<meta property=\"og:url\" content=\"https:\/\/www.africa-press.net\/cameroun\/politique\/distinction-des-prix-institues-en-hommage-au-defunt-bernard-njonga\" \/>\n<meta property=\"og:site_name\" content=\"Cameroun\" \/>\n<meta property=\"article:published_time\" content=\"2022-09-12T16:00:47+00:00\" \/>\n<meta property=\"article:modified_time\" content=\"2022-09-12T18:24:08+00:00\" \/>\n<meta property=\"og:image\" content=\"https:\/\/static.africa-press.net\/cameroun\/sites\/57\/2022\/09\/img-631f792ca8bf6.jpg\" \/>\n\t<meta property=\"og:image:width\" content=\"800\" \/>\n\t<meta property=\"og:image:height\" content=\"400\" \/>\n\t<meta property=\"og:image:type\" content=\"image\/jpeg\" \/>\n<meta name=\"author\" content=\"cfeditorfr\" \/>\n<meta name=\"twitter:card\" content=\"summary_large_image\" \/>\n<meta name=\"twitter:label1\" content=\"\u00c9crit par\" \/>\n\t<meta name=\"twitter:data1\" content=\"cfeditorfr\" \/>\n\t<meta name=\"twitter:label2\" content=\"Dur\u00e9e de lecture estim\u00e9e\" \/>\n\t<meta name=\"twitter:data2\" content=\"2 minutes\" \/>\n<script type=\"application\/ld+json\" class=\"yoast-schema-graph\">{\"@context\":\"https:\/\/schema.org\",\"@graph\":[{\"@type\":\"Article\",\"@id\":\"https:\/\/www.africa-press.net\/cameroun\/politique\/distinction-des-prix-institues-en-hommage-au-defunt-bernard-njonga#article\",\"isPartOf\":{\"@id\":\"https:\/\/www.africa-press.net\/cameroun\/politique\/distinction-des-prix-institues-en-hommage-au-defunt-bernard-njonga\"},\"author\":{\"name\":\"cfeditorfr\",\"@id\":\"https:\/\/www.africa-press.net\/cameroun\/#\/schema\/person\/2b1cf3cd81a31e3cd26889ca66d677f1\"},\"headline\":\"Distinction: Des prix institu\u00e9s en hommage au d\u00e9funt Bernard Njonga\",\"datePublished\":\"2022-09-12T16:00:47+00:00\",\"dateModified\":\"2022-09-12T18:24:08+00:00\",\"mainEntityOfPage\":{\"@id\":\"https:\/\/www.africa-press.net\/cameroun\/politique\/distinction-des-prix-institues-en-hommage-au-defunt-bernard-njonga\"},\"wordCount\":386,\"commentCount\":0,\"image\":{\"@id\":\"https:\/\/www.africa-press.net\/cameroun\/politique\/distinction-des-prix-institues-en-hommage-au-defunt-bernard-njonga#primaryimage\"},\"thumbnailUrl\":\"https:\/\/static.africa-press.net\/cameroun\/sites\/57\/2022\/09\/img-631f792ca8bf6.jpg\",\"keywords\":[\"Africa Press\",\"Africa Press-Cameroun\",\"Cameroun\"],\"articleSection\":[\"homepage-french\",\"Politique\",\"Toutes les actualit\u00e9s\"],\"inLanguage\":\"fr-FR\",\"potentialAction\":[{\"@type\":\"CommentAction\",\"name\":\"Comment\",\"target\":[\"https:\/\/www.africa-press.net\/cameroun\/politique\/distinction-des-prix-institues-en-hommage-au-defunt-bernard-njonga#respond\"]}]},{\"@type\":\"WebPage\",\"@id\":\"https:\/\/www.africa-press.net\/cameroun\/politique\/distinction-des-prix-institues-en-hommage-au-defunt-bernard-njonga\",\"url\":\"https:\/\/www.africa-press.net\/cameroun\/politique\/distinction-des-prix-institues-en-hommage-au-defunt-bernard-njonga\",\"name\":\"Distinction: Des prix institu\u00e9s en hommage au d\u00e9funt Bernard Njonga - Cameroun\",\"isPartOf\":{\"@id\":\"https:\/\/www.africa-press.net\/cameroun\/#website\"},\"primaryImageOfPage\":{\"@id\":\"https:\/\/www.africa-press.net\/cameroun\/politique\/distinction-des-prix-institues-en-hommage-au-defunt-bernard-njonga#primaryimage\"},\"image\":{\"@id\":\"https:\/\/www.africa-press.net\/cameroun\/politique\/distinction-des-prix-institues-en-hommage-au-defunt-bernard-njonga#primaryimage\"},\"thumbnailUrl\":\"https:\/\/static.africa-press.net\/cameroun\/sites\/57\/2022\/09\/img-631f792ca8bf6.jpg\",\"datePublished\":\"2022-09-12T16:00:47+00:00\",\"dateModified\":\"2022-09-12T18:24:08+00:00\",\"author\":{\"@id\":\"https:\/\/www.africa-press.net\/cameroun\/#\/schema\/person\/2b1cf3cd81a31e3cd26889ca66d677f1\"},\"description\":\"La m\u00e9moire de l\u2019activiste Bernard Njonga et figure marquante de la soci\u00e9t\u00e9 civile camerounaise, d\u00e9c\u00e9d\u00e9 le 21 f\u00e9vrier 202 ...\",\"breadcrumb\":{\"@id\":\"https:\/\/www.africa-press.net\/cameroun\/politique\/distinction-des-prix-institues-en-hommage-au-defunt-bernard-njonga#breadcrumb\"},\"inLanguage\":\"fr-FR\",\"potentialAction\":[{\"@type\":\"ReadAction\",\"target\":[\"https:\/\/www.africa-press.net\/cameroun\/politique\/distinction-des-prix-institues-en-hommage-au-defunt-bernard-njonga\"]}]},{\"@type\":\"ImageObject\",\"inLanguage\":\"fr-FR\",\"@id\":\"https:\/\/www.africa-press.net\/cameroun\/politique\/distinction-des-prix-institues-en-hommage-au-defunt-bernard-njonga#primaryimage\",\"url\":\"https:\/\/static.africa-press.net\/cameroun\/sites\/57\/2022\/09\/img-631f792ca8bf6.jpg\",\"contentUrl\":\"https:\/\/static.africa-press.net\/cameroun\/sites\/57\/2022\/09\/img-631f792ca8bf6.jpg\",\"width\":800,\"height\":400,\"caption\":\"Distinction: Des prix institu\u00e9s en hommage au d\u00e9funt Bernard Njonga\"},{\"@type\":\"BreadcrumbList\",\"@id\":\"https:\/\/www.africa-press.net\/cameroun\/politique\/distinction-des-prix-institues-en-hommage-au-defunt-bernard-njonga#breadcrumb\",\"itemListElement\":[{\"@type\":\"ListItem\",\"position\":1,\"name\":\"Accueil\",\"item\":\"https:\/\/www.africa-press.net\/cameroun\/\"},{\"@type\":\"ListItem\",\"position\":2,\"name\":\"Distinction: Des prix institu\u00e9s en hommage au d\u00e9funt Bernard Njonga\"}]},{\"@type\":\"WebSite\",\"@id\":\"https:\/\/www.africa-press.net\/cameroun\/#website\",\"url\":\"https:\/\/www.africa-press.net\/cameroun\/\",\"name\":\"Cameroun\",\"description\":\"Just another Africa News Agency Sites site\",\"potentialAction\":[{\"@type\":\"SearchAction\",\"target\":{\"@type\":\"EntryPoint\",\"urlTemplate\":\"https:\/\/www.africa-press.net\/cameroun\/?s={search_term_string}\"},\"query-input\":{\"@type\":\"PropertyValueSpecification\",\"valueRequired\":true,\"valueName\":\"search_term_string\"}}],\"inLanguage\":\"fr-FR\"},{\"@type\":\"Person\",\"@id\":\"https:\/\/www.africa-press.net\/cameroun\/#\/schema\/person\/2b1cf3cd81a31e3cd26889ca66d677f1\",\"name\":\"cfeditorfr\"}]}<\/script>\n<!-- \/ Yoast SEO Premium plugin. -->","yoast_head_json":{"title":"Distinction: Des prix institu\u00e9s en hommage au d\u00e9funt Bernard Njonga - Cameroun","description":"La m\u00e9moire de l\u2019activiste Bernard Njonga et figure marquante de la soci\u00e9t\u00e9 civile camerounaise, d\u00e9c\u00e9d\u00e9 le 21 f\u00e9vrier 202 ...","robots":{"index":"index","follow":"follow","max-snippet":"max-snippet:-1","max-image-preview":"max-image-preview:large","max-video-preview":"max-video-preview:-1"},"canonical":"https:\/\/www.africa-press.net\/cameroun\/politique\/distinction-des-prix-institues-en-hommage-au-defunt-bernard-njonga","og_locale":"fr_FR","og_type":"article","og_title":"Distinction: Des prix institu\u00e9s en hommage au d\u00e9funt Bernard Njonga","og_description":"La m\u00e9moire de l\u2019activiste Bernard Njonga et figure marquante de la soci\u00e9t\u00e9 civile camerounaise, d\u00e9c\u00e9d\u00e9 le 21 f\u00e9vrier 202 ...","og_url":"https:\/\/www.africa-press.net\/cameroun\/politique\/distinction-des-prix-institues-en-hommage-au-defunt-bernard-njonga","og_site_name":"Cameroun","article_published_time":"2022-09-12T16:00:47+00:00","article_modified_time":"2022-09-12T18:24:08+00:00","og_image":[{"width":800,"height":400,"url":"https:\/\/static.africa-press.net\/cameroun\/sites\/57\/2022\/09\/img-631f792ca8bf6.jpg","type":"image\/jpeg"}],"author":"cfeditorfr","twitter_card":"summary_large_image","twitter_misc":{"\u00c9crit par":"cfeditorfr","Dur\u00e9e de lecture estim\u00e9e":"2 minutes"},"schema":{"@context":"https:\/\/schema.org","@graph":[{"@type":"Article","@id":"https:\/\/www.africa-press.net\/cameroun\/politique\/distinction-des-prix-institues-en-hommage-au-defunt-bernard-njonga#article","isPartOf":{"@id":"https:\/\/www.africa-press.net\/cameroun\/politique\/distinction-des-prix-institues-en-hommage-au-defunt-bernard-njonga"},"author":{"name":"cfeditorfr","@id":"https:\/\/www.africa-press.net\/cameroun\/#\/schema\/person\/2b1cf3cd81a31e3cd26889ca66d677f1"},"headline":"Distinction: Des prix institu\u00e9s en hommage au d\u00e9funt Bernard Njonga","datePublished":"2022-09-12T16:00:47+00:00","dateModified":"2022-09-12T18:24:08+00:00","mainEntityOfPage":{"@id":"https:\/\/www.africa-press.net\/cameroun\/politique\/distinction-des-prix-institues-en-hommage-au-defunt-bernard-njonga"},"wordCount":386,"commentCount":0,"image":{"@id":"https:\/\/www.africa-press.net\/cameroun\/politique\/distinction-des-prix-institues-en-hommage-au-defunt-bernard-njonga#primaryimage"},"thumbnailUrl":"https:\/\/static.africa-press.net\/cameroun\/sites\/57\/2022\/09\/img-631f792ca8bf6.jpg","keywords":["Africa Press","Africa Press-Cameroun","Cameroun"],"articleSection":["homepage-french","Politique","Toutes les actualit\u00e9s"],"inLanguage":"fr-FR","potentialAction":[{"@type":"CommentAction","name":"Comment","target":["https:\/\/www.africa-press.net\/cameroun\/politique\/distinction-des-prix-institues-en-hommage-au-defunt-bernard-njonga#respond"]}]},{"@type":"WebPage","@id":"https:\/\/www.africa-press.net\/cameroun\/politique\/distinction-des-prix-institues-en-hommage-au-defunt-bernard-njonga","url":"https:\/\/www.africa-press.net\/cameroun\/politique\/distinction-des-prix-institues-en-hommage-au-defunt-bernard-njonga","name":"Distinction: Des prix institu\u00e9s en hommage au d\u00e9funt Bernard Njonga - Cameroun","isPartOf":{"@id":"https:\/\/www.africa-press.net\/cameroun\/#website"},"primaryImageOfPage":{"@id":"https:\/\/www.africa-press.net\/cameroun\/politique\/distinction-des-prix-institues-en-hommage-au-defunt-bernard-njonga#primaryimage"},"image":{"@id":"https:\/\/www.africa-press.net\/cameroun\/politique\/distinction-des-prix-institues-en-hommage-au-defunt-bernard-njonga#primaryimage"},"thumbnailUrl":"https:\/\/static.africa-press.net\/cameroun\/sites\/57\/2022\/09\/img-631f792ca8bf6.jpg","datePublished":"2022-09-12T16:00:47+00:00","dateModified":"2022-09-12T18:24:08+00:00","author":{"@id":"https:\/\/www.africa-press.net\/cameroun\/#\/schema\/person\/2b1cf3cd81a31e3cd26889ca66d677f1"},"description":"La m\u00e9moire de l\u2019activiste Bernard Njonga et figure marquante de la soci\u00e9t\u00e9 civile camerounaise, d\u00e9c\u00e9d\u00e9 le 21 f\u00e9vrier 202 ...","breadcrumb":{"@id":"https:\/\/www.africa-press.net\/cameroun\/politique\/distinction-des-prix-institues-en-hommage-au-defunt-bernard-njonga#breadcrumb"},"inLanguage":"fr-FR","potentialAction":[{"@type":"ReadAction","target":["https:\/\/www.africa-press.net\/cameroun\/politique\/distinction-des-prix-institues-en-hommage-au-defunt-bernard-njonga"]}]},{"@type":"ImageObject","inLanguage":"fr-FR","@id":"https:\/\/www.africa-press.net\/cameroun\/politique\/distinction-des-prix-institues-en-hommage-au-defunt-bernard-njonga#primaryimage","url":"https:\/\/static.africa-press.net\/cameroun\/sites\/57\/2022\/09\/img-631f792ca8bf6.jpg","contentUrl":"https:\/\/static.africa-press.net\/cameroun\/sites\/57\/2022\/09\/img-631f792ca8bf6.jpg","width":800,"height":400,"caption":"Distinction: Des prix institu\u00e9s en hommage au d\u00e9funt Bernard Njonga"},{"@type":"BreadcrumbList","@id":"https:\/\/www.africa-press.net\/cameroun\/politique\/distinction-des-prix-institues-en-hommage-au-defunt-bernard-njonga#breadcrumb","itemListElement":[{"@type":"ListItem","position":1,"name":"Accueil","item":"https:\/\/www.africa-press.net\/cameroun\/"},{"@type":"ListItem","position":2,"name":"Distinction: Des prix institu\u00e9s en hommage au d\u00e9funt Bernard Njonga"}]},{"@type":"WebSite","@id":"https:\/\/www.africa-press.net\/cameroun\/#website","url":"https:\/\/www.africa-press.net\/cameroun\/","name":"Cameroun","description":"Just another Africa News Agency Sites site","potentialAction":[{"@type":"SearchAction","target":{"@type":"EntryPoint","urlTemplate":"https:\/\/www.africa-press.net\/cameroun\/?s={search_term_string}"},"query-input":{"@type":"PropertyValueSpecification","valueRequired":true,"valueName":"search_term_string"}}],"inLanguage":"fr-FR"},{"@type":"Person","@id":"https:\/\/www.africa-press.net\/cameroun\/#\/schema\/person\/2b1cf3cd81a31e3cd26889ca66d677f1","name":"cfeditorfr"}]}},"_links":{"self":[{"href":"https:\/\/www.africa-press.net\/cameroun\/wp-json\/wp\/v2\/posts\/27200","targetHints":{"allow":["GET"]}}],"collection":[{"href":"https:\/\/www.africa-press.net\/cameroun\/wp-json\/wp\/v2\/posts"}],"about":[{"href":"https:\/\/www.africa-press.net\/cameroun\/wp-json\/wp\/v2\/types\/post"}],"author":[{"embeddable":true,"href":"https:\/\/www.africa-press.net\/cameroun\/wp-json\/wp\/v2\/users\/82"}],"replies":[{"embeddable":true,"href":"https:\/\/www.africa-press.net\/cameroun\/wp-json\/wp\/v2\/comments?post=27200"}],"version-history":[{"count":0,"href":"https:\/\/www.africa-press.net\/cameroun\/wp-json\/wp\/v2\/posts\/27200\/revisions"}],"wp:featuredmedia":[{"embeddable":true,"href":"https:\/\/www.africa-press.net\/cameroun\/wp-json\/wp\/v2\/media\/27199"}],"wp:attachment":[{"href":"https:\/\/www.africa-press.net\/cameroun\/wp-json\/wp\/v2\/media?parent=27200"}],"wp:term":[{"taxonomy":"category","embeddable":true,"href":"https:\/\/www.africa-press.net\/cameroun\/wp-json\/wp\/v2\/categories?post=27200"},{"taxonomy":"post_tag","embeddable":true,"href":"https:\/\/www.africa-press.net\/cameroun\/wp-json\/wp\/v2\/tags?post=27200"}],"curies":[{"name":"wp","href":"https:\/\/api.w.org\/{rel}","templated":true}]}}