{"id":27206,"date":"2022-09-12T16:15:05","date_gmt":"2022-09-12T16:15:05","guid":{"rendered":"https:\/\/www.africa-press.net\/cameroun\/politique\/cameroun-ces-doleances-que-le-secteur-prive-va-presenter-au-dg-des-impots-des-demain-13-septembre-a-douala"},"modified":"2022-09-12T18:25:32","modified_gmt":"2022-09-12T18:25:32","slug":"cameroun-ces-doleances-que-le-secteur-prive-va-presenter-au-dg-des-impots-des-demain-13-septembre-a-douala","status":"publish","type":"post","link":"https:\/\/www.africa-press.net\/cameroun\/economie\/cameroun-ces-doleances-que-le-secteur-prive-va-presenter-au-dg-des-impots-des-demain-13-septembre-a-douala","title":{"rendered":"Cameroun: Ces dol\u00e9ances que le secteur priv\u00e9 va pr\u00e9senter au DG des imp\u00f4ts d\u00e8s demain 13 septembre \u00e0 Douala"},"content":{"rendered":"<p><span style=\"color: #ff6600\"><strong>Africa-Press &#8211; Cameroun. <\/strong><\/span>Le Cameroun ne dispose pas d\u2019une base de donn\u00e9es r\u00e9guli\u00e8rement actualis\u00e9e et qui contribue au renforcement des syst\u00e8mes d\u2019informations financi\u00e8res sur les Petites et moyennes entreprises (PME), ni d\u2019une plateforme qui mette en lien l&rsquo;\u00e9cosyst\u00e8me financier, les PME et tous les autres acteurs concern\u00e9s pour contribuer \u00e0 l\u2019am\u00e9lioration de la qualit\u00e9 de la relation entre les banques et ces structures.<\/p>\n<p>C\u2019est dans ce contexte que le Directeur g\u00e9n\u00e9ral des imp\u00f4ts (DGI), Modeste Mopa Fatoing effectue d\u00e8s demain 13 septembre courant \u00e0 Douala, capitale \u00e9conomique du pays, une visite d\u2019\u00e9changes et de concertation avec les acteurs du secteur priv\u00e9. C\u2019est dans le cadre de la pr\u00e9paration de la loi de finances pour l\u2019exercice 2023.<\/p>\n<p>L&rsquo;\u00e9laboration du budget pour l&rsquo;exercice 2023 devra poursuivre l&rsquo;ex\u00e9cution des actions contenues dans le Plan global de r\u00e9forme des finances publiques, afin de renforcer l&rsquo;usage du budget-programme aussi bien dans son processus de pr\u00e9paration que dans sa pr\u00e9sentation, son ex\u00e9cution et son \u00e9valuation.<\/p>\n<p>Les difficult\u00e9s d\u2019acc\u00e8s au financement figurent parmi les principales contraintes qui entravent l\u2019\u00e9closion et le d\u00e9veloppement des Petites et moyennes entreprises (PME) camerounaises, souvent \u00e0 cause de l\u2019asym\u00e9trie d\u2019information entre des structures et les institutions financi\u00e8res.<\/p>\n<p>Soucieux du d\u00e9veloppement \u00e9conomique du Cameroun, le Groupement inter patronal du Cameroun (GICAM) promeut en particulier le renouvellement du tissu \u00e9conomique local, agit pour la transformation num\u00e9rique du pays et plaide pour l\u2019\u00e9mergence d\u2019une g\u00e9n\u00e9ration de jeunes entrepreneurs.<\/p>\n<p>Au rang des attentes, le secteur priv\u00e9 a toujours esp\u00e9r\u00e9 que cette la Strat\u00e9gie nationale de d\u00e9veloppement (SND30) ne connaisse pas le m\u00eame sort que le Document de strat\u00e9gie pour la croissance et l\u2019emploi (DSCE), si l\u2019on s\u2019en tient aux propos de C\u00e9lestin Tawamba, pr\u00e9sident du GICAM : \u00ab Le budget de l\u2019Etat est un \u00e9l\u00e9phant difficile \u00e0 d\u00e9graisser, il faut int\u00e9grer des r\u00e9formes \u00e0 l\u2019instar de celle du syst\u00e8me fiscal. De plus, ce document souffre d\u2019une absence de priorisation claire. Trop de plans, il faut faire des choix \u00bb.<\/p>\n<p>Il faut signaler que ce nouveau cadre de r\u00e9f\u00e9rence des politiques nationales ambitionne porter la croissance \u00e9conomique du pays de 4,5% actuel, \u00e0 8% \u00e0 l\u2019horizon 2030.<\/p>\n<p><b>Jean Daniel Obama<\/b><\/p>\n<p><strong>Pour plus d&rsquo;informations et d&rsquo;analyses sur la <a href=\"https:\/\/www.africa-press.net\/cameroun\">Cameroun<\/a>, suivez <a href=\"https:\/\/www.africa-press.net\/\">Africa-Press<\/a><\/strong><\/p>\n","protected":false},"excerpt":{"rendered":"<p>Africa-Press &#8211; Cameroun. Le Cameroun ne dispose pas d\u2019une base de donn\u00e9es r\u00e9guli\u00e8rement actualis\u00e9e et qui contribue au renforcement des syst\u00e8mes d\u2019informations financi\u00e8res sur les Petites et moyennes entreprises (PME), ni d\u2019une plateforme qui mette en lien l&rsquo;\u00e9cosyst\u00e8me financier, les PME et tous les autres acteurs concern\u00e9s pour contribuer \u00e0 l\u2019am\u00e9lioration de la qualit\u00e9 de [&hellip;]<\/p>\n","protected":false},"author":82,"featured_media":27205,"comment_status":"open","ping_status":"closed","sticky":false,"template":"","format":"standard","meta":{"footnotes":""},"categories":[3,11,10],"tags":[36,50,49],"class_list":["post-27206","post","type-post","status-publish","format-standard","has-post-thumbnail","hentry","category-economie","category-homepage-french","category-toutes-les-actualites","tag-africa-press","tag-africa-press-cameroun","tag-cameroun"],"yoast_head":"<!-- This site is optimized with the Yoast SEO Premium plugin v26.1 (Yoast SEO v27.0) - https:\/\/yoast.com\/product\/yoast-seo-premium-wordpress\/ -->\n<title>Cameroun: Ces dol\u00e9ances que le secteur priv\u00e9 va pr\u00e9senter au DG des imp\u00f4ts d\u00e8s demain 13 septembre \u00e0 Douala - Cameroun<\/title>\n<meta name=\"description\" content=\"Le Cameroun ne dispose pas d\u2019une base de donn\u00e9es r\u00e9guli\u00e8rement actualis\u00e9e et qui contribue au renforcement des syst\u00e8mes ...\" \/>\n<meta name=\"robots\" content=\"index, follow, max-snippet:-1, max-image-preview:large, max-video-preview:-1\" \/>\n<link rel=\"canonical\" href=\"https:\/\/www.africa-press.net\/cameroun\/economie\/cameroun-ces-doleances-que-le-secteur-prive-va-presenter-au-dg-des-impots-des-demain-13-septembre-a-douala\" \/>\n<meta property=\"og:locale\" content=\"fr_FR\" \/>\n<meta property=\"og:type\" content=\"article\" \/>\n<meta property=\"og:title\" content=\"Cameroun: Ces dol\u00e9ances que le secteur priv\u00e9 va pr\u00e9senter au DG des imp\u00f4ts d\u00e8s demain 13 septembre \u00e0 Douala\" \/>\n<meta property=\"og:description\" content=\"Le Cameroun ne dispose pas d\u2019une base de donn\u00e9es r\u00e9guli\u00e8rement actualis\u00e9e et qui contribue au renforcement des syst\u00e8mes ...\" \/>\n<meta property=\"og:url\" content=\"https:\/\/www.africa-press.net\/cameroun\/economie\/cameroun-ces-doleances-que-le-secteur-prive-va-presenter-au-dg-des-impots-des-demain-13-septembre-a-douala\" \/>\n<meta property=\"og:site_name\" content=\"Cameroun\" \/>\n<meta property=\"article:published_time\" content=\"2022-09-12T16:15:05+00:00\" \/>\n<meta property=\"article:modified_time\" content=\"2022-09-12T18:25:32+00:00\" \/>\n<meta property=\"og:image\" content=\"https:\/\/static.africa-press.net\/cameroun\/sites\/57\/2022\/09\/img-631f7976b6693.jpg\" \/>\n\t<meta property=\"og:image:width\" content=\"800\" \/>\n\t<meta property=\"og:image:height\" content=\"450\" \/>\n\t<meta property=\"og:image:type\" content=\"image\/jpeg\" \/>\n<meta name=\"author\" content=\"cfeditorfr\" \/>\n<meta name=\"twitter:card\" content=\"summary_large_image\" \/>\n<meta name=\"twitter:label1\" content=\"\u00c9crit par\" \/>\n\t<meta name=\"twitter:data1\" content=\"cfeditorfr\" \/>\n\t<meta name=\"twitter:label2\" content=\"Dur\u00e9e de lecture estim\u00e9e\" \/>\n\t<meta name=\"twitter:data2\" content=\"2 minutes\" \/>\n<script type=\"application\/ld+json\" class=\"yoast-schema-graph\">{\"@context\":\"https:\/\/schema.org\",\"@graph\":[{\"@type\":\"Article\",\"@id\":\"https:\/\/www.africa-press.net\/cameroun\/economie\/cameroun-ces-doleances-que-le-secteur-prive-va-presenter-au-dg-des-impots-des-demain-13-septembre-a-douala#article\",\"isPartOf\":{\"@id\":\"https:\/\/www.africa-press.net\/cameroun\/economie\/cameroun-ces-doleances-que-le-secteur-prive-va-presenter-au-dg-des-impots-des-demain-13-septembre-a-douala\"},\"author\":{\"name\":\"cfeditorfr\",\"@id\":\"https:\/\/www.africa-press.net\/cameroun\/#\/schema\/person\/2b1cf3cd81a31e3cd26889ca66d677f1\"},\"headline\":\"Cameroun: Ces dol\u00e9ances que le secteur priv\u00e9 va pr\u00e9senter au DG des imp\u00f4ts d\u00e8s demain 13 septembre \u00e0 Douala\",\"datePublished\":\"2022-09-12T16:15:05+00:00\",\"dateModified\":\"2022-09-12T18:25:32+00:00\",\"mainEntityOfPage\":{\"@id\":\"https:\/\/www.africa-press.net\/cameroun\/economie\/cameroun-ces-doleances-que-le-secteur-prive-va-presenter-au-dg-des-impots-des-demain-13-septembre-a-douala\"},\"wordCount\":438,\"commentCount\":0,\"image\":{\"@id\":\"https:\/\/www.africa-press.net\/cameroun\/economie\/cameroun-ces-doleances-que-le-secteur-prive-va-presenter-au-dg-des-impots-des-demain-13-septembre-a-douala#primaryimage\"},\"thumbnailUrl\":\"https:\/\/static.africa-press.net\/cameroun\/sites\/57\/2022\/09\/img-631f7976b6693.jpg\",\"keywords\":[\"Africa Press\",\"Africa Press-Cameroun\",\"Cameroun\"],\"articleSection\":[\"\u00c9conomie\",\"homepage-french\",\"Toutes les actualit\u00e9s\"],\"inLanguage\":\"fr-FR\",\"potentialAction\":[{\"@type\":\"CommentAction\",\"name\":\"Comment\",\"target\":[\"https:\/\/www.africa-press.net\/cameroun\/economie\/cameroun-ces-doleances-que-le-secteur-prive-va-presenter-au-dg-des-impots-des-demain-13-septembre-a-douala#respond\"]}]},{\"@type\":\"WebPage\",\"@id\":\"https:\/\/www.africa-press.net\/cameroun\/economie\/cameroun-ces-doleances-que-le-secteur-prive-va-presenter-au-dg-des-impots-des-demain-13-septembre-a-douala\",\"url\":\"https:\/\/www.africa-press.net\/cameroun\/economie\/cameroun-ces-doleances-que-le-secteur-prive-va-presenter-au-dg-des-impots-des-demain-13-septembre-a-douala\",\"name\":\"Cameroun: Ces dol\u00e9ances que le secteur priv\u00e9 va pr\u00e9senter au DG des imp\u00f4ts d\u00e8s demain 13 septembre \u00e0 Douala - Cameroun\",\"isPartOf\":{\"@id\":\"https:\/\/www.africa-press.net\/cameroun\/#website\"},\"primaryImageOfPage\":{\"@id\":\"https:\/\/www.africa-press.net\/cameroun\/economie\/cameroun-ces-doleances-que-le-secteur-prive-va-presenter-au-dg-des-impots-des-demain-13-septembre-a-douala#primaryimage\"},\"image\":{\"@id\":\"https:\/\/www.africa-press.net\/cameroun\/economie\/cameroun-ces-doleances-que-le-secteur-prive-va-presenter-au-dg-des-impots-des-demain-13-septembre-a-douala#primaryimage\"},\"thumbnailUrl\":\"https:\/\/static.africa-press.net\/cameroun\/sites\/57\/2022\/09\/img-631f7976b6693.jpg\",\"datePublished\":\"2022-09-12T16:15:05+00:00\",\"dateModified\":\"2022-09-12T18:25:32+00:00\",\"author\":{\"@id\":\"https:\/\/www.africa-press.net\/cameroun\/#\/schema\/person\/2b1cf3cd81a31e3cd26889ca66d677f1\"},\"description\":\"Le Cameroun ne dispose pas d\u2019une base de donn\u00e9es r\u00e9guli\u00e8rement actualis\u00e9e et qui contribue au renforcement des syst\u00e8mes ...\",\"breadcrumb\":{\"@id\":\"https:\/\/www.africa-press.net\/cameroun\/economie\/cameroun-ces-doleances-que-le-secteur-prive-va-presenter-au-dg-des-impots-des-demain-13-septembre-a-douala#breadcrumb\"},\"inLanguage\":\"fr-FR\",\"potentialAction\":[{\"@type\":\"ReadAction\",\"target\":[\"https:\/\/www.africa-press.net\/cameroun\/economie\/cameroun-ces-doleances-que-le-secteur-prive-va-presenter-au-dg-des-impots-des-demain-13-septembre-a-douala\"]}]},{\"@type\":\"ImageObject\",\"inLanguage\":\"fr-FR\",\"@id\":\"https:\/\/www.africa-press.net\/cameroun\/economie\/cameroun-ces-doleances-que-le-secteur-prive-va-presenter-au-dg-des-impots-des-demain-13-septembre-a-douala#primaryimage\",\"url\":\"https:\/\/static.africa-press.net\/cameroun\/sites\/57\/2022\/09\/img-631f7976b6693.jpg\",\"contentUrl\":\"https:\/\/static.africa-press.net\/cameroun\/sites\/57\/2022\/09\/img-631f7976b6693.jpg\",\"width\":800,\"height\":450,\"caption\":\"Cameroun: Ces dol\u00e9ances que le secteur priv\u00e9 va pr\u00e9senter au DG des imp\u00f4ts d\u00e8s demain 13 septembre \u00e0 Douala\"},{\"@type\":\"BreadcrumbList\",\"@id\":\"https:\/\/www.africa-press.net\/cameroun\/economie\/cameroun-ces-doleances-que-le-secteur-prive-va-presenter-au-dg-des-impots-des-demain-13-septembre-a-douala#breadcrumb\",\"itemListElement\":[{\"@type\":\"ListItem\",\"position\":1,\"name\":\"Accueil\",\"item\":\"https:\/\/www.africa-press.net\/cameroun\/\"},{\"@type\":\"ListItem\",\"position\":2,\"name\":\"Cameroun: Ces dol\u00e9ances que le secteur priv\u00e9 va pr\u00e9senter au DG des imp\u00f4ts d\u00e8s demain 13 septembre \u00e0 Douala\"}]},{\"@type\":\"WebSite\",\"@id\":\"https:\/\/www.africa-press.net\/cameroun\/#website\",\"url\":\"https:\/\/www.africa-press.net\/cameroun\/\",\"name\":\"Cameroun\",\"description\":\"Just another Africa News Agency Sites site\",\"potentialAction\":[{\"@type\":\"SearchAction\",\"target\":{\"@type\":\"EntryPoint\",\"urlTemplate\":\"https:\/\/www.africa-press.net\/cameroun\/?s={search_term_string}\"},\"query-input\":{\"@type\":\"PropertyValueSpecification\",\"valueRequired\":true,\"valueName\":\"search_term_string\"}}],\"inLanguage\":\"fr-FR\"},{\"@type\":\"Person\",\"@id\":\"https:\/\/www.africa-press.net\/cameroun\/#\/schema\/person\/2b1cf3cd81a31e3cd26889ca66d677f1\",\"name\":\"cfeditorfr\"}]}<\/script>\n<!-- \/ Yoast SEO Premium plugin. -->","yoast_head_json":{"title":"Cameroun: Ces dol\u00e9ances que le secteur priv\u00e9 va pr\u00e9senter au DG des imp\u00f4ts d\u00e8s demain 13 septembre \u00e0 Douala - Cameroun","description":"Le Cameroun ne dispose pas d\u2019une base de donn\u00e9es r\u00e9guli\u00e8rement actualis\u00e9e et qui contribue au renforcement des syst\u00e8mes ...","robots":{"index":"index","follow":"follow","max-snippet":"max-snippet:-1","max-image-preview":"max-image-preview:large","max-video-preview":"max-video-preview:-1"},"canonical":"https:\/\/www.africa-press.net\/cameroun\/economie\/cameroun-ces-doleances-que-le-secteur-prive-va-presenter-au-dg-des-impots-des-demain-13-septembre-a-douala","og_locale":"fr_FR","og_type":"article","og_title":"Cameroun: Ces dol\u00e9ances que le secteur priv\u00e9 va pr\u00e9senter au DG des imp\u00f4ts d\u00e8s demain 13 septembre \u00e0 Douala","og_description":"Le Cameroun ne dispose pas d\u2019une base de donn\u00e9es r\u00e9guli\u00e8rement actualis\u00e9e et qui contribue au renforcement des syst\u00e8mes ...","og_url":"https:\/\/www.africa-press.net\/cameroun\/economie\/cameroun-ces-doleances-que-le-secteur-prive-va-presenter-au-dg-des-impots-des-demain-13-septembre-a-douala","og_site_name":"Cameroun","article_published_time":"2022-09-12T16:15:05+00:00","article_modified_time":"2022-09-12T18:25:32+00:00","og_image":[{"width":800,"height":450,"url":"https:\/\/static.africa-press.net\/cameroun\/sites\/57\/2022\/09\/img-631f7976b6693.jpg","type":"image\/jpeg"}],"author":"cfeditorfr","twitter_card":"summary_large_image","twitter_misc":{"\u00c9crit par":"cfeditorfr","Dur\u00e9e de lecture estim\u00e9e":"2 minutes"},"schema":{"@context":"https:\/\/schema.org","@graph":[{"@type":"Article","@id":"https:\/\/www.africa-press.net\/cameroun\/economie\/cameroun-ces-doleances-que-le-secteur-prive-va-presenter-au-dg-des-impots-des-demain-13-septembre-a-douala#article","isPartOf":{"@id":"https:\/\/www.africa-press.net\/cameroun\/economie\/cameroun-ces-doleances-que-le-secteur-prive-va-presenter-au-dg-des-impots-des-demain-13-septembre-a-douala"},"author":{"name":"cfeditorfr","@id":"https:\/\/www.africa-press.net\/cameroun\/#\/schema\/person\/2b1cf3cd81a31e3cd26889ca66d677f1"},"headline":"Cameroun: Ces dol\u00e9ances que le secteur priv\u00e9 va pr\u00e9senter au DG des imp\u00f4ts d\u00e8s demain 13 septembre \u00e0 Douala","datePublished":"2022-09-12T16:15:05+00:00","dateModified":"2022-09-12T18:25:32+00:00","mainEntityOfPage":{"@id":"https:\/\/www.africa-press.net\/cameroun\/economie\/cameroun-ces-doleances-que-le-secteur-prive-va-presenter-au-dg-des-impots-des-demain-13-septembre-a-douala"},"wordCount":438,"commentCount":0,"image":{"@id":"https:\/\/www.africa-press.net\/cameroun\/economie\/cameroun-ces-doleances-que-le-secteur-prive-va-presenter-au-dg-des-impots-des-demain-13-septembre-a-douala#primaryimage"},"thumbnailUrl":"https:\/\/static.africa-press.net\/cameroun\/sites\/57\/2022\/09\/img-631f7976b6693.jpg","keywords":["Africa Press","Africa Press-Cameroun","Cameroun"],"articleSection":["\u00c9conomie","homepage-french","Toutes les actualit\u00e9s"],"inLanguage":"fr-FR","potentialAction":[{"@type":"CommentAction","name":"Comment","target":["https:\/\/www.africa-press.net\/cameroun\/economie\/cameroun-ces-doleances-que-le-secteur-prive-va-presenter-au-dg-des-impots-des-demain-13-septembre-a-douala#respond"]}]},{"@type":"WebPage","@id":"https:\/\/www.africa-press.net\/cameroun\/economie\/cameroun-ces-doleances-que-le-secteur-prive-va-presenter-au-dg-des-impots-des-demain-13-septembre-a-douala","url":"https:\/\/www.africa-press.net\/cameroun\/economie\/cameroun-ces-doleances-que-le-secteur-prive-va-presenter-au-dg-des-impots-des-demain-13-septembre-a-douala","name":"Cameroun: Ces dol\u00e9ances que le secteur priv\u00e9 va pr\u00e9senter au DG des imp\u00f4ts d\u00e8s demain 13 septembre \u00e0 Douala - Cameroun","isPartOf":{"@id":"https:\/\/www.africa-press.net\/cameroun\/#website"},"primaryImageOfPage":{"@id":"https:\/\/www.africa-press.net\/cameroun\/economie\/cameroun-ces-doleances-que-le-secteur-prive-va-presenter-au-dg-des-impots-des-demain-13-septembre-a-douala#primaryimage"},"image":{"@id":"https:\/\/www.africa-press.net\/cameroun\/economie\/cameroun-ces-doleances-que-le-secteur-prive-va-presenter-au-dg-des-impots-des-demain-13-septembre-a-douala#primaryimage"},"thumbnailUrl":"https:\/\/static.africa-press.net\/cameroun\/sites\/57\/2022\/09\/img-631f7976b6693.jpg","datePublished":"2022-09-12T16:15:05+00:00","dateModified":"2022-09-12T18:25:32+00:00","author":{"@id":"https:\/\/www.africa-press.net\/cameroun\/#\/schema\/person\/2b1cf3cd81a31e3cd26889ca66d677f1"},"description":"Le Cameroun ne dispose pas d\u2019une base de donn\u00e9es r\u00e9guli\u00e8rement actualis\u00e9e et qui contribue au renforcement des syst\u00e8mes ...","breadcrumb":{"@id":"https:\/\/www.africa-press.net\/cameroun\/economie\/cameroun-ces-doleances-que-le-secteur-prive-va-presenter-au-dg-des-impots-des-demain-13-septembre-a-douala#breadcrumb"},"inLanguage":"fr-FR","potentialAction":[{"@type":"ReadAction","target":["https:\/\/www.africa-press.net\/cameroun\/economie\/cameroun-ces-doleances-que-le-secteur-prive-va-presenter-au-dg-des-impots-des-demain-13-septembre-a-douala"]}]},{"@type":"ImageObject","inLanguage":"fr-FR","@id":"https:\/\/www.africa-press.net\/cameroun\/economie\/cameroun-ces-doleances-que-le-secteur-prive-va-presenter-au-dg-des-impots-des-demain-13-septembre-a-douala#primaryimage","url":"https:\/\/static.africa-press.net\/cameroun\/sites\/57\/2022\/09\/img-631f7976b6693.jpg","contentUrl":"https:\/\/static.africa-press.net\/cameroun\/sites\/57\/2022\/09\/img-631f7976b6693.jpg","width":800,"height":450,"caption":"Cameroun: Ces dol\u00e9ances que le secteur priv\u00e9 va pr\u00e9senter au DG des imp\u00f4ts d\u00e8s demain 13 septembre \u00e0 Douala"},{"@type":"BreadcrumbList","@id":"https:\/\/www.africa-press.net\/cameroun\/economie\/cameroun-ces-doleances-que-le-secteur-prive-va-presenter-au-dg-des-impots-des-demain-13-septembre-a-douala#breadcrumb","itemListElement":[{"@type":"ListItem","position":1,"name":"Accueil","item":"https:\/\/www.africa-press.net\/cameroun\/"},{"@type":"ListItem","position":2,"name":"Cameroun: Ces dol\u00e9ances que le secteur priv\u00e9 va pr\u00e9senter au DG des imp\u00f4ts d\u00e8s demain 13 septembre \u00e0 Douala"}]},{"@type":"WebSite","@id":"https:\/\/www.africa-press.net\/cameroun\/#website","url":"https:\/\/www.africa-press.net\/cameroun\/","name":"Cameroun","description":"Just another Africa News Agency Sites site","potentialAction":[{"@type":"SearchAction","target":{"@type":"EntryPoint","urlTemplate":"https:\/\/www.africa-press.net\/cameroun\/?s={search_term_string}"},"query-input":{"@type":"PropertyValueSpecification","valueRequired":true,"valueName":"search_term_string"}}],"inLanguage":"fr-FR"},{"@type":"Person","@id":"https:\/\/www.africa-press.net\/cameroun\/#\/schema\/person\/2b1cf3cd81a31e3cd26889ca66d677f1","name":"cfeditorfr"}]}},"_links":{"self":[{"href":"https:\/\/www.africa-press.net\/cameroun\/wp-json\/wp\/v2\/posts\/27206","targetHints":{"allow":["GET"]}}],"collection":[{"href":"https:\/\/www.africa-press.net\/cameroun\/wp-json\/wp\/v2\/posts"}],"about":[{"href":"https:\/\/www.africa-press.net\/cameroun\/wp-json\/wp\/v2\/types\/post"}],"author":[{"embeddable":true,"href":"https:\/\/www.africa-press.net\/cameroun\/wp-json\/wp\/v2\/users\/82"}],"replies":[{"embeddable":true,"href":"https:\/\/www.africa-press.net\/cameroun\/wp-json\/wp\/v2\/comments?post=27206"}],"version-history":[{"count":0,"href":"https:\/\/www.africa-press.net\/cameroun\/wp-json\/wp\/v2\/posts\/27206\/revisions"}],"wp:featuredmedia":[{"embeddable":true,"href":"https:\/\/www.africa-press.net\/cameroun\/wp-json\/wp\/v2\/media\/27205"}],"wp:attachment":[{"href":"https:\/\/www.africa-press.net\/cameroun\/wp-json\/wp\/v2\/media?parent=27206"}],"wp:term":[{"taxonomy":"category","embeddable":true,"href":"https:\/\/www.africa-press.net\/cameroun\/wp-json\/wp\/v2\/categories?post=27206"},{"taxonomy":"post_tag","embeddable":true,"href":"https:\/\/www.africa-press.net\/cameroun\/wp-json\/wp\/v2\/tags?post=27206"}],"curies":[{"name":"wp","href":"https:\/\/api.w.org\/{rel}","templated":true}]}}