{"id":27212,"date":"2022-09-12T16:33:27","date_gmt":"2022-09-12T16:33:27","guid":{"rendered":"https:\/\/www.africa-press.net\/cameroun\/politique\/cameroun-86-milliards-de-f-pour-booster-la-production-agricole"},"modified":"2022-09-12T18:26:49","modified_gmt":"2022-09-12T18:26:49","slug":"cameroun-86-milliards-de-f-pour-booster-la-production-agricole","status":"publish","type":"post","link":"https:\/\/www.africa-press.net\/cameroun\/economie\/cameroun-86-milliards-de-f-pour-booster-la-production-agricole","title":{"rendered":"Cameroun\u00a0: 8,6 milliards de F pour booster la production agricole"},"content":{"rendered":"<p><span style=\"color: #ff6600\"><strong>Africa-Press &#8211; Cameroun. <\/strong><\/span>Gabriel Mba\u00efrobe, ministre de l\u2019Agriculture et du d\u00e9veloppement rural (Minader) et L\u00e9andre Djummo, directeur g\u00e9n\u00e9ral de la Commercial Bank of Cameroon (CBC), ont sign\u00e9 le 08 septembre \u00e0 Yaound\u00e9, une convention de partenariat \u00e0 cet effet.<\/p>\n<p>8,6 milliards de F. C\u2019est la somme que la Commercial Bank of Cameroon a octroy\u00e9 au gouvernement par convention pour relever la production agricole au Cameroun. Une entente act\u00e9e qui s\u2019est faite en pr\u00e9sence directeur g\u00e9n\u00e9ral de la<b> Banque africaine de d\u00e9veloppement<\/b> (BAD) pour l\u2019Afrique Centrale, Serge N\u2019Guessan.<\/p>\n<p>Le r\u00f4le de la <b>Commercial Bank of Cameroon<\/b> dans cette collaboration avec le minist\u00e8re de l\u2019Agriculture, sera entre autres d\u2019assurer la mise en \u0153uvre de la facilit\u00e9 de refinancement, d\u00e9finir les crit\u00e8res d\u2019\u00e9ligibilit\u00e9 des Etablissements de microfinance \u00e0 travers lesquels ces financements seront mis \u00e0 la disposition des b\u00e9n\u00e9ficiaires.<\/p>\n<p>Concr\u00e8tement, la convention sign\u00e9e entre les deux parties concerne l\u2019ouverture d\u2019une ligne de cr\u00e9dits de <b>8,6 milliards FCFA<\/b> mise \u00e0 la disposition de l\u2019Etat du Cameroun par la BAD, dans le cadre de la mise en \u0153uvre du <b>Projet de d\u00e9veloppement des cha\u00eenes de valeurs agricoles<\/b> (PD-CVA).<\/p>\n<p>Outre les agriculteurs install\u00e9s dans les <b>zones rurales,<\/b> l\u2019enveloppe de 8,6 milliards FCFA cible en priorit\u00e9 les Petites et moyennes entreprises mise en place par des jeunes et des femmes. Les cha\u00eenes de valeurs concern\u00e9es sont : la banane plantain, le palmier \u00e0 huile et l\u2019ananas.<\/p>\n<p>Le nouvel outil financier comporte deux guichets, le fonds de garantie d\u2019un montant de 3 milliards FCFA et la facilit\u00e9 de refinancement \u00e0 hauteur de 8,6 milliards FCFA. La facilit\u00e9 de refinancement va engloutir 60% des besoins des porteurs de projets, les Etablissements de microfinance (EMF) vont contribuer \u00e0 hauteur de 30% de leurs ressources propres et le porteur de projet \u00e0 10%.<\/p>\n<p>Le partenariat Minader-CBC vise l\u2019accroissement des revenus des b\u00e9n\u00e9ficiaires \u00e0 hauteur de 818 000 FCFA chaque ann\u00e9e par m\u00e9nage et des gains de plus de 6 millions FCFA pour les jeunes entrepreneurs.<\/p>\n<p><strong>Pour plus d&rsquo;informations et d&rsquo;analyses sur la <a href=\"https:\/\/www.africa-press.net\/cameroun\">Cameroun<\/a>, suivez <a href=\"https:\/\/www.africa-press.net\/\">Africa-Press<\/a><\/strong><\/p>\n","protected":false},"excerpt":{"rendered":"<p>Africa-Press &#8211; Cameroun. Gabriel Mba\u00efrobe, ministre de l\u2019Agriculture et du d\u00e9veloppement rural (Minader) et L\u00e9andre Djummo, directeur g\u00e9n\u00e9ral de la Commercial Bank of Cameroon (CBC), ont sign\u00e9 le 08 septembre \u00e0 Yaound\u00e9, une convention de partenariat \u00e0 cet effet. 8,6 milliards de F. C\u2019est la somme que la Commercial Bank of Cameroon a octroy\u00e9 au [&hellip;]<\/p>\n","protected":false},"author":82,"featured_media":27211,"comment_status":"open","ping_status":"closed","sticky":false,"template":"","format":"standard","meta":{"footnotes":""},"categories":[3,11,10],"tags":[36,50,49],"class_list":["post-27212","post","type-post","status-publish","format-standard","has-post-thumbnail","hentry","category-economie","category-homepage-french","category-toutes-les-actualites","tag-africa-press","tag-africa-press-cameroun","tag-cameroun"],"yoast_head":"<!-- This site is optimized with the Yoast SEO Premium plugin v26.1 (Yoast SEO v27.0) - https:\/\/yoast.com\/product\/yoast-seo-premium-wordpress\/ -->\n<title>Cameroun\u00a0: 8,6 milliards de F pour booster la production agricole - Cameroun<\/title>\n<meta name=\"description\" content=\"Gabriel Mba\u00efrobe, ministre de l\u2019Agriculture et du d\u00e9veloppement rural (Minader) et L\u00e9andre Djummo, directeur g\u00e9n\u00e9ral de ...\" \/>\n<meta name=\"robots\" content=\"index, follow, max-snippet:-1, max-image-preview:large, max-video-preview:-1\" \/>\n<link rel=\"canonical\" href=\"https:\/\/www.africa-press.net\/cameroun\/economie\/cameroun-86-milliards-de-f-pour-booster-la-production-agricole\" \/>\n<meta property=\"og:locale\" content=\"fr_FR\" \/>\n<meta property=\"og:type\" content=\"article\" \/>\n<meta property=\"og:title\" content=\"Cameroun\u00a0: 8,6 milliards de F pour booster la production agricole\" \/>\n<meta property=\"og:description\" content=\"Gabriel Mba\u00efrobe, ministre de l\u2019Agriculture et du d\u00e9veloppement rural (Minader) et L\u00e9andre Djummo, directeur g\u00e9n\u00e9ral de ...\" \/>\n<meta property=\"og:url\" content=\"https:\/\/www.africa-press.net\/cameroun\/economie\/cameroun-86-milliards-de-f-pour-booster-la-production-agricole\" \/>\n<meta property=\"og:site_name\" content=\"Cameroun\" \/>\n<meta property=\"article:published_time\" content=\"2022-09-12T16:33:27+00:00\" \/>\n<meta property=\"article:modified_time\" content=\"2022-09-12T18:26:49+00:00\" \/>\n<meta property=\"og:image\" content=\"https:\/\/static.africa-press.net\/cameroun\/sites\/57\/2022\/09\/img-631f79cb3e39c.jpg\" \/>\n\t<meta property=\"og:image:width\" content=\"820\" \/>\n\t<meta property=\"og:image:height\" content=\"500\" \/>\n\t<meta property=\"og:image:type\" content=\"image\/jpeg\" \/>\n<meta name=\"author\" content=\"cfeditorfr\" \/>\n<meta name=\"twitter:card\" content=\"summary_large_image\" \/>\n<meta name=\"twitter:label1\" content=\"\u00c9crit par\" \/>\n\t<meta name=\"twitter:data1\" content=\"cfeditorfr\" \/>\n\t<meta name=\"twitter:label2\" content=\"Dur\u00e9e de lecture estim\u00e9e\" \/>\n\t<meta name=\"twitter:data2\" content=\"2 minutes\" \/>\n<script type=\"application\/ld+json\" class=\"yoast-schema-graph\">{\"@context\":\"https:\/\/schema.org\",\"@graph\":[{\"@type\":\"Article\",\"@id\":\"https:\/\/www.africa-press.net\/cameroun\/economie\/cameroun-86-milliards-de-f-pour-booster-la-production-agricole#article\",\"isPartOf\":{\"@id\":\"https:\/\/www.africa-press.net\/cameroun\/economie\/cameroun-86-milliards-de-f-pour-booster-la-production-agricole\"},\"author\":{\"name\":\"cfeditorfr\",\"@id\":\"https:\/\/www.africa-press.net\/cameroun\/#\/schema\/person\/2b1cf3cd81a31e3cd26889ca66d677f1\"},\"headline\":\"Cameroun\u00a0: 8,6 milliards de F pour booster la production agricole\",\"datePublished\":\"2022-09-12T16:33:27+00:00\",\"dateModified\":\"2022-09-12T18:26:49+00:00\",\"mainEntityOfPage\":{\"@id\":\"https:\/\/www.africa-press.net\/cameroun\/economie\/cameroun-86-milliards-de-f-pour-booster-la-production-agricole\"},\"wordCount\":365,\"commentCount\":0,\"image\":{\"@id\":\"https:\/\/www.africa-press.net\/cameroun\/economie\/cameroun-86-milliards-de-f-pour-booster-la-production-agricole#primaryimage\"},\"thumbnailUrl\":\"https:\/\/static.africa-press.net\/cameroun\/sites\/57\/2022\/09\/img-631f79cb3e39c.jpg\",\"keywords\":[\"Africa Press\",\"Africa Press-Cameroun\",\"Cameroun\"],\"articleSection\":[\"\u00c9conomie\",\"homepage-french\",\"Toutes les actualit\u00e9s\"],\"inLanguage\":\"fr-FR\",\"potentialAction\":[{\"@type\":\"CommentAction\",\"name\":\"Comment\",\"target\":[\"https:\/\/www.africa-press.net\/cameroun\/economie\/cameroun-86-milliards-de-f-pour-booster-la-production-agricole#respond\"]}]},{\"@type\":\"WebPage\",\"@id\":\"https:\/\/www.africa-press.net\/cameroun\/economie\/cameroun-86-milliards-de-f-pour-booster-la-production-agricole\",\"url\":\"https:\/\/www.africa-press.net\/cameroun\/economie\/cameroun-86-milliards-de-f-pour-booster-la-production-agricole\",\"name\":\"Cameroun\u00a0: 8,6 milliards de F pour booster la production agricole - Cameroun\",\"isPartOf\":{\"@id\":\"https:\/\/www.africa-press.net\/cameroun\/#website\"},\"primaryImageOfPage\":{\"@id\":\"https:\/\/www.africa-press.net\/cameroun\/economie\/cameroun-86-milliards-de-f-pour-booster-la-production-agricole#primaryimage\"},\"image\":{\"@id\":\"https:\/\/www.africa-press.net\/cameroun\/economie\/cameroun-86-milliards-de-f-pour-booster-la-production-agricole#primaryimage\"},\"thumbnailUrl\":\"https:\/\/static.africa-press.net\/cameroun\/sites\/57\/2022\/09\/img-631f79cb3e39c.jpg\",\"datePublished\":\"2022-09-12T16:33:27+00:00\",\"dateModified\":\"2022-09-12T18:26:49+00:00\",\"author\":{\"@id\":\"https:\/\/www.africa-press.net\/cameroun\/#\/schema\/person\/2b1cf3cd81a31e3cd26889ca66d677f1\"},\"description\":\"Gabriel Mba\u00efrobe, ministre de l\u2019Agriculture et du d\u00e9veloppement rural (Minader) et L\u00e9andre Djummo, directeur g\u00e9n\u00e9ral de ...\",\"breadcrumb\":{\"@id\":\"https:\/\/www.africa-press.net\/cameroun\/economie\/cameroun-86-milliards-de-f-pour-booster-la-production-agricole#breadcrumb\"},\"inLanguage\":\"fr-FR\",\"potentialAction\":[{\"@type\":\"ReadAction\",\"target\":[\"https:\/\/www.africa-press.net\/cameroun\/economie\/cameroun-86-milliards-de-f-pour-booster-la-production-agricole\"]}]},{\"@type\":\"ImageObject\",\"inLanguage\":\"fr-FR\",\"@id\":\"https:\/\/www.africa-press.net\/cameroun\/economie\/cameroun-86-milliards-de-f-pour-booster-la-production-agricole#primaryimage\",\"url\":\"https:\/\/static.africa-press.net\/cameroun\/sites\/57\/2022\/09\/img-631f79cb3e39c.jpg\",\"contentUrl\":\"https:\/\/static.africa-press.net\/cameroun\/sites\/57\/2022\/09\/img-631f79cb3e39c.jpg\",\"width\":820,\"height\":500,\"caption\":\"Cameroun\u00a0: 8,6 milliards de F pour booster la production agricole\"},{\"@type\":\"BreadcrumbList\",\"@id\":\"https:\/\/www.africa-press.net\/cameroun\/economie\/cameroun-86-milliards-de-f-pour-booster-la-production-agricole#breadcrumb\",\"itemListElement\":[{\"@type\":\"ListItem\",\"position\":1,\"name\":\"Accueil\",\"item\":\"https:\/\/www.africa-press.net\/cameroun\/\"},{\"@type\":\"ListItem\",\"position\":2,\"name\":\"Cameroun\u00a0: 8,6 milliards de F pour booster la production agricole\"}]},{\"@type\":\"WebSite\",\"@id\":\"https:\/\/www.africa-press.net\/cameroun\/#website\",\"url\":\"https:\/\/www.africa-press.net\/cameroun\/\",\"name\":\"Cameroun\",\"description\":\"Just another Africa News Agency Sites site\",\"potentialAction\":[{\"@type\":\"SearchAction\",\"target\":{\"@type\":\"EntryPoint\",\"urlTemplate\":\"https:\/\/www.africa-press.net\/cameroun\/?s={search_term_string}\"},\"query-input\":{\"@type\":\"PropertyValueSpecification\",\"valueRequired\":true,\"valueName\":\"search_term_string\"}}],\"inLanguage\":\"fr-FR\"},{\"@type\":\"Person\",\"@id\":\"https:\/\/www.africa-press.net\/cameroun\/#\/schema\/person\/2b1cf3cd81a31e3cd26889ca66d677f1\",\"name\":\"cfeditorfr\"}]}<\/script>\n<!-- \/ Yoast SEO Premium plugin. -->","yoast_head_json":{"title":"Cameroun\u00a0: 8,6 milliards de F pour booster la production agricole - Cameroun","description":"Gabriel Mba\u00efrobe, ministre de l\u2019Agriculture et du d\u00e9veloppement rural (Minader) et L\u00e9andre Djummo, directeur g\u00e9n\u00e9ral de ...","robots":{"index":"index","follow":"follow","max-snippet":"max-snippet:-1","max-image-preview":"max-image-preview:large","max-video-preview":"max-video-preview:-1"},"canonical":"https:\/\/www.africa-press.net\/cameroun\/economie\/cameroun-86-milliards-de-f-pour-booster-la-production-agricole","og_locale":"fr_FR","og_type":"article","og_title":"Cameroun\u00a0: 8,6 milliards de F pour booster la production agricole","og_description":"Gabriel Mba\u00efrobe, ministre de l\u2019Agriculture et du d\u00e9veloppement rural (Minader) et L\u00e9andre Djummo, directeur g\u00e9n\u00e9ral de ...","og_url":"https:\/\/www.africa-press.net\/cameroun\/economie\/cameroun-86-milliards-de-f-pour-booster-la-production-agricole","og_site_name":"Cameroun","article_published_time":"2022-09-12T16:33:27+00:00","article_modified_time":"2022-09-12T18:26:49+00:00","og_image":[{"width":820,"height":500,"url":"https:\/\/static.africa-press.net\/cameroun\/sites\/57\/2022\/09\/img-631f79cb3e39c.jpg","type":"image\/jpeg"}],"author":"cfeditorfr","twitter_card":"summary_large_image","twitter_misc":{"\u00c9crit par":"cfeditorfr","Dur\u00e9e de lecture estim\u00e9e":"2 minutes"},"schema":{"@context":"https:\/\/schema.org","@graph":[{"@type":"Article","@id":"https:\/\/www.africa-press.net\/cameroun\/economie\/cameroun-86-milliards-de-f-pour-booster-la-production-agricole#article","isPartOf":{"@id":"https:\/\/www.africa-press.net\/cameroun\/economie\/cameroun-86-milliards-de-f-pour-booster-la-production-agricole"},"author":{"name":"cfeditorfr","@id":"https:\/\/www.africa-press.net\/cameroun\/#\/schema\/person\/2b1cf3cd81a31e3cd26889ca66d677f1"},"headline":"Cameroun\u00a0: 8,6 milliards de F pour booster la production agricole","datePublished":"2022-09-12T16:33:27+00:00","dateModified":"2022-09-12T18:26:49+00:00","mainEntityOfPage":{"@id":"https:\/\/www.africa-press.net\/cameroun\/economie\/cameroun-86-milliards-de-f-pour-booster-la-production-agricole"},"wordCount":365,"commentCount":0,"image":{"@id":"https:\/\/www.africa-press.net\/cameroun\/economie\/cameroun-86-milliards-de-f-pour-booster-la-production-agricole#primaryimage"},"thumbnailUrl":"https:\/\/static.africa-press.net\/cameroun\/sites\/57\/2022\/09\/img-631f79cb3e39c.jpg","keywords":["Africa Press","Africa Press-Cameroun","Cameroun"],"articleSection":["\u00c9conomie","homepage-french","Toutes les actualit\u00e9s"],"inLanguage":"fr-FR","potentialAction":[{"@type":"CommentAction","name":"Comment","target":["https:\/\/www.africa-press.net\/cameroun\/economie\/cameroun-86-milliards-de-f-pour-booster-la-production-agricole#respond"]}]},{"@type":"WebPage","@id":"https:\/\/www.africa-press.net\/cameroun\/economie\/cameroun-86-milliards-de-f-pour-booster-la-production-agricole","url":"https:\/\/www.africa-press.net\/cameroun\/economie\/cameroun-86-milliards-de-f-pour-booster-la-production-agricole","name":"Cameroun\u00a0: 8,6 milliards de F pour booster la production agricole - Cameroun","isPartOf":{"@id":"https:\/\/www.africa-press.net\/cameroun\/#website"},"primaryImageOfPage":{"@id":"https:\/\/www.africa-press.net\/cameroun\/economie\/cameroun-86-milliards-de-f-pour-booster-la-production-agricole#primaryimage"},"image":{"@id":"https:\/\/www.africa-press.net\/cameroun\/economie\/cameroun-86-milliards-de-f-pour-booster-la-production-agricole#primaryimage"},"thumbnailUrl":"https:\/\/static.africa-press.net\/cameroun\/sites\/57\/2022\/09\/img-631f79cb3e39c.jpg","datePublished":"2022-09-12T16:33:27+00:00","dateModified":"2022-09-12T18:26:49+00:00","author":{"@id":"https:\/\/www.africa-press.net\/cameroun\/#\/schema\/person\/2b1cf3cd81a31e3cd26889ca66d677f1"},"description":"Gabriel Mba\u00efrobe, ministre de l\u2019Agriculture et du d\u00e9veloppement rural (Minader) et L\u00e9andre Djummo, directeur g\u00e9n\u00e9ral de ...","breadcrumb":{"@id":"https:\/\/www.africa-press.net\/cameroun\/economie\/cameroun-86-milliards-de-f-pour-booster-la-production-agricole#breadcrumb"},"inLanguage":"fr-FR","potentialAction":[{"@type":"ReadAction","target":["https:\/\/www.africa-press.net\/cameroun\/economie\/cameroun-86-milliards-de-f-pour-booster-la-production-agricole"]}]},{"@type":"ImageObject","inLanguage":"fr-FR","@id":"https:\/\/www.africa-press.net\/cameroun\/economie\/cameroun-86-milliards-de-f-pour-booster-la-production-agricole#primaryimage","url":"https:\/\/static.africa-press.net\/cameroun\/sites\/57\/2022\/09\/img-631f79cb3e39c.jpg","contentUrl":"https:\/\/static.africa-press.net\/cameroun\/sites\/57\/2022\/09\/img-631f79cb3e39c.jpg","width":820,"height":500,"caption":"Cameroun\u00a0: 8,6 milliards de F pour booster la production agricole"},{"@type":"BreadcrumbList","@id":"https:\/\/www.africa-press.net\/cameroun\/economie\/cameroun-86-milliards-de-f-pour-booster-la-production-agricole#breadcrumb","itemListElement":[{"@type":"ListItem","position":1,"name":"Accueil","item":"https:\/\/www.africa-press.net\/cameroun\/"},{"@type":"ListItem","position":2,"name":"Cameroun\u00a0: 8,6 milliards de F pour booster la production agricole"}]},{"@type":"WebSite","@id":"https:\/\/www.africa-press.net\/cameroun\/#website","url":"https:\/\/www.africa-press.net\/cameroun\/","name":"Cameroun","description":"Just another Africa News Agency Sites site","potentialAction":[{"@type":"SearchAction","target":{"@type":"EntryPoint","urlTemplate":"https:\/\/www.africa-press.net\/cameroun\/?s={search_term_string}"},"query-input":{"@type":"PropertyValueSpecification","valueRequired":true,"valueName":"search_term_string"}}],"inLanguage":"fr-FR"},{"@type":"Person","@id":"https:\/\/www.africa-press.net\/cameroun\/#\/schema\/person\/2b1cf3cd81a31e3cd26889ca66d677f1","name":"cfeditorfr"}]}},"_links":{"self":[{"href":"https:\/\/www.africa-press.net\/cameroun\/wp-json\/wp\/v2\/posts\/27212","targetHints":{"allow":["GET"]}}],"collection":[{"href":"https:\/\/www.africa-press.net\/cameroun\/wp-json\/wp\/v2\/posts"}],"about":[{"href":"https:\/\/www.africa-press.net\/cameroun\/wp-json\/wp\/v2\/types\/post"}],"author":[{"embeddable":true,"href":"https:\/\/www.africa-press.net\/cameroun\/wp-json\/wp\/v2\/users\/82"}],"replies":[{"embeddable":true,"href":"https:\/\/www.africa-press.net\/cameroun\/wp-json\/wp\/v2\/comments?post=27212"}],"version-history":[{"count":0,"href":"https:\/\/www.africa-press.net\/cameroun\/wp-json\/wp\/v2\/posts\/27212\/revisions"}],"wp:featuredmedia":[{"embeddable":true,"href":"https:\/\/www.africa-press.net\/cameroun\/wp-json\/wp\/v2\/media\/27211"}],"wp:attachment":[{"href":"https:\/\/www.africa-press.net\/cameroun\/wp-json\/wp\/v2\/media?parent=27212"}],"wp:term":[{"taxonomy":"category","embeddable":true,"href":"https:\/\/www.africa-press.net\/cameroun\/wp-json\/wp\/v2\/categories?post=27212"},{"taxonomy":"post_tag","embeddable":true,"href":"https:\/\/www.africa-press.net\/cameroun\/wp-json\/wp\/v2\/tags?post=27212"}],"curies":[{"name":"wp","href":"https:\/\/api.w.org\/{rel}","templated":true}]}}