{"id":27236,"date":"2022-09-12T17:35:06","date_gmt":"2022-09-12T17:35:06","guid":{"rendered":"https:\/\/www.africa-press.net\/cameroun\/politique\/decouvrez-les-4-finalistes-camerounais-du-prix-orange-de-lentrepreneur-social-en-afrique"},"modified":"2022-09-12T18:32:34","modified_gmt":"2022-09-12T18:32:34","slug":"decouvrez-les-4-finalistes-camerounais-du-prix-orange-de-lentrepreneur-social-en-afrique","status":"publish","type":"post","link":"https:\/\/www.africa-press.net\/cameroun\/toutes-les-actualites\/decouvrez-les-4-finalistes-camerounais-du-prix-orange-de-lentrepreneur-social-en-afrique","title":{"rendered":"D\u00e9couvrez les 4 finalistes camerounais du Prix Orange de l\u2019Entrepreneur Social en Afrique"},"content":{"rendered":"<p><span style=\"color: #ff6600\"><strong>Africa-Press &#8211; Cameroun. <\/strong><\/span>ORANGE) &#8211; Devenu une re\u0301fe\u0301rence d\u2019accompagnement et de soutien a\u0300 l\u2019entrepreneuriat social camerounais, le Prix Orange de l\u2019Entrepreneur Social en Afrique et au Moyen-Orient (en abre\u0301ge\u0301 POESAM) est a\u0300 sa 12e\u0300me e\u0301dition.<\/p>\n<p>Il re\u0301compense en effet chaque anne\u0301e depuis 2010, les meilleurs projets technologiques a\u0300 impact social positif dans 17 pays d\u2019Afrique et du Moyen-Orient y compris au Cameroun.<\/p>\n<p>Ce mercredi 7 septembre 2022 s\u2019est tenue la finale nationale dans les locaux d\u2019Orange Digital Center situe\u0301 a\u0300 Akwa- Soudanaise en pre\u0301sence de 13 finalistes et d\u2019un Grand Jury constitue\u0301 d\u2019experts de l\u2019e\u0301cosyste\u0300me.<\/p>\n<p>Pour cette 12e e\u0301dition du Prix Orange de l\u2019Entrepreneur Social en Afrique et au Moyen- Orient (POESAM), les candidats ont rivalise\u0301 d\u2019adresse et d\u2019innovation pour atteindre le podium et gagner les diffe\u0301rents prix.<\/p>\n<p>Ils ont ainsi soumis leurs pitchs projets a\u0300 l\u2019appre\u0301ciation et aux questions solides et pertinentes du Grand Jury.<\/p>\n<p>Au sortir de cette ce\u0301re\u0301monie, 04 finalistes ont e\u0301te\u0301 prime\u0301s :<\/p>\n<p>Les 4 laure\u0301ats se qualifient donc pour la finale du Grand Prix International avec a\u0300 la cle\u0301 jusqu\u2019a\u0300 16 millions de FCFA et un accompagnement de 6 a\u0300 9 mois.<\/p>\n<p>Le POESAM s\u2019inscrit dans une logique de de\u0301tection des jeunes talents du nume\u0301rique<\/p>\n<p>utile et inclusif. Cette nouvelle e\u0301dition confirme l\u2019implication d\u2019Orange Cameroun a\u0300 poursuivre sa de\u0301marche d\u2019ope\u0301rateur responsable, humain et solidaire qui vise a\u0300 mettre la technologie et l\u2019innovation nume\u0301rique au profit du de\u0301veloppement socioe\u0301conomique, tout en apportant son soutien et son expertise au service des entrepreneurs camerounais.<\/p>\n<p>Vivement la prochaine e\u0301dition pour de\u0301couvrir et faire de nouveaux champions de l\u2019innovation !<\/p>\n<p><strong>Pour plus d&rsquo;informations et d&rsquo;analyses sur la <a href=\"https:\/\/www.africa-press.net\/cameroun\">Cameroun<\/a>, suivez <a href=\"https:\/\/www.africa-press.net\/\">Africa-Press<\/a><\/strong><\/p>\n","protected":false},"excerpt":{"rendered":"<p>Africa-Press &#8211; Cameroun. ORANGE) &#8211; Devenu une re\u0301fe\u0301rence d\u2019accompagnement et de soutien a\u0300 l\u2019entrepreneuriat social camerounais, le Prix Orange de l\u2019Entrepreneur Social en Afrique et au Moyen-Orient (en abre\u0301ge\u0301 POESAM) est a\u0300 sa 12e\u0300me e\u0301dition. Il re\u0301compense en effet chaque anne\u0301e depuis 2010, les meilleurs projets technologiques a\u0300 impact social positif dans 17 pays d\u2019Afrique [&hellip;]<\/p>\n","protected":false},"author":82,"featured_media":27235,"comment_status":"open","ping_status":"closed","sticky":false,"template":"","format":"standard","meta":{"footnotes":""},"categories":[21,11,10],"tags":[36,50,49],"class_list":["post-27236","post","type-post","status-publish","format-standard","has-post-thumbnail","hentry","category-communaute","category-homepage-french","category-toutes-les-actualites","tag-africa-press","tag-africa-press-cameroun","tag-cameroun"],"yoast_head":"<!-- This site is optimized with the Yoast SEO Premium plugin v26.1 (Yoast SEO v27.0) - https:\/\/yoast.com\/product\/yoast-seo-premium-wordpress\/ -->\n<title>D\u00e9couvrez les 4 finalistes camerounais du Prix Orange de l\u2019Entrepreneur Social en Afrique - Cameroun<\/title>\n<meta name=\"description\" content=\"ORANGE) - Devenu une re\u0301fe\u0301rence d\u2019accompagnement et de soutien a\u0300 l\u2019entrepreneuriat social camerounais, le Prix Orange ...\" \/>\n<meta name=\"robots\" content=\"index, follow, max-snippet:-1, max-image-preview:large, max-video-preview:-1\" \/>\n<link rel=\"canonical\" href=\"https:\/\/www.africa-press.net\/cameroun\/toutes-les-actualites\/decouvrez-les-4-finalistes-camerounais-du-prix-orange-de-lentrepreneur-social-en-afrique\" \/>\n<meta property=\"og:locale\" content=\"fr_FR\" \/>\n<meta property=\"og:type\" content=\"article\" \/>\n<meta property=\"og:title\" content=\"D\u00e9couvrez les 4 finalistes camerounais du Prix Orange de l\u2019Entrepreneur Social en Afrique\" \/>\n<meta property=\"og:description\" content=\"ORANGE) - Devenu une re\u0301fe\u0301rence d\u2019accompagnement et de soutien a\u0300 l\u2019entrepreneuriat social camerounais, le Prix Orange ...\" \/>\n<meta property=\"og:url\" content=\"https:\/\/www.africa-press.net\/cameroun\/toutes-les-actualites\/decouvrez-les-4-finalistes-camerounais-du-prix-orange-de-lentrepreneur-social-en-afrique\" \/>\n<meta property=\"og:site_name\" content=\"Cameroun\" \/>\n<meta property=\"article:published_time\" content=\"2022-09-12T17:35:06+00:00\" \/>\n<meta property=\"article:modified_time\" content=\"2022-09-12T18:32:34+00:00\" \/>\n<meta property=\"og:image\" content=\"https:\/\/static.africa-press.net\/cameroun\/sites\/57\/2022\/09\/img-631f7b1d95ea0.jpg\" \/>\n\t<meta property=\"og:image:width\" content=\"720\" \/>\n\t<meta property=\"og:image:height\" content=\"479\" \/>\n\t<meta property=\"og:image:type\" content=\"image\/jpeg\" \/>\n<meta name=\"author\" content=\"cfeditorfr\" \/>\n<meta name=\"twitter:card\" content=\"summary_large_image\" \/>\n<meta name=\"twitter:label1\" content=\"\u00c9crit par\" \/>\n\t<meta name=\"twitter:data1\" content=\"cfeditorfr\" \/>\n\t<meta name=\"twitter:label2\" content=\"Dur\u00e9e de lecture estim\u00e9e\" \/>\n\t<meta name=\"twitter:data2\" content=\"2 minutes\" \/>\n<script type=\"application\/ld+json\" class=\"yoast-schema-graph\">{\"@context\":\"https:\/\/schema.org\",\"@graph\":[{\"@type\":\"Article\",\"@id\":\"https:\/\/www.africa-press.net\/cameroun\/toutes-les-actualites\/decouvrez-les-4-finalistes-camerounais-du-prix-orange-de-lentrepreneur-social-en-afrique#article\",\"isPartOf\":{\"@id\":\"https:\/\/www.africa-press.net\/cameroun\/toutes-les-actualites\/decouvrez-les-4-finalistes-camerounais-du-prix-orange-de-lentrepreneur-social-en-afrique\"},\"author\":{\"name\":\"cfeditorfr\",\"@id\":\"https:\/\/www.africa-press.net\/cameroun\/#\/schema\/person\/2b1cf3cd81a31e3cd26889ca66d677f1\"},\"headline\":\"D\u00e9couvrez les 4 finalistes camerounais du Prix Orange de l\u2019Entrepreneur Social en Afrique\",\"datePublished\":\"2022-09-12T17:35:06+00:00\",\"dateModified\":\"2022-09-12T18:32:34+00:00\",\"mainEntityOfPage\":{\"@id\":\"https:\/\/www.africa-press.net\/cameroun\/toutes-les-actualites\/decouvrez-les-4-finalistes-camerounais-du-prix-orange-de-lentrepreneur-social-en-afrique\"},\"wordCount\":322,\"commentCount\":0,\"image\":{\"@id\":\"https:\/\/www.africa-press.net\/cameroun\/toutes-les-actualites\/decouvrez-les-4-finalistes-camerounais-du-prix-orange-de-lentrepreneur-social-en-afrique#primaryimage\"},\"thumbnailUrl\":\"https:\/\/static.africa-press.net\/cameroun\/sites\/57\/2022\/09\/img-631f7b1d95ea0.jpg\",\"keywords\":[\"Africa Press\",\"Africa Press-Cameroun\",\"Cameroun\"],\"articleSection\":[\"Communaut\u00e9\",\"homepage-french\",\"Toutes les actualit\u00e9s\"],\"inLanguage\":\"fr-FR\",\"potentialAction\":[{\"@type\":\"CommentAction\",\"name\":\"Comment\",\"target\":[\"https:\/\/www.africa-press.net\/cameroun\/toutes-les-actualites\/decouvrez-les-4-finalistes-camerounais-du-prix-orange-de-lentrepreneur-social-en-afrique#respond\"]}]},{\"@type\":\"WebPage\",\"@id\":\"https:\/\/www.africa-press.net\/cameroun\/toutes-les-actualites\/decouvrez-les-4-finalistes-camerounais-du-prix-orange-de-lentrepreneur-social-en-afrique\",\"url\":\"https:\/\/www.africa-press.net\/cameroun\/toutes-les-actualites\/decouvrez-les-4-finalistes-camerounais-du-prix-orange-de-lentrepreneur-social-en-afrique\",\"name\":\"D\u00e9couvrez les 4 finalistes camerounais du Prix Orange de l\u2019Entrepreneur Social en Afrique - Cameroun\",\"isPartOf\":{\"@id\":\"https:\/\/www.africa-press.net\/cameroun\/#website\"},\"primaryImageOfPage\":{\"@id\":\"https:\/\/www.africa-press.net\/cameroun\/toutes-les-actualites\/decouvrez-les-4-finalistes-camerounais-du-prix-orange-de-lentrepreneur-social-en-afrique#primaryimage\"},\"image\":{\"@id\":\"https:\/\/www.africa-press.net\/cameroun\/toutes-les-actualites\/decouvrez-les-4-finalistes-camerounais-du-prix-orange-de-lentrepreneur-social-en-afrique#primaryimage\"},\"thumbnailUrl\":\"https:\/\/static.africa-press.net\/cameroun\/sites\/57\/2022\/09\/img-631f7b1d95ea0.jpg\",\"datePublished\":\"2022-09-12T17:35:06+00:00\",\"dateModified\":\"2022-09-12T18:32:34+00:00\",\"author\":{\"@id\":\"https:\/\/www.africa-press.net\/cameroun\/#\/schema\/person\/2b1cf3cd81a31e3cd26889ca66d677f1\"},\"description\":\"ORANGE) - Devenu une re\u0301fe\u0301rence d\u2019accompagnement et de soutien a\u0300 l\u2019entrepreneuriat social camerounais, le Prix Orange ...\",\"breadcrumb\":{\"@id\":\"https:\/\/www.africa-press.net\/cameroun\/toutes-les-actualites\/decouvrez-les-4-finalistes-camerounais-du-prix-orange-de-lentrepreneur-social-en-afrique#breadcrumb\"},\"inLanguage\":\"fr-FR\",\"potentialAction\":[{\"@type\":\"ReadAction\",\"target\":[\"https:\/\/www.africa-press.net\/cameroun\/toutes-les-actualites\/decouvrez-les-4-finalistes-camerounais-du-prix-orange-de-lentrepreneur-social-en-afrique\"]}]},{\"@type\":\"ImageObject\",\"inLanguage\":\"fr-FR\",\"@id\":\"https:\/\/www.africa-press.net\/cameroun\/toutes-les-actualites\/decouvrez-les-4-finalistes-camerounais-du-prix-orange-de-lentrepreneur-social-en-afrique#primaryimage\",\"url\":\"https:\/\/static.africa-press.net\/cameroun\/sites\/57\/2022\/09\/img-631f7b1d95ea0.jpg\",\"contentUrl\":\"https:\/\/static.africa-press.net\/cameroun\/sites\/57\/2022\/09\/img-631f7b1d95ea0.jpg\",\"width\":720,\"height\":479,\"caption\":\"D\u00e9couvrez les 4 finalistes camerounais du Prix Orange de l\u2019Entrepreneur Social en Afrique\"},{\"@type\":\"BreadcrumbList\",\"@id\":\"https:\/\/www.africa-press.net\/cameroun\/toutes-les-actualites\/decouvrez-les-4-finalistes-camerounais-du-prix-orange-de-lentrepreneur-social-en-afrique#breadcrumb\",\"itemListElement\":[{\"@type\":\"ListItem\",\"position\":1,\"name\":\"Accueil\",\"item\":\"https:\/\/www.africa-press.net\/cameroun\/\"},{\"@type\":\"ListItem\",\"position\":2,\"name\":\"D\u00e9couvrez les 4 finalistes camerounais du Prix Orange de l\u2019Entrepreneur Social en Afrique\"}]},{\"@type\":\"WebSite\",\"@id\":\"https:\/\/www.africa-press.net\/cameroun\/#website\",\"url\":\"https:\/\/www.africa-press.net\/cameroun\/\",\"name\":\"Cameroun\",\"description\":\"Just another Africa News Agency Sites site\",\"potentialAction\":[{\"@type\":\"SearchAction\",\"target\":{\"@type\":\"EntryPoint\",\"urlTemplate\":\"https:\/\/www.africa-press.net\/cameroun\/?s={search_term_string}\"},\"query-input\":{\"@type\":\"PropertyValueSpecification\",\"valueRequired\":true,\"valueName\":\"search_term_string\"}}],\"inLanguage\":\"fr-FR\"},{\"@type\":\"Person\",\"@id\":\"https:\/\/www.africa-press.net\/cameroun\/#\/schema\/person\/2b1cf3cd81a31e3cd26889ca66d677f1\",\"name\":\"cfeditorfr\"}]}<\/script>\n<!-- \/ Yoast SEO Premium plugin. -->","yoast_head_json":{"title":"D\u00e9couvrez les 4 finalistes camerounais du Prix Orange de l\u2019Entrepreneur Social en Afrique - Cameroun","description":"ORANGE) - Devenu une re\u0301fe\u0301rence d\u2019accompagnement et de soutien a\u0300 l\u2019entrepreneuriat social camerounais, le Prix Orange ...","robots":{"index":"index","follow":"follow","max-snippet":"max-snippet:-1","max-image-preview":"max-image-preview:large","max-video-preview":"max-video-preview:-1"},"canonical":"https:\/\/www.africa-press.net\/cameroun\/toutes-les-actualites\/decouvrez-les-4-finalistes-camerounais-du-prix-orange-de-lentrepreneur-social-en-afrique","og_locale":"fr_FR","og_type":"article","og_title":"D\u00e9couvrez les 4 finalistes camerounais du Prix Orange de l\u2019Entrepreneur Social en Afrique","og_description":"ORANGE) - Devenu une re\u0301fe\u0301rence d\u2019accompagnement et de soutien a\u0300 l\u2019entrepreneuriat social camerounais, le Prix Orange ...","og_url":"https:\/\/www.africa-press.net\/cameroun\/toutes-les-actualites\/decouvrez-les-4-finalistes-camerounais-du-prix-orange-de-lentrepreneur-social-en-afrique","og_site_name":"Cameroun","article_published_time":"2022-09-12T17:35:06+00:00","article_modified_time":"2022-09-12T18:32:34+00:00","og_image":[{"width":720,"height":479,"url":"https:\/\/static.africa-press.net\/cameroun\/sites\/57\/2022\/09\/img-631f7b1d95ea0.jpg","type":"image\/jpeg"}],"author":"cfeditorfr","twitter_card":"summary_large_image","twitter_misc":{"\u00c9crit par":"cfeditorfr","Dur\u00e9e de lecture estim\u00e9e":"2 minutes"},"schema":{"@context":"https:\/\/schema.org","@graph":[{"@type":"Article","@id":"https:\/\/www.africa-press.net\/cameroun\/toutes-les-actualites\/decouvrez-les-4-finalistes-camerounais-du-prix-orange-de-lentrepreneur-social-en-afrique#article","isPartOf":{"@id":"https:\/\/www.africa-press.net\/cameroun\/toutes-les-actualites\/decouvrez-les-4-finalistes-camerounais-du-prix-orange-de-lentrepreneur-social-en-afrique"},"author":{"name":"cfeditorfr","@id":"https:\/\/www.africa-press.net\/cameroun\/#\/schema\/person\/2b1cf3cd81a31e3cd26889ca66d677f1"},"headline":"D\u00e9couvrez les 4 finalistes camerounais du Prix Orange de l\u2019Entrepreneur Social en Afrique","datePublished":"2022-09-12T17:35:06+00:00","dateModified":"2022-09-12T18:32:34+00:00","mainEntityOfPage":{"@id":"https:\/\/www.africa-press.net\/cameroun\/toutes-les-actualites\/decouvrez-les-4-finalistes-camerounais-du-prix-orange-de-lentrepreneur-social-en-afrique"},"wordCount":322,"commentCount":0,"image":{"@id":"https:\/\/www.africa-press.net\/cameroun\/toutes-les-actualites\/decouvrez-les-4-finalistes-camerounais-du-prix-orange-de-lentrepreneur-social-en-afrique#primaryimage"},"thumbnailUrl":"https:\/\/static.africa-press.net\/cameroun\/sites\/57\/2022\/09\/img-631f7b1d95ea0.jpg","keywords":["Africa Press","Africa Press-Cameroun","Cameroun"],"articleSection":["Communaut\u00e9","homepage-french","Toutes les actualit\u00e9s"],"inLanguage":"fr-FR","potentialAction":[{"@type":"CommentAction","name":"Comment","target":["https:\/\/www.africa-press.net\/cameroun\/toutes-les-actualites\/decouvrez-les-4-finalistes-camerounais-du-prix-orange-de-lentrepreneur-social-en-afrique#respond"]}]},{"@type":"WebPage","@id":"https:\/\/www.africa-press.net\/cameroun\/toutes-les-actualites\/decouvrez-les-4-finalistes-camerounais-du-prix-orange-de-lentrepreneur-social-en-afrique","url":"https:\/\/www.africa-press.net\/cameroun\/toutes-les-actualites\/decouvrez-les-4-finalistes-camerounais-du-prix-orange-de-lentrepreneur-social-en-afrique","name":"D\u00e9couvrez les 4 finalistes camerounais du Prix Orange de l\u2019Entrepreneur Social en Afrique - Cameroun","isPartOf":{"@id":"https:\/\/www.africa-press.net\/cameroun\/#website"},"primaryImageOfPage":{"@id":"https:\/\/www.africa-press.net\/cameroun\/toutes-les-actualites\/decouvrez-les-4-finalistes-camerounais-du-prix-orange-de-lentrepreneur-social-en-afrique#primaryimage"},"image":{"@id":"https:\/\/www.africa-press.net\/cameroun\/toutes-les-actualites\/decouvrez-les-4-finalistes-camerounais-du-prix-orange-de-lentrepreneur-social-en-afrique#primaryimage"},"thumbnailUrl":"https:\/\/static.africa-press.net\/cameroun\/sites\/57\/2022\/09\/img-631f7b1d95ea0.jpg","datePublished":"2022-09-12T17:35:06+00:00","dateModified":"2022-09-12T18:32:34+00:00","author":{"@id":"https:\/\/www.africa-press.net\/cameroun\/#\/schema\/person\/2b1cf3cd81a31e3cd26889ca66d677f1"},"description":"ORANGE) - Devenu une re\u0301fe\u0301rence d\u2019accompagnement et de soutien a\u0300 l\u2019entrepreneuriat social camerounais, le Prix Orange ...","breadcrumb":{"@id":"https:\/\/www.africa-press.net\/cameroun\/toutes-les-actualites\/decouvrez-les-4-finalistes-camerounais-du-prix-orange-de-lentrepreneur-social-en-afrique#breadcrumb"},"inLanguage":"fr-FR","potentialAction":[{"@type":"ReadAction","target":["https:\/\/www.africa-press.net\/cameroun\/toutes-les-actualites\/decouvrez-les-4-finalistes-camerounais-du-prix-orange-de-lentrepreneur-social-en-afrique"]}]},{"@type":"ImageObject","inLanguage":"fr-FR","@id":"https:\/\/www.africa-press.net\/cameroun\/toutes-les-actualites\/decouvrez-les-4-finalistes-camerounais-du-prix-orange-de-lentrepreneur-social-en-afrique#primaryimage","url":"https:\/\/static.africa-press.net\/cameroun\/sites\/57\/2022\/09\/img-631f7b1d95ea0.jpg","contentUrl":"https:\/\/static.africa-press.net\/cameroun\/sites\/57\/2022\/09\/img-631f7b1d95ea0.jpg","width":720,"height":479,"caption":"D\u00e9couvrez les 4 finalistes camerounais du Prix Orange de l\u2019Entrepreneur Social en Afrique"},{"@type":"BreadcrumbList","@id":"https:\/\/www.africa-press.net\/cameroun\/toutes-les-actualites\/decouvrez-les-4-finalistes-camerounais-du-prix-orange-de-lentrepreneur-social-en-afrique#breadcrumb","itemListElement":[{"@type":"ListItem","position":1,"name":"Accueil","item":"https:\/\/www.africa-press.net\/cameroun\/"},{"@type":"ListItem","position":2,"name":"D\u00e9couvrez les 4 finalistes camerounais du Prix Orange de l\u2019Entrepreneur Social en Afrique"}]},{"@type":"WebSite","@id":"https:\/\/www.africa-press.net\/cameroun\/#website","url":"https:\/\/www.africa-press.net\/cameroun\/","name":"Cameroun","description":"Just another Africa News Agency Sites site","potentialAction":[{"@type":"SearchAction","target":{"@type":"EntryPoint","urlTemplate":"https:\/\/www.africa-press.net\/cameroun\/?s={search_term_string}"},"query-input":{"@type":"PropertyValueSpecification","valueRequired":true,"valueName":"search_term_string"}}],"inLanguage":"fr-FR"},{"@type":"Person","@id":"https:\/\/www.africa-press.net\/cameroun\/#\/schema\/person\/2b1cf3cd81a31e3cd26889ca66d677f1","name":"cfeditorfr"}]}},"_links":{"self":[{"href":"https:\/\/www.africa-press.net\/cameroun\/wp-json\/wp\/v2\/posts\/27236","targetHints":{"allow":["GET"]}}],"collection":[{"href":"https:\/\/www.africa-press.net\/cameroun\/wp-json\/wp\/v2\/posts"}],"about":[{"href":"https:\/\/www.africa-press.net\/cameroun\/wp-json\/wp\/v2\/types\/post"}],"author":[{"embeddable":true,"href":"https:\/\/www.africa-press.net\/cameroun\/wp-json\/wp\/v2\/users\/82"}],"replies":[{"embeddable":true,"href":"https:\/\/www.africa-press.net\/cameroun\/wp-json\/wp\/v2\/comments?post=27236"}],"version-history":[{"count":0,"href":"https:\/\/www.africa-press.net\/cameroun\/wp-json\/wp\/v2\/posts\/27236\/revisions"}],"wp:featuredmedia":[{"embeddable":true,"href":"https:\/\/www.africa-press.net\/cameroun\/wp-json\/wp\/v2\/media\/27235"}],"wp:attachment":[{"href":"https:\/\/www.africa-press.net\/cameroun\/wp-json\/wp\/v2\/media?parent=27236"}],"wp:term":[{"taxonomy":"category","embeddable":true,"href":"https:\/\/www.africa-press.net\/cameroun\/wp-json\/wp\/v2\/categories?post=27236"},{"taxonomy":"post_tag","embeddable":true,"href":"https:\/\/www.africa-press.net\/cameroun\/wp-json\/wp\/v2\/tags?post=27236"}],"curies":[{"name":"wp","href":"https:\/\/api.w.org\/{rel}","templated":true}]}}