{"id":27259,"date":"2022-09-13T17:45:58","date_gmt":"2022-09-13T17:45:58","guid":{"rendered":"https:\/\/www.africa-press.net\/cameroun\/politique\/tribunal-maurice-kamto-va-revetir-sa-robe-davocat-pour-defendre-ses-camarades-du-mrc"},"modified":"2022-09-13T17:46:38","modified_gmt":"2022-09-13T17:46:38","slug":"tribunal-maurice-kamto-va-revetir-sa-robe-davocat-pour-defendre-ses-camarades-du-mrc","status":"publish","type":"post","link":"https:\/\/www.africa-press.net\/cameroun\/politique\/tribunal-maurice-kamto-va-revetir-sa-robe-davocat-pour-defendre-ses-camarades-du-mrc","title":{"rendered":"Tribunal: Maurice Kamto va rev\u00eatir sa robe d\u2019avocat pour d\u00e9fendre ses camarades du MRC"},"content":{"rendered":"<p><span style=\"color: #ff6600\"><strong>Africa-Press &#8211; Cameroun. <\/strong><\/span>D\u2019apr\u00e8s le journaliste et lanceur d\u2019alerte Boris Bertolt, r\u00e9put\u00e9 proche du Mouvement pour la Renaissance du Cameroun (MRC), le pr\u00e9sident de cette formation politique devrait se constituer aux c\u00f4t\u00e9s d\u2019autres avocats mandat\u00e9s par son parti pour d\u00e9fendre ses camarades incarc\u00e9r\u00e9s \u00e0 la Prison centrale de Kondengui \u00e0 Yaound\u00e9. <b>\u00ab Le c\u00e9l\u00e8bre avocat va plaider pour la lib\u00e9ration des prisonniers politiques du mouvement pour la Renaissance Cameroun dont le proc\u00e8s d\u00e9bute \u00e0 la cour d\u2019appel le 15 septembre 2022<\/b> \u00bb, \u00e9crit en substance l\u2019ancien journaliste des quotidiens camerounais <b>Le Jour<\/b> et <b>Mutations<\/b>.<\/p>\n<p>Le patron du MRC devra donc troquer sa casquette d\u2019homme politique avec sa robe d\u2019avocat, afin de plaider pour la d\u00e9fense de ses camarades consid\u00e9r\u00e9s comme des prisonniers politiques. Il va se constituer aupr\u00e8s du collectif Me Sylvain Souop qui assure la d\u00e9fense de ces prisonniers depuis toujours. Ces avocats avaient pr\u00e9alablement annonc\u00e9 en septembre 2021 qu\u2019ils se retiraient de l\u2019ensemble des proc\u00e9dures contre les militants du MRC, en raison de \u00ab <b>l\u2019impossible acc\u00e8s \u00e0 une justice \u00e9quitable rendue par un tribunal impartial et ind\u00e9pendant<\/b> \u00bb.<\/p>\n<p>Les 124 prisonniers d\u00e9tenus dans les prisons de Yaound\u00e9, Mfou, Douala et Bafoussam, s\u2019\u00e9taient ainsi retrouv\u00e9s abandonn\u00e9s \u00e0 leur sort. Au demeurant, ils ont reconsid\u00e9r\u00e9 leur d\u00e9cision, et vont poursuivre la d\u00e9fense des prisonniers du MRC. Il s\u2019agit de militants arr\u00eat\u00e9s en septembre 2020, lors des marches pacifiques de cette formation politique.<\/p>\n<p><strong>Pour plus d&rsquo;informations et d&rsquo;analyses sur la <a href=\"https:\/\/www.africa-press.net\/cameroun\">Cameroun<\/a>, suivez <a href=\"https:\/\/www.africa-press.net\/\">Africa-Press<\/a><\/strong><\/p>\n","protected":false},"excerpt":{"rendered":"<p>Africa-Press &#8211; Cameroun. D\u2019apr\u00e8s le journaliste et lanceur d\u2019alerte Boris Bertolt, r\u00e9put\u00e9 proche du Mouvement pour la Renaissance du Cameroun (MRC), le pr\u00e9sident de cette formation politique devrait se constituer aux c\u00f4t\u00e9s d\u2019autres avocats mandat\u00e9s par son parti pour d\u00e9fendre ses camarades incarc\u00e9r\u00e9s \u00e0 la Prison centrale de Kondengui \u00e0 Yaound\u00e9. \u00ab Le c\u00e9l\u00e8bre avocat [&hellip;]<\/p>\n","protected":false},"author":82,"featured_media":27258,"comment_status":"open","ping_status":"closed","sticky":false,"template":"","format":"standard","meta":{"footnotes":""},"categories":[11,2,10],"tags":[36,50,49],"class_list":["post-27259","post","type-post","status-publish","format-standard","has-post-thumbnail","hentry","category-homepage-french","category-politique","category-toutes-les-actualites","tag-africa-press","tag-africa-press-cameroun","tag-cameroun"],"yoast_head":"<!-- This site is optimized with the Yoast SEO Premium plugin v26.1 (Yoast SEO v27.0) - https:\/\/yoast.com\/product\/yoast-seo-premium-wordpress\/ -->\n<title>Tribunal: Maurice Kamto va rev\u00eatir sa robe d\u2019avocat pour d\u00e9fendre ses camarades du MRC - Cameroun<\/title>\n<meta name=\"description\" content=\"D\u2019apr\u00e8s le journaliste et lanceur d\u2019alerte Boris Bertolt, r\u00e9put\u00e9 proche du Mouvement pour la Renaissance du Cameroun (MR ...\" \/>\n<meta name=\"robots\" content=\"index, follow, max-snippet:-1, max-image-preview:large, max-video-preview:-1\" \/>\n<link rel=\"canonical\" href=\"https:\/\/www.africa-press.net\/cameroun\/politique\/tribunal-maurice-kamto-va-revetir-sa-robe-davocat-pour-defendre-ses-camarades-du-mrc\" \/>\n<meta property=\"og:locale\" content=\"fr_FR\" \/>\n<meta property=\"og:type\" content=\"article\" \/>\n<meta property=\"og:title\" content=\"Tribunal: Maurice Kamto va rev\u00eatir sa robe d\u2019avocat pour d\u00e9fendre ses camarades du MRC\" \/>\n<meta property=\"og:description\" content=\"D\u2019apr\u00e8s le journaliste et lanceur d\u2019alerte Boris Bertolt, r\u00e9put\u00e9 proche du Mouvement pour la Renaissance du Cameroun (MR ...\" \/>\n<meta property=\"og:url\" content=\"https:\/\/www.africa-press.net\/cameroun\/politique\/tribunal-maurice-kamto-va-revetir-sa-robe-davocat-pour-defendre-ses-camarades-du-mrc\" \/>\n<meta property=\"og:site_name\" content=\"Cameroun\" \/>\n<meta property=\"article:published_time\" content=\"2022-09-13T17:45:58+00:00\" \/>\n<meta property=\"article:modified_time\" content=\"2022-09-13T17:46:38+00:00\" \/>\n<meta property=\"og:image\" content=\"https:\/\/static.africa-press.net\/cameroun\/sites\/57\/2022\/09\/img-6320c1bce2e6e.jpg\" \/>\n\t<meta property=\"og:image:width\" content=\"800\" \/>\n\t<meta property=\"og:image:height\" content=\"681\" \/>\n\t<meta property=\"og:image:type\" content=\"image\/jpeg\" \/>\n<meta name=\"author\" content=\"cfeditorfr\" \/>\n<meta name=\"twitter:card\" content=\"summary_large_image\" \/>\n<meta name=\"twitter:label1\" content=\"\u00c9crit par\" \/>\n\t<meta name=\"twitter:data1\" content=\"cfeditorfr\" \/>\n\t<meta name=\"twitter:label2\" content=\"Dur\u00e9e de lecture estim\u00e9e\" \/>\n\t<meta name=\"twitter:data2\" content=\"2 minutes\" \/>\n<script type=\"application\/ld+json\" class=\"yoast-schema-graph\">{\"@context\":\"https:\/\/schema.org\",\"@graph\":[{\"@type\":\"Article\",\"@id\":\"https:\/\/www.africa-press.net\/cameroun\/politique\/tribunal-maurice-kamto-va-revetir-sa-robe-davocat-pour-defendre-ses-camarades-du-mrc#article\",\"isPartOf\":{\"@id\":\"https:\/\/www.africa-press.net\/cameroun\/politique\/tribunal-maurice-kamto-va-revetir-sa-robe-davocat-pour-defendre-ses-camarades-du-mrc\"},\"author\":{\"name\":\"cfeditorfr\",\"@id\":\"https:\/\/www.africa-press.net\/cameroun\/#\/schema\/person\/2b1cf3cd81a31e3cd26889ca66d677f1\"},\"headline\":\"Tribunal: Maurice Kamto va rev\u00eatir sa robe d\u2019avocat pour d\u00e9fendre ses camarades du MRC\",\"datePublished\":\"2022-09-13T17:45:58+00:00\",\"dateModified\":\"2022-09-13T17:46:38+00:00\",\"mainEntityOfPage\":{\"@id\":\"https:\/\/www.africa-press.net\/cameroun\/politique\/tribunal-maurice-kamto-va-revetir-sa-robe-davocat-pour-defendre-ses-camarades-du-mrc\"},\"wordCount\":290,\"commentCount\":0,\"image\":{\"@id\":\"https:\/\/www.africa-press.net\/cameroun\/politique\/tribunal-maurice-kamto-va-revetir-sa-robe-davocat-pour-defendre-ses-camarades-du-mrc#primaryimage\"},\"thumbnailUrl\":\"https:\/\/static.africa-press.net\/cameroun\/sites\/57\/2022\/09\/img-6320c1bce2e6e.jpg\",\"keywords\":[\"Africa Press\",\"Africa Press-Cameroun\",\"Cameroun\"],\"articleSection\":[\"homepage-french\",\"Politique\",\"Toutes les actualit\u00e9s\"],\"inLanguage\":\"fr-FR\",\"potentialAction\":[{\"@type\":\"CommentAction\",\"name\":\"Comment\",\"target\":[\"https:\/\/www.africa-press.net\/cameroun\/politique\/tribunal-maurice-kamto-va-revetir-sa-robe-davocat-pour-defendre-ses-camarades-du-mrc#respond\"]}]},{\"@type\":\"WebPage\",\"@id\":\"https:\/\/www.africa-press.net\/cameroun\/politique\/tribunal-maurice-kamto-va-revetir-sa-robe-davocat-pour-defendre-ses-camarades-du-mrc\",\"url\":\"https:\/\/www.africa-press.net\/cameroun\/politique\/tribunal-maurice-kamto-va-revetir-sa-robe-davocat-pour-defendre-ses-camarades-du-mrc\",\"name\":\"Tribunal: Maurice Kamto va rev\u00eatir sa robe d\u2019avocat pour d\u00e9fendre ses camarades du MRC - Cameroun\",\"isPartOf\":{\"@id\":\"https:\/\/www.africa-press.net\/cameroun\/#website\"},\"primaryImageOfPage\":{\"@id\":\"https:\/\/www.africa-press.net\/cameroun\/politique\/tribunal-maurice-kamto-va-revetir-sa-robe-davocat-pour-defendre-ses-camarades-du-mrc#primaryimage\"},\"image\":{\"@id\":\"https:\/\/www.africa-press.net\/cameroun\/politique\/tribunal-maurice-kamto-va-revetir-sa-robe-davocat-pour-defendre-ses-camarades-du-mrc#primaryimage\"},\"thumbnailUrl\":\"https:\/\/static.africa-press.net\/cameroun\/sites\/57\/2022\/09\/img-6320c1bce2e6e.jpg\",\"datePublished\":\"2022-09-13T17:45:58+00:00\",\"dateModified\":\"2022-09-13T17:46:38+00:00\",\"author\":{\"@id\":\"https:\/\/www.africa-press.net\/cameroun\/#\/schema\/person\/2b1cf3cd81a31e3cd26889ca66d677f1\"},\"description\":\"D\u2019apr\u00e8s le journaliste et lanceur d\u2019alerte Boris Bertolt, r\u00e9put\u00e9 proche du Mouvement pour la Renaissance du Cameroun (MR ...\",\"breadcrumb\":{\"@id\":\"https:\/\/www.africa-press.net\/cameroun\/politique\/tribunal-maurice-kamto-va-revetir-sa-robe-davocat-pour-defendre-ses-camarades-du-mrc#breadcrumb\"},\"inLanguage\":\"fr-FR\",\"potentialAction\":[{\"@type\":\"ReadAction\",\"target\":[\"https:\/\/www.africa-press.net\/cameroun\/politique\/tribunal-maurice-kamto-va-revetir-sa-robe-davocat-pour-defendre-ses-camarades-du-mrc\"]}]},{\"@type\":\"ImageObject\",\"inLanguage\":\"fr-FR\",\"@id\":\"https:\/\/www.africa-press.net\/cameroun\/politique\/tribunal-maurice-kamto-va-revetir-sa-robe-davocat-pour-defendre-ses-camarades-du-mrc#primaryimage\",\"url\":\"https:\/\/static.africa-press.net\/cameroun\/sites\/57\/2022\/09\/img-6320c1bce2e6e.jpg\",\"contentUrl\":\"https:\/\/static.africa-press.net\/cameroun\/sites\/57\/2022\/09\/img-6320c1bce2e6e.jpg\",\"width\":800,\"height\":681,\"caption\":\"Tribunal: Maurice Kamto va rev\u00eatir sa robe d\u2019avocat pour d\u00e9fendre ses camarades du MRC\"},{\"@type\":\"BreadcrumbList\",\"@id\":\"https:\/\/www.africa-press.net\/cameroun\/politique\/tribunal-maurice-kamto-va-revetir-sa-robe-davocat-pour-defendre-ses-camarades-du-mrc#breadcrumb\",\"itemListElement\":[{\"@type\":\"ListItem\",\"position\":1,\"name\":\"Accueil\",\"item\":\"https:\/\/www.africa-press.net\/cameroun\/\"},{\"@type\":\"ListItem\",\"position\":2,\"name\":\"Tribunal: Maurice Kamto va rev\u00eatir sa robe d\u2019avocat pour d\u00e9fendre ses camarades du MRC\"}]},{\"@type\":\"WebSite\",\"@id\":\"https:\/\/www.africa-press.net\/cameroun\/#website\",\"url\":\"https:\/\/www.africa-press.net\/cameroun\/\",\"name\":\"Cameroun\",\"description\":\"Just another Africa News Agency Sites site\",\"potentialAction\":[{\"@type\":\"SearchAction\",\"target\":{\"@type\":\"EntryPoint\",\"urlTemplate\":\"https:\/\/www.africa-press.net\/cameroun\/?s={search_term_string}\"},\"query-input\":{\"@type\":\"PropertyValueSpecification\",\"valueRequired\":true,\"valueName\":\"search_term_string\"}}],\"inLanguage\":\"fr-FR\"},{\"@type\":\"Person\",\"@id\":\"https:\/\/www.africa-press.net\/cameroun\/#\/schema\/person\/2b1cf3cd81a31e3cd26889ca66d677f1\",\"name\":\"cfeditorfr\"}]}<\/script>\n<!-- \/ Yoast SEO Premium plugin. -->","yoast_head_json":{"title":"Tribunal: Maurice Kamto va rev\u00eatir sa robe d\u2019avocat pour d\u00e9fendre ses camarades du MRC - Cameroun","description":"D\u2019apr\u00e8s le journaliste et lanceur d\u2019alerte Boris Bertolt, r\u00e9put\u00e9 proche du Mouvement pour la Renaissance du Cameroun (MR ...","robots":{"index":"index","follow":"follow","max-snippet":"max-snippet:-1","max-image-preview":"max-image-preview:large","max-video-preview":"max-video-preview:-1"},"canonical":"https:\/\/www.africa-press.net\/cameroun\/politique\/tribunal-maurice-kamto-va-revetir-sa-robe-davocat-pour-defendre-ses-camarades-du-mrc","og_locale":"fr_FR","og_type":"article","og_title":"Tribunal: Maurice Kamto va rev\u00eatir sa robe d\u2019avocat pour d\u00e9fendre ses camarades du MRC","og_description":"D\u2019apr\u00e8s le journaliste et lanceur d\u2019alerte Boris Bertolt, r\u00e9put\u00e9 proche du Mouvement pour la Renaissance du Cameroun (MR ...","og_url":"https:\/\/www.africa-press.net\/cameroun\/politique\/tribunal-maurice-kamto-va-revetir-sa-robe-davocat-pour-defendre-ses-camarades-du-mrc","og_site_name":"Cameroun","article_published_time":"2022-09-13T17:45:58+00:00","article_modified_time":"2022-09-13T17:46:38+00:00","og_image":[{"width":800,"height":681,"url":"https:\/\/static.africa-press.net\/cameroun\/sites\/57\/2022\/09\/img-6320c1bce2e6e.jpg","type":"image\/jpeg"}],"author":"cfeditorfr","twitter_card":"summary_large_image","twitter_misc":{"\u00c9crit par":"cfeditorfr","Dur\u00e9e de lecture estim\u00e9e":"2 minutes"},"schema":{"@context":"https:\/\/schema.org","@graph":[{"@type":"Article","@id":"https:\/\/www.africa-press.net\/cameroun\/politique\/tribunal-maurice-kamto-va-revetir-sa-robe-davocat-pour-defendre-ses-camarades-du-mrc#article","isPartOf":{"@id":"https:\/\/www.africa-press.net\/cameroun\/politique\/tribunal-maurice-kamto-va-revetir-sa-robe-davocat-pour-defendre-ses-camarades-du-mrc"},"author":{"name":"cfeditorfr","@id":"https:\/\/www.africa-press.net\/cameroun\/#\/schema\/person\/2b1cf3cd81a31e3cd26889ca66d677f1"},"headline":"Tribunal: Maurice Kamto va rev\u00eatir sa robe d\u2019avocat pour d\u00e9fendre ses camarades du MRC","datePublished":"2022-09-13T17:45:58+00:00","dateModified":"2022-09-13T17:46:38+00:00","mainEntityOfPage":{"@id":"https:\/\/www.africa-press.net\/cameroun\/politique\/tribunal-maurice-kamto-va-revetir-sa-robe-davocat-pour-defendre-ses-camarades-du-mrc"},"wordCount":290,"commentCount":0,"image":{"@id":"https:\/\/www.africa-press.net\/cameroun\/politique\/tribunal-maurice-kamto-va-revetir-sa-robe-davocat-pour-defendre-ses-camarades-du-mrc#primaryimage"},"thumbnailUrl":"https:\/\/static.africa-press.net\/cameroun\/sites\/57\/2022\/09\/img-6320c1bce2e6e.jpg","keywords":["Africa Press","Africa Press-Cameroun","Cameroun"],"articleSection":["homepage-french","Politique","Toutes les actualit\u00e9s"],"inLanguage":"fr-FR","potentialAction":[{"@type":"CommentAction","name":"Comment","target":["https:\/\/www.africa-press.net\/cameroun\/politique\/tribunal-maurice-kamto-va-revetir-sa-robe-davocat-pour-defendre-ses-camarades-du-mrc#respond"]}]},{"@type":"WebPage","@id":"https:\/\/www.africa-press.net\/cameroun\/politique\/tribunal-maurice-kamto-va-revetir-sa-robe-davocat-pour-defendre-ses-camarades-du-mrc","url":"https:\/\/www.africa-press.net\/cameroun\/politique\/tribunal-maurice-kamto-va-revetir-sa-robe-davocat-pour-defendre-ses-camarades-du-mrc","name":"Tribunal: Maurice Kamto va rev\u00eatir sa robe d\u2019avocat pour d\u00e9fendre ses camarades du MRC - Cameroun","isPartOf":{"@id":"https:\/\/www.africa-press.net\/cameroun\/#website"},"primaryImageOfPage":{"@id":"https:\/\/www.africa-press.net\/cameroun\/politique\/tribunal-maurice-kamto-va-revetir-sa-robe-davocat-pour-defendre-ses-camarades-du-mrc#primaryimage"},"image":{"@id":"https:\/\/www.africa-press.net\/cameroun\/politique\/tribunal-maurice-kamto-va-revetir-sa-robe-davocat-pour-defendre-ses-camarades-du-mrc#primaryimage"},"thumbnailUrl":"https:\/\/static.africa-press.net\/cameroun\/sites\/57\/2022\/09\/img-6320c1bce2e6e.jpg","datePublished":"2022-09-13T17:45:58+00:00","dateModified":"2022-09-13T17:46:38+00:00","author":{"@id":"https:\/\/www.africa-press.net\/cameroun\/#\/schema\/person\/2b1cf3cd81a31e3cd26889ca66d677f1"},"description":"D\u2019apr\u00e8s le journaliste et lanceur d\u2019alerte Boris Bertolt, r\u00e9put\u00e9 proche du Mouvement pour la Renaissance du Cameroun (MR ...","breadcrumb":{"@id":"https:\/\/www.africa-press.net\/cameroun\/politique\/tribunal-maurice-kamto-va-revetir-sa-robe-davocat-pour-defendre-ses-camarades-du-mrc#breadcrumb"},"inLanguage":"fr-FR","potentialAction":[{"@type":"ReadAction","target":["https:\/\/www.africa-press.net\/cameroun\/politique\/tribunal-maurice-kamto-va-revetir-sa-robe-davocat-pour-defendre-ses-camarades-du-mrc"]}]},{"@type":"ImageObject","inLanguage":"fr-FR","@id":"https:\/\/www.africa-press.net\/cameroun\/politique\/tribunal-maurice-kamto-va-revetir-sa-robe-davocat-pour-defendre-ses-camarades-du-mrc#primaryimage","url":"https:\/\/static.africa-press.net\/cameroun\/sites\/57\/2022\/09\/img-6320c1bce2e6e.jpg","contentUrl":"https:\/\/static.africa-press.net\/cameroun\/sites\/57\/2022\/09\/img-6320c1bce2e6e.jpg","width":800,"height":681,"caption":"Tribunal: Maurice Kamto va rev\u00eatir sa robe d\u2019avocat pour d\u00e9fendre ses camarades du MRC"},{"@type":"BreadcrumbList","@id":"https:\/\/www.africa-press.net\/cameroun\/politique\/tribunal-maurice-kamto-va-revetir-sa-robe-davocat-pour-defendre-ses-camarades-du-mrc#breadcrumb","itemListElement":[{"@type":"ListItem","position":1,"name":"Accueil","item":"https:\/\/www.africa-press.net\/cameroun\/"},{"@type":"ListItem","position":2,"name":"Tribunal: Maurice Kamto va rev\u00eatir sa robe d\u2019avocat pour d\u00e9fendre ses camarades du MRC"}]},{"@type":"WebSite","@id":"https:\/\/www.africa-press.net\/cameroun\/#website","url":"https:\/\/www.africa-press.net\/cameroun\/","name":"Cameroun","description":"Just another Africa News Agency Sites site","potentialAction":[{"@type":"SearchAction","target":{"@type":"EntryPoint","urlTemplate":"https:\/\/www.africa-press.net\/cameroun\/?s={search_term_string}"},"query-input":{"@type":"PropertyValueSpecification","valueRequired":true,"valueName":"search_term_string"}}],"inLanguage":"fr-FR"},{"@type":"Person","@id":"https:\/\/www.africa-press.net\/cameroun\/#\/schema\/person\/2b1cf3cd81a31e3cd26889ca66d677f1","name":"cfeditorfr"}]}},"_links":{"self":[{"href":"https:\/\/www.africa-press.net\/cameroun\/wp-json\/wp\/v2\/posts\/27259","targetHints":{"allow":["GET"]}}],"collection":[{"href":"https:\/\/www.africa-press.net\/cameroun\/wp-json\/wp\/v2\/posts"}],"about":[{"href":"https:\/\/www.africa-press.net\/cameroun\/wp-json\/wp\/v2\/types\/post"}],"author":[{"embeddable":true,"href":"https:\/\/www.africa-press.net\/cameroun\/wp-json\/wp\/v2\/users\/82"}],"replies":[{"embeddable":true,"href":"https:\/\/www.africa-press.net\/cameroun\/wp-json\/wp\/v2\/comments?post=27259"}],"version-history":[{"count":0,"href":"https:\/\/www.africa-press.net\/cameroun\/wp-json\/wp\/v2\/posts\/27259\/revisions"}],"wp:featuredmedia":[{"embeddable":true,"href":"https:\/\/www.africa-press.net\/cameroun\/wp-json\/wp\/v2\/media\/27258"}],"wp:attachment":[{"href":"https:\/\/www.africa-press.net\/cameroun\/wp-json\/wp\/v2\/media?parent=27259"}],"wp:term":[{"taxonomy":"category","embeddable":true,"href":"https:\/\/www.africa-press.net\/cameroun\/wp-json\/wp\/v2\/categories?post=27259"},{"taxonomy":"post_tag","embeddable":true,"href":"https:\/\/www.africa-press.net\/cameroun\/wp-json\/wp\/v2\/tags?post=27259"}],"curies":[{"name":"wp","href":"https:\/\/api.w.org\/{rel}","templated":true}]}}