{"id":2726,"date":"2021-04-28T19:32:30","date_gmt":"2021-04-28T19:32:30","guid":{"rendered":"https:\/\/www.africa-press.net\/cameroun\/politique\/cameroun-croix-rouge-invoquant-la-mal-gouvernance-de-la-presidente-le-premier-vice-president-demissionne"},"modified":"2021-04-28T20:21:51","modified_gmt":"2021-04-28T20:21:51","slug":"cameroun-croix-rouge-invoquant-la-mal-gouvernance-de-la-presidente-le-premier-vice-president-demissionne","status":"publish","type":"post","link":"https:\/\/www.africa-press.net\/cameroun\/politique\/cameroun-croix-rouge-invoquant-la-mal-gouvernance-de-la-presidente-le-premier-vice-president-demissionne","title":{"rendered":"Cameroun &#8211; Croix-Rouge: Invoquant la \u00abmal gouvernance\u00bb de la pr\u00e9sidente, le premier vice-pr\u00e9sident d\u00e9missionne"},"content":{"rendered":"<p><span style=\"color: #ff6600\"><strong><a href=\"https:\/\/www.africa-press.net\/\">Africa-Press<\/a> &#8211; <a href=\"https:\/\/www.africa-press.net\/cameroun\">Cameroun<\/a>. <\/strong><\/span><b>El Hadj Aboubakar<\/b><\/p>\n<p>quitte les instances nationales de la Croix-Rouge Camerounaise (CRC). Le dirigeant \u00e9lu en 2017 sur la liste conduite par C\u00e9cile Akame Mfomou a annonc\u00e9 dans une lettre adress\u00e9e au ministre de la Sant\u00e9 Publique le 21 avril 2021, et qui s\u2019est retrouv\u00e9e sur les r\u00e9seaux sociaux mardi, sa d\u00e9mission du poste de 1er Vice-Pr\u00e9sident National et de sa fonction de membre du Comit\u00e9 de Direction de cette organisation. Il s\u2019insurge ainsi contre \u00abla mal Gouvernance au sein de cette Organisation Humanitaire\u00bb.<\/p>\n<p>Aboubakar accuse la pr\u00e9sidente du bureau \u00e9lu en 2017 de pratiquer \u00abune gestion non orthodoxe des ressources Financi\u00e8res, Humaines, Mat\u00e9rielles, et des d\u00e9rives \u00e9thiques dans la gouvernance de cette noble institution humanitaire\u00bb. Elle aurait instaur\u00e9 \u00e0 la Croix-Rouge l\u2019\u00e9go\u00efsme, le tribalisme, le n\u00e9potisme, l\u2019exclusion, le cynisme, la haine, la violation permanente des dispositions statutaires et r\u00e9glementaires de l\u2019institution comme mode de gouvernance.<\/p>\n<p>Le d\u00e9missionnaire affirme que \u00abcette situation alarmante a d\u00e9shumanis\u00e9 la CRC et l\u2019a plong\u00e9e dans le chaos et l\u2019impasse\u00bb. Il dit avoir tent\u00e9 en vain de sauver les meubles. \u00abPour inverser la tendance aux d\u00e9rives \u00e9thiques et sa gestion chaotique, je lui ai adress\u00e9 en juillet 2018 une correspondance qui faisait sans complaisance, l\u2019\u00e9valuation de la d\u00e9t\u00e9rioration de l\u2019environnement dans la gestion de notre Organisation. Fid\u00e8le \u00e0 ses habitudes, cette correspondance n\u2019a jamais fait l\u2019objet ni d\u2019un d\u00e9bat au sein du comit\u00e9 de Direction, ni une r\u00e9ponse de la part de son destinataire\u00bb, d\u00e9plore El Hadj Aboubakar, qui se dit ainsi contraint de rendre son tablier.<\/p>\n<p><b>\u00abEu \u00e9gard \u00e0 toutes ces d\u00e9rives non conformes \u00e0 l\u2019esprit, \u00e0 la lettre, et la doctrine humanitaire internationale qui caract\u00e9risent notre organisation, et prenant en compte, mon \u00e9ducation, ma conscience, les engagements moraux et les conventions qui unissent notre Pays avec le mouvement international de la Croix Rouge et du Croissant Rouge, en tant que personne l\u00e9galiste et loyaliste, je me sens dans l\u2019obligation et la l\u00e9gitimit\u00e9 de crever l\u2019abc\u00e8s, plut\u00f4t que de garder un silence complice. \u00c0 cet effet, j&rsquo;ai l\u2019honneur de porter humblement \u00e0 votre haute attention, ma d\u00e9cision de d\u00e9missionner \u00e0 compter de ce jour, aux fonctions de Premier Vice-Pr\u00e9sident National et de Membre du Comit\u00e9 de Direction de la Croix Rouge Camerounaise pour ne rester qu\u2019un volontaire et humanitaire d\u00e9vou\u00e9 et engag\u00e9\u00bb<\/b><\/p>\n<p>, explique-t-il son acte.<\/p>\n<p>Il fustige \u00able manque de collaboration, le renfermement sur le cercle tribal et familial, ainsi que la gestion de cette institution aux gr\u00e8s de ses humeurs\u00bb de la pr\u00e9sidente de la Croix-Rouge. Il d\u00e9crit une gouvernance caract\u00e9ris\u00e9e par \u00ables mauvais choix strat\u00e9giques, et l\u2019opacit\u00e9 dans la gestion des ressources\u00bb.<\/p>\n<p>Il dit avoir d\u00e9cid\u00e9 d\u00e8s la fin de la premi\u00e8re ann\u00e9e de se mettre progressivement \u00e0 l\u2019\u00e9cart des activit\u00e9s du si\u00e8ge, et ne participer qu\u2019aux sessions du Comit\u00e9 de Direction dans le but de pr\u00e9server sa dignit\u00e9 et son int\u00e9grit\u00e9 morale \u00abbafou\u00e9es\u00bb. Dans sa lettre \u00e0 Malachie Manaouda, Aboubakar accuse C\u00e9cile Akame Mfoumou de passer le clair de son temps \u00abdans les man\u0153uvres dolosives, et les duperies impropres \u00e0 une organisation humanitaire du calibre de la CRC\u00bb. Il soutient qu\u2019elle a modifi\u00e9 les statuts pour prendre de l\u2019avance sur ses adversaires aux prochaines \u00e9lections pr\u00e9vues en ao\u00fbt 2021. \u00abJe ne voudrais surtout pas que mon nom soit associ\u00e9 \u00e0 la dynamique de deshumanisation de la CRC\u00bb, \u00e9crit-il, en souhaitant qu\u2019une enqu\u00eate sur la gestion de dame Akame Mfoumou soit ouverte.<\/p>\n<p><b>\u00abSauf meilleur avis de votre part, Excellence Monsieur le Ministre, l\u2019envoi d\u2019une mission d\u2019audit ou d\u2019un contr\u00f4le approfondi par un organisme Etatique dans cette organisation reconnue d\u2019utilit\u00e9 publique par un D\u00e9cret Pr\u00e9sidentiel en 1963, par les autorit\u00e9s de notre pays, qui ont \u00e9galement sign\u00e9 une convention avec le Mouvement International de la Croix Rouge. Cette mesure de sauvegarde permettra non seulement de mieux \u00e9valuer la profondeur du d\u00e9sastre et le niveau de destruction dont souffre de la Croix Rouge Camerounaise, mais aussi et surtout de mettre un terme \u00e0 la logique de spoliation des ressources et l\u2019image de cette organisation qui se veut humanitaire et auxiliaire de l\u2019administration Camerounaise\u00bb<\/b><\/p>\n<p>, lit-on dans la longue lettre de d\u00e9mission d\u2019El Hadj Aboubakar.<\/p>\n","protected":false},"excerpt":{"rendered":"<p>Africa-Press &#8211; Cameroun. El Hadj Aboubakar quitte les instances nationales de la Croix-Rouge Camerounaise (CRC). Le dirigeant \u00e9lu en 2017 sur la liste conduite par C\u00e9cile Akame Mfomou a annonc\u00e9 dans une lettre adress\u00e9e au ministre de la Sant\u00e9 Publique le 21 avril 2021, et qui s\u2019est retrouv\u00e9e sur les r\u00e9seaux sociaux mardi, sa d\u00e9mission [&hellip;]<\/p>\n","protected":false},"author":82,"featured_media":2725,"comment_status":"open","ping_status":"closed","sticky":false,"template":"","format":"standard","meta":{"footnotes":""},"categories":[11,2,10],"tags":[36,50,49],"class_list":["post-2726","post","type-post","status-publish","format-standard","has-post-thumbnail","hentry","category-homepage-french","category-politique","category-toutes-les-actualites","tag-africa-press","tag-africa-press-cameroun","tag-cameroun"],"yoast_head":"<!-- This site is optimized with the Yoast SEO Premium plugin v26.1 (Yoast SEO v27.0) - https:\/\/yoast.com\/product\/yoast-seo-premium-wordpress\/ -->\n<title>Cameroun - Croix-Rouge: Invoquant la \u00abmal gouvernance\u00bb de la pr\u00e9sidente, le premier vice-pr\u00e9sident d\u00e9missionne - Cameroun<\/title>\n<meta name=\"description\" content=\"El Hadj Aboubakar quitte les instances nationales de la Croix-Rouge Camerounaise (CRC). Le dirigeant \u00e9lu en 2017 ...\" \/>\n<meta name=\"robots\" content=\"index, follow, max-snippet:-1, max-image-preview:large, max-video-preview:-1\" \/>\n<link rel=\"canonical\" href=\"https:\/\/www.africa-press.net\/cameroun\/politique\/cameroun-croix-rouge-invoquant-la-mal-gouvernance-de-la-presidente-le-premier-vice-president-demissionne\" \/>\n<meta property=\"og:locale\" content=\"fr_FR\" \/>\n<meta property=\"og:type\" content=\"article\" \/>\n<meta property=\"og:title\" content=\"Cameroun - Croix-Rouge: Invoquant la \u00abmal gouvernance\u00bb de la pr\u00e9sidente, le premier vice-pr\u00e9sident d\u00e9missionne\" \/>\n<meta property=\"og:description\" content=\"El Hadj Aboubakar quitte les instances nationales de la Croix-Rouge Camerounaise (CRC). Le dirigeant \u00e9lu en 2017 ...\" \/>\n<meta property=\"og:url\" content=\"https:\/\/www.africa-press.net\/cameroun\/politique\/cameroun-croix-rouge-invoquant-la-mal-gouvernance-de-la-presidente-le-premier-vice-president-demissionne\" \/>\n<meta property=\"og:site_name\" content=\"Cameroun\" \/>\n<meta property=\"article:published_time\" content=\"2021-04-28T19:32:30+00:00\" \/>\n<meta property=\"article:modified_time\" content=\"2021-04-28T20:21:51+00:00\" \/>\n<meta property=\"og:image\" content=\"https:\/\/static.africa-press.net\/cameroun\/sites\/57\/2021\/04\/img-6089c3b7d3adb.jpg\" \/>\n\t<meta property=\"og:image:width\" content=\"800\" \/>\n\t<meta property=\"og:image:height\" content=\"448\" \/>\n\t<meta property=\"og:image:type\" content=\"image\/jpeg\" \/>\n<meta name=\"author\" content=\"cfeditorfr\" \/>\n<meta name=\"twitter:card\" content=\"summary_large_image\" \/>\n<meta name=\"twitter:label1\" content=\"\u00c9crit par\" \/>\n\t<meta name=\"twitter:data1\" content=\"cfeditorfr\" \/>\n\t<meta name=\"twitter:label2\" content=\"Dur\u00e9e de lecture estim\u00e9e\" \/>\n\t<meta name=\"twitter:data2\" content=\"4 minutes\" \/>\n<script type=\"application\/ld+json\" class=\"yoast-schema-graph\">{\"@context\":\"https:\/\/schema.org\",\"@graph\":[{\"@type\":\"Article\",\"@id\":\"https:\/\/www.africa-press.net\/cameroun\/politique\/cameroun-croix-rouge-invoquant-la-mal-gouvernance-de-la-presidente-le-premier-vice-president-demissionne#article\",\"isPartOf\":{\"@id\":\"https:\/\/www.africa-press.net\/cameroun\/politique\/cameroun-croix-rouge-invoquant-la-mal-gouvernance-de-la-presidente-le-premier-vice-president-demissionne\"},\"author\":{\"name\":\"cfeditorfr\",\"@id\":\"https:\/\/www.africa-press.net\/cameroun\/#\/schema\/person\/2b1cf3cd81a31e3cd26889ca66d677f1\"},\"headline\":\"Cameroun &#8211; Croix-Rouge: Invoquant la \u00abmal gouvernance\u00bb de la pr\u00e9sidente, le premier vice-pr\u00e9sident d\u00e9missionne\",\"datePublished\":\"2021-04-28T19:32:30+00:00\",\"dateModified\":\"2021-04-28T20:21:51+00:00\",\"mainEntityOfPage\":{\"@id\":\"https:\/\/www.africa-press.net\/cameroun\/politique\/cameroun-croix-rouge-invoquant-la-mal-gouvernance-de-la-presidente-le-premier-vice-president-demissionne\"},\"wordCount\":770,\"commentCount\":0,\"image\":{\"@id\":\"https:\/\/www.africa-press.net\/cameroun\/politique\/cameroun-croix-rouge-invoquant-la-mal-gouvernance-de-la-presidente-le-premier-vice-president-demissionne#primaryimage\"},\"thumbnailUrl\":\"https:\/\/static.africa-press.net\/cameroun\/sites\/57\/2021\/04\/img-6089c3b7d3adb.jpg\",\"keywords\":[\"Africa Press\",\"Africa Press-Cameroun\",\"Cameroun\"],\"articleSection\":[\"homepage-french\",\"Politique\",\"Toutes les actualit\u00e9s\"],\"inLanguage\":\"fr-FR\",\"potentialAction\":[{\"@type\":\"CommentAction\",\"name\":\"Comment\",\"target\":[\"https:\/\/www.africa-press.net\/cameroun\/politique\/cameroun-croix-rouge-invoquant-la-mal-gouvernance-de-la-presidente-le-premier-vice-president-demissionne#respond\"]}]},{\"@type\":\"WebPage\",\"@id\":\"https:\/\/www.africa-press.net\/cameroun\/politique\/cameroun-croix-rouge-invoquant-la-mal-gouvernance-de-la-presidente-le-premier-vice-president-demissionne\",\"url\":\"https:\/\/www.africa-press.net\/cameroun\/politique\/cameroun-croix-rouge-invoquant-la-mal-gouvernance-de-la-presidente-le-premier-vice-president-demissionne\",\"name\":\"Cameroun - Croix-Rouge: Invoquant la \u00abmal gouvernance\u00bb de la pr\u00e9sidente, le premier vice-pr\u00e9sident d\u00e9missionne - Cameroun\",\"isPartOf\":{\"@id\":\"https:\/\/www.africa-press.net\/cameroun\/#website\"},\"primaryImageOfPage\":{\"@id\":\"https:\/\/www.africa-press.net\/cameroun\/politique\/cameroun-croix-rouge-invoquant-la-mal-gouvernance-de-la-presidente-le-premier-vice-president-demissionne#primaryimage\"},\"image\":{\"@id\":\"https:\/\/www.africa-press.net\/cameroun\/politique\/cameroun-croix-rouge-invoquant-la-mal-gouvernance-de-la-presidente-le-premier-vice-president-demissionne#primaryimage\"},\"thumbnailUrl\":\"https:\/\/static.africa-press.net\/cameroun\/sites\/57\/2021\/04\/img-6089c3b7d3adb.jpg\",\"datePublished\":\"2021-04-28T19:32:30+00:00\",\"dateModified\":\"2021-04-28T20:21:51+00:00\",\"author\":{\"@id\":\"https:\/\/www.africa-press.net\/cameroun\/#\/schema\/person\/2b1cf3cd81a31e3cd26889ca66d677f1\"},\"description\":\"El Hadj Aboubakar quitte les instances nationales de la Croix-Rouge Camerounaise (CRC). Le dirigeant \u00e9lu en 2017 ...\",\"breadcrumb\":{\"@id\":\"https:\/\/www.africa-press.net\/cameroun\/politique\/cameroun-croix-rouge-invoquant-la-mal-gouvernance-de-la-presidente-le-premier-vice-president-demissionne#breadcrumb\"},\"inLanguage\":\"fr-FR\",\"potentialAction\":[{\"@type\":\"ReadAction\",\"target\":[\"https:\/\/www.africa-press.net\/cameroun\/politique\/cameroun-croix-rouge-invoquant-la-mal-gouvernance-de-la-presidente-le-premier-vice-president-demissionne\"]}]},{\"@type\":\"ImageObject\",\"inLanguage\":\"fr-FR\",\"@id\":\"https:\/\/www.africa-press.net\/cameroun\/politique\/cameroun-croix-rouge-invoquant-la-mal-gouvernance-de-la-presidente-le-premier-vice-president-demissionne#primaryimage\",\"url\":\"https:\/\/static.africa-press.net\/cameroun\/sites\/57\/2021\/04\/img-6089c3b7d3adb.jpg\",\"contentUrl\":\"https:\/\/static.africa-press.net\/cameroun\/sites\/57\/2021\/04\/img-6089c3b7d3adb.jpg\",\"width\":800,\"height\":448,\"caption\":\"Cameroun - Croix-Rouge: Invoquant la \u00abmal gouvernance\u00bb de la pr\u00e9sidente, le premier vice-pr\u00e9sident d\u00e9missionne\"},{\"@type\":\"BreadcrumbList\",\"@id\":\"https:\/\/www.africa-press.net\/cameroun\/politique\/cameroun-croix-rouge-invoquant-la-mal-gouvernance-de-la-presidente-le-premier-vice-president-demissionne#breadcrumb\",\"itemListElement\":[{\"@type\":\"ListItem\",\"position\":1,\"name\":\"Accueil\",\"item\":\"https:\/\/www.africa-press.net\/cameroun\/\"},{\"@type\":\"ListItem\",\"position\":2,\"name\":\"Cameroun &#8211; Croix-Rouge: Invoquant la \u00abmal gouvernance\u00bb de la pr\u00e9sidente, le premier vice-pr\u00e9sident d\u00e9missionne\"}]},{\"@type\":\"WebSite\",\"@id\":\"https:\/\/www.africa-press.net\/cameroun\/#website\",\"url\":\"https:\/\/www.africa-press.net\/cameroun\/\",\"name\":\"Cameroun\",\"description\":\"Just another Africa News Agency Sites site\",\"potentialAction\":[{\"@type\":\"SearchAction\",\"target\":{\"@type\":\"EntryPoint\",\"urlTemplate\":\"https:\/\/www.africa-press.net\/cameroun\/?s={search_term_string}\"},\"query-input\":{\"@type\":\"PropertyValueSpecification\",\"valueRequired\":true,\"valueName\":\"search_term_string\"}}],\"inLanguage\":\"fr-FR\"},{\"@type\":\"Person\",\"@id\":\"https:\/\/www.africa-press.net\/cameroun\/#\/schema\/person\/2b1cf3cd81a31e3cd26889ca66d677f1\",\"name\":\"cfeditorfr\"}]}<\/script>\n<!-- \/ Yoast SEO Premium plugin. -->","yoast_head_json":{"title":"Cameroun - Croix-Rouge: Invoquant la \u00abmal gouvernance\u00bb de la pr\u00e9sidente, le premier vice-pr\u00e9sident d\u00e9missionne - Cameroun","description":"El Hadj Aboubakar quitte les instances nationales de la Croix-Rouge Camerounaise (CRC). Le dirigeant \u00e9lu en 2017 ...","robots":{"index":"index","follow":"follow","max-snippet":"max-snippet:-1","max-image-preview":"max-image-preview:large","max-video-preview":"max-video-preview:-1"},"canonical":"https:\/\/www.africa-press.net\/cameroun\/politique\/cameroun-croix-rouge-invoquant-la-mal-gouvernance-de-la-presidente-le-premier-vice-president-demissionne","og_locale":"fr_FR","og_type":"article","og_title":"Cameroun - Croix-Rouge: Invoquant la \u00abmal gouvernance\u00bb de la pr\u00e9sidente, le premier vice-pr\u00e9sident d\u00e9missionne","og_description":"El Hadj Aboubakar quitte les instances nationales de la Croix-Rouge Camerounaise (CRC). Le dirigeant \u00e9lu en 2017 ...","og_url":"https:\/\/www.africa-press.net\/cameroun\/politique\/cameroun-croix-rouge-invoquant-la-mal-gouvernance-de-la-presidente-le-premier-vice-president-demissionne","og_site_name":"Cameroun","article_published_time":"2021-04-28T19:32:30+00:00","article_modified_time":"2021-04-28T20:21:51+00:00","og_image":[{"width":800,"height":448,"url":"https:\/\/static.africa-press.net\/cameroun\/sites\/57\/2021\/04\/img-6089c3b7d3adb.jpg","type":"image\/jpeg"}],"author":"cfeditorfr","twitter_card":"summary_large_image","twitter_misc":{"\u00c9crit par":"cfeditorfr","Dur\u00e9e de lecture estim\u00e9e":"4 minutes"},"schema":{"@context":"https:\/\/schema.org","@graph":[{"@type":"Article","@id":"https:\/\/www.africa-press.net\/cameroun\/politique\/cameroun-croix-rouge-invoquant-la-mal-gouvernance-de-la-presidente-le-premier-vice-president-demissionne#article","isPartOf":{"@id":"https:\/\/www.africa-press.net\/cameroun\/politique\/cameroun-croix-rouge-invoquant-la-mal-gouvernance-de-la-presidente-le-premier-vice-president-demissionne"},"author":{"name":"cfeditorfr","@id":"https:\/\/www.africa-press.net\/cameroun\/#\/schema\/person\/2b1cf3cd81a31e3cd26889ca66d677f1"},"headline":"Cameroun &#8211; Croix-Rouge: Invoquant la \u00abmal gouvernance\u00bb de la pr\u00e9sidente, le premier vice-pr\u00e9sident d\u00e9missionne","datePublished":"2021-04-28T19:32:30+00:00","dateModified":"2021-04-28T20:21:51+00:00","mainEntityOfPage":{"@id":"https:\/\/www.africa-press.net\/cameroun\/politique\/cameroun-croix-rouge-invoquant-la-mal-gouvernance-de-la-presidente-le-premier-vice-president-demissionne"},"wordCount":770,"commentCount":0,"image":{"@id":"https:\/\/www.africa-press.net\/cameroun\/politique\/cameroun-croix-rouge-invoquant-la-mal-gouvernance-de-la-presidente-le-premier-vice-president-demissionne#primaryimage"},"thumbnailUrl":"https:\/\/static.africa-press.net\/cameroun\/sites\/57\/2021\/04\/img-6089c3b7d3adb.jpg","keywords":["Africa Press","Africa Press-Cameroun","Cameroun"],"articleSection":["homepage-french","Politique","Toutes les actualit\u00e9s"],"inLanguage":"fr-FR","potentialAction":[{"@type":"CommentAction","name":"Comment","target":["https:\/\/www.africa-press.net\/cameroun\/politique\/cameroun-croix-rouge-invoquant-la-mal-gouvernance-de-la-presidente-le-premier-vice-president-demissionne#respond"]}]},{"@type":"WebPage","@id":"https:\/\/www.africa-press.net\/cameroun\/politique\/cameroun-croix-rouge-invoquant-la-mal-gouvernance-de-la-presidente-le-premier-vice-president-demissionne","url":"https:\/\/www.africa-press.net\/cameroun\/politique\/cameroun-croix-rouge-invoquant-la-mal-gouvernance-de-la-presidente-le-premier-vice-president-demissionne","name":"Cameroun - Croix-Rouge: Invoquant la \u00abmal gouvernance\u00bb de la pr\u00e9sidente, le premier vice-pr\u00e9sident d\u00e9missionne - Cameroun","isPartOf":{"@id":"https:\/\/www.africa-press.net\/cameroun\/#website"},"primaryImageOfPage":{"@id":"https:\/\/www.africa-press.net\/cameroun\/politique\/cameroun-croix-rouge-invoquant-la-mal-gouvernance-de-la-presidente-le-premier-vice-president-demissionne#primaryimage"},"image":{"@id":"https:\/\/www.africa-press.net\/cameroun\/politique\/cameroun-croix-rouge-invoquant-la-mal-gouvernance-de-la-presidente-le-premier-vice-president-demissionne#primaryimage"},"thumbnailUrl":"https:\/\/static.africa-press.net\/cameroun\/sites\/57\/2021\/04\/img-6089c3b7d3adb.jpg","datePublished":"2021-04-28T19:32:30+00:00","dateModified":"2021-04-28T20:21:51+00:00","author":{"@id":"https:\/\/www.africa-press.net\/cameroun\/#\/schema\/person\/2b1cf3cd81a31e3cd26889ca66d677f1"},"description":"El Hadj Aboubakar quitte les instances nationales de la Croix-Rouge Camerounaise (CRC). Le dirigeant \u00e9lu en 2017 ...","breadcrumb":{"@id":"https:\/\/www.africa-press.net\/cameroun\/politique\/cameroun-croix-rouge-invoquant-la-mal-gouvernance-de-la-presidente-le-premier-vice-president-demissionne#breadcrumb"},"inLanguage":"fr-FR","potentialAction":[{"@type":"ReadAction","target":["https:\/\/www.africa-press.net\/cameroun\/politique\/cameroun-croix-rouge-invoquant-la-mal-gouvernance-de-la-presidente-le-premier-vice-president-demissionne"]}]},{"@type":"ImageObject","inLanguage":"fr-FR","@id":"https:\/\/www.africa-press.net\/cameroun\/politique\/cameroun-croix-rouge-invoquant-la-mal-gouvernance-de-la-presidente-le-premier-vice-president-demissionne#primaryimage","url":"https:\/\/static.africa-press.net\/cameroun\/sites\/57\/2021\/04\/img-6089c3b7d3adb.jpg","contentUrl":"https:\/\/static.africa-press.net\/cameroun\/sites\/57\/2021\/04\/img-6089c3b7d3adb.jpg","width":800,"height":448,"caption":"Cameroun - Croix-Rouge: Invoquant la \u00abmal gouvernance\u00bb de la pr\u00e9sidente, le premier vice-pr\u00e9sident d\u00e9missionne"},{"@type":"BreadcrumbList","@id":"https:\/\/www.africa-press.net\/cameroun\/politique\/cameroun-croix-rouge-invoquant-la-mal-gouvernance-de-la-presidente-le-premier-vice-president-demissionne#breadcrumb","itemListElement":[{"@type":"ListItem","position":1,"name":"Accueil","item":"https:\/\/www.africa-press.net\/cameroun\/"},{"@type":"ListItem","position":2,"name":"Cameroun &#8211; Croix-Rouge: Invoquant la \u00abmal gouvernance\u00bb de la pr\u00e9sidente, le premier vice-pr\u00e9sident d\u00e9missionne"}]},{"@type":"WebSite","@id":"https:\/\/www.africa-press.net\/cameroun\/#website","url":"https:\/\/www.africa-press.net\/cameroun\/","name":"Cameroun","description":"Just another Africa News Agency Sites site","potentialAction":[{"@type":"SearchAction","target":{"@type":"EntryPoint","urlTemplate":"https:\/\/www.africa-press.net\/cameroun\/?s={search_term_string}"},"query-input":{"@type":"PropertyValueSpecification","valueRequired":true,"valueName":"search_term_string"}}],"inLanguage":"fr-FR"},{"@type":"Person","@id":"https:\/\/www.africa-press.net\/cameroun\/#\/schema\/person\/2b1cf3cd81a31e3cd26889ca66d677f1","name":"cfeditorfr"}]}},"_links":{"self":[{"href":"https:\/\/www.africa-press.net\/cameroun\/wp-json\/wp\/v2\/posts\/2726","targetHints":{"allow":["GET"]}}],"collection":[{"href":"https:\/\/www.africa-press.net\/cameroun\/wp-json\/wp\/v2\/posts"}],"about":[{"href":"https:\/\/www.africa-press.net\/cameroun\/wp-json\/wp\/v2\/types\/post"}],"author":[{"embeddable":true,"href":"https:\/\/www.africa-press.net\/cameroun\/wp-json\/wp\/v2\/users\/82"}],"replies":[{"embeddable":true,"href":"https:\/\/www.africa-press.net\/cameroun\/wp-json\/wp\/v2\/comments?post=2726"}],"version-history":[{"count":0,"href":"https:\/\/www.africa-press.net\/cameroun\/wp-json\/wp\/v2\/posts\/2726\/revisions"}],"wp:featuredmedia":[{"embeddable":true,"href":"https:\/\/www.africa-press.net\/cameroun\/wp-json\/wp\/v2\/media\/2725"}],"wp:attachment":[{"href":"https:\/\/www.africa-press.net\/cameroun\/wp-json\/wp\/v2\/media?parent=2726"}],"wp:term":[{"taxonomy":"category","embeddable":true,"href":"https:\/\/www.africa-press.net\/cameroun\/wp-json\/wp\/v2\/categories?post=2726"},{"taxonomy":"post_tag","embeddable":true,"href":"https:\/\/www.africa-press.net\/cameroun\/wp-json\/wp\/v2\/tags?post=2726"}],"curies":[{"name":"wp","href":"https:\/\/api.w.org\/{rel}","templated":true}]}}