{"id":27262,"date":"2022-09-13T14:57:17","date_gmt":"2022-09-13T14:57:17","guid":{"rendered":"https:\/\/www.africa-press.net\/cameroun\/politique\/cameroun-la-journaliste-julianna-enanga-kebbi-est-decedee"},"modified":"2022-09-13T17:48:07","modified_gmt":"2022-09-13T17:48:07","slug":"cameroun-la-journaliste-julianna-enanga-kebbi-est-decedee","status":"publish","type":"post","link":"https:\/\/www.africa-press.net\/cameroun\/toutes-les-actualites\/cameroun-la-journaliste-julianna-enanga-kebbi-est-decedee","title":{"rendered":"Cameroun: La journaliste Julianna Enanga Kebbi est d\u00e9c\u00e9d\u00e9e\u00a0!"},"content":{"rendered":"<p><span style=\"color: #ff6600\"><strong>Africa-Press &#8211; Cameroun. <\/strong><\/span>Une nouvelle voix s\u2019est \u00e9teinte \u00e0 la Cameroon Radio Television (CRTV). Il s\u2019agit de la journaliste Julianna Enanga Kebbi, qui s\u2019en est all\u00e9e dans la matin\u00e9e de ce mardi 13 septembre 2022, rapportent plusieurs sources au sein de la presse priv\u00e9e camerounaise, quoique le media d\u2019Etat, la Cameroon Radio Television (CRTV) n\u2019a pas encore officialis\u00e9 la nouvelle sur ses plateformes. Elle serait d\u00e9c\u00e9d\u00e9e en Tunisie, o\u00f9 elle avait \u00e9t\u00e9 \u00e9vacu\u00e9e pour ses soins en raison d\u2019une sant\u00e9 chancelante.<\/p>\n<p>Julianne Enanga Kebbi est une voix tr\u00e8s bien connue de la CRTV. Elle \u00e9tait l\u2019une des pr\u00e9f\u00e9r\u00e9es de la premi\u00e8re dame Chantal Biya car, toujours en frontline des activit\u00e9s de communication de sa Fondation. Elle \u00e9tait \u00e9galement une figure importante de la Communication du Rassemblement D\u00e9mocratique du Peuple Camerounais (RDPC). Elle y officiait d\u2019ailleurs comme chef d\u2019\u00e9dition en charge de la presse audiovisuelle du parti de Paul Biya, r\u00f4le s\u2019est merveilleusement coltin\u00e9e pendant les l\u00e9gislatives et municipales de f\u00e9vrier 2020.<\/p>\n<p><strong>Pour plus d&rsquo;informations et d&rsquo;analyses sur la <a href=\"https:\/\/www.africa-press.net\/cameroun\">Cameroun<\/a>, suivez <a href=\"https:\/\/www.africa-press.net\/\">Africa-Press<\/a><\/strong><\/p>\n","protected":false},"excerpt":{"rendered":"<p>Africa-Press &#8211; Cameroun. Une nouvelle voix s\u2019est \u00e9teinte \u00e0 la Cameroon Radio Television (CRTV). Il s\u2019agit de la journaliste Julianna Enanga Kebbi, qui s\u2019en est all\u00e9e dans la matin\u00e9e de ce mardi 13 septembre 2022, rapportent plusieurs sources au sein de la presse priv\u00e9e camerounaise, quoique le media d\u2019Etat, la Cameroon Radio Television (CRTV) n\u2019a [&hellip;]<\/p>\n","protected":false},"author":82,"featured_media":27261,"comment_status":"open","ping_status":"closed","sticky":false,"template":"","format":"standard","meta":{"footnotes":""},"categories":[21,11,10],"tags":[36,50,49],"class_list":["post-27262","post","type-post","status-publish","format-standard","has-post-thumbnail","hentry","category-communaute","category-homepage-french","category-toutes-les-actualites","tag-africa-press","tag-africa-press-cameroun","tag-cameroun"],"yoast_head":"<!-- This site is optimized with the Yoast SEO Premium plugin v26.1 (Yoast SEO v27.0) - https:\/\/yoast.com\/product\/yoast-seo-premium-wordpress\/ -->\n<title>Cameroun: La journaliste Julianna Enanga Kebbi est d\u00e9c\u00e9d\u00e9e\u00a0! - Cameroun<\/title>\n<meta name=\"description\" content=\"Une nouvelle voix s\u2019est \u00e9teinte \u00e0 la Cameroon Radio Television (CRTV). Il s\u2019agit de la journaliste Julianna Enanga Kebbi ...\" \/>\n<meta name=\"robots\" content=\"index, follow, max-snippet:-1, max-image-preview:large, max-video-preview:-1\" \/>\n<link rel=\"canonical\" href=\"https:\/\/www.africa-press.net\/cameroun\/toutes-les-actualites\/cameroun-la-journaliste-julianna-enanga-kebbi-est-decedee\" \/>\n<meta property=\"og:locale\" content=\"fr_FR\" \/>\n<meta property=\"og:type\" content=\"article\" \/>\n<meta property=\"og:title\" content=\"Cameroun: La journaliste Julianna Enanga Kebbi est d\u00e9c\u00e9d\u00e9e\u00a0!\" \/>\n<meta property=\"og:description\" content=\"Une nouvelle voix s\u2019est \u00e9teinte \u00e0 la Cameroon Radio Television (CRTV). Il s\u2019agit de la journaliste Julianna Enanga Kebbi ...\" \/>\n<meta property=\"og:url\" content=\"https:\/\/www.africa-press.net\/cameroun\/toutes-les-actualites\/cameroun-la-journaliste-julianna-enanga-kebbi-est-decedee\" \/>\n<meta property=\"og:site_name\" content=\"Cameroun\" \/>\n<meta property=\"article:published_time\" content=\"2022-09-13T14:57:17+00:00\" \/>\n<meta property=\"article:modified_time\" content=\"2022-09-13T17:48:07+00:00\" \/>\n<meta property=\"og:image\" content=\"https:\/\/static.africa-press.net\/cameroun\/sites\/57\/2022\/09\/img-6320c21547aef.jpg\" \/>\n\t<meta property=\"og:image:width\" content=\"800\" \/>\n\t<meta property=\"og:image:height\" content=\"958\" \/>\n\t<meta property=\"og:image:type\" content=\"image\/jpeg\" \/>\n<meta name=\"author\" content=\"cfeditorfr\" \/>\n<meta name=\"twitter:card\" content=\"summary_large_image\" \/>\n<meta name=\"twitter:label1\" content=\"\u00c9crit par\" \/>\n\t<meta name=\"twitter:data1\" content=\"cfeditorfr\" \/>\n\t<meta name=\"twitter:label2\" content=\"Dur\u00e9e de lecture estim\u00e9e\" \/>\n\t<meta name=\"twitter:data2\" content=\"1 minute\" \/>\n<script type=\"application\/ld+json\" class=\"yoast-schema-graph\">{\"@context\":\"https:\/\/schema.org\",\"@graph\":[{\"@type\":\"Article\",\"@id\":\"https:\/\/www.africa-press.net\/cameroun\/toutes-les-actualites\/cameroun-la-journaliste-julianna-enanga-kebbi-est-decedee#article\",\"isPartOf\":{\"@id\":\"https:\/\/www.africa-press.net\/cameroun\/toutes-les-actualites\/cameroun-la-journaliste-julianna-enanga-kebbi-est-decedee\"},\"author\":{\"name\":\"cfeditorfr\",\"@id\":\"https:\/\/www.africa-press.net\/cameroun\/#\/schema\/person\/2b1cf3cd81a31e3cd26889ca66d677f1\"},\"headline\":\"Cameroun: La journaliste Julianna Enanga Kebbi est d\u00e9c\u00e9d\u00e9e\u00a0!\",\"datePublished\":\"2022-09-13T14:57:17+00:00\",\"dateModified\":\"2022-09-13T17:48:07+00:00\",\"mainEntityOfPage\":{\"@id\":\"https:\/\/www.africa-press.net\/cameroun\/toutes-les-actualites\/cameroun-la-journaliste-julianna-enanga-kebbi-est-decedee\"},\"wordCount\":208,\"commentCount\":0,\"image\":{\"@id\":\"https:\/\/www.africa-press.net\/cameroun\/toutes-les-actualites\/cameroun-la-journaliste-julianna-enanga-kebbi-est-decedee#primaryimage\"},\"thumbnailUrl\":\"https:\/\/static.africa-press.net\/cameroun\/sites\/57\/2022\/09\/img-6320c21547aef.jpg\",\"keywords\":[\"Africa Press\",\"Africa Press-Cameroun\",\"Cameroun\"],\"articleSection\":[\"Communaut\u00e9\",\"homepage-french\",\"Toutes les actualit\u00e9s\"],\"inLanguage\":\"fr-FR\",\"potentialAction\":[{\"@type\":\"CommentAction\",\"name\":\"Comment\",\"target\":[\"https:\/\/www.africa-press.net\/cameroun\/toutes-les-actualites\/cameroun-la-journaliste-julianna-enanga-kebbi-est-decedee#respond\"]}]},{\"@type\":\"WebPage\",\"@id\":\"https:\/\/www.africa-press.net\/cameroun\/toutes-les-actualites\/cameroun-la-journaliste-julianna-enanga-kebbi-est-decedee\",\"url\":\"https:\/\/www.africa-press.net\/cameroun\/toutes-les-actualites\/cameroun-la-journaliste-julianna-enanga-kebbi-est-decedee\",\"name\":\"Cameroun: La journaliste Julianna Enanga Kebbi est d\u00e9c\u00e9d\u00e9e\u00a0! - Cameroun\",\"isPartOf\":{\"@id\":\"https:\/\/www.africa-press.net\/cameroun\/#website\"},\"primaryImageOfPage\":{\"@id\":\"https:\/\/www.africa-press.net\/cameroun\/toutes-les-actualites\/cameroun-la-journaliste-julianna-enanga-kebbi-est-decedee#primaryimage\"},\"image\":{\"@id\":\"https:\/\/www.africa-press.net\/cameroun\/toutes-les-actualites\/cameroun-la-journaliste-julianna-enanga-kebbi-est-decedee#primaryimage\"},\"thumbnailUrl\":\"https:\/\/static.africa-press.net\/cameroun\/sites\/57\/2022\/09\/img-6320c21547aef.jpg\",\"datePublished\":\"2022-09-13T14:57:17+00:00\",\"dateModified\":\"2022-09-13T17:48:07+00:00\",\"author\":{\"@id\":\"https:\/\/www.africa-press.net\/cameroun\/#\/schema\/person\/2b1cf3cd81a31e3cd26889ca66d677f1\"},\"description\":\"Une nouvelle voix s\u2019est \u00e9teinte \u00e0 la Cameroon Radio Television (CRTV). Il s\u2019agit de la journaliste Julianna Enanga Kebbi ...\",\"breadcrumb\":{\"@id\":\"https:\/\/www.africa-press.net\/cameroun\/toutes-les-actualites\/cameroun-la-journaliste-julianna-enanga-kebbi-est-decedee#breadcrumb\"},\"inLanguage\":\"fr-FR\",\"potentialAction\":[{\"@type\":\"ReadAction\",\"target\":[\"https:\/\/www.africa-press.net\/cameroun\/toutes-les-actualites\/cameroun-la-journaliste-julianna-enanga-kebbi-est-decedee\"]}]},{\"@type\":\"ImageObject\",\"inLanguage\":\"fr-FR\",\"@id\":\"https:\/\/www.africa-press.net\/cameroun\/toutes-les-actualites\/cameroun-la-journaliste-julianna-enanga-kebbi-est-decedee#primaryimage\",\"url\":\"https:\/\/static.africa-press.net\/cameroun\/sites\/57\/2022\/09\/img-6320c21547aef.jpg\",\"contentUrl\":\"https:\/\/static.africa-press.net\/cameroun\/sites\/57\/2022\/09\/img-6320c21547aef.jpg\",\"width\":800,\"height\":958,\"caption\":\"Cameroun: La journaliste Julianna Enanga Kebbi est d\u00e9c\u00e9d\u00e9e\u00a0!\"},{\"@type\":\"BreadcrumbList\",\"@id\":\"https:\/\/www.africa-press.net\/cameroun\/toutes-les-actualites\/cameroun-la-journaliste-julianna-enanga-kebbi-est-decedee#breadcrumb\",\"itemListElement\":[{\"@type\":\"ListItem\",\"position\":1,\"name\":\"Accueil\",\"item\":\"https:\/\/www.africa-press.net\/cameroun\/\"},{\"@type\":\"ListItem\",\"position\":2,\"name\":\"Cameroun: La journaliste Julianna Enanga Kebbi est d\u00e9c\u00e9d\u00e9e\u00a0!\"}]},{\"@type\":\"WebSite\",\"@id\":\"https:\/\/www.africa-press.net\/cameroun\/#website\",\"url\":\"https:\/\/www.africa-press.net\/cameroun\/\",\"name\":\"Cameroun\",\"description\":\"Just another Africa News Agency Sites site\",\"potentialAction\":[{\"@type\":\"SearchAction\",\"target\":{\"@type\":\"EntryPoint\",\"urlTemplate\":\"https:\/\/www.africa-press.net\/cameroun\/?s={search_term_string}\"},\"query-input\":{\"@type\":\"PropertyValueSpecification\",\"valueRequired\":true,\"valueName\":\"search_term_string\"}}],\"inLanguage\":\"fr-FR\"},{\"@type\":\"Person\",\"@id\":\"https:\/\/www.africa-press.net\/cameroun\/#\/schema\/person\/2b1cf3cd81a31e3cd26889ca66d677f1\",\"name\":\"cfeditorfr\"}]}<\/script>\n<!-- \/ Yoast SEO Premium plugin. -->","yoast_head_json":{"title":"Cameroun: La journaliste Julianna Enanga Kebbi est d\u00e9c\u00e9d\u00e9e\u00a0! - Cameroun","description":"Une nouvelle voix s\u2019est \u00e9teinte \u00e0 la Cameroon Radio Television (CRTV). Il s\u2019agit de la journaliste Julianna Enanga Kebbi ...","robots":{"index":"index","follow":"follow","max-snippet":"max-snippet:-1","max-image-preview":"max-image-preview:large","max-video-preview":"max-video-preview:-1"},"canonical":"https:\/\/www.africa-press.net\/cameroun\/toutes-les-actualites\/cameroun-la-journaliste-julianna-enanga-kebbi-est-decedee","og_locale":"fr_FR","og_type":"article","og_title":"Cameroun: La journaliste Julianna Enanga Kebbi est d\u00e9c\u00e9d\u00e9e\u00a0!","og_description":"Une nouvelle voix s\u2019est \u00e9teinte \u00e0 la Cameroon Radio Television (CRTV). Il s\u2019agit de la journaliste Julianna Enanga Kebbi ...","og_url":"https:\/\/www.africa-press.net\/cameroun\/toutes-les-actualites\/cameroun-la-journaliste-julianna-enanga-kebbi-est-decedee","og_site_name":"Cameroun","article_published_time":"2022-09-13T14:57:17+00:00","article_modified_time":"2022-09-13T17:48:07+00:00","og_image":[{"width":800,"height":958,"url":"https:\/\/static.africa-press.net\/cameroun\/sites\/57\/2022\/09\/img-6320c21547aef.jpg","type":"image\/jpeg"}],"author":"cfeditorfr","twitter_card":"summary_large_image","twitter_misc":{"\u00c9crit par":"cfeditorfr","Dur\u00e9e de lecture estim\u00e9e":"1 minute"},"schema":{"@context":"https:\/\/schema.org","@graph":[{"@type":"Article","@id":"https:\/\/www.africa-press.net\/cameroun\/toutes-les-actualites\/cameroun-la-journaliste-julianna-enanga-kebbi-est-decedee#article","isPartOf":{"@id":"https:\/\/www.africa-press.net\/cameroun\/toutes-les-actualites\/cameroun-la-journaliste-julianna-enanga-kebbi-est-decedee"},"author":{"name":"cfeditorfr","@id":"https:\/\/www.africa-press.net\/cameroun\/#\/schema\/person\/2b1cf3cd81a31e3cd26889ca66d677f1"},"headline":"Cameroun: La journaliste Julianna Enanga Kebbi est d\u00e9c\u00e9d\u00e9e\u00a0!","datePublished":"2022-09-13T14:57:17+00:00","dateModified":"2022-09-13T17:48:07+00:00","mainEntityOfPage":{"@id":"https:\/\/www.africa-press.net\/cameroun\/toutes-les-actualites\/cameroun-la-journaliste-julianna-enanga-kebbi-est-decedee"},"wordCount":208,"commentCount":0,"image":{"@id":"https:\/\/www.africa-press.net\/cameroun\/toutes-les-actualites\/cameroun-la-journaliste-julianna-enanga-kebbi-est-decedee#primaryimage"},"thumbnailUrl":"https:\/\/static.africa-press.net\/cameroun\/sites\/57\/2022\/09\/img-6320c21547aef.jpg","keywords":["Africa Press","Africa Press-Cameroun","Cameroun"],"articleSection":["Communaut\u00e9","homepage-french","Toutes les actualit\u00e9s"],"inLanguage":"fr-FR","potentialAction":[{"@type":"CommentAction","name":"Comment","target":["https:\/\/www.africa-press.net\/cameroun\/toutes-les-actualites\/cameroun-la-journaliste-julianna-enanga-kebbi-est-decedee#respond"]}]},{"@type":"WebPage","@id":"https:\/\/www.africa-press.net\/cameroun\/toutes-les-actualites\/cameroun-la-journaliste-julianna-enanga-kebbi-est-decedee","url":"https:\/\/www.africa-press.net\/cameroun\/toutes-les-actualites\/cameroun-la-journaliste-julianna-enanga-kebbi-est-decedee","name":"Cameroun: La journaliste Julianna Enanga Kebbi est d\u00e9c\u00e9d\u00e9e\u00a0! - Cameroun","isPartOf":{"@id":"https:\/\/www.africa-press.net\/cameroun\/#website"},"primaryImageOfPage":{"@id":"https:\/\/www.africa-press.net\/cameroun\/toutes-les-actualites\/cameroun-la-journaliste-julianna-enanga-kebbi-est-decedee#primaryimage"},"image":{"@id":"https:\/\/www.africa-press.net\/cameroun\/toutes-les-actualites\/cameroun-la-journaliste-julianna-enanga-kebbi-est-decedee#primaryimage"},"thumbnailUrl":"https:\/\/static.africa-press.net\/cameroun\/sites\/57\/2022\/09\/img-6320c21547aef.jpg","datePublished":"2022-09-13T14:57:17+00:00","dateModified":"2022-09-13T17:48:07+00:00","author":{"@id":"https:\/\/www.africa-press.net\/cameroun\/#\/schema\/person\/2b1cf3cd81a31e3cd26889ca66d677f1"},"description":"Une nouvelle voix s\u2019est \u00e9teinte \u00e0 la Cameroon Radio Television (CRTV). Il s\u2019agit de la journaliste Julianna Enanga Kebbi ...","breadcrumb":{"@id":"https:\/\/www.africa-press.net\/cameroun\/toutes-les-actualites\/cameroun-la-journaliste-julianna-enanga-kebbi-est-decedee#breadcrumb"},"inLanguage":"fr-FR","potentialAction":[{"@type":"ReadAction","target":["https:\/\/www.africa-press.net\/cameroun\/toutes-les-actualites\/cameroun-la-journaliste-julianna-enanga-kebbi-est-decedee"]}]},{"@type":"ImageObject","inLanguage":"fr-FR","@id":"https:\/\/www.africa-press.net\/cameroun\/toutes-les-actualites\/cameroun-la-journaliste-julianna-enanga-kebbi-est-decedee#primaryimage","url":"https:\/\/static.africa-press.net\/cameroun\/sites\/57\/2022\/09\/img-6320c21547aef.jpg","contentUrl":"https:\/\/static.africa-press.net\/cameroun\/sites\/57\/2022\/09\/img-6320c21547aef.jpg","width":800,"height":958,"caption":"Cameroun: La journaliste Julianna Enanga Kebbi est d\u00e9c\u00e9d\u00e9e\u00a0!"},{"@type":"BreadcrumbList","@id":"https:\/\/www.africa-press.net\/cameroun\/toutes-les-actualites\/cameroun-la-journaliste-julianna-enanga-kebbi-est-decedee#breadcrumb","itemListElement":[{"@type":"ListItem","position":1,"name":"Accueil","item":"https:\/\/www.africa-press.net\/cameroun\/"},{"@type":"ListItem","position":2,"name":"Cameroun: La journaliste Julianna Enanga Kebbi est d\u00e9c\u00e9d\u00e9e\u00a0!"}]},{"@type":"WebSite","@id":"https:\/\/www.africa-press.net\/cameroun\/#website","url":"https:\/\/www.africa-press.net\/cameroun\/","name":"Cameroun","description":"Just another Africa News Agency Sites site","potentialAction":[{"@type":"SearchAction","target":{"@type":"EntryPoint","urlTemplate":"https:\/\/www.africa-press.net\/cameroun\/?s={search_term_string}"},"query-input":{"@type":"PropertyValueSpecification","valueRequired":true,"valueName":"search_term_string"}}],"inLanguage":"fr-FR"},{"@type":"Person","@id":"https:\/\/www.africa-press.net\/cameroun\/#\/schema\/person\/2b1cf3cd81a31e3cd26889ca66d677f1","name":"cfeditorfr"}]}},"_links":{"self":[{"href":"https:\/\/www.africa-press.net\/cameroun\/wp-json\/wp\/v2\/posts\/27262","targetHints":{"allow":["GET"]}}],"collection":[{"href":"https:\/\/www.africa-press.net\/cameroun\/wp-json\/wp\/v2\/posts"}],"about":[{"href":"https:\/\/www.africa-press.net\/cameroun\/wp-json\/wp\/v2\/types\/post"}],"author":[{"embeddable":true,"href":"https:\/\/www.africa-press.net\/cameroun\/wp-json\/wp\/v2\/users\/82"}],"replies":[{"embeddable":true,"href":"https:\/\/www.africa-press.net\/cameroun\/wp-json\/wp\/v2\/comments?post=27262"}],"version-history":[{"count":0,"href":"https:\/\/www.africa-press.net\/cameroun\/wp-json\/wp\/v2\/posts\/27262\/revisions"}],"wp:featuredmedia":[{"embeddable":true,"href":"https:\/\/www.africa-press.net\/cameroun\/wp-json\/wp\/v2\/media\/27261"}],"wp:attachment":[{"href":"https:\/\/www.africa-press.net\/cameroun\/wp-json\/wp\/v2\/media?parent=27262"}],"wp:term":[{"taxonomy":"category","embeddable":true,"href":"https:\/\/www.africa-press.net\/cameroun\/wp-json\/wp\/v2\/categories?post=27262"},{"taxonomy":"post_tag","embeddable":true,"href":"https:\/\/www.africa-press.net\/cameroun\/wp-json\/wp\/v2\/tags?post=27262"}],"curies":[{"name":"wp","href":"https:\/\/api.w.org\/{rel}","templated":true}]}}