{"id":27271,"date":"2022-09-13T15:20:44","date_gmt":"2022-09-13T15:20:44","guid":{"rendered":"https:\/\/www.africa-press.net\/cameroun\/politique\/nyong-et-kelle-la-belgique-va-construire-une-mini-centrale-hydroelectrique-a-biyouha"},"modified":"2022-09-13T17:52:41","modified_gmt":"2022-09-13T17:52:41","slug":"nyong-et-kelle-la-belgique-va-construire-une-mini-centrale-hydroelectrique-a-biyouha","status":"publish","type":"post","link":"https:\/\/www.africa-press.net\/cameroun\/economie\/nyong-et-kelle-la-belgique-va-construire-une-mini-centrale-hydroelectrique-a-biyouha","title":{"rendered":"Nyong-et-Kelle: La Belgique va construire une mini-centrale hydro\u00e9lectrique \u00e0 Biyouha"},"content":{"rendered":"<p><span style=\"color: #ff6600\"><strong>Africa-Press &#8211; Cameroun. <\/strong><\/span>La commune d\u2019arrondissement de Biyouha, d\u00e9partement du Nyong-et-Kelle dans la r\u00e9gion du Centre veut se doter d\u2019une mini-centrale hydro\u00e9lectrique, d\u2019une capacit\u00e9 pr\u00e9visionnelle de 1 MW. La construction de l\u2019infrastructure devrait couter 400 millions FCFA et alimenter une population d\u2019environ 10 000 \u00e2mes.<\/p>\n<p>C\u2019est \u00e0 cet effet qu\u2019une d\u00e9l\u00e9gation des responsables de l\u2019entreprise belge Turbulent NV a fait le d\u00e9placement de Biyouha, apr\u00e8s sept ans d\u2019\u00e9changes et une visite des installations entreprise en Belgique. Pour le moment, le projet entre la Belgique et le Cameroun en est encore \u00e0 sa phase de maturation<\/p>\n<p>L\u2019infrastructure sera constitu\u00e9e de deux turbines au bord du cours d\u2019eau la Kell\u00e9. Techniquement a expliqu\u00e9 Maria Zeman, une experte dans la d\u00e9l\u00e9gation belge, il va s\u2019agir de prendre une partie de l\u2019eau qui est proche de la chute et mettre les turbines suivant le d\u00e9bit de l\u2019eau \u00e0 cet endroit. Turbulent NV va ensuite utiliser le niveau naturel qu\u2019il y a \u00e0 c\u00f4t\u00e9 du cours d\u2019eau pour installer les turbines.<\/p>\n<p>L\u2019experte belge a expliqu\u00e9 que cette technologie est appel\u00e9e Vortex, qui utilise la gravit\u00e9 de la chute d\u2019eau et le syst\u00e8me utilis\u00e9 sera modulaire. Les populations de cette localit\u00e9 recul\u00e9e se plaignent r\u00e9guli\u00e8rement des mauvaises conditions de vie. C\u2019est une zone \u00e9loign\u00e9e qui est compos\u00e9 de dix chefferies. Pour y parvenir, il faut effectuer un parcours de combattant. Environ 18 km, c&rsquo;est la distance qui le s\u00e9pare de Boumnyebel. L&rsquo;unique route qui conduit \u00e0 ce lieu est \u00e9troite et non goudronn\u00e9e.<\/p>\n<p>Parsem\u00e9 de part et d&rsquo;autres des verdures, ce chemin rend difficile la circulation des quelques rares v\u00e9hicules qui affrontent cette voie. Les maisons sont en majorit\u00e9 construites en briques de terre et sont plus ou moins \u00e9loign\u00e9es les unes des autres.<\/p>\n<p><b>Jean Daniel Obama<\/b><\/p>\n<p><strong>Pour plus d&rsquo;informations et d&rsquo;analyses sur la <a href=\"https:\/\/www.africa-press.net\/cameroun\">Cameroun<\/a>, suivez <a href=\"https:\/\/www.africa-press.net\/\">Africa-Press<\/a><\/strong><\/p>\n","protected":false},"excerpt":{"rendered":"<p>Africa-Press &#8211; Cameroun. La commune d\u2019arrondissement de Biyouha, d\u00e9partement du Nyong-et-Kelle dans la r\u00e9gion du Centre veut se doter d\u2019une mini-centrale hydro\u00e9lectrique, d\u2019une capacit\u00e9 pr\u00e9visionnelle de 1 MW. La construction de l\u2019infrastructure devrait couter 400 millions FCFA et alimenter une population d\u2019environ 10 000 \u00e2mes. C\u2019est \u00e0 cet effet qu\u2019une d\u00e9l\u00e9gation des responsables de l\u2019entreprise [&hellip;]<\/p>\n","protected":false},"author":82,"featured_media":27270,"comment_status":"open","ping_status":"closed","sticky":false,"template":"","format":"standard","meta":{"footnotes":""},"categories":[3,11,10],"tags":[36,50,49],"class_list":["post-27271","post","type-post","status-publish","format-standard","has-post-thumbnail","hentry","category-economie","category-homepage-french","category-toutes-les-actualites","tag-africa-press","tag-africa-press-cameroun","tag-cameroun"],"yoast_head":"<!-- This site is optimized with the Yoast SEO Premium plugin v26.1 (Yoast SEO v27.0) - https:\/\/yoast.com\/product\/yoast-seo-premium-wordpress\/ -->\n<title>Nyong-et-Kelle: La Belgique va construire une mini-centrale hydro\u00e9lectrique \u00e0 Biyouha - Cameroun<\/title>\n<meta name=\"description\" content=\"La commune d\u2019arrondissement de Biyouha, d\u00e9partement du Nyong-et-Kelle dans la r\u00e9gion du Centre veut se doter d\u2019une mini- ...\" \/>\n<meta name=\"robots\" content=\"index, follow, max-snippet:-1, max-image-preview:large, max-video-preview:-1\" \/>\n<link rel=\"canonical\" href=\"https:\/\/www.africa-press.net\/cameroun\/economie\/nyong-et-kelle-la-belgique-va-construire-une-mini-centrale-hydroelectrique-a-biyouha\" \/>\n<meta property=\"og:locale\" content=\"fr_FR\" \/>\n<meta property=\"og:type\" content=\"article\" \/>\n<meta property=\"og:title\" content=\"Nyong-et-Kelle: La Belgique va construire une mini-centrale hydro\u00e9lectrique \u00e0 Biyouha\" \/>\n<meta property=\"og:description\" content=\"La commune d\u2019arrondissement de Biyouha, d\u00e9partement du Nyong-et-Kelle dans la r\u00e9gion du Centre veut se doter d\u2019une mini- ...\" \/>\n<meta property=\"og:url\" content=\"https:\/\/www.africa-press.net\/cameroun\/economie\/nyong-et-kelle-la-belgique-va-construire-une-mini-centrale-hydroelectrique-a-biyouha\" \/>\n<meta property=\"og:site_name\" content=\"Cameroun\" \/>\n<meta property=\"article:published_time\" content=\"2022-09-13T15:20:44+00:00\" \/>\n<meta property=\"article:modified_time\" content=\"2022-09-13T17:52:41+00:00\" \/>\n<meta property=\"og:image\" content=\"https:\/\/static.africa-press.net\/cameroun\/sites\/57\/2022\/09\/img-6320c3216a878.jpg\" \/>\n\t<meta property=\"og:image:width\" content=\"800\" \/>\n\t<meta property=\"og:image:height\" content=\"442\" \/>\n\t<meta property=\"og:image:type\" content=\"image\/jpeg\" \/>\n<meta name=\"author\" content=\"cfeditorfr\" \/>\n<meta name=\"twitter:card\" content=\"summary_large_image\" \/>\n<meta name=\"twitter:label1\" content=\"\u00c9crit par\" \/>\n\t<meta name=\"twitter:data1\" content=\"cfeditorfr\" \/>\n\t<meta name=\"twitter:label2\" content=\"Dur\u00e9e de lecture estim\u00e9e\" \/>\n\t<meta name=\"twitter:data2\" content=\"2 minutes\" \/>\n<script type=\"application\/ld+json\" class=\"yoast-schema-graph\">{\"@context\":\"https:\/\/schema.org\",\"@graph\":[{\"@type\":\"Article\",\"@id\":\"https:\/\/www.africa-press.net\/cameroun\/economie\/nyong-et-kelle-la-belgique-va-construire-une-mini-centrale-hydroelectrique-a-biyouha#article\",\"isPartOf\":{\"@id\":\"https:\/\/www.africa-press.net\/cameroun\/economie\/nyong-et-kelle-la-belgique-va-construire-une-mini-centrale-hydroelectrique-a-biyouha\"},\"author\":{\"name\":\"cfeditorfr\",\"@id\":\"https:\/\/www.africa-press.net\/cameroun\/#\/schema\/person\/2b1cf3cd81a31e3cd26889ca66d677f1\"},\"headline\":\"Nyong-et-Kelle: La Belgique va construire une mini-centrale hydro\u00e9lectrique \u00e0 Biyouha\",\"datePublished\":\"2022-09-13T15:20:44+00:00\",\"dateModified\":\"2022-09-13T17:52:41+00:00\",\"mainEntityOfPage\":{\"@id\":\"https:\/\/www.africa-press.net\/cameroun\/economie\/nyong-et-kelle-la-belgique-va-construire-une-mini-centrale-hydroelectrique-a-biyouha\"},\"wordCount\":348,\"commentCount\":0,\"image\":{\"@id\":\"https:\/\/www.africa-press.net\/cameroun\/economie\/nyong-et-kelle-la-belgique-va-construire-une-mini-centrale-hydroelectrique-a-biyouha#primaryimage\"},\"thumbnailUrl\":\"https:\/\/static.africa-press.net\/cameroun\/sites\/57\/2022\/09\/img-6320c3216a878.jpg\",\"keywords\":[\"Africa Press\",\"Africa Press-Cameroun\",\"Cameroun\"],\"articleSection\":[\"\u00c9conomie\",\"homepage-french\",\"Toutes les actualit\u00e9s\"],\"inLanguage\":\"fr-FR\",\"potentialAction\":[{\"@type\":\"CommentAction\",\"name\":\"Comment\",\"target\":[\"https:\/\/www.africa-press.net\/cameroun\/economie\/nyong-et-kelle-la-belgique-va-construire-une-mini-centrale-hydroelectrique-a-biyouha#respond\"]}]},{\"@type\":\"WebPage\",\"@id\":\"https:\/\/www.africa-press.net\/cameroun\/economie\/nyong-et-kelle-la-belgique-va-construire-une-mini-centrale-hydroelectrique-a-biyouha\",\"url\":\"https:\/\/www.africa-press.net\/cameroun\/economie\/nyong-et-kelle-la-belgique-va-construire-une-mini-centrale-hydroelectrique-a-biyouha\",\"name\":\"Nyong-et-Kelle: La Belgique va construire une mini-centrale hydro\u00e9lectrique \u00e0 Biyouha - Cameroun\",\"isPartOf\":{\"@id\":\"https:\/\/www.africa-press.net\/cameroun\/#website\"},\"primaryImageOfPage\":{\"@id\":\"https:\/\/www.africa-press.net\/cameroun\/economie\/nyong-et-kelle-la-belgique-va-construire-une-mini-centrale-hydroelectrique-a-biyouha#primaryimage\"},\"image\":{\"@id\":\"https:\/\/www.africa-press.net\/cameroun\/economie\/nyong-et-kelle-la-belgique-va-construire-une-mini-centrale-hydroelectrique-a-biyouha#primaryimage\"},\"thumbnailUrl\":\"https:\/\/static.africa-press.net\/cameroun\/sites\/57\/2022\/09\/img-6320c3216a878.jpg\",\"datePublished\":\"2022-09-13T15:20:44+00:00\",\"dateModified\":\"2022-09-13T17:52:41+00:00\",\"author\":{\"@id\":\"https:\/\/www.africa-press.net\/cameroun\/#\/schema\/person\/2b1cf3cd81a31e3cd26889ca66d677f1\"},\"description\":\"La commune d\u2019arrondissement de Biyouha, d\u00e9partement du Nyong-et-Kelle dans la r\u00e9gion du Centre veut se doter d\u2019une mini- ...\",\"breadcrumb\":{\"@id\":\"https:\/\/www.africa-press.net\/cameroun\/economie\/nyong-et-kelle-la-belgique-va-construire-une-mini-centrale-hydroelectrique-a-biyouha#breadcrumb\"},\"inLanguage\":\"fr-FR\",\"potentialAction\":[{\"@type\":\"ReadAction\",\"target\":[\"https:\/\/www.africa-press.net\/cameroun\/economie\/nyong-et-kelle-la-belgique-va-construire-une-mini-centrale-hydroelectrique-a-biyouha\"]}]},{\"@type\":\"ImageObject\",\"inLanguage\":\"fr-FR\",\"@id\":\"https:\/\/www.africa-press.net\/cameroun\/economie\/nyong-et-kelle-la-belgique-va-construire-une-mini-centrale-hydroelectrique-a-biyouha#primaryimage\",\"url\":\"https:\/\/static.africa-press.net\/cameroun\/sites\/57\/2022\/09\/img-6320c3216a878.jpg\",\"contentUrl\":\"https:\/\/static.africa-press.net\/cameroun\/sites\/57\/2022\/09\/img-6320c3216a878.jpg\",\"width\":800,\"height\":442,\"caption\":\"Nyong-et-Kelle: La Belgique va construire une mini-centrale hydro\u00e9lectrique \u00e0 Biyouha\"},{\"@type\":\"BreadcrumbList\",\"@id\":\"https:\/\/www.africa-press.net\/cameroun\/economie\/nyong-et-kelle-la-belgique-va-construire-une-mini-centrale-hydroelectrique-a-biyouha#breadcrumb\",\"itemListElement\":[{\"@type\":\"ListItem\",\"position\":1,\"name\":\"Accueil\",\"item\":\"https:\/\/www.africa-press.net\/cameroun\/\"},{\"@type\":\"ListItem\",\"position\":2,\"name\":\"Nyong-et-Kelle: La Belgique va construire une mini-centrale hydro\u00e9lectrique \u00e0 Biyouha\"}]},{\"@type\":\"WebSite\",\"@id\":\"https:\/\/www.africa-press.net\/cameroun\/#website\",\"url\":\"https:\/\/www.africa-press.net\/cameroun\/\",\"name\":\"Cameroun\",\"description\":\"Just another Africa News Agency Sites site\",\"potentialAction\":[{\"@type\":\"SearchAction\",\"target\":{\"@type\":\"EntryPoint\",\"urlTemplate\":\"https:\/\/www.africa-press.net\/cameroun\/?s={search_term_string}\"},\"query-input\":{\"@type\":\"PropertyValueSpecification\",\"valueRequired\":true,\"valueName\":\"search_term_string\"}}],\"inLanguage\":\"fr-FR\"},{\"@type\":\"Person\",\"@id\":\"https:\/\/www.africa-press.net\/cameroun\/#\/schema\/person\/2b1cf3cd81a31e3cd26889ca66d677f1\",\"name\":\"cfeditorfr\"}]}<\/script>\n<!-- \/ Yoast SEO Premium plugin. -->","yoast_head_json":{"title":"Nyong-et-Kelle: La Belgique va construire une mini-centrale hydro\u00e9lectrique \u00e0 Biyouha - Cameroun","description":"La commune d\u2019arrondissement de Biyouha, d\u00e9partement du Nyong-et-Kelle dans la r\u00e9gion du Centre veut se doter d\u2019une mini- ...","robots":{"index":"index","follow":"follow","max-snippet":"max-snippet:-1","max-image-preview":"max-image-preview:large","max-video-preview":"max-video-preview:-1"},"canonical":"https:\/\/www.africa-press.net\/cameroun\/economie\/nyong-et-kelle-la-belgique-va-construire-une-mini-centrale-hydroelectrique-a-biyouha","og_locale":"fr_FR","og_type":"article","og_title":"Nyong-et-Kelle: La Belgique va construire une mini-centrale hydro\u00e9lectrique \u00e0 Biyouha","og_description":"La commune d\u2019arrondissement de Biyouha, d\u00e9partement du Nyong-et-Kelle dans la r\u00e9gion du Centre veut se doter d\u2019une mini- ...","og_url":"https:\/\/www.africa-press.net\/cameroun\/economie\/nyong-et-kelle-la-belgique-va-construire-une-mini-centrale-hydroelectrique-a-biyouha","og_site_name":"Cameroun","article_published_time":"2022-09-13T15:20:44+00:00","article_modified_time":"2022-09-13T17:52:41+00:00","og_image":[{"width":800,"height":442,"url":"https:\/\/static.africa-press.net\/cameroun\/sites\/57\/2022\/09\/img-6320c3216a878.jpg","type":"image\/jpeg"}],"author":"cfeditorfr","twitter_card":"summary_large_image","twitter_misc":{"\u00c9crit par":"cfeditorfr","Dur\u00e9e de lecture estim\u00e9e":"2 minutes"},"schema":{"@context":"https:\/\/schema.org","@graph":[{"@type":"Article","@id":"https:\/\/www.africa-press.net\/cameroun\/economie\/nyong-et-kelle-la-belgique-va-construire-une-mini-centrale-hydroelectrique-a-biyouha#article","isPartOf":{"@id":"https:\/\/www.africa-press.net\/cameroun\/economie\/nyong-et-kelle-la-belgique-va-construire-une-mini-centrale-hydroelectrique-a-biyouha"},"author":{"name":"cfeditorfr","@id":"https:\/\/www.africa-press.net\/cameroun\/#\/schema\/person\/2b1cf3cd81a31e3cd26889ca66d677f1"},"headline":"Nyong-et-Kelle: La Belgique va construire une mini-centrale hydro\u00e9lectrique \u00e0 Biyouha","datePublished":"2022-09-13T15:20:44+00:00","dateModified":"2022-09-13T17:52:41+00:00","mainEntityOfPage":{"@id":"https:\/\/www.africa-press.net\/cameroun\/economie\/nyong-et-kelle-la-belgique-va-construire-une-mini-centrale-hydroelectrique-a-biyouha"},"wordCount":348,"commentCount":0,"image":{"@id":"https:\/\/www.africa-press.net\/cameroun\/economie\/nyong-et-kelle-la-belgique-va-construire-une-mini-centrale-hydroelectrique-a-biyouha#primaryimage"},"thumbnailUrl":"https:\/\/static.africa-press.net\/cameroun\/sites\/57\/2022\/09\/img-6320c3216a878.jpg","keywords":["Africa Press","Africa Press-Cameroun","Cameroun"],"articleSection":["\u00c9conomie","homepage-french","Toutes les actualit\u00e9s"],"inLanguage":"fr-FR","potentialAction":[{"@type":"CommentAction","name":"Comment","target":["https:\/\/www.africa-press.net\/cameroun\/economie\/nyong-et-kelle-la-belgique-va-construire-une-mini-centrale-hydroelectrique-a-biyouha#respond"]}]},{"@type":"WebPage","@id":"https:\/\/www.africa-press.net\/cameroun\/economie\/nyong-et-kelle-la-belgique-va-construire-une-mini-centrale-hydroelectrique-a-biyouha","url":"https:\/\/www.africa-press.net\/cameroun\/economie\/nyong-et-kelle-la-belgique-va-construire-une-mini-centrale-hydroelectrique-a-biyouha","name":"Nyong-et-Kelle: La Belgique va construire une mini-centrale hydro\u00e9lectrique \u00e0 Biyouha - Cameroun","isPartOf":{"@id":"https:\/\/www.africa-press.net\/cameroun\/#website"},"primaryImageOfPage":{"@id":"https:\/\/www.africa-press.net\/cameroun\/economie\/nyong-et-kelle-la-belgique-va-construire-une-mini-centrale-hydroelectrique-a-biyouha#primaryimage"},"image":{"@id":"https:\/\/www.africa-press.net\/cameroun\/economie\/nyong-et-kelle-la-belgique-va-construire-une-mini-centrale-hydroelectrique-a-biyouha#primaryimage"},"thumbnailUrl":"https:\/\/static.africa-press.net\/cameroun\/sites\/57\/2022\/09\/img-6320c3216a878.jpg","datePublished":"2022-09-13T15:20:44+00:00","dateModified":"2022-09-13T17:52:41+00:00","author":{"@id":"https:\/\/www.africa-press.net\/cameroun\/#\/schema\/person\/2b1cf3cd81a31e3cd26889ca66d677f1"},"description":"La commune d\u2019arrondissement de Biyouha, d\u00e9partement du Nyong-et-Kelle dans la r\u00e9gion du Centre veut se doter d\u2019une mini- ...","breadcrumb":{"@id":"https:\/\/www.africa-press.net\/cameroun\/economie\/nyong-et-kelle-la-belgique-va-construire-une-mini-centrale-hydroelectrique-a-biyouha#breadcrumb"},"inLanguage":"fr-FR","potentialAction":[{"@type":"ReadAction","target":["https:\/\/www.africa-press.net\/cameroun\/economie\/nyong-et-kelle-la-belgique-va-construire-une-mini-centrale-hydroelectrique-a-biyouha"]}]},{"@type":"ImageObject","inLanguage":"fr-FR","@id":"https:\/\/www.africa-press.net\/cameroun\/economie\/nyong-et-kelle-la-belgique-va-construire-une-mini-centrale-hydroelectrique-a-biyouha#primaryimage","url":"https:\/\/static.africa-press.net\/cameroun\/sites\/57\/2022\/09\/img-6320c3216a878.jpg","contentUrl":"https:\/\/static.africa-press.net\/cameroun\/sites\/57\/2022\/09\/img-6320c3216a878.jpg","width":800,"height":442,"caption":"Nyong-et-Kelle: La Belgique va construire une mini-centrale hydro\u00e9lectrique \u00e0 Biyouha"},{"@type":"BreadcrumbList","@id":"https:\/\/www.africa-press.net\/cameroun\/economie\/nyong-et-kelle-la-belgique-va-construire-une-mini-centrale-hydroelectrique-a-biyouha#breadcrumb","itemListElement":[{"@type":"ListItem","position":1,"name":"Accueil","item":"https:\/\/www.africa-press.net\/cameroun\/"},{"@type":"ListItem","position":2,"name":"Nyong-et-Kelle: La Belgique va construire une mini-centrale hydro\u00e9lectrique \u00e0 Biyouha"}]},{"@type":"WebSite","@id":"https:\/\/www.africa-press.net\/cameroun\/#website","url":"https:\/\/www.africa-press.net\/cameroun\/","name":"Cameroun","description":"Just another Africa News Agency Sites site","potentialAction":[{"@type":"SearchAction","target":{"@type":"EntryPoint","urlTemplate":"https:\/\/www.africa-press.net\/cameroun\/?s={search_term_string}"},"query-input":{"@type":"PropertyValueSpecification","valueRequired":true,"valueName":"search_term_string"}}],"inLanguage":"fr-FR"},{"@type":"Person","@id":"https:\/\/www.africa-press.net\/cameroun\/#\/schema\/person\/2b1cf3cd81a31e3cd26889ca66d677f1","name":"cfeditorfr"}]}},"_links":{"self":[{"href":"https:\/\/www.africa-press.net\/cameroun\/wp-json\/wp\/v2\/posts\/27271","targetHints":{"allow":["GET"]}}],"collection":[{"href":"https:\/\/www.africa-press.net\/cameroun\/wp-json\/wp\/v2\/posts"}],"about":[{"href":"https:\/\/www.africa-press.net\/cameroun\/wp-json\/wp\/v2\/types\/post"}],"author":[{"embeddable":true,"href":"https:\/\/www.africa-press.net\/cameroun\/wp-json\/wp\/v2\/users\/82"}],"replies":[{"embeddable":true,"href":"https:\/\/www.africa-press.net\/cameroun\/wp-json\/wp\/v2\/comments?post=27271"}],"version-history":[{"count":0,"href":"https:\/\/www.africa-press.net\/cameroun\/wp-json\/wp\/v2\/posts\/27271\/revisions"}],"wp:featuredmedia":[{"embeddable":true,"href":"https:\/\/www.africa-press.net\/cameroun\/wp-json\/wp\/v2\/media\/27270"}],"wp:attachment":[{"href":"https:\/\/www.africa-press.net\/cameroun\/wp-json\/wp\/v2\/media?parent=27271"}],"wp:term":[{"taxonomy":"category","embeddable":true,"href":"https:\/\/www.africa-press.net\/cameroun\/wp-json\/wp\/v2\/categories?post=27271"},{"taxonomy":"post_tag","embeddable":true,"href":"https:\/\/www.africa-press.net\/cameroun\/wp-json\/wp\/v2\/tags?post=27271"}],"curies":[{"name":"wp","href":"https:\/\/api.w.org\/{rel}","templated":true}]}}