{"id":27277,"date":"2022-09-13T15:41:39","date_gmt":"2022-09-13T15:41:39","guid":{"rendered":"https:\/\/www.africa-press.net\/cameroun\/politique\/obseques-de-ananga-messina-controverse-sur-le-lieu-de-linhumation-de-la-defunte-ministre-samuel-mvondo-ayolo-appele-a-la-rescousse"},"modified":"2022-09-13T17:55:44","modified_gmt":"2022-09-13T17:55:44","slug":"obseques-de-ananga-messina-controverse-sur-le-lieu-de-linhumation-de-la-defunte-ministre-samuel-mvondo-ayolo-appele-a-la-rescousse","status":"publish","type":"post","link":"https:\/\/www.africa-press.net\/cameroun\/toutes-les-actualites\/obseques-de-ananga-messina-controverse-sur-le-lieu-de-linhumation-de-la-defunte-ministre-samuel-mvondo-ayolo-appele-a-la-rescousse","title":{"rendered":"Obs\u00e8ques de Ananga Messina: Controverse sur le lieu de l\u2019inhumation de la d\u00e9funte ministre, Samuel Mvondo Ayolo appel\u00e9 \u00e0 la rescousse"},"content":{"rendered":"<p><span style=\"color: #ff6600\"><strong>Africa-Press &#8211; Cameroun. <\/strong><\/span>La ministre d\u00e9l\u00e9gu\u00e9 aupr\u00e8s du ministre de l\u2019Agriculture et du D\u00e9veloppement Rural, Cl\u00e9mentine Ananga Messina, d\u00e9c\u00e9d\u00e9e le 5 ao\u00fbt 2022 en Turquie, puis rapatri\u00e9e au Cameroun le 11 ao\u00fbt 2022, va \u00eatre inhum\u00e9e le 24 septembre prochain \u00e0 Zima par Obala, dans le d\u00e9partement de la Leki\u00e9, r\u00e9gion du Centre. A une dizaine de jours du d\u00e9but des obs\u00e8ques officiels de la d\u00e9funte, une controverse est n\u00e9e au sein de sa famille au sujet du lieu de son inhumation.<\/p>\n<p>Sa fille, Jacqueline Christelle Ananga Messina a adress\u00e9 une correspondance dat\u00e9e du 28 ao\u00fbt 2022 au Directeur du cabinet civil de la Pr\u00e9sidence de la R\u00e9publique, Samuel Mvondo Ayolo, pour solliciter son arbitrage, alors que les enfants ne s\u2019accordent pas avec leur papa, Pierre Ananga Messina, sur le lieu de l\u2019enterrement.<\/p>\n<p>\u00ab <b>Bien que la concession familiale (lieu choisi par la d\u00e9funte) dispose de suffisamment d\u2019espace (expertise d\u2019un architecte \u00e0 l\u2019appui), son \u00e9poux, notre papa, a d\u00e9cid\u00e9 pour des raisons qui nous \u00e9chappent de l\u2019inhumer dans son champs de manioc, un terrain vague expos\u00e9 aux profanations de tous ordre avec pour seul argument des promesses d\u2019investissement \u00e0 une \u00e9ch\u00e9ance incertaine<\/b> \u00bb, d\u00e9chante Jacqueline Christelle Messina.<\/p>\n<p>Elle s\u2019est faite porte-parole des enfants, et indique que la volont\u00e9 de l\u2019ancienne ministre \u00e9tait d\u2019\u00eatre enterr\u00e9e au domicile familial \u00e0 Zima, et nulle part ailleurs. Jacqueline Christelle pense que \u00ab <b>ce serait une honte que de la voir enterr\u00e9e sur un terrain vague, comme si elle n\u2019avait pas de domicile familial. Comme si elle ne s\u2019\u00e9tait jamais investie dans ce village qui lui \u00e9tait si cher. Toute chose \u00e9galement qui la priverait du reste du droit \u00e0 certains rites d\u2019accompagnement traditionnel des d\u00e9funts, en l\u2019occurrence \u2018l\u2019Essani\u2019<\/b> \u00bb, ajoute-t-elle, avant d\u2019appeler Samuel Mvondo Ayolo \u00e0 la rescousse pour amener Pierre Ananga Messina \u00e0 respecter la volont\u00e9 de sa femme : \u00ab <b>Nous sollicitons, nous enfants, \u00e0 travers cette tentative d\u00e9sesp\u00e9r\u00e9e, votre bienveillance afin que les derni\u00e8res volont\u00e9s de notre tr\u00e8s regrett\u00e9e maman puissent dans la mesure du possible \u00eatre respect\u00e9es \u00bb.<\/b><\/p>\n<p>Il s\u2019agit donc d\u2019un feuilleton qui risquerait de jeter le froid parmi les membres de cette famille, qui semblaient pourtant tr\u00e8s soud\u00e9s lors de la visite d\u2019une d\u00e9l\u00e9gation du Rassemblement D\u00e9mocratique du Peuple Camerounais (RDPC), conduite par le Secr\u00e9taire g\u00e9n\u00e9ral de cette formation politique, Jean Nkuet\u00e9, le 6 septembre dernier \u00e0 leur domicile sis au quartier Nkomo \u00e0 Yaound\u00e9.<\/p>\n<p><strong>Pour plus d&rsquo;informations et d&rsquo;analyses sur la <a href=\"https:\/\/www.africa-press.net\/cameroun\">Cameroun<\/a>, suivez <a href=\"https:\/\/www.africa-press.net\/\">Africa-Press<\/a><\/strong><\/p>\n","protected":false},"excerpt":{"rendered":"<p>Africa-Press &#8211; Cameroun. La ministre d\u00e9l\u00e9gu\u00e9 aupr\u00e8s du ministre de l\u2019Agriculture et du D\u00e9veloppement Rural, Cl\u00e9mentine Ananga Messina, d\u00e9c\u00e9d\u00e9e le 5 ao\u00fbt 2022 en Turquie, puis rapatri\u00e9e au Cameroun le 11 ao\u00fbt 2022, va \u00eatre inhum\u00e9e le 24 septembre prochain \u00e0 Zima par Obala, dans le d\u00e9partement de la Leki\u00e9, r\u00e9gion du Centre. A une [&hellip;]<\/p>\n","protected":false},"author":82,"featured_media":27276,"comment_status":"open","ping_status":"closed","sticky":false,"template":"","format":"standard","meta":{"footnotes":""},"categories":[21,11,10],"tags":[36,50,49],"class_list":["post-27277","post","type-post","status-publish","format-standard","has-post-thumbnail","hentry","category-communaute","category-homepage-french","category-toutes-les-actualites","tag-africa-press","tag-africa-press-cameroun","tag-cameroun"],"yoast_head":"<!-- This site is optimized with the Yoast SEO Premium plugin v26.1 (Yoast SEO v27.0) - https:\/\/yoast.com\/product\/yoast-seo-premium-wordpress\/ -->\n<title>Obs\u00e8ques de Ananga Messina: Controverse sur le lieu de l\u2019inhumation de la d\u00e9funte ministre, Samuel Mvondo Ayolo appel\u00e9 \u00e0 la rescousse - Cameroun<\/title>\n<meta name=\"description\" content=\"La ministre d\u00e9l\u00e9gu\u00e9 aupr\u00e8s du ministre de l\u2019Agriculture et du D\u00e9veloppement Rural, Cl\u00e9mentine Ananga Messina, d\u00e9c\u00e9d\u00e9e le ...\" \/>\n<meta name=\"robots\" content=\"index, follow, max-snippet:-1, max-image-preview:large, max-video-preview:-1\" \/>\n<link rel=\"canonical\" href=\"https:\/\/www.africa-press.net\/cameroun\/toutes-les-actualites\/obseques-de-ananga-messina-controverse-sur-le-lieu-de-linhumation-de-la-defunte-ministre-samuel-mvondo-ayolo-appele-a-la-rescousse\" \/>\n<meta property=\"og:locale\" content=\"fr_FR\" \/>\n<meta property=\"og:type\" content=\"article\" \/>\n<meta property=\"og:title\" content=\"Obs\u00e8ques de Ananga Messina: Controverse sur le lieu de l\u2019inhumation de la d\u00e9funte ministre, Samuel Mvondo Ayolo appel\u00e9 \u00e0 la rescousse\" \/>\n<meta property=\"og:description\" content=\"La ministre d\u00e9l\u00e9gu\u00e9 aupr\u00e8s du ministre de l\u2019Agriculture et du D\u00e9veloppement Rural, Cl\u00e9mentine Ananga Messina, d\u00e9c\u00e9d\u00e9e le ...\" \/>\n<meta property=\"og:url\" content=\"https:\/\/www.africa-press.net\/cameroun\/toutes-les-actualites\/obseques-de-ananga-messina-controverse-sur-le-lieu-de-linhumation-de-la-defunte-ministre-samuel-mvondo-ayolo-appele-a-la-rescousse\" \/>\n<meta property=\"og:site_name\" content=\"Cameroun\" \/>\n<meta property=\"article:published_time\" content=\"2022-09-13T15:41:39+00:00\" \/>\n<meta property=\"article:modified_time\" content=\"2022-09-13T17:55:44+00:00\" \/>\n<meta property=\"og:image\" content=\"https:\/\/static.africa-press.net\/cameroun\/sites\/57\/2022\/09\/img-6320c3ca55daa.jpg\" \/>\n\t<meta property=\"og:image:width\" content=\"800\" \/>\n\t<meta property=\"og:image:height\" content=\"600\" \/>\n\t<meta property=\"og:image:type\" content=\"image\/jpeg\" \/>\n<meta name=\"author\" content=\"cfeditorfr\" \/>\n<meta name=\"twitter:card\" content=\"summary_large_image\" \/>\n<meta name=\"twitter:label1\" content=\"\u00c9crit par\" \/>\n\t<meta name=\"twitter:data1\" content=\"cfeditorfr\" \/>\n\t<meta name=\"twitter:label2\" content=\"Dur\u00e9e de lecture estim\u00e9e\" \/>\n\t<meta name=\"twitter:data2\" content=\"3 minutes\" \/>\n<script type=\"application\/ld+json\" class=\"yoast-schema-graph\">{\"@context\":\"https:\/\/schema.org\",\"@graph\":[{\"@type\":\"Article\",\"@id\":\"https:\/\/www.africa-press.net\/cameroun\/toutes-les-actualites\/obseques-de-ananga-messina-controverse-sur-le-lieu-de-linhumation-de-la-defunte-ministre-samuel-mvondo-ayolo-appele-a-la-rescousse#article\",\"isPartOf\":{\"@id\":\"https:\/\/www.africa-press.net\/cameroun\/toutes-les-actualites\/obseques-de-ananga-messina-controverse-sur-le-lieu-de-linhumation-de-la-defunte-ministre-samuel-mvondo-ayolo-appele-a-la-rescousse\"},\"author\":{\"name\":\"cfeditorfr\",\"@id\":\"https:\/\/www.africa-press.net\/cameroun\/#\/schema\/person\/2b1cf3cd81a31e3cd26889ca66d677f1\"},\"headline\":\"Obs\u00e8ques de Ananga Messina: Controverse sur le lieu de l\u2019inhumation de la d\u00e9funte ministre, Samuel Mvondo Ayolo appel\u00e9 \u00e0 la rescousse\",\"datePublished\":\"2022-09-13T15:41:39+00:00\",\"dateModified\":\"2022-09-13T17:55:44+00:00\",\"mainEntityOfPage\":{\"@id\":\"https:\/\/www.africa-press.net\/cameroun\/toutes-les-actualites\/obseques-de-ananga-messina-controverse-sur-le-lieu-de-linhumation-de-la-defunte-ministre-samuel-mvondo-ayolo-appele-a-la-rescousse\"},\"wordCount\":472,\"commentCount\":0,\"image\":{\"@id\":\"https:\/\/www.africa-press.net\/cameroun\/toutes-les-actualites\/obseques-de-ananga-messina-controverse-sur-le-lieu-de-linhumation-de-la-defunte-ministre-samuel-mvondo-ayolo-appele-a-la-rescousse#primaryimage\"},\"thumbnailUrl\":\"https:\/\/static.africa-press.net\/cameroun\/sites\/57\/2022\/09\/img-6320c3ca55daa.jpg\",\"keywords\":[\"Africa Press\",\"Africa Press-Cameroun\",\"Cameroun\"],\"articleSection\":[\"Communaut\u00e9\",\"homepage-french\",\"Toutes les actualit\u00e9s\"],\"inLanguage\":\"fr-FR\",\"potentialAction\":[{\"@type\":\"CommentAction\",\"name\":\"Comment\",\"target\":[\"https:\/\/www.africa-press.net\/cameroun\/toutes-les-actualites\/obseques-de-ananga-messina-controverse-sur-le-lieu-de-linhumation-de-la-defunte-ministre-samuel-mvondo-ayolo-appele-a-la-rescousse#respond\"]}]},{\"@type\":\"WebPage\",\"@id\":\"https:\/\/www.africa-press.net\/cameroun\/toutes-les-actualites\/obseques-de-ananga-messina-controverse-sur-le-lieu-de-linhumation-de-la-defunte-ministre-samuel-mvondo-ayolo-appele-a-la-rescousse\",\"url\":\"https:\/\/www.africa-press.net\/cameroun\/toutes-les-actualites\/obseques-de-ananga-messina-controverse-sur-le-lieu-de-linhumation-de-la-defunte-ministre-samuel-mvondo-ayolo-appele-a-la-rescousse\",\"name\":\"Obs\u00e8ques de Ananga Messina: Controverse sur le lieu de l\u2019inhumation de la d\u00e9funte ministre, Samuel Mvondo Ayolo appel\u00e9 \u00e0 la rescousse - Cameroun\",\"isPartOf\":{\"@id\":\"https:\/\/www.africa-press.net\/cameroun\/#website\"},\"primaryImageOfPage\":{\"@id\":\"https:\/\/www.africa-press.net\/cameroun\/toutes-les-actualites\/obseques-de-ananga-messina-controverse-sur-le-lieu-de-linhumation-de-la-defunte-ministre-samuel-mvondo-ayolo-appele-a-la-rescousse#primaryimage\"},\"image\":{\"@id\":\"https:\/\/www.africa-press.net\/cameroun\/toutes-les-actualites\/obseques-de-ananga-messina-controverse-sur-le-lieu-de-linhumation-de-la-defunte-ministre-samuel-mvondo-ayolo-appele-a-la-rescousse#primaryimage\"},\"thumbnailUrl\":\"https:\/\/static.africa-press.net\/cameroun\/sites\/57\/2022\/09\/img-6320c3ca55daa.jpg\",\"datePublished\":\"2022-09-13T15:41:39+00:00\",\"dateModified\":\"2022-09-13T17:55:44+00:00\",\"author\":{\"@id\":\"https:\/\/www.africa-press.net\/cameroun\/#\/schema\/person\/2b1cf3cd81a31e3cd26889ca66d677f1\"},\"description\":\"La ministre d\u00e9l\u00e9gu\u00e9 aupr\u00e8s du ministre de l\u2019Agriculture et du D\u00e9veloppement Rural, Cl\u00e9mentine Ananga Messina, d\u00e9c\u00e9d\u00e9e le ...\",\"breadcrumb\":{\"@id\":\"https:\/\/www.africa-press.net\/cameroun\/toutes-les-actualites\/obseques-de-ananga-messina-controverse-sur-le-lieu-de-linhumation-de-la-defunte-ministre-samuel-mvondo-ayolo-appele-a-la-rescousse#breadcrumb\"},\"inLanguage\":\"fr-FR\",\"potentialAction\":[{\"@type\":\"ReadAction\",\"target\":[\"https:\/\/www.africa-press.net\/cameroun\/toutes-les-actualites\/obseques-de-ananga-messina-controverse-sur-le-lieu-de-linhumation-de-la-defunte-ministre-samuel-mvondo-ayolo-appele-a-la-rescousse\"]}]},{\"@type\":\"ImageObject\",\"inLanguage\":\"fr-FR\",\"@id\":\"https:\/\/www.africa-press.net\/cameroun\/toutes-les-actualites\/obseques-de-ananga-messina-controverse-sur-le-lieu-de-linhumation-de-la-defunte-ministre-samuel-mvondo-ayolo-appele-a-la-rescousse#primaryimage\",\"url\":\"https:\/\/static.africa-press.net\/cameroun\/sites\/57\/2022\/09\/img-6320c3ca55daa.jpg\",\"contentUrl\":\"https:\/\/static.africa-press.net\/cameroun\/sites\/57\/2022\/09\/img-6320c3ca55daa.jpg\",\"width\":800,\"height\":600,\"caption\":\"Obs\u00e8ques de Ananga Messina: Controverse sur le lieu de l\u2019inhumation de la d\u00e9funte ministre, Samuel Mvondo Ayolo appel\u00e9 \u00e0 la rescousse\"},{\"@type\":\"BreadcrumbList\",\"@id\":\"https:\/\/www.africa-press.net\/cameroun\/toutes-les-actualites\/obseques-de-ananga-messina-controverse-sur-le-lieu-de-linhumation-de-la-defunte-ministre-samuel-mvondo-ayolo-appele-a-la-rescousse#breadcrumb\",\"itemListElement\":[{\"@type\":\"ListItem\",\"position\":1,\"name\":\"Accueil\",\"item\":\"https:\/\/www.africa-press.net\/cameroun\/\"},{\"@type\":\"ListItem\",\"position\":2,\"name\":\"Obs\u00e8ques de Ananga Messina: Controverse sur le lieu de l\u2019inhumation de la d\u00e9funte ministre, Samuel Mvondo Ayolo appel\u00e9 \u00e0 la rescousse\"}]},{\"@type\":\"WebSite\",\"@id\":\"https:\/\/www.africa-press.net\/cameroun\/#website\",\"url\":\"https:\/\/www.africa-press.net\/cameroun\/\",\"name\":\"Cameroun\",\"description\":\"Just another Africa News Agency Sites site\",\"potentialAction\":[{\"@type\":\"SearchAction\",\"target\":{\"@type\":\"EntryPoint\",\"urlTemplate\":\"https:\/\/www.africa-press.net\/cameroun\/?s={search_term_string}\"},\"query-input\":{\"@type\":\"PropertyValueSpecification\",\"valueRequired\":true,\"valueName\":\"search_term_string\"}}],\"inLanguage\":\"fr-FR\"},{\"@type\":\"Person\",\"@id\":\"https:\/\/www.africa-press.net\/cameroun\/#\/schema\/person\/2b1cf3cd81a31e3cd26889ca66d677f1\",\"name\":\"cfeditorfr\"}]}<\/script>\n<!-- \/ Yoast SEO Premium plugin. -->","yoast_head_json":{"title":"Obs\u00e8ques de Ananga Messina: Controverse sur le lieu de l\u2019inhumation de la d\u00e9funte ministre, Samuel Mvondo Ayolo appel\u00e9 \u00e0 la rescousse - Cameroun","description":"La ministre d\u00e9l\u00e9gu\u00e9 aupr\u00e8s du ministre de l\u2019Agriculture et du D\u00e9veloppement Rural, Cl\u00e9mentine Ananga Messina, d\u00e9c\u00e9d\u00e9e le ...","robots":{"index":"index","follow":"follow","max-snippet":"max-snippet:-1","max-image-preview":"max-image-preview:large","max-video-preview":"max-video-preview:-1"},"canonical":"https:\/\/www.africa-press.net\/cameroun\/toutes-les-actualites\/obseques-de-ananga-messina-controverse-sur-le-lieu-de-linhumation-de-la-defunte-ministre-samuel-mvondo-ayolo-appele-a-la-rescousse","og_locale":"fr_FR","og_type":"article","og_title":"Obs\u00e8ques de Ananga Messina: Controverse sur le lieu de l\u2019inhumation de la d\u00e9funte ministre, Samuel Mvondo Ayolo appel\u00e9 \u00e0 la rescousse","og_description":"La ministre d\u00e9l\u00e9gu\u00e9 aupr\u00e8s du ministre de l\u2019Agriculture et du D\u00e9veloppement Rural, Cl\u00e9mentine Ananga Messina, d\u00e9c\u00e9d\u00e9e le ...","og_url":"https:\/\/www.africa-press.net\/cameroun\/toutes-les-actualites\/obseques-de-ananga-messina-controverse-sur-le-lieu-de-linhumation-de-la-defunte-ministre-samuel-mvondo-ayolo-appele-a-la-rescousse","og_site_name":"Cameroun","article_published_time":"2022-09-13T15:41:39+00:00","article_modified_time":"2022-09-13T17:55:44+00:00","og_image":[{"width":800,"height":600,"url":"https:\/\/static.africa-press.net\/cameroun\/sites\/57\/2022\/09\/img-6320c3ca55daa.jpg","type":"image\/jpeg"}],"author":"cfeditorfr","twitter_card":"summary_large_image","twitter_misc":{"\u00c9crit par":"cfeditorfr","Dur\u00e9e de lecture estim\u00e9e":"3 minutes"},"schema":{"@context":"https:\/\/schema.org","@graph":[{"@type":"Article","@id":"https:\/\/www.africa-press.net\/cameroun\/toutes-les-actualites\/obseques-de-ananga-messina-controverse-sur-le-lieu-de-linhumation-de-la-defunte-ministre-samuel-mvondo-ayolo-appele-a-la-rescousse#article","isPartOf":{"@id":"https:\/\/www.africa-press.net\/cameroun\/toutes-les-actualites\/obseques-de-ananga-messina-controverse-sur-le-lieu-de-linhumation-de-la-defunte-ministre-samuel-mvondo-ayolo-appele-a-la-rescousse"},"author":{"name":"cfeditorfr","@id":"https:\/\/www.africa-press.net\/cameroun\/#\/schema\/person\/2b1cf3cd81a31e3cd26889ca66d677f1"},"headline":"Obs\u00e8ques de Ananga Messina: Controverse sur le lieu de l\u2019inhumation de la d\u00e9funte ministre, Samuel Mvondo Ayolo appel\u00e9 \u00e0 la rescousse","datePublished":"2022-09-13T15:41:39+00:00","dateModified":"2022-09-13T17:55:44+00:00","mainEntityOfPage":{"@id":"https:\/\/www.africa-press.net\/cameroun\/toutes-les-actualites\/obseques-de-ananga-messina-controverse-sur-le-lieu-de-linhumation-de-la-defunte-ministre-samuel-mvondo-ayolo-appele-a-la-rescousse"},"wordCount":472,"commentCount":0,"image":{"@id":"https:\/\/www.africa-press.net\/cameroun\/toutes-les-actualites\/obseques-de-ananga-messina-controverse-sur-le-lieu-de-linhumation-de-la-defunte-ministre-samuel-mvondo-ayolo-appele-a-la-rescousse#primaryimage"},"thumbnailUrl":"https:\/\/static.africa-press.net\/cameroun\/sites\/57\/2022\/09\/img-6320c3ca55daa.jpg","keywords":["Africa Press","Africa Press-Cameroun","Cameroun"],"articleSection":["Communaut\u00e9","homepage-french","Toutes les actualit\u00e9s"],"inLanguage":"fr-FR","potentialAction":[{"@type":"CommentAction","name":"Comment","target":["https:\/\/www.africa-press.net\/cameroun\/toutes-les-actualites\/obseques-de-ananga-messina-controverse-sur-le-lieu-de-linhumation-de-la-defunte-ministre-samuel-mvondo-ayolo-appele-a-la-rescousse#respond"]}]},{"@type":"WebPage","@id":"https:\/\/www.africa-press.net\/cameroun\/toutes-les-actualites\/obseques-de-ananga-messina-controverse-sur-le-lieu-de-linhumation-de-la-defunte-ministre-samuel-mvondo-ayolo-appele-a-la-rescousse","url":"https:\/\/www.africa-press.net\/cameroun\/toutes-les-actualites\/obseques-de-ananga-messina-controverse-sur-le-lieu-de-linhumation-de-la-defunte-ministre-samuel-mvondo-ayolo-appele-a-la-rescousse","name":"Obs\u00e8ques de Ananga Messina: Controverse sur le lieu de l\u2019inhumation de la d\u00e9funte ministre, Samuel Mvondo Ayolo appel\u00e9 \u00e0 la rescousse - Cameroun","isPartOf":{"@id":"https:\/\/www.africa-press.net\/cameroun\/#website"},"primaryImageOfPage":{"@id":"https:\/\/www.africa-press.net\/cameroun\/toutes-les-actualites\/obseques-de-ananga-messina-controverse-sur-le-lieu-de-linhumation-de-la-defunte-ministre-samuel-mvondo-ayolo-appele-a-la-rescousse#primaryimage"},"image":{"@id":"https:\/\/www.africa-press.net\/cameroun\/toutes-les-actualites\/obseques-de-ananga-messina-controverse-sur-le-lieu-de-linhumation-de-la-defunte-ministre-samuel-mvondo-ayolo-appele-a-la-rescousse#primaryimage"},"thumbnailUrl":"https:\/\/static.africa-press.net\/cameroun\/sites\/57\/2022\/09\/img-6320c3ca55daa.jpg","datePublished":"2022-09-13T15:41:39+00:00","dateModified":"2022-09-13T17:55:44+00:00","author":{"@id":"https:\/\/www.africa-press.net\/cameroun\/#\/schema\/person\/2b1cf3cd81a31e3cd26889ca66d677f1"},"description":"La ministre d\u00e9l\u00e9gu\u00e9 aupr\u00e8s du ministre de l\u2019Agriculture et du D\u00e9veloppement Rural, Cl\u00e9mentine Ananga Messina, d\u00e9c\u00e9d\u00e9e le ...","breadcrumb":{"@id":"https:\/\/www.africa-press.net\/cameroun\/toutes-les-actualites\/obseques-de-ananga-messina-controverse-sur-le-lieu-de-linhumation-de-la-defunte-ministre-samuel-mvondo-ayolo-appele-a-la-rescousse#breadcrumb"},"inLanguage":"fr-FR","potentialAction":[{"@type":"ReadAction","target":["https:\/\/www.africa-press.net\/cameroun\/toutes-les-actualites\/obseques-de-ananga-messina-controverse-sur-le-lieu-de-linhumation-de-la-defunte-ministre-samuel-mvondo-ayolo-appele-a-la-rescousse"]}]},{"@type":"ImageObject","inLanguage":"fr-FR","@id":"https:\/\/www.africa-press.net\/cameroun\/toutes-les-actualites\/obseques-de-ananga-messina-controverse-sur-le-lieu-de-linhumation-de-la-defunte-ministre-samuel-mvondo-ayolo-appele-a-la-rescousse#primaryimage","url":"https:\/\/static.africa-press.net\/cameroun\/sites\/57\/2022\/09\/img-6320c3ca55daa.jpg","contentUrl":"https:\/\/static.africa-press.net\/cameroun\/sites\/57\/2022\/09\/img-6320c3ca55daa.jpg","width":800,"height":600,"caption":"Obs\u00e8ques de Ananga Messina: Controverse sur le lieu de l\u2019inhumation de la d\u00e9funte ministre, Samuel Mvondo Ayolo appel\u00e9 \u00e0 la rescousse"},{"@type":"BreadcrumbList","@id":"https:\/\/www.africa-press.net\/cameroun\/toutes-les-actualites\/obseques-de-ananga-messina-controverse-sur-le-lieu-de-linhumation-de-la-defunte-ministre-samuel-mvondo-ayolo-appele-a-la-rescousse#breadcrumb","itemListElement":[{"@type":"ListItem","position":1,"name":"Accueil","item":"https:\/\/www.africa-press.net\/cameroun\/"},{"@type":"ListItem","position":2,"name":"Obs\u00e8ques de Ananga Messina: Controverse sur le lieu de l\u2019inhumation de la d\u00e9funte ministre, Samuel Mvondo Ayolo appel\u00e9 \u00e0 la rescousse"}]},{"@type":"WebSite","@id":"https:\/\/www.africa-press.net\/cameroun\/#website","url":"https:\/\/www.africa-press.net\/cameroun\/","name":"Cameroun","description":"Just another Africa News Agency Sites site","potentialAction":[{"@type":"SearchAction","target":{"@type":"EntryPoint","urlTemplate":"https:\/\/www.africa-press.net\/cameroun\/?s={search_term_string}"},"query-input":{"@type":"PropertyValueSpecification","valueRequired":true,"valueName":"search_term_string"}}],"inLanguage":"fr-FR"},{"@type":"Person","@id":"https:\/\/www.africa-press.net\/cameroun\/#\/schema\/person\/2b1cf3cd81a31e3cd26889ca66d677f1","name":"cfeditorfr"}]}},"_links":{"self":[{"href":"https:\/\/www.africa-press.net\/cameroun\/wp-json\/wp\/v2\/posts\/27277","targetHints":{"allow":["GET"]}}],"collection":[{"href":"https:\/\/www.africa-press.net\/cameroun\/wp-json\/wp\/v2\/posts"}],"about":[{"href":"https:\/\/www.africa-press.net\/cameroun\/wp-json\/wp\/v2\/types\/post"}],"author":[{"embeddable":true,"href":"https:\/\/www.africa-press.net\/cameroun\/wp-json\/wp\/v2\/users\/82"}],"replies":[{"embeddable":true,"href":"https:\/\/www.africa-press.net\/cameroun\/wp-json\/wp\/v2\/comments?post=27277"}],"version-history":[{"count":0,"href":"https:\/\/www.africa-press.net\/cameroun\/wp-json\/wp\/v2\/posts\/27277\/revisions"}],"wp:featuredmedia":[{"embeddable":true,"href":"https:\/\/www.africa-press.net\/cameroun\/wp-json\/wp\/v2\/media\/27276"}],"wp:attachment":[{"href":"https:\/\/www.africa-press.net\/cameroun\/wp-json\/wp\/v2\/media?parent=27277"}],"wp:term":[{"taxonomy":"category","embeddable":true,"href":"https:\/\/www.africa-press.net\/cameroun\/wp-json\/wp\/v2\/categories?post=27277"},{"taxonomy":"post_tag","embeddable":true,"href":"https:\/\/www.africa-press.net\/cameroun\/wp-json\/wp\/v2\/tags?post=27277"}],"curies":[{"name":"wp","href":"https:\/\/api.w.org\/{rel}","templated":true}]}}