{"id":27280,"date":"2022-09-13T15:46:13","date_gmt":"2022-09-13T15:46:13","guid":{"rendered":"https:\/\/www.africa-press.net\/cameroun\/politique\/polemique-accuse-detre-le-ngoh-ngoh-du-mrc-le-secretaire-general-adjoint-se-defend"},"modified":"2022-09-13T17:56:56","modified_gmt":"2022-09-13T17:56:56","slug":"polemique-accuse-detre-le-ngoh-ngoh-du-mrc-le-secretaire-general-adjoint-se-defend","status":"publish","type":"post","link":"https:\/\/www.africa-press.net\/cameroun\/politique\/polemique-accuse-detre-le-ngoh-ngoh-du-mrc-le-secretaire-general-adjoint-se-defend","title":{"rendered":"Pol\u00e9mique: Accus\u00e9 d\u2019\u00eatre \u00abLe Ngoh Ngoh du MRC\u00bb, le secr\u00e9taire g\u00e9n\u00e9ral adjoint se d\u00e9fend"},"content":{"rendered":"<p><span style=\"color: #ff6600\"><strong>Africa-Press &#8211; Cameroun. <\/strong><\/span>Nous sommes le 12 Septembre 2022 dans les studios d\u2019ABK Radio, une antenne qui \u00e9met de Douala. Roger Justin Noah, le secr\u00e9taire g\u00e9n\u00e9ral adjoint du Mouvement pour la Renaissance du Cameroun (MRC) r\u00e9pond aux questions des animateurs de la matinale. L\u2019un d\u2019eux rapporte, citant d\u2019anciens militants du MRC, que <b>\u00ab c\u2019est lui qui dirige m\u00eame contre la volont\u00e9 de Maurice Kamto. C\u2019est lui qui prend des d\u00e9cisions. Il est index\u00e9 \u00e0 chaque fois \u00bb<\/b>, puis encha\u00eene : <b>\u00ab est-ce que vous \u00eates le Ngoh Ngoh du MRC ? \u00bb <\/b>R\u00e9ponse de l\u2019opposant : <b>\u00ab Non ! Je m\u2018appelle Roger Justin Noah. Je ne m\u2019appelle pas Ngoh Ngoh. Je ne le connais pas, je ne l\u2019ai jamais rencontr\u00e9. Je ne saurais avoir ses habitudes. Disons tout simplement que nous agissons toujours dans le strict respect des textes de base du parti. Notamment les statuts et le r\u00e8glement int\u00e9rieur. Je ne suis que le secr\u00e9taire g\u00e9n\u00e9ral adjoint. Cela veut dire que j\u2019ai un chef qui est le secr\u00e9taire g\u00e9n\u00e9ral. Comment penser que je puisse, moi, \u00e0 ce niveau de responsabilit\u00e9 prendre des d\u00e9cisions qui impactent le parti sans que la hi\u00e9rarchie n\u2019ait donn\u00e9 son accord ? Ce n\u2019est pas possible \u00bb.<\/b><\/p>\n<p>Roger Justin Noah a rep\u00e9r\u00e9 l\u2019ancien membre du MRC qui serait le plus virulent envers lui. Il assure qu\u2019il n\u2019est qu\u2019un ex\u00e9cutant, un responsable qui ne fait que son travail \u00e0 savoir appliquer les d\u00e9cisions prises en haut lieu<b>. \u00ab C\u2019est tout simplement de la mauvaise foi. Encore que je pense que celui qui le dit le plus et qui d\u2019ailleurs m\u2019a toujours trait\u00e9 de tous les noms d\u2019oiseaux dans les m\u00e9dias, c\u2019est Alex Nguepi. Tous savent tr\u00e8s bien que je ne suis pas l\u2019homme \u00e0 abattre. J\u2019applique uniquement les mesures prises par la hi\u00e9rarchie. C\u2019est cela notre r\u00f4le de secr\u00e9taire g\u00e9n\u00e9ral. Donc, je suis l\u2019arme op\u00e9rationnelle. Lorsque la hi\u00e9rarchie a pris une d\u00e9cision, il nous revient, au secr\u00e9tariat g\u00e9n\u00e9ral, de faire appliquer cette d\u00e9cision-l\u00e0 par tous les moyens. Et moi, je n\u2019ai pas de probl\u00e8mes \u00e0 ce qu\u2019on me traite de tous les noms d\u2019oiseaux alors que j\u2019applique les d\u00e9cisions. Je suis tr\u00e8s droit dans mes bottes \u00bb<\/b>, r\u00e9agit-il.<\/p>\n<p><strong>Pour plus d&rsquo;informations et d&rsquo;analyses sur la <a href=\"https:\/\/www.africa-press.net\/cameroun\">Cameroun<\/a>, suivez <a href=\"https:\/\/www.africa-press.net\/\">Africa-Press<\/a><\/strong><\/p>\n","protected":false},"excerpt":{"rendered":"<p>Africa-Press &#8211; Cameroun. Nous sommes le 12 Septembre 2022 dans les studios d\u2019ABK Radio, une antenne qui \u00e9met de Douala. Roger Justin Noah, le secr\u00e9taire g\u00e9n\u00e9ral adjoint du Mouvement pour la Renaissance du Cameroun (MRC) r\u00e9pond aux questions des animateurs de la matinale. L\u2019un d\u2019eux rapporte, citant d\u2019anciens militants du MRC, que \u00ab c\u2019est lui [&hellip;]<\/p>\n","protected":false},"author":82,"featured_media":27279,"comment_status":"open","ping_status":"closed","sticky":false,"template":"","format":"standard","meta":{"footnotes":""},"categories":[11,2,10],"tags":[36,50,49],"class_list":["post-27280","post","type-post","status-publish","format-standard","has-post-thumbnail","hentry","category-homepage-french","category-politique","category-toutes-les-actualites","tag-africa-press","tag-africa-press-cameroun","tag-cameroun"],"yoast_head":"<!-- This site is optimized with the Yoast SEO Premium plugin v26.1 (Yoast SEO v27.0) - https:\/\/yoast.com\/product\/yoast-seo-premium-wordpress\/ -->\n<title>Pol\u00e9mique: Accus\u00e9 d\u2019\u00eatre \u00abLe Ngoh Ngoh du MRC\u00bb, le secr\u00e9taire g\u00e9n\u00e9ral adjoint se d\u00e9fend - Cameroun<\/title>\n<meta name=\"description\" content=\"Nous sommes le 12 Septembre 2022 dans les studios d\u2019ABK Radio, une antenne qui \u00e9met de Douala. Roger Justin Noah, le sec ...\" \/>\n<meta name=\"robots\" content=\"index, follow, max-snippet:-1, max-image-preview:large, max-video-preview:-1\" \/>\n<link rel=\"canonical\" href=\"https:\/\/www.africa-press.net\/cameroun\/politique\/polemique-accuse-detre-le-ngoh-ngoh-du-mrc-le-secretaire-general-adjoint-se-defend\" \/>\n<meta property=\"og:locale\" content=\"fr_FR\" \/>\n<meta property=\"og:type\" content=\"article\" \/>\n<meta property=\"og:title\" content=\"Pol\u00e9mique: Accus\u00e9 d\u2019\u00eatre \u00abLe Ngoh Ngoh du MRC\u00bb, le secr\u00e9taire g\u00e9n\u00e9ral adjoint se d\u00e9fend\" \/>\n<meta property=\"og:description\" content=\"Nous sommes le 12 Septembre 2022 dans les studios d\u2019ABK Radio, une antenne qui \u00e9met de Douala. Roger Justin Noah, le sec ...\" \/>\n<meta property=\"og:url\" content=\"https:\/\/www.africa-press.net\/cameroun\/politique\/polemique-accuse-detre-le-ngoh-ngoh-du-mrc-le-secretaire-general-adjoint-se-defend\" \/>\n<meta property=\"og:site_name\" content=\"Cameroun\" \/>\n<meta property=\"article:published_time\" content=\"2022-09-13T15:46:13+00:00\" \/>\n<meta property=\"article:modified_time\" content=\"2022-09-13T17:56:56+00:00\" \/>\n<meta property=\"og:image\" content=\"https:\/\/static.africa-press.net\/cameroun\/sites\/57\/2022\/09\/img-6320c42f5e784.jpg\" \/>\n\t<meta property=\"og:image:width\" content=\"800\" \/>\n\t<meta property=\"og:image:height\" content=\"648\" \/>\n\t<meta property=\"og:image:type\" content=\"image\/jpeg\" \/>\n<meta name=\"author\" content=\"cfeditorfr\" \/>\n<meta name=\"twitter:card\" content=\"summary_large_image\" \/>\n<meta name=\"twitter:label1\" content=\"\u00c9crit par\" \/>\n\t<meta name=\"twitter:data1\" content=\"cfeditorfr\" \/>\n\t<meta name=\"twitter:label2\" content=\"Dur\u00e9e de lecture estim\u00e9e\" \/>\n\t<meta name=\"twitter:data2\" content=\"2 minutes\" \/>\n<script type=\"application\/ld+json\" class=\"yoast-schema-graph\">{\"@context\":\"https:\/\/schema.org\",\"@graph\":[{\"@type\":\"Article\",\"@id\":\"https:\/\/www.africa-press.net\/cameroun\/politique\/polemique-accuse-detre-le-ngoh-ngoh-du-mrc-le-secretaire-general-adjoint-se-defend#article\",\"isPartOf\":{\"@id\":\"https:\/\/www.africa-press.net\/cameroun\/politique\/polemique-accuse-detre-le-ngoh-ngoh-du-mrc-le-secretaire-general-adjoint-se-defend\"},\"author\":{\"name\":\"cfeditorfr\",\"@id\":\"https:\/\/www.africa-press.net\/cameroun\/#\/schema\/person\/2b1cf3cd81a31e3cd26889ca66d677f1\"},\"headline\":\"Pol\u00e9mique: Accus\u00e9 d\u2019\u00eatre \u00abLe Ngoh Ngoh du MRC\u00bb, le secr\u00e9taire g\u00e9n\u00e9ral adjoint se d\u00e9fend\",\"datePublished\":\"2022-09-13T15:46:13+00:00\",\"dateModified\":\"2022-09-13T17:56:56+00:00\",\"mainEntityOfPage\":{\"@id\":\"https:\/\/www.africa-press.net\/cameroun\/politique\/polemique-accuse-detre-le-ngoh-ngoh-du-mrc-le-secretaire-general-adjoint-se-defend\"},\"wordCount\":443,\"commentCount\":0,\"image\":{\"@id\":\"https:\/\/www.africa-press.net\/cameroun\/politique\/polemique-accuse-detre-le-ngoh-ngoh-du-mrc-le-secretaire-general-adjoint-se-defend#primaryimage\"},\"thumbnailUrl\":\"https:\/\/static.africa-press.net\/cameroun\/sites\/57\/2022\/09\/img-6320c42f5e784.jpg\",\"keywords\":[\"Africa Press\",\"Africa Press-Cameroun\",\"Cameroun\"],\"articleSection\":[\"homepage-french\",\"Politique\",\"Toutes les actualit\u00e9s\"],\"inLanguage\":\"fr-FR\",\"potentialAction\":[{\"@type\":\"CommentAction\",\"name\":\"Comment\",\"target\":[\"https:\/\/www.africa-press.net\/cameroun\/politique\/polemique-accuse-detre-le-ngoh-ngoh-du-mrc-le-secretaire-general-adjoint-se-defend#respond\"]}]},{\"@type\":\"WebPage\",\"@id\":\"https:\/\/www.africa-press.net\/cameroun\/politique\/polemique-accuse-detre-le-ngoh-ngoh-du-mrc-le-secretaire-general-adjoint-se-defend\",\"url\":\"https:\/\/www.africa-press.net\/cameroun\/politique\/polemique-accuse-detre-le-ngoh-ngoh-du-mrc-le-secretaire-general-adjoint-se-defend\",\"name\":\"Pol\u00e9mique: Accus\u00e9 d\u2019\u00eatre \u00abLe Ngoh Ngoh du MRC\u00bb, le secr\u00e9taire g\u00e9n\u00e9ral adjoint se d\u00e9fend - Cameroun\",\"isPartOf\":{\"@id\":\"https:\/\/www.africa-press.net\/cameroun\/#website\"},\"primaryImageOfPage\":{\"@id\":\"https:\/\/www.africa-press.net\/cameroun\/politique\/polemique-accuse-detre-le-ngoh-ngoh-du-mrc-le-secretaire-general-adjoint-se-defend#primaryimage\"},\"image\":{\"@id\":\"https:\/\/www.africa-press.net\/cameroun\/politique\/polemique-accuse-detre-le-ngoh-ngoh-du-mrc-le-secretaire-general-adjoint-se-defend#primaryimage\"},\"thumbnailUrl\":\"https:\/\/static.africa-press.net\/cameroun\/sites\/57\/2022\/09\/img-6320c42f5e784.jpg\",\"datePublished\":\"2022-09-13T15:46:13+00:00\",\"dateModified\":\"2022-09-13T17:56:56+00:00\",\"author\":{\"@id\":\"https:\/\/www.africa-press.net\/cameroun\/#\/schema\/person\/2b1cf3cd81a31e3cd26889ca66d677f1\"},\"description\":\"Nous sommes le 12 Septembre 2022 dans les studios d\u2019ABK Radio, une antenne qui \u00e9met de Douala. Roger Justin Noah, le sec ...\",\"breadcrumb\":{\"@id\":\"https:\/\/www.africa-press.net\/cameroun\/politique\/polemique-accuse-detre-le-ngoh-ngoh-du-mrc-le-secretaire-general-adjoint-se-defend#breadcrumb\"},\"inLanguage\":\"fr-FR\",\"potentialAction\":[{\"@type\":\"ReadAction\",\"target\":[\"https:\/\/www.africa-press.net\/cameroun\/politique\/polemique-accuse-detre-le-ngoh-ngoh-du-mrc-le-secretaire-general-adjoint-se-defend\"]}]},{\"@type\":\"ImageObject\",\"inLanguage\":\"fr-FR\",\"@id\":\"https:\/\/www.africa-press.net\/cameroun\/politique\/polemique-accuse-detre-le-ngoh-ngoh-du-mrc-le-secretaire-general-adjoint-se-defend#primaryimage\",\"url\":\"https:\/\/static.africa-press.net\/cameroun\/sites\/57\/2022\/09\/img-6320c42f5e784.jpg\",\"contentUrl\":\"https:\/\/static.africa-press.net\/cameroun\/sites\/57\/2022\/09\/img-6320c42f5e784.jpg\",\"width\":800,\"height\":648,\"caption\":\"Pol\u00e9mique: Accus\u00e9 d\u2019\u00eatre \u00abLe Ngoh Ngoh du MRC\u00bb, le secr\u00e9taire g\u00e9n\u00e9ral adjoint se d\u00e9fend\"},{\"@type\":\"BreadcrumbList\",\"@id\":\"https:\/\/www.africa-press.net\/cameroun\/politique\/polemique-accuse-detre-le-ngoh-ngoh-du-mrc-le-secretaire-general-adjoint-se-defend#breadcrumb\",\"itemListElement\":[{\"@type\":\"ListItem\",\"position\":1,\"name\":\"Accueil\",\"item\":\"https:\/\/www.africa-press.net\/cameroun\/\"},{\"@type\":\"ListItem\",\"position\":2,\"name\":\"Pol\u00e9mique: Accus\u00e9 d\u2019\u00eatre \u00abLe Ngoh Ngoh du MRC\u00bb, le secr\u00e9taire g\u00e9n\u00e9ral adjoint se d\u00e9fend\"}]},{\"@type\":\"WebSite\",\"@id\":\"https:\/\/www.africa-press.net\/cameroun\/#website\",\"url\":\"https:\/\/www.africa-press.net\/cameroun\/\",\"name\":\"Cameroun\",\"description\":\"Just another Africa News Agency Sites site\",\"potentialAction\":[{\"@type\":\"SearchAction\",\"target\":{\"@type\":\"EntryPoint\",\"urlTemplate\":\"https:\/\/www.africa-press.net\/cameroun\/?s={search_term_string}\"},\"query-input\":{\"@type\":\"PropertyValueSpecification\",\"valueRequired\":true,\"valueName\":\"search_term_string\"}}],\"inLanguage\":\"fr-FR\"},{\"@type\":\"Person\",\"@id\":\"https:\/\/www.africa-press.net\/cameroun\/#\/schema\/person\/2b1cf3cd81a31e3cd26889ca66d677f1\",\"name\":\"cfeditorfr\"}]}<\/script>\n<!-- \/ Yoast SEO Premium plugin. -->","yoast_head_json":{"title":"Pol\u00e9mique: Accus\u00e9 d\u2019\u00eatre \u00abLe Ngoh Ngoh du MRC\u00bb, le secr\u00e9taire g\u00e9n\u00e9ral adjoint se d\u00e9fend - Cameroun","description":"Nous sommes le 12 Septembre 2022 dans les studios d\u2019ABK Radio, une antenne qui \u00e9met de Douala. Roger Justin Noah, le sec ...","robots":{"index":"index","follow":"follow","max-snippet":"max-snippet:-1","max-image-preview":"max-image-preview:large","max-video-preview":"max-video-preview:-1"},"canonical":"https:\/\/www.africa-press.net\/cameroun\/politique\/polemique-accuse-detre-le-ngoh-ngoh-du-mrc-le-secretaire-general-adjoint-se-defend","og_locale":"fr_FR","og_type":"article","og_title":"Pol\u00e9mique: Accus\u00e9 d\u2019\u00eatre \u00abLe Ngoh Ngoh du MRC\u00bb, le secr\u00e9taire g\u00e9n\u00e9ral adjoint se d\u00e9fend","og_description":"Nous sommes le 12 Septembre 2022 dans les studios d\u2019ABK Radio, une antenne qui \u00e9met de Douala. Roger Justin Noah, le sec ...","og_url":"https:\/\/www.africa-press.net\/cameroun\/politique\/polemique-accuse-detre-le-ngoh-ngoh-du-mrc-le-secretaire-general-adjoint-se-defend","og_site_name":"Cameroun","article_published_time":"2022-09-13T15:46:13+00:00","article_modified_time":"2022-09-13T17:56:56+00:00","og_image":[{"width":800,"height":648,"url":"https:\/\/static.africa-press.net\/cameroun\/sites\/57\/2022\/09\/img-6320c42f5e784.jpg","type":"image\/jpeg"}],"author":"cfeditorfr","twitter_card":"summary_large_image","twitter_misc":{"\u00c9crit par":"cfeditorfr","Dur\u00e9e de lecture estim\u00e9e":"2 minutes"},"schema":{"@context":"https:\/\/schema.org","@graph":[{"@type":"Article","@id":"https:\/\/www.africa-press.net\/cameroun\/politique\/polemique-accuse-detre-le-ngoh-ngoh-du-mrc-le-secretaire-general-adjoint-se-defend#article","isPartOf":{"@id":"https:\/\/www.africa-press.net\/cameroun\/politique\/polemique-accuse-detre-le-ngoh-ngoh-du-mrc-le-secretaire-general-adjoint-se-defend"},"author":{"name":"cfeditorfr","@id":"https:\/\/www.africa-press.net\/cameroun\/#\/schema\/person\/2b1cf3cd81a31e3cd26889ca66d677f1"},"headline":"Pol\u00e9mique: Accus\u00e9 d\u2019\u00eatre \u00abLe Ngoh Ngoh du MRC\u00bb, le secr\u00e9taire g\u00e9n\u00e9ral adjoint se d\u00e9fend","datePublished":"2022-09-13T15:46:13+00:00","dateModified":"2022-09-13T17:56:56+00:00","mainEntityOfPage":{"@id":"https:\/\/www.africa-press.net\/cameroun\/politique\/polemique-accuse-detre-le-ngoh-ngoh-du-mrc-le-secretaire-general-adjoint-se-defend"},"wordCount":443,"commentCount":0,"image":{"@id":"https:\/\/www.africa-press.net\/cameroun\/politique\/polemique-accuse-detre-le-ngoh-ngoh-du-mrc-le-secretaire-general-adjoint-se-defend#primaryimage"},"thumbnailUrl":"https:\/\/static.africa-press.net\/cameroun\/sites\/57\/2022\/09\/img-6320c42f5e784.jpg","keywords":["Africa Press","Africa Press-Cameroun","Cameroun"],"articleSection":["homepage-french","Politique","Toutes les actualit\u00e9s"],"inLanguage":"fr-FR","potentialAction":[{"@type":"CommentAction","name":"Comment","target":["https:\/\/www.africa-press.net\/cameroun\/politique\/polemique-accuse-detre-le-ngoh-ngoh-du-mrc-le-secretaire-general-adjoint-se-defend#respond"]}]},{"@type":"WebPage","@id":"https:\/\/www.africa-press.net\/cameroun\/politique\/polemique-accuse-detre-le-ngoh-ngoh-du-mrc-le-secretaire-general-adjoint-se-defend","url":"https:\/\/www.africa-press.net\/cameroun\/politique\/polemique-accuse-detre-le-ngoh-ngoh-du-mrc-le-secretaire-general-adjoint-se-defend","name":"Pol\u00e9mique: Accus\u00e9 d\u2019\u00eatre \u00abLe Ngoh Ngoh du MRC\u00bb, le secr\u00e9taire g\u00e9n\u00e9ral adjoint se d\u00e9fend - Cameroun","isPartOf":{"@id":"https:\/\/www.africa-press.net\/cameroun\/#website"},"primaryImageOfPage":{"@id":"https:\/\/www.africa-press.net\/cameroun\/politique\/polemique-accuse-detre-le-ngoh-ngoh-du-mrc-le-secretaire-general-adjoint-se-defend#primaryimage"},"image":{"@id":"https:\/\/www.africa-press.net\/cameroun\/politique\/polemique-accuse-detre-le-ngoh-ngoh-du-mrc-le-secretaire-general-adjoint-se-defend#primaryimage"},"thumbnailUrl":"https:\/\/static.africa-press.net\/cameroun\/sites\/57\/2022\/09\/img-6320c42f5e784.jpg","datePublished":"2022-09-13T15:46:13+00:00","dateModified":"2022-09-13T17:56:56+00:00","author":{"@id":"https:\/\/www.africa-press.net\/cameroun\/#\/schema\/person\/2b1cf3cd81a31e3cd26889ca66d677f1"},"description":"Nous sommes le 12 Septembre 2022 dans les studios d\u2019ABK Radio, une antenne qui \u00e9met de Douala. Roger Justin Noah, le sec ...","breadcrumb":{"@id":"https:\/\/www.africa-press.net\/cameroun\/politique\/polemique-accuse-detre-le-ngoh-ngoh-du-mrc-le-secretaire-general-adjoint-se-defend#breadcrumb"},"inLanguage":"fr-FR","potentialAction":[{"@type":"ReadAction","target":["https:\/\/www.africa-press.net\/cameroun\/politique\/polemique-accuse-detre-le-ngoh-ngoh-du-mrc-le-secretaire-general-adjoint-se-defend"]}]},{"@type":"ImageObject","inLanguage":"fr-FR","@id":"https:\/\/www.africa-press.net\/cameroun\/politique\/polemique-accuse-detre-le-ngoh-ngoh-du-mrc-le-secretaire-general-adjoint-se-defend#primaryimage","url":"https:\/\/static.africa-press.net\/cameroun\/sites\/57\/2022\/09\/img-6320c42f5e784.jpg","contentUrl":"https:\/\/static.africa-press.net\/cameroun\/sites\/57\/2022\/09\/img-6320c42f5e784.jpg","width":800,"height":648,"caption":"Pol\u00e9mique: Accus\u00e9 d\u2019\u00eatre \u00abLe Ngoh Ngoh du MRC\u00bb, le secr\u00e9taire g\u00e9n\u00e9ral adjoint se d\u00e9fend"},{"@type":"BreadcrumbList","@id":"https:\/\/www.africa-press.net\/cameroun\/politique\/polemique-accuse-detre-le-ngoh-ngoh-du-mrc-le-secretaire-general-adjoint-se-defend#breadcrumb","itemListElement":[{"@type":"ListItem","position":1,"name":"Accueil","item":"https:\/\/www.africa-press.net\/cameroun\/"},{"@type":"ListItem","position":2,"name":"Pol\u00e9mique: Accus\u00e9 d\u2019\u00eatre \u00abLe Ngoh Ngoh du MRC\u00bb, le secr\u00e9taire g\u00e9n\u00e9ral adjoint se d\u00e9fend"}]},{"@type":"WebSite","@id":"https:\/\/www.africa-press.net\/cameroun\/#website","url":"https:\/\/www.africa-press.net\/cameroun\/","name":"Cameroun","description":"Just another Africa News Agency Sites site","potentialAction":[{"@type":"SearchAction","target":{"@type":"EntryPoint","urlTemplate":"https:\/\/www.africa-press.net\/cameroun\/?s={search_term_string}"},"query-input":{"@type":"PropertyValueSpecification","valueRequired":true,"valueName":"search_term_string"}}],"inLanguage":"fr-FR"},{"@type":"Person","@id":"https:\/\/www.africa-press.net\/cameroun\/#\/schema\/person\/2b1cf3cd81a31e3cd26889ca66d677f1","name":"cfeditorfr"}]}},"_links":{"self":[{"href":"https:\/\/www.africa-press.net\/cameroun\/wp-json\/wp\/v2\/posts\/27280","targetHints":{"allow":["GET"]}}],"collection":[{"href":"https:\/\/www.africa-press.net\/cameroun\/wp-json\/wp\/v2\/posts"}],"about":[{"href":"https:\/\/www.africa-press.net\/cameroun\/wp-json\/wp\/v2\/types\/post"}],"author":[{"embeddable":true,"href":"https:\/\/www.africa-press.net\/cameroun\/wp-json\/wp\/v2\/users\/82"}],"replies":[{"embeddable":true,"href":"https:\/\/www.africa-press.net\/cameroun\/wp-json\/wp\/v2\/comments?post=27280"}],"version-history":[{"count":0,"href":"https:\/\/www.africa-press.net\/cameroun\/wp-json\/wp\/v2\/posts\/27280\/revisions"}],"wp:featuredmedia":[{"embeddable":true,"href":"https:\/\/www.africa-press.net\/cameroun\/wp-json\/wp\/v2\/media\/27279"}],"wp:attachment":[{"href":"https:\/\/www.africa-press.net\/cameroun\/wp-json\/wp\/v2\/media?parent=27280"}],"wp:term":[{"taxonomy":"category","embeddable":true,"href":"https:\/\/www.africa-press.net\/cameroun\/wp-json\/wp\/v2\/categories?post=27280"},{"taxonomy":"post_tag","embeddable":true,"href":"https:\/\/www.africa-press.net\/cameroun\/wp-json\/wp\/v2\/tags?post=27280"}],"curies":[{"name":"wp","href":"https:\/\/api.w.org\/{rel}","templated":true}]}}