{"id":27283,"date":"2022-09-13T15:58:24","date_gmt":"2022-09-13T15:58:24","guid":{"rendered":"https:\/\/www.africa-press.net\/cameroun\/politique\/cameroun-promotion-de-lexcellence-academique-the-okwelians-lance-un-appel-a-candidatures"},"modified":"2022-09-13T17:58:16","modified_gmt":"2022-09-13T17:58:16","slug":"cameroun-promotion-de-lexcellence-academique-the-okwelians-lance-un-appel-a-candidatures","status":"publish","type":"post","link":"https:\/\/www.africa-press.net\/cameroun\/toutes-les-actualites\/cameroun-promotion-de-lexcellence-academique-the-okwelians-lance-un-appel-a-candidatures","title":{"rendered":"Cameroun-Promotion de l\u2019excellence acad\u00e9mique : The Okwelians lance un appel \u00e0 candidatures"},"content":{"rendered":"<p><span style=\"color: #ff6600\"><strong>Africa-Press &#8211; Cameroun. <\/strong><\/span><b>Le Think Do Tank The Okwelians lance la deuxi\u00e8me Edition de son programme 0\u2019100. C\u2019est par un appel \u00e0 candidatures qui va du 11 aout au 13 octobre 2022.<\/b><\/p>\n<p>L\u2019objectif de ce programme est de promouvoir l\u2019excellence acad\u00e9mique et l\u2019engagement citoyen dans la d\u00e9marche d\u2019employabilit\u00e9 des jeunes au Cameroun.<\/p>\n<p><b>100 !<\/b><\/p>\n<p>C\u2019est le nombre d\u2019\u00e9tudiants qui seront s\u00e9lectionn\u00e9s parmi ceux qui auront pr\u00e9sent\u00e9 leurs candidatures, le mois prochain. Seulement, les candidats devront r\u00e9pondre \u00e0 certains crit\u00e8res.<\/p>\n<p>Entre-autres, avoir une moyenne sup\u00e9rieure ou \u00e9gale \u00e0 14\/20, avoir le statut d\u2019\u00e9tudiant dans une universit\u00e9 ou \u00e9cole camerounaise durant l\u2019ann\u00e9e acad\u00e9mique 2021-2022, \u00eatre en cursus BTS, Licence, Master, Ing\u00e9nieur, M\u00e9decine ou tout autre dipl\u00f4me, pr\u00e9senter une recommandation \u00e9crite par un r\u00e9f\u00e9rent acad\u00e9mique, professionnel ou associatif, disposer de dipl\u00f4mes attestant de son excellence acad\u00e9mique, avoir un engagement actif dans la soci\u00e9t\u00e9 et avoir sign\u00e9 la d\u00e9claration sur l\u2019honneur de l\u2019exactitude des informations fournies. De plus, un test de culture g\u00e9n\u00e9rale va compl\u00e9ter le processus de s\u00e9lection.<\/p>\n<p>Le classement final des laur\u00e9ats sera annonc\u00e9 le 27 octobre 2022. Ceux-ci vont b\u00e9n\u00e9ficier d\u2019un suivi particulier. \u00ab Notamment d\u2019un programme de mentoring, de formations digitales et en pr\u00e9sentiel, d\u2019un stage en entreprise, d\u2019un abonnement annuel \u00e0 une m\u00e9diath\u00e8que ainsi que d\u2019un acc\u00e8s \u00e0 des informations certifiantes \u00bb, pr\u00e9cise le communiqu\u00e9 de presse relatif au programme.<\/p>\n<p>\u00ab S\u2019attaquer \u00e0 la question d\u2019employabilit\u00e9 est essentiel pour garantir que la prochaine g\u00e9n\u00e9ration de camerounais prenne pleinement sa place dans la soci\u00e9t\u00e9. Et, le faire d\u2019une mani\u00e8re qui r\u00e9compense l\u2019excellence remet le travail et la discipline au centre de la r\u00e9ussite \u00bb, rappelle Jessica KONTCHOU, Co-Directrice des programmes Jeunesse (HUB) The Okwelians. La jeunesse devant assurer la rel\u00e8ve d\u2019une nation, les questions d\u2019emplois et d\u2019int\u00e9gration sociale restent pr\u00e9occupantes pour les pouvoirs publics.<\/p>\n<p>The O\u2019100, un classement annuel national qui ambitionne de valoriser les \u00e9tudiants du Cameroun qui se distinguent par leur excellence acad\u00e9mique et leur engagement dans la soci\u00e9t\u00e9 camerounaise. Pour cette deuxi\u00e8me \u00e9dition Gabriel Fopa, Directeur G\u00e9n\u00e9ral de ITGSTORE S.A succ\u00e8de \u00e0 Pierre De Ga\u00e9tan NJIKAM Directeur G\u00e9n\u00e9ral du Fonds de dotation Pierre Castel \u2013 Agir avec l\u2019Afrique, en qualit\u00e9 de parrain.<\/p>\n<p><strong>Pour plus d&rsquo;informations et d&rsquo;analyses sur la <a href=\"https:\/\/www.africa-press.net\/cameroun\">Cameroun<\/a>, suivez <a href=\"https:\/\/www.africa-press.net\/\">Africa-Press<\/a><\/strong><\/p>\n","protected":false},"excerpt":{"rendered":"<p>Africa-Press &#8211; Cameroun. Le Think Do Tank The Okwelians lance la deuxi\u00e8me Edition de son programme 0\u2019100. C\u2019est par un appel \u00e0 candidatures qui va du 11 aout au 13 octobre 2022. L\u2019objectif de ce programme est de promouvoir l\u2019excellence acad\u00e9mique et l\u2019engagement citoyen dans la d\u00e9marche d\u2019employabilit\u00e9 des jeunes au Cameroun. 100 ! C\u2019est [&hellip;]<\/p>\n","protected":false},"author":82,"featured_media":27282,"comment_status":"open","ping_status":"closed","sticky":false,"template":"","format":"standard","meta":{"footnotes":""},"categories":[21,11,10],"tags":[36,50,49],"class_list":["post-27283","post","type-post","status-publish","format-standard","has-post-thumbnail","hentry","category-communaute","category-homepage-french","category-toutes-les-actualites","tag-africa-press","tag-africa-press-cameroun","tag-cameroun"],"yoast_head":"<!-- This site is optimized with the Yoast SEO Premium plugin v26.1 (Yoast SEO v27.0) - https:\/\/yoast.com\/product\/yoast-seo-premium-wordpress\/ -->\n<title>Cameroun-Promotion de l\u2019excellence acad\u00e9mique : The Okwelians lance un appel \u00e0 candidatures - Cameroun<\/title>\n<meta name=\"description\" content=\"Le Think Do Tank The Okwelians lance la deuxi\u00e8me Edition de son programme 0\u2019100. C\u2019est par un appel \u00e0 candidatures qu ...\" \/>\n<meta name=\"robots\" content=\"index, follow, max-snippet:-1, max-image-preview:large, max-video-preview:-1\" \/>\n<link rel=\"canonical\" href=\"https:\/\/www.africa-press.net\/cameroun\/toutes-les-actualites\/cameroun-promotion-de-lexcellence-academique-the-okwelians-lance-un-appel-a-candidatures\" \/>\n<meta property=\"og:locale\" content=\"fr_FR\" \/>\n<meta property=\"og:type\" content=\"article\" \/>\n<meta property=\"og:title\" content=\"Cameroun-Promotion de l\u2019excellence acad\u00e9mique : The Okwelians lance un appel \u00e0 candidatures\" \/>\n<meta property=\"og:description\" content=\"Le Think Do Tank The Okwelians lance la deuxi\u00e8me Edition de son programme 0\u2019100. C\u2019est par un appel \u00e0 candidatures qu ...\" \/>\n<meta property=\"og:url\" content=\"https:\/\/www.africa-press.net\/cameroun\/toutes-les-actualites\/cameroun-promotion-de-lexcellence-academique-the-okwelians-lance-un-appel-a-candidatures\" \/>\n<meta property=\"og:site_name\" content=\"Cameroun\" \/>\n<meta property=\"article:published_time\" content=\"2022-09-13T15:58:24+00:00\" \/>\n<meta property=\"article:modified_time\" content=\"2022-09-13T17:58:16+00:00\" \/>\n<meta property=\"og:image\" content=\"https:\/\/static.africa-press.net\/cameroun\/sites\/57\/2022\/09\/img-6320c47426ca9.jpg\" \/>\n\t<meta property=\"og:image:width\" content=\"1080\" \/>\n\t<meta property=\"og:image:height\" content=\"719\" \/>\n\t<meta property=\"og:image:type\" content=\"image\/jpeg\" \/>\n<meta name=\"author\" content=\"cfeditorfr\" \/>\n<meta name=\"twitter:card\" content=\"summary_large_image\" \/>\n<meta name=\"twitter:label1\" content=\"\u00c9crit par\" \/>\n\t<meta name=\"twitter:data1\" content=\"cfeditorfr\" \/>\n\t<meta name=\"twitter:label2\" content=\"Dur\u00e9e de lecture estim\u00e9e\" \/>\n\t<meta name=\"twitter:data2\" content=\"2 minutes\" \/>\n<script type=\"application\/ld+json\" class=\"yoast-schema-graph\">{\"@context\":\"https:\/\/schema.org\",\"@graph\":[{\"@type\":\"Article\",\"@id\":\"https:\/\/www.africa-press.net\/cameroun\/toutes-les-actualites\/cameroun-promotion-de-lexcellence-academique-the-okwelians-lance-un-appel-a-candidatures#article\",\"isPartOf\":{\"@id\":\"https:\/\/www.africa-press.net\/cameroun\/toutes-les-actualites\/cameroun-promotion-de-lexcellence-academique-the-okwelians-lance-un-appel-a-candidatures\"},\"author\":{\"name\":\"cfeditorfr\",\"@id\":\"https:\/\/www.africa-press.net\/cameroun\/#\/schema\/person\/2b1cf3cd81a31e3cd26889ca66d677f1\"},\"headline\":\"Cameroun-Promotion de l\u2019excellence acad\u00e9mique : The Okwelians lance un appel \u00e0 candidatures\",\"datePublished\":\"2022-09-13T15:58:24+00:00\",\"dateModified\":\"2022-09-13T17:58:16+00:00\",\"mainEntityOfPage\":{\"@id\":\"https:\/\/www.africa-press.net\/cameroun\/toutes-les-actualites\/cameroun-promotion-de-lexcellence-academique-the-okwelians-lance-un-appel-a-candidatures\"},\"wordCount\":435,\"commentCount\":0,\"image\":{\"@id\":\"https:\/\/www.africa-press.net\/cameroun\/toutes-les-actualites\/cameroun-promotion-de-lexcellence-academique-the-okwelians-lance-un-appel-a-candidatures#primaryimage\"},\"thumbnailUrl\":\"https:\/\/static.africa-press.net\/cameroun\/sites\/57\/2022\/09\/img-6320c47426ca9.jpg\",\"keywords\":[\"Africa Press\",\"Africa Press-Cameroun\",\"Cameroun\"],\"articleSection\":[\"Communaut\u00e9\",\"homepage-french\",\"Toutes les actualit\u00e9s\"],\"inLanguage\":\"fr-FR\",\"potentialAction\":[{\"@type\":\"CommentAction\",\"name\":\"Comment\",\"target\":[\"https:\/\/www.africa-press.net\/cameroun\/toutes-les-actualites\/cameroun-promotion-de-lexcellence-academique-the-okwelians-lance-un-appel-a-candidatures#respond\"]}]},{\"@type\":\"WebPage\",\"@id\":\"https:\/\/www.africa-press.net\/cameroun\/toutes-les-actualites\/cameroun-promotion-de-lexcellence-academique-the-okwelians-lance-un-appel-a-candidatures\",\"url\":\"https:\/\/www.africa-press.net\/cameroun\/toutes-les-actualites\/cameroun-promotion-de-lexcellence-academique-the-okwelians-lance-un-appel-a-candidatures\",\"name\":\"Cameroun-Promotion de l\u2019excellence acad\u00e9mique : The Okwelians lance un appel \u00e0 candidatures - Cameroun\",\"isPartOf\":{\"@id\":\"https:\/\/www.africa-press.net\/cameroun\/#website\"},\"primaryImageOfPage\":{\"@id\":\"https:\/\/www.africa-press.net\/cameroun\/toutes-les-actualites\/cameroun-promotion-de-lexcellence-academique-the-okwelians-lance-un-appel-a-candidatures#primaryimage\"},\"image\":{\"@id\":\"https:\/\/www.africa-press.net\/cameroun\/toutes-les-actualites\/cameroun-promotion-de-lexcellence-academique-the-okwelians-lance-un-appel-a-candidatures#primaryimage\"},\"thumbnailUrl\":\"https:\/\/static.africa-press.net\/cameroun\/sites\/57\/2022\/09\/img-6320c47426ca9.jpg\",\"datePublished\":\"2022-09-13T15:58:24+00:00\",\"dateModified\":\"2022-09-13T17:58:16+00:00\",\"author\":{\"@id\":\"https:\/\/www.africa-press.net\/cameroun\/#\/schema\/person\/2b1cf3cd81a31e3cd26889ca66d677f1\"},\"description\":\"Le Think Do Tank The Okwelians lance la deuxi\u00e8me Edition de son programme 0\u2019100. C\u2019est par un appel \u00e0 candidatures qu ...\",\"breadcrumb\":{\"@id\":\"https:\/\/www.africa-press.net\/cameroun\/toutes-les-actualites\/cameroun-promotion-de-lexcellence-academique-the-okwelians-lance-un-appel-a-candidatures#breadcrumb\"},\"inLanguage\":\"fr-FR\",\"potentialAction\":[{\"@type\":\"ReadAction\",\"target\":[\"https:\/\/www.africa-press.net\/cameroun\/toutes-les-actualites\/cameroun-promotion-de-lexcellence-academique-the-okwelians-lance-un-appel-a-candidatures\"]}]},{\"@type\":\"ImageObject\",\"inLanguage\":\"fr-FR\",\"@id\":\"https:\/\/www.africa-press.net\/cameroun\/toutes-les-actualites\/cameroun-promotion-de-lexcellence-academique-the-okwelians-lance-un-appel-a-candidatures#primaryimage\",\"url\":\"https:\/\/static.africa-press.net\/cameroun\/sites\/57\/2022\/09\/img-6320c47426ca9.jpg\",\"contentUrl\":\"https:\/\/static.africa-press.net\/cameroun\/sites\/57\/2022\/09\/img-6320c47426ca9.jpg\",\"width\":1080,\"height\":719,\"caption\":\"Cameroun-Promotion de l\u2019excellence acad\u00e9mique : The Okwelians lance un appel \u00e0 candidatures\"},{\"@type\":\"BreadcrumbList\",\"@id\":\"https:\/\/www.africa-press.net\/cameroun\/toutes-les-actualites\/cameroun-promotion-de-lexcellence-academique-the-okwelians-lance-un-appel-a-candidatures#breadcrumb\",\"itemListElement\":[{\"@type\":\"ListItem\",\"position\":1,\"name\":\"Accueil\",\"item\":\"https:\/\/www.africa-press.net\/cameroun\/\"},{\"@type\":\"ListItem\",\"position\":2,\"name\":\"Cameroun-Promotion de l\u2019excellence acad\u00e9mique : The Okwelians lance un appel \u00e0 candidatures\"}]},{\"@type\":\"WebSite\",\"@id\":\"https:\/\/www.africa-press.net\/cameroun\/#website\",\"url\":\"https:\/\/www.africa-press.net\/cameroun\/\",\"name\":\"Cameroun\",\"description\":\"Just another Africa News Agency Sites site\",\"potentialAction\":[{\"@type\":\"SearchAction\",\"target\":{\"@type\":\"EntryPoint\",\"urlTemplate\":\"https:\/\/www.africa-press.net\/cameroun\/?s={search_term_string}\"},\"query-input\":{\"@type\":\"PropertyValueSpecification\",\"valueRequired\":true,\"valueName\":\"search_term_string\"}}],\"inLanguage\":\"fr-FR\"},{\"@type\":\"Person\",\"@id\":\"https:\/\/www.africa-press.net\/cameroun\/#\/schema\/person\/2b1cf3cd81a31e3cd26889ca66d677f1\",\"name\":\"cfeditorfr\"}]}<\/script>\n<!-- \/ Yoast SEO Premium plugin. -->","yoast_head_json":{"title":"Cameroun-Promotion de l\u2019excellence acad\u00e9mique : The Okwelians lance un appel \u00e0 candidatures - Cameroun","description":"Le Think Do Tank The Okwelians lance la deuxi\u00e8me Edition de son programme 0\u2019100. C\u2019est par un appel \u00e0 candidatures qu ...","robots":{"index":"index","follow":"follow","max-snippet":"max-snippet:-1","max-image-preview":"max-image-preview:large","max-video-preview":"max-video-preview:-1"},"canonical":"https:\/\/www.africa-press.net\/cameroun\/toutes-les-actualites\/cameroun-promotion-de-lexcellence-academique-the-okwelians-lance-un-appel-a-candidatures","og_locale":"fr_FR","og_type":"article","og_title":"Cameroun-Promotion de l\u2019excellence acad\u00e9mique : The Okwelians lance un appel \u00e0 candidatures","og_description":"Le Think Do Tank The Okwelians lance la deuxi\u00e8me Edition de son programme 0\u2019100. C\u2019est par un appel \u00e0 candidatures qu ...","og_url":"https:\/\/www.africa-press.net\/cameroun\/toutes-les-actualites\/cameroun-promotion-de-lexcellence-academique-the-okwelians-lance-un-appel-a-candidatures","og_site_name":"Cameroun","article_published_time":"2022-09-13T15:58:24+00:00","article_modified_time":"2022-09-13T17:58:16+00:00","og_image":[{"width":1080,"height":719,"url":"https:\/\/static.africa-press.net\/cameroun\/sites\/57\/2022\/09\/img-6320c47426ca9.jpg","type":"image\/jpeg"}],"author":"cfeditorfr","twitter_card":"summary_large_image","twitter_misc":{"\u00c9crit par":"cfeditorfr","Dur\u00e9e de lecture estim\u00e9e":"2 minutes"},"schema":{"@context":"https:\/\/schema.org","@graph":[{"@type":"Article","@id":"https:\/\/www.africa-press.net\/cameroun\/toutes-les-actualites\/cameroun-promotion-de-lexcellence-academique-the-okwelians-lance-un-appel-a-candidatures#article","isPartOf":{"@id":"https:\/\/www.africa-press.net\/cameroun\/toutes-les-actualites\/cameroun-promotion-de-lexcellence-academique-the-okwelians-lance-un-appel-a-candidatures"},"author":{"name":"cfeditorfr","@id":"https:\/\/www.africa-press.net\/cameroun\/#\/schema\/person\/2b1cf3cd81a31e3cd26889ca66d677f1"},"headline":"Cameroun-Promotion de l\u2019excellence acad\u00e9mique : The Okwelians lance un appel \u00e0 candidatures","datePublished":"2022-09-13T15:58:24+00:00","dateModified":"2022-09-13T17:58:16+00:00","mainEntityOfPage":{"@id":"https:\/\/www.africa-press.net\/cameroun\/toutes-les-actualites\/cameroun-promotion-de-lexcellence-academique-the-okwelians-lance-un-appel-a-candidatures"},"wordCount":435,"commentCount":0,"image":{"@id":"https:\/\/www.africa-press.net\/cameroun\/toutes-les-actualites\/cameroun-promotion-de-lexcellence-academique-the-okwelians-lance-un-appel-a-candidatures#primaryimage"},"thumbnailUrl":"https:\/\/static.africa-press.net\/cameroun\/sites\/57\/2022\/09\/img-6320c47426ca9.jpg","keywords":["Africa Press","Africa Press-Cameroun","Cameroun"],"articleSection":["Communaut\u00e9","homepage-french","Toutes les actualit\u00e9s"],"inLanguage":"fr-FR","potentialAction":[{"@type":"CommentAction","name":"Comment","target":["https:\/\/www.africa-press.net\/cameroun\/toutes-les-actualites\/cameroun-promotion-de-lexcellence-academique-the-okwelians-lance-un-appel-a-candidatures#respond"]}]},{"@type":"WebPage","@id":"https:\/\/www.africa-press.net\/cameroun\/toutes-les-actualites\/cameroun-promotion-de-lexcellence-academique-the-okwelians-lance-un-appel-a-candidatures","url":"https:\/\/www.africa-press.net\/cameroun\/toutes-les-actualites\/cameroun-promotion-de-lexcellence-academique-the-okwelians-lance-un-appel-a-candidatures","name":"Cameroun-Promotion de l\u2019excellence acad\u00e9mique : The Okwelians lance un appel \u00e0 candidatures - Cameroun","isPartOf":{"@id":"https:\/\/www.africa-press.net\/cameroun\/#website"},"primaryImageOfPage":{"@id":"https:\/\/www.africa-press.net\/cameroun\/toutes-les-actualites\/cameroun-promotion-de-lexcellence-academique-the-okwelians-lance-un-appel-a-candidatures#primaryimage"},"image":{"@id":"https:\/\/www.africa-press.net\/cameroun\/toutes-les-actualites\/cameroun-promotion-de-lexcellence-academique-the-okwelians-lance-un-appel-a-candidatures#primaryimage"},"thumbnailUrl":"https:\/\/static.africa-press.net\/cameroun\/sites\/57\/2022\/09\/img-6320c47426ca9.jpg","datePublished":"2022-09-13T15:58:24+00:00","dateModified":"2022-09-13T17:58:16+00:00","author":{"@id":"https:\/\/www.africa-press.net\/cameroun\/#\/schema\/person\/2b1cf3cd81a31e3cd26889ca66d677f1"},"description":"Le Think Do Tank The Okwelians lance la deuxi\u00e8me Edition de son programme 0\u2019100. C\u2019est par un appel \u00e0 candidatures qu ...","breadcrumb":{"@id":"https:\/\/www.africa-press.net\/cameroun\/toutes-les-actualites\/cameroun-promotion-de-lexcellence-academique-the-okwelians-lance-un-appel-a-candidatures#breadcrumb"},"inLanguage":"fr-FR","potentialAction":[{"@type":"ReadAction","target":["https:\/\/www.africa-press.net\/cameroun\/toutes-les-actualites\/cameroun-promotion-de-lexcellence-academique-the-okwelians-lance-un-appel-a-candidatures"]}]},{"@type":"ImageObject","inLanguage":"fr-FR","@id":"https:\/\/www.africa-press.net\/cameroun\/toutes-les-actualites\/cameroun-promotion-de-lexcellence-academique-the-okwelians-lance-un-appel-a-candidatures#primaryimage","url":"https:\/\/static.africa-press.net\/cameroun\/sites\/57\/2022\/09\/img-6320c47426ca9.jpg","contentUrl":"https:\/\/static.africa-press.net\/cameroun\/sites\/57\/2022\/09\/img-6320c47426ca9.jpg","width":1080,"height":719,"caption":"Cameroun-Promotion de l\u2019excellence acad\u00e9mique : The Okwelians lance un appel \u00e0 candidatures"},{"@type":"BreadcrumbList","@id":"https:\/\/www.africa-press.net\/cameroun\/toutes-les-actualites\/cameroun-promotion-de-lexcellence-academique-the-okwelians-lance-un-appel-a-candidatures#breadcrumb","itemListElement":[{"@type":"ListItem","position":1,"name":"Accueil","item":"https:\/\/www.africa-press.net\/cameroun\/"},{"@type":"ListItem","position":2,"name":"Cameroun-Promotion de l\u2019excellence acad\u00e9mique : The Okwelians lance un appel \u00e0 candidatures"}]},{"@type":"WebSite","@id":"https:\/\/www.africa-press.net\/cameroun\/#website","url":"https:\/\/www.africa-press.net\/cameroun\/","name":"Cameroun","description":"Just another Africa News Agency Sites site","potentialAction":[{"@type":"SearchAction","target":{"@type":"EntryPoint","urlTemplate":"https:\/\/www.africa-press.net\/cameroun\/?s={search_term_string}"},"query-input":{"@type":"PropertyValueSpecification","valueRequired":true,"valueName":"search_term_string"}}],"inLanguage":"fr-FR"},{"@type":"Person","@id":"https:\/\/www.africa-press.net\/cameroun\/#\/schema\/person\/2b1cf3cd81a31e3cd26889ca66d677f1","name":"cfeditorfr"}]}},"_links":{"self":[{"href":"https:\/\/www.africa-press.net\/cameroun\/wp-json\/wp\/v2\/posts\/27283","targetHints":{"allow":["GET"]}}],"collection":[{"href":"https:\/\/www.africa-press.net\/cameroun\/wp-json\/wp\/v2\/posts"}],"about":[{"href":"https:\/\/www.africa-press.net\/cameroun\/wp-json\/wp\/v2\/types\/post"}],"author":[{"embeddable":true,"href":"https:\/\/www.africa-press.net\/cameroun\/wp-json\/wp\/v2\/users\/82"}],"replies":[{"embeddable":true,"href":"https:\/\/www.africa-press.net\/cameroun\/wp-json\/wp\/v2\/comments?post=27283"}],"version-history":[{"count":0,"href":"https:\/\/www.africa-press.net\/cameroun\/wp-json\/wp\/v2\/posts\/27283\/revisions"}],"wp:featuredmedia":[{"embeddable":true,"href":"https:\/\/www.africa-press.net\/cameroun\/wp-json\/wp\/v2\/media\/27282"}],"wp:attachment":[{"href":"https:\/\/www.africa-press.net\/cameroun\/wp-json\/wp\/v2\/media?parent=27283"}],"wp:term":[{"taxonomy":"category","embeddable":true,"href":"https:\/\/www.africa-press.net\/cameroun\/wp-json\/wp\/v2\/categories?post=27283"},{"taxonomy":"post_tag","embeddable":true,"href":"https:\/\/www.africa-press.net\/cameroun\/wp-json\/wp\/v2\/tags?post=27283"}],"curies":[{"name":"wp","href":"https:\/\/api.w.org\/{rel}","templated":true}]}}