{"id":27286,"date":"2022-09-13T16:03:40","date_gmt":"2022-09-13T16:03:40","guid":{"rendered":"https:\/\/www.africa-press.net\/cameroun\/politique\/cameroun-le-barrage-de-memveele-fonctionnera-a-pleine-capacite-dici-octobre-2022"},"modified":"2022-09-13T17:59:30","modified_gmt":"2022-09-13T17:59:30","slug":"cameroun-le-barrage-de-memveele-fonctionnera-a-pleine-capacite-dici-octobre-2022","status":"publish","type":"post","link":"https:\/\/www.africa-press.net\/cameroun\/economie\/cameroun-le-barrage-de-memveele-fonctionnera-a-pleine-capacite-dici-octobre-2022","title":{"rendered":"Cameroun : le barrage de Memve\u2019ele fonctionnera \u00e0 pleine capacit\u00e9 d\u2019ici octobre 2022"},"content":{"rendered":"<p><span style=\"color: #ff6600\"><strong>Africa-Press &#8211; Cameroun. <\/strong><\/span>La fin de la construction de la ligne de transport d\u2019\u00e9lectricit\u00e9 entre Nyabizan et Yaound\u00e9, qui permettra l\u2019\u00e9vacuation de l\u2019\u00e9nergie produite par le barrage de Memve\u2019ele (211 MW), est finalement annonc\u00e9e pour ce mois d\u2019octobre 2022.<\/p>\n<p>Barrage hydro\u00e9lectrique de Memve\u2019ele, c\u2019est pour bient\u00f4t. Il s\u2019agit de ach\u00e8vement des travaux pour permettre son op\u00e9rationnalisation effective comme le rapporte Cameroon Tribune. Cela va inclure une \u00e9vacuation d\u2019\u00e9nergie permettra au barrage de Memve\u2019ele, dont les travaux se sont achev\u00e9s il y a 7 ans, d\u2019injecter 150 MW dans le R\u00e9seau Interconnect\u00e9 Sud (SIN) qui fournit l\u2019\u00e9nergie \u00e9lectrique \u00e0 six r\u00e9gions sur les 10 que compte le Cameroun. Cependant, cette infrastructure \u00e9nerg\u00e9tique ne pourra fonctionner \u00e0 pleine capacit\u00e9 que fin octobre 2022, une fois les derniers ajustements effectu\u00e9s.<\/p>\n<p>La production de cette centrale hydro\u00e9lectrique atteindra difficilement les 211 MW de capacit\u00e9 install\u00e9e. Cela est d\u00fb au faible d\u00e9bit du fleuve Ntem et aux variations hydrologiques. Investir au Cameroun renseigne qu\u2019il y a eu une baisse drastique de la production de Memve\u2019ele, qui est pass\u00e9e de 90 MW disponibles 24h\/24 pendant toute la p\u00e9riode de la Coupe d\u2019Afrique des Nations (entre janvier et f\u00e9vrier 2022) \u00e0 une puissance de seulement 30 MW le soir (entre 18h et 22h)et \u00e0 0 MW en dehors de ces heures, quelques jours plus tard. Pour r\u00e9soudre le probl\u00e8me, la construction d\u2019un barrage r\u00e9servoir est d\u00e9j\u00e0 envisag\u00e9e.<\/p>\n<p>N\u00e9anmoins, si \u00e0 cette date annonc\u00e9e par EDC, le barrage de Memve\u2019ele est enti\u00e8rement mis sous tension, l\u2019approvisionnement \u00e9nerg\u00e9tique du pays sera am\u00e9lior\u00e9. En prime, cela se traduira par des \u00e9conomies substantielles pour le secteur de l\u2019\u00e9lectricit\u00e9. En effet, Eneo, le concessionnaire du service public de l\u2019\u00e9lectricit\u00e9, est souvent oblig\u00e9 d\u2019utiliser des centrales thermiques gourmandes en carburant pour combler le d\u00e9ficit de production des barrages hydro\u00e9lectriques du pays.<\/p>\n<p>De plus, sous la pression \u00e0 la fois du d\u00e9ficit \u00e9nerg\u00e9tique et du co\u00fbt du carburant pour faire fonctionner les centrales thermiques du pays, le gouvernement a d\u00fb mettre le barrage de Memve\u2019ele sous tension partielle \u00e0 partir du 14 avril 2019, pour une production maximale de 90 MW jusqu\u2019\u00e0 pr\u00e9sent.<\/p>\n<p><strong>Pour plus d&rsquo;informations et d&rsquo;analyses sur la <a href=\"https:\/\/www.africa-press.net\/cameroun\">Cameroun<\/a>, suivez <a href=\"https:\/\/www.africa-press.net\/\">Africa-Press<\/a><\/strong><\/p>\n","protected":false},"excerpt":{"rendered":"<p>Africa-Press &#8211; Cameroun. La fin de la construction de la ligne de transport d\u2019\u00e9lectricit\u00e9 entre Nyabizan et Yaound\u00e9, qui permettra l\u2019\u00e9vacuation de l\u2019\u00e9nergie produite par le barrage de Memve\u2019ele (211 MW), est finalement annonc\u00e9e pour ce mois d\u2019octobre 2022. Barrage hydro\u00e9lectrique de Memve\u2019ele, c\u2019est pour bient\u00f4t. Il s\u2019agit de ach\u00e8vement des travaux pour permettre son [&hellip;]<\/p>\n","protected":false},"author":82,"featured_media":27285,"comment_status":"open","ping_status":"closed","sticky":false,"template":"","format":"standard","meta":{"footnotes":""},"categories":[3,11,10],"tags":[36,50,49],"class_list":["post-27286","post","type-post","status-publish","format-standard","has-post-thumbnail","hentry","category-economie","category-homepage-french","category-toutes-les-actualites","tag-africa-press","tag-africa-press-cameroun","tag-cameroun"],"yoast_head":"<!-- This site is optimized with the Yoast SEO Premium plugin v26.1 (Yoast SEO v27.0) - https:\/\/yoast.com\/product\/yoast-seo-premium-wordpress\/ -->\n<title>Cameroun : le barrage de Memve\u2019ele fonctionnera \u00e0 pleine capacit\u00e9 d\u2019ici octobre 2022 - Cameroun<\/title>\n<meta name=\"description\" content=\"La fin de la construction de la ligne de transport d\u2019\u00e9lectricit\u00e9 entre Nyabizan et Yaound\u00e9, qui permettra l\u2019\u00e9vacuation d ...\" \/>\n<meta name=\"robots\" content=\"index, follow, max-snippet:-1, max-image-preview:large, max-video-preview:-1\" \/>\n<link rel=\"canonical\" href=\"https:\/\/www.africa-press.net\/cameroun\/economie\/cameroun-le-barrage-de-memveele-fonctionnera-a-pleine-capacite-dici-octobre-2022\" \/>\n<meta property=\"og:locale\" content=\"fr_FR\" \/>\n<meta property=\"og:type\" content=\"article\" \/>\n<meta property=\"og:title\" content=\"Cameroun : le barrage de Memve\u2019ele fonctionnera \u00e0 pleine capacit\u00e9 d\u2019ici octobre 2022\" \/>\n<meta property=\"og:description\" content=\"La fin de la construction de la ligne de transport d\u2019\u00e9lectricit\u00e9 entre Nyabizan et Yaound\u00e9, qui permettra l\u2019\u00e9vacuation d ...\" \/>\n<meta property=\"og:url\" content=\"https:\/\/www.africa-press.net\/cameroun\/economie\/cameroun-le-barrage-de-memveele-fonctionnera-a-pleine-capacite-dici-octobre-2022\" \/>\n<meta property=\"og:site_name\" content=\"Cameroun\" \/>\n<meta property=\"article:published_time\" content=\"2022-09-13T16:03:40+00:00\" \/>\n<meta property=\"article:modified_time\" content=\"2022-09-13T17:59:30+00:00\" \/>\n<meta property=\"og:image\" content=\"https:\/\/static.africa-press.net\/cameroun\/sites\/57\/2022\/09\/img-6320c4bed22a4.jpg\" \/>\n\t<meta property=\"og:image:width\" content=\"780\" \/>\n\t<meta property=\"og:image:height\" content=\"405\" \/>\n\t<meta property=\"og:image:type\" content=\"image\/jpeg\" \/>\n<meta name=\"author\" content=\"cfeditorfr\" \/>\n<meta name=\"twitter:card\" content=\"summary_large_image\" \/>\n<meta name=\"twitter:label1\" content=\"\u00c9crit par\" \/>\n\t<meta name=\"twitter:data1\" content=\"cfeditorfr\" \/>\n\t<meta name=\"twitter:label2\" content=\"Dur\u00e9e de lecture estim\u00e9e\" \/>\n\t<meta name=\"twitter:data2\" content=\"2 minutes\" \/>\n<script type=\"application\/ld+json\" class=\"yoast-schema-graph\">{\"@context\":\"https:\/\/schema.org\",\"@graph\":[{\"@type\":\"Article\",\"@id\":\"https:\/\/www.africa-press.net\/cameroun\/economie\/cameroun-le-barrage-de-memveele-fonctionnera-a-pleine-capacite-dici-octobre-2022#article\",\"isPartOf\":{\"@id\":\"https:\/\/www.africa-press.net\/cameroun\/economie\/cameroun-le-barrage-de-memveele-fonctionnera-a-pleine-capacite-dici-octobre-2022\"},\"author\":{\"name\":\"cfeditorfr\",\"@id\":\"https:\/\/www.africa-press.net\/cameroun\/#\/schema\/person\/2b1cf3cd81a31e3cd26889ca66d677f1\"},\"headline\":\"Cameroun : le barrage de Memve\u2019ele fonctionnera \u00e0 pleine capacit\u00e9 d\u2019ici octobre 2022\",\"datePublished\":\"2022-09-13T16:03:40+00:00\",\"dateModified\":\"2022-09-13T17:59:30+00:00\",\"mainEntityOfPage\":{\"@id\":\"https:\/\/www.africa-press.net\/cameroun\/economie\/cameroun-le-barrage-de-memveele-fonctionnera-a-pleine-capacite-dici-octobre-2022\"},\"wordCount\":407,\"commentCount\":0,\"image\":{\"@id\":\"https:\/\/www.africa-press.net\/cameroun\/economie\/cameroun-le-barrage-de-memveele-fonctionnera-a-pleine-capacite-dici-octobre-2022#primaryimage\"},\"thumbnailUrl\":\"https:\/\/static.africa-press.net\/cameroun\/sites\/57\/2022\/09\/img-6320c4bed22a4.jpg\",\"keywords\":[\"Africa Press\",\"Africa Press-Cameroun\",\"Cameroun\"],\"articleSection\":[\"\u00c9conomie\",\"homepage-french\",\"Toutes les actualit\u00e9s\"],\"inLanguage\":\"fr-FR\",\"potentialAction\":[{\"@type\":\"CommentAction\",\"name\":\"Comment\",\"target\":[\"https:\/\/www.africa-press.net\/cameroun\/economie\/cameroun-le-barrage-de-memveele-fonctionnera-a-pleine-capacite-dici-octobre-2022#respond\"]}]},{\"@type\":\"WebPage\",\"@id\":\"https:\/\/www.africa-press.net\/cameroun\/economie\/cameroun-le-barrage-de-memveele-fonctionnera-a-pleine-capacite-dici-octobre-2022\",\"url\":\"https:\/\/www.africa-press.net\/cameroun\/economie\/cameroun-le-barrage-de-memveele-fonctionnera-a-pleine-capacite-dici-octobre-2022\",\"name\":\"Cameroun : le barrage de Memve\u2019ele fonctionnera \u00e0 pleine capacit\u00e9 d\u2019ici octobre 2022 - Cameroun\",\"isPartOf\":{\"@id\":\"https:\/\/www.africa-press.net\/cameroun\/#website\"},\"primaryImageOfPage\":{\"@id\":\"https:\/\/www.africa-press.net\/cameroun\/economie\/cameroun-le-barrage-de-memveele-fonctionnera-a-pleine-capacite-dici-octobre-2022#primaryimage\"},\"image\":{\"@id\":\"https:\/\/www.africa-press.net\/cameroun\/economie\/cameroun-le-barrage-de-memveele-fonctionnera-a-pleine-capacite-dici-octobre-2022#primaryimage\"},\"thumbnailUrl\":\"https:\/\/static.africa-press.net\/cameroun\/sites\/57\/2022\/09\/img-6320c4bed22a4.jpg\",\"datePublished\":\"2022-09-13T16:03:40+00:00\",\"dateModified\":\"2022-09-13T17:59:30+00:00\",\"author\":{\"@id\":\"https:\/\/www.africa-press.net\/cameroun\/#\/schema\/person\/2b1cf3cd81a31e3cd26889ca66d677f1\"},\"description\":\"La fin de la construction de la ligne de transport d\u2019\u00e9lectricit\u00e9 entre Nyabizan et Yaound\u00e9, qui permettra l\u2019\u00e9vacuation d ...\",\"breadcrumb\":{\"@id\":\"https:\/\/www.africa-press.net\/cameroun\/economie\/cameroun-le-barrage-de-memveele-fonctionnera-a-pleine-capacite-dici-octobre-2022#breadcrumb\"},\"inLanguage\":\"fr-FR\",\"potentialAction\":[{\"@type\":\"ReadAction\",\"target\":[\"https:\/\/www.africa-press.net\/cameroun\/economie\/cameroun-le-barrage-de-memveele-fonctionnera-a-pleine-capacite-dici-octobre-2022\"]}]},{\"@type\":\"ImageObject\",\"inLanguage\":\"fr-FR\",\"@id\":\"https:\/\/www.africa-press.net\/cameroun\/economie\/cameroun-le-barrage-de-memveele-fonctionnera-a-pleine-capacite-dici-octobre-2022#primaryimage\",\"url\":\"https:\/\/static.africa-press.net\/cameroun\/sites\/57\/2022\/09\/img-6320c4bed22a4.jpg\",\"contentUrl\":\"https:\/\/static.africa-press.net\/cameroun\/sites\/57\/2022\/09\/img-6320c4bed22a4.jpg\",\"width\":780,\"height\":405,\"caption\":\"Cameroun : le barrage de Memve\u2019ele fonctionnera \u00e0 pleine capacit\u00e9 d\u2019ici octobre 2022\"},{\"@type\":\"BreadcrumbList\",\"@id\":\"https:\/\/www.africa-press.net\/cameroun\/economie\/cameroun-le-barrage-de-memveele-fonctionnera-a-pleine-capacite-dici-octobre-2022#breadcrumb\",\"itemListElement\":[{\"@type\":\"ListItem\",\"position\":1,\"name\":\"Accueil\",\"item\":\"https:\/\/www.africa-press.net\/cameroun\/\"},{\"@type\":\"ListItem\",\"position\":2,\"name\":\"Cameroun : le barrage de Memve\u2019ele fonctionnera \u00e0 pleine capacit\u00e9 d\u2019ici octobre 2022\"}]},{\"@type\":\"WebSite\",\"@id\":\"https:\/\/www.africa-press.net\/cameroun\/#website\",\"url\":\"https:\/\/www.africa-press.net\/cameroun\/\",\"name\":\"Cameroun\",\"description\":\"Just another Africa News Agency Sites site\",\"potentialAction\":[{\"@type\":\"SearchAction\",\"target\":{\"@type\":\"EntryPoint\",\"urlTemplate\":\"https:\/\/www.africa-press.net\/cameroun\/?s={search_term_string}\"},\"query-input\":{\"@type\":\"PropertyValueSpecification\",\"valueRequired\":true,\"valueName\":\"search_term_string\"}}],\"inLanguage\":\"fr-FR\"},{\"@type\":\"Person\",\"@id\":\"https:\/\/www.africa-press.net\/cameroun\/#\/schema\/person\/2b1cf3cd81a31e3cd26889ca66d677f1\",\"name\":\"cfeditorfr\"}]}<\/script>\n<!-- \/ Yoast SEO Premium plugin. -->","yoast_head_json":{"title":"Cameroun : le barrage de Memve\u2019ele fonctionnera \u00e0 pleine capacit\u00e9 d\u2019ici octobre 2022 - Cameroun","description":"La fin de la construction de la ligne de transport d\u2019\u00e9lectricit\u00e9 entre Nyabizan et Yaound\u00e9, qui permettra l\u2019\u00e9vacuation d ...","robots":{"index":"index","follow":"follow","max-snippet":"max-snippet:-1","max-image-preview":"max-image-preview:large","max-video-preview":"max-video-preview:-1"},"canonical":"https:\/\/www.africa-press.net\/cameroun\/economie\/cameroun-le-barrage-de-memveele-fonctionnera-a-pleine-capacite-dici-octobre-2022","og_locale":"fr_FR","og_type":"article","og_title":"Cameroun : le barrage de Memve\u2019ele fonctionnera \u00e0 pleine capacit\u00e9 d\u2019ici octobre 2022","og_description":"La fin de la construction de la ligne de transport d\u2019\u00e9lectricit\u00e9 entre Nyabizan et Yaound\u00e9, qui permettra l\u2019\u00e9vacuation d ...","og_url":"https:\/\/www.africa-press.net\/cameroun\/economie\/cameroun-le-barrage-de-memveele-fonctionnera-a-pleine-capacite-dici-octobre-2022","og_site_name":"Cameroun","article_published_time":"2022-09-13T16:03:40+00:00","article_modified_time":"2022-09-13T17:59:30+00:00","og_image":[{"width":780,"height":405,"url":"https:\/\/static.africa-press.net\/cameroun\/sites\/57\/2022\/09\/img-6320c4bed22a4.jpg","type":"image\/jpeg"}],"author":"cfeditorfr","twitter_card":"summary_large_image","twitter_misc":{"\u00c9crit par":"cfeditorfr","Dur\u00e9e de lecture estim\u00e9e":"2 minutes"},"schema":{"@context":"https:\/\/schema.org","@graph":[{"@type":"Article","@id":"https:\/\/www.africa-press.net\/cameroun\/economie\/cameroun-le-barrage-de-memveele-fonctionnera-a-pleine-capacite-dici-octobre-2022#article","isPartOf":{"@id":"https:\/\/www.africa-press.net\/cameroun\/economie\/cameroun-le-barrage-de-memveele-fonctionnera-a-pleine-capacite-dici-octobre-2022"},"author":{"name":"cfeditorfr","@id":"https:\/\/www.africa-press.net\/cameroun\/#\/schema\/person\/2b1cf3cd81a31e3cd26889ca66d677f1"},"headline":"Cameroun : le barrage de Memve\u2019ele fonctionnera \u00e0 pleine capacit\u00e9 d\u2019ici octobre 2022","datePublished":"2022-09-13T16:03:40+00:00","dateModified":"2022-09-13T17:59:30+00:00","mainEntityOfPage":{"@id":"https:\/\/www.africa-press.net\/cameroun\/economie\/cameroun-le-barrage-de-memveele-fonctionnera-a-pleine-capacite-dici-octobre-2022"},"wordCount":407,"commentCount":0,"image":{"@id":"https:\/\/www.africa-press.net\/cameroun\/economie\/cameroun-le-barrage-de-memveele-fonctionnera-a-pleine-capacite-dici-octobre-2022#primaryimage"},"thumbnailUrl":"https:\/\/static.africa-press.net\/cameroun\/sites\/57\/2022\/09\/img-6320c4bed22a4.jpg","keywords":["Africa Press","Africa Press-Cameroun","Cameroun"],"articleSection":["\u00c9conomie","homepage-french","Toutes les actualit\u00e9s"],"inLanguage":"fr-FR","potentialAction":[{"@type":"CommentAction","name":"Comment","target":["https:\/\/www.africa-press.net\/cameroun\/economie\/cameroun-le-barrage-de-memveele-fonctionnera-a-pleine-capacite-dici-octobre-2022#respond"]}]},{"@type":"WebPage","@id":"https:\/\/www.africa-press.net\/cameroun\/economie\/cameroun-le-barrage-de-memveele-fonctionnera-a-pleine-capacite-dici-octobre-2022","url":"https:\/\/www.africa-press.net\/cameroun\/economie\/cameroun-le-barrage-de-memveele-fonctionnera-a-pleine-capacite-dici-octobre-2022","name":"Cameroun : le barrage de Memve\u2019ele fonctionnera \u00e0 pleine capacit\u00e9 d\u2019ici octobre 2022 - Cameroun","isPartOf":{"@id":"https:\/\/www.africa-press.net\/cameroun\/#website"},"primaryImageOfPage":{"@id":"https:\/\/www.africa-press.net\/cameroun\/economie\/cameroun-le-barrage-de-memveele-fonctionnera-a-pleine-capacite-dici-octobre-2022#primaryimage"},"image":{"@id":"https:\/\/www.africa-press.net\/cameroun\/economie\/cameroun-le-barrage-de-memveele-fonctionnera-a-pleine-capacite-dici-octobre-2022#primaryimage"},"thumbnailUrl":"https:\/\/static.africa-press.net\/cameroun\/sites\/57\/2022\/09\/img-6320c4bed22a4.jpg","datePublished":"2022-09-13T16:03:40+00:00","dateModified":"2022-09-13T17:59:30+00:00","author":{"@id":"https:\/\/www.africa-press.net\/cameroun\/#\/schema\/person\/2b1cf3cd81a31e3cd26889ca66d677f1"},"description":"La fin de la construction de la ligne de transport d\u2019\u00e9lectricit\u00e9 entre Nyabizan et Yaound\u00e9, qui permettra l\u2019\u00e9vacuation d ...","breadcrumb":{"@id":"https:\/\/www.africa-press.net\/cameroun\/economie\/cameroun-le-barrage-de-memveele-fonctionnera-a-pleine-capacite-dici-octobre-2022#breadcrumb"},"inLanguage":"fr-FR","potentialAction":[{"@type":"ReadAction","target":["https:\/\/www.africa-press.net\/cameroun\/economie\/cameroun-le-barrage-de-memveele-fonctionnera-a-pleine-capacite-dici-octobre-2022"]}]},{"@type":"ImageObject","inLanguage":"fr-FR","@id":"https:\/\/www.africa-press.net\/cameroun\/economie\/cameroun-le-barrage-de-memveele-fonctionnera-a-pleine-capacite-dici-octobre-2022#primaryimage","url":"https:\/\/static.africa-press.net\/cameroun\/sites\/57\/2022\/09\/img-6320c4bed22a4.jpg","contentUrl":"https:\/\/static.africa-press.net\/cameroun\/sites\/57\/2022\/09\/img-6320c4bed22a4.jpg","width":780,"height":405,"caption":"Cameroun : le barrage de Memve\u2019ele fonctionnera \u00e0 pleine capacit\u00e9 d\u2019ici octobre 2022"},{"@type":"BreadcrumbList","@id":"https:\/\/www.africa-press.net\/cameroun\/economie\/cameroun-le-barrage-de-memveele-fonctionnera-a-pleine-capacite-dici-octobre-2022#breadcrumb","itemListElement":[{"@type":"ListItem","position":1,"name":"Accueil","item":"https:\/\/www.africa-press.net\/cameroun\/"},{"@type":"ListItem","position":2,"name":"Cameroun : le barrage de Memve\u2019ele fonctionnera \u00e0 pleine capacit\u00e9 d\u2019ici octobre 2022"}]},{"@type":"WebSite","@id":"https:\/\/www.africa-press.net\/cameroun\/#website","url":"https:\/\/www.africa-press.net\/cameroun\/","name":"Cameroun","description":"Just another Africa News Agency Sites site","potentialAction":[{"@type":"SearchAction","target":{"@type":"EntryPoint","urlTemplate":"https:\/\/www.africa-press.net\/cameroun\/?s={search_term_string}"},"query-input":{"@type":"PropertyValueSpecification","valueRequired":true,"valueName":"search_term_string"}}],"inLanguage":"fr-FR"},{"@type":"Person","@id":"https:\/\/www.africa-press.net\/cameroun\/#\/schema\/person\/2b1cf3cd81a31e3cd26889ca66d677f1","name":"cfeditorfr"}]}},"_links":{"self":[{"href":"https:\/\/www.africa-press.net\/cameroun\/wp-json\/wp\/v2\/posts\/27286","targetHints":{"allow":["GET"]}}],"collection":[{"href":"https:\/\/www.africa-press.net\/cameroun\/wp-json\/wp\/v2\/posts"}],"about":[{"href":"https:\/\/www.africa-press.net\/cameroun\/wp-json\/wp\/v2\/types\/post"}],"author":[{"embeddable":true,"href":"https:\/\/www.africa-press.net\/cameroun\/wp-json\/wp\/v2\/users\/82"}],"replies":[{"embeddable":true,"href":"https:\/\/www.africa-press.net\/cameroun\/wp-json\/wp\/v2\/comments?post=27286"}],"version-history":[{"count":0,"href":"https:\/\/www.africa-press.net\/cameroun\/wp-json\/wp\/v2\/posts\/27286\/revisions"}],"wp:featuredmedia":[{"embeddable":true,"href":"https:\/\/www.africa-press.net\/cameroun\/wp-json\/wp\/v2\/media\/27285"}],"wp:attachment":[{"href":"https:\/\/www.africa-press.net\/cameroun\/wp-json\/wp\/v2\/media?parent=27286"}],"wp:term":[{"taxonomy":"category","embeddable":true,"href":"https:\/\/www.africa-press.net\/cameroun\/wp-json\/wp\/v2\/categories?post=27286"},{"taxonomy":"post_tag","embeddable":true,"href":"https:\/\/www.africa-press.net\/cameroun\/wp-json\/wp\/v2\/tags?post=27286"}],"curies":[{"name":"wp","href":"https:\/\/api.w.org\/{rel}","templated":true}]}}