{"id":27289,"date":"2022-09-13T16:11:52","date_gmt":"2022-09-13T16:11:52","guid":{"rendered":"https:\/\/www.africa-press.net\/cameroun\/politique\/cameroun-braquage-au-domicile-de-lintendant-principal-du-palais-de-lunite"},"modified":"2022-09-13T18:00:46","modified_gmt":"2022-09-13T18:00:46","slug":"cameroun-braquage-au-domicile-de-lintendant-principal-du-palais-de-lunite","status":"publish","type":"post","link":"https:\/\/www.africa-press.net\/cameroun\/toutes-les-actualites\/cameroun-braquage-au-domicile-de-lintendant-principal-du-palais-de-lunite","title":{"rendered":"Cameroun : braquage au domicile de l\u2019intendant principal du Palais de l\u2019Unit\u00e9"},"content":{"rendered":"<p><span style=\"color: #ff6600\"><strong>Africa-Press &#8211; Cameroun. <\/strong><\/span><b>Les braqueurs ont p\u00e9n\u00e9tr\u00e9 la r\u00e9sidence de l\u2019intendant au quartier Ahala \u00e0 Yaound\u00e9 dans la nuit du 12 au 13 septembre 2022.<\/b><\/p>\n<p>Le domicile de l\u2019intendant principal de la pr\u00e9sidence de la R\u00e9publique Christophe Foe Ndi a \u00e9t\u00e9 le th\u00e9\u00e2tre d\u2019un braquage. Trois individus arm\u00e9s de pistolets automatiques et cagoul\u00e9s ont r\u00e9ussi \u00e0 escalader la cl\u00f4ture autour de 23h40. Ils ont fait irruption dans la concession, en surprenant le fonctionnaire de police et l\u2019agent de s\u00e9curit\u00e9 commis pour s\u00e9curiser les lieux. Le r\u00e9cit de la reconstitution des faits est pr\u00e9sent\u00e9 dans une vid\u00e9o.<\/p>\n<p>Les t\u00e9moignages concordants ainsi que la vid\u00e9o pr\u00e9sentent le policier portant des blessures notamment sur la t\u00eate. Son arme a \u00e9t\u00e9 emport\u00e9e. Les intrus n\u2019ont pas pu aller au bout de leur forfait. L\u2019un des trois a \u00e9t\u00e9 bless\u00e9, tandis que les deux autres ont pris la fuite, le trainant avec eux. Une chasse \u00e0 l\u2019homme est ouverte dans la capitale dans le but de mettre la main sur ces braqueurs.<\/p>\n<p><strong>Pour plus d&rsquo;informations et d&rsquo;analyses sur la <a href=\"https:\/\/www.africa-press.net\/cameroun\">Cameroun<\/a>, suivez <a href=\"https:\/\/www.africa-press.net\/\">Africa-Press<\/a><\/strong><\/p>\n","protected":false},"excerpt":{"rendered":"<p>Africa-Press &#8211; Cameroun. Les braqueurs ont p\u00e9n\u00e9tr\u00e9 la r\u00e9sidence de l\u2019intendant au quartier Ahala \u00e0 Yaound\u00e9 dans la nuit du 12 au 13 septembre 2022. Le domicile de l\u2019intendant principal de la pr\u00e9sidence de la R\u00e9publique Christophe Foe Ndi a \u00e9t\u00e9 le th\u00e9\u00e2tre d\u2019un braquage. Trois individus arm\u00e9s de pistolets automatiques et cagoul\u00e9s ont r\u00e9ussi [&hellip;]<\/p>\n","protected":false},"author":82,"featured_media":27288,"comment_status":"open","ping_status":"closed","sticky":false,"template":"","format":"standard","meta":{"footnotes":""},"categories":[21,11,10],"tags":[36,50,49],"class_list":["post-27289","post","type-post","status-publish","format-standard","has-post-thumbnail","hentry","category-communaute","category-homepage-french","category-toutes-les-actualites","tag-africa-press","tag-africa-press-cameroun","tag-cameroun"],"yoast_head":"<!-- This site is optimized with the Yoast SEO Premium plugin v26.1 (Yoast SEO v27.0) - https:\/\/yoast.com\/product\/yoast-seo-premium-wordpress\/ -->\n<title>Cameroun : braquage au domicile de l\u2019intendant principal du Palais de l\u2019Unit\u00e9 - Cameroun<\/title>\n<meta name=\"description\" content=\"Les braqueurs ont p\u00e9n\u00e9tr\u00e9 la r\u00e9sidence de l\u2019intendant au quartier Ahala \u00e0 Yaound\u00e9 dans la nuit du 12 au 13 septembre ...\" \/>\n<meta name=\"robots\" content=\"index, follow, max-snippet:-1, max-image-preview:large, max-video-preview:-1\" \/>\n<link rel=\"canonical\" href=\"https:\/\/www.africa-press.net\/cameroun\/toutes-les-actualites\/cameroun-braquage-au-domicile-de-lintendant-principal-du-palais-de-lunite\" \/>\n<meta property=\"og:locale\" content=\"fr_FR\" \/>\n<meta property=\"og:type\" content=\"article\" \/>\n<meta property=\"og:title\" content=\"Cameroun : braquage au domicile de l\u2019intendant principal du Palais de l\u2019Unit\u00e9\" \/>\n<meta property=\"og:description\" content=\"Les braqueurs ont p\u00e9n\u00e9tr\u00e9 la r\u00e9sidence de l\u2019intendant au quartier Ahala \u00e0 Yaound\u00e9 dans la nuit du 12 au 13 septembre ...\" \/>\n<meta property=\"og:url\" content=\"https:\/\/www.africa-press.net\/cameroun\/toutes-les-actualites\/cameroun-braquage-au-domicile-de-lintendant-principal-du-palais-de-lunite\" \/>\n<meta property=\"og:site_name\" content=\"Cameroun\" \/>\n<meta property=\"article:published_time\" content=\"2022-09-13T16:11:52+00:00\" \/>\n<meta property=\"article:modified_time\" content=\"2022-09-13T18:00:46+00:00\" \/>\n<meta property=\"og:image\" content=\"https:\/\/static.africa-press.net\/cameroun\/sites\/57\/2022\/09\/img-6320c509b3cc4.jpg\" \/>\n\t<meta property=\"og:image:width\" content=\"720\" \/>\n\t<meta property=\"og:image:height\" content=\"447\" \/>\n\t<meta property=\"og:image:type\" content=\"image\/jpeg\" \/>\n<meta name=\"author\" content=\"cfeditorfr\" \/>\n<meta name=\"twitter:card\" content=\"summary_large_image\" \/>\n<meta name=\"twitter:label1\" content=\"\u00c9crit par\" \/>\n\t<meta name=\"twitter:data1\" content=\"cfeditorfr\" \/>\n\t<meta name=\"twitter:label2\" content=\"Dur\u00e9e de lecture estim\u00e9e\" \/>\n\t<meta name=\"twitter:data2\" content=\"1 minute\" \/>\n<script type=\"application\/ld+json\" class=\"yoast-schema-graph\">{\"@context\":\"https:\/\/schema.org\",\"@graph\":[{\"@type\":\"Article\",\"@id\":\"https:\/\/www.africa-press.net\/cameroun\/toutes-les-actualites\/cameroun-braquage-au-domicile-de-lintendant-principal-du-palais-de-lunite#article\",\"isPartOf\":{\"@id\":\"https:\/\/www.africa-press.net\/cameroun\/toutes-les-actualites\/cameroun-braquage-au-domicile-de-lintendant-principal-du-palais-de-lunite\"},\"author\":{\"name\":\"cfeditorfr\",\"@id\":\"https:\/\/www.africa-press.net\/cameroun\/#\/schema\/person\/2b1cf3cd81a31e3cd26889ca66d677f1\"},\"headline\":\"Cameroun : braquage au domicile de l\u2019intendant principal du Palais de l\u2019Unit\u00e9\",\"datePublished\":\"2022-09-13T16:11:52+00:00\",\"dateModified\":\"2022-09-13T18:00:46+00:00\",\"mainEntityOfPage\":{\"@id\":\"https:\/\/www.africa-press.net\/cameroun\/toutes-les-actualites\/cameroun-braquage-au-domicile-de-lintendant-principal-du-palais-de-lunite\"},\"wordCount\":213,\"commentCount\":0,\"image\":{\"@id\":\"https:\/\/www.africa-press.net\/cameroun\/toutes-les-actualites\/cameroun-braquage-au-domicile-de-lintendant-principal-du-palais-de-lunite#primaryimage\"},\"thumbnailUrl\":\"https:\/\/static.africa-press.net\/cameroun\/sites\/57\/2022\/09\/img-6320c509b3cc4.jpg\",\"keywords\":[\"Africa Press\",\"Africa Press-Cameroun\",\"Cameroun\"],\"articleSection\":[\"Communaut\u00e9\",\"homepage-french\",\"Toutes les actualit\u00e9s\"],\"inLanguage\":\"fr-FR\",\"potentialAction\":[{\"@type\":\"CommentAction\",\"name\":\"Comment\",\"target\":[\"https:\/\/www.africa-press.net\/cameroun\/toutes-les-actualites\/cameroun-braquage-au-domicile-de-lintendant-principal-du-palais-de-lunite#respond\"]}]},{\"@type\":\"WebPage\",\"@id\":\"https:\/\/www.africa-press.net\/cameroun\/toutes-les-actualites\/cameroun-braquage-au-domicile-de-lintendant-principal-du-palais-de-lunite\",\"url\":\"https:\/\/www.africa-press.net\/cameroun\/toutes-les-actualites\/cameroun-braquage-au-domicile-de-lintendant-principal-du-palais-de-lunite\",\"name\":\"Cameroun : braquage au domicile de l\u2019intendant principal du Palais de l\u2019Unit\u00e9 - Cameroun\",\"isPartOf\":{\"@id\":\"https:\/\/www.africa-press.net\/cameroun\/#website\"},\"primaryImageOfPage\":{\"@id\":\"https:\/\/www.africa-press.net\/cameroun\/toutes-les-actualites\/cameroun-braquage-au-domicile-de-lintendant-principal-du-palais-de-lunite#primaryimage\"},\"image\":{\"@id\":\"https:\/\/www.africa-press.net\/cameroun\/toutes-les-actualites\/cameroun-braquage-au-domicile-de-lintendant-principal-du-palais-de-lunite#primaryimage\"},\"thumbnailUrl\":\"https:\/\/static.africa-press.net\/cameroun\/sites\/57\/2022\/09\/img-6320c509b3cc4.jpg\",\"datePublished\":\"2022-09-13T16:11:52+00:00\",\"dateModified\":\"2022-09-13T18:00:46+00:00\",\"author\":{\"@id\":\"https:\/\/www.africa-press.net\/cameroun\/#\/schema\/person\/2b1cf3cd81a31e3cd26889ca66d677f1\"},\"description\":\"Les braqueurs ont p\u00e9n\u00e9tr\u00e9 la r\u00e9sidence de l\u2019intendant au quartier Ahala \u00e0 Yaound\u00e9 dans la nuit du 12 au 13 septembre ...\",\"breadcrumb\":{\"@id\":\"https:\/\/www.africa-press.net\/cameroun\/toutes-les-actualites\/cameroun-braquage-au-domicile-de-lintendant-principal-du-palais-de-lunite#breadcrumb\"},\"inLanguage\":\"fr-FR\",\"potentialAction\":[{\"@type\":\"ReadAction\",\"target\":[\"https:\/\/www.africa-press.net\/cameroun\/toutes-les-actualites\/cameroun-braquage-au-domicile-de-lintendant-principal-du-palais-de-lunite\"]}]},{\"@type\":\"ImageObject\",\"inLanguage\":\"fr-FR\",\"@id\":\"https:\/\/www.africa-press.net\/cameroun\/toutes-les-actualites\/cameroun-braquage-au-domicile-de-lintendant-principal-du-palais-de-lunite#primaryimage\",\"url\":\"https:\/\/static.africa-press.net\/cameroun\/sites\/57\/2022\/09\/img-6320c509b3cc4.jpg\",\"contentUrl\":\"https:\/\/static.africa-press.net\/cameroun\/sites\/57\/2022\/09\/img-6320c509b3cc4.jpg\",\"width\":720,\"height\":447,\"caption\":\"Cameroun : braquage au domicile de l\u2019intendant principal du Palais de l\u2019Unit\u00e9\"},{\"@type\":\"BreadcrumbList\",\"@id\":\"https:\/\/www.africa-press.net\/cameroun\/toutes-les-actualites\/cameroun-braquage-au-domicile-de-lintendant-principal-du-palais-de-lunite#breadcrumb\",\"itemListElement\":[{\"@type\":\"ListItem\",\"position\":1,\"name\":\"Accueil\",\"item\":\"https:\/\/www.africa-press.net\/cameroun\/\"},{\"@type\":\"ListItem\",\"position\":2,\"name\":\"Cameroun : braquage au domicile de l\u2019intendant principal du Palais de l\u2019Unit\u00e9\"}]},{\"@type\":\"WebSite\",\"@id\":\"https:\/\/www.africa-press.net\/cameroun\/#website\",\"url\":\"https:\/\/www.africa-press.net\/cameroun\/\",\"name\":\"Cameroun\",\"description\":\"Just another Africa News Agency Sites site\",\"potentialAction\":[{\"@type\":\"SearchAction\",\"target\":{\"@type\":\"EntryPoint\",\"urlTemplate\":\"https:\/\/www.africa-press.net\/cameroun\/?s={search_term_string}\"},\"query-input\":{\"@type\":\"PropertyValueSpecification\",\"valueRequired\":true,\"valueName\":\"search_term_string\"}}],\"inLanguage\":\"fr-FR\"},{\"@type\":\"Person\",\"@id\":\"https:\/\/www.africa-press.net\/cameroun\/#\/schema\/person\/2b1cf3cd81a31e3cd26889ca66d677f1\",\"name\":\"cfeditorfr\"}]}<\/script>\n<!-- \/ Yoast SEO Premium plugin. -->","yoast_head_json":{"title":"Cameroun : braquage au domicile de l\u2019intendant principal du Palais de l\u2019Unit\u00e9 - Cameroun","description":"Les braqueurs ont p\u00e9n\u00e9tr\u00e9 la r\u00e9sidence de l\u2019intendant au quartier Ahala \u00e0 Yaound\u00e9 dans la nuit du 12 au 13 septembre ...","robots":{"index":"index","follow":"follow","max-snippet":"max-snippet:-1","max-image-preview":"max-image-preview:large","max-video-preview":"max-video-preview:-1"},"canonical":"https:\/\/www.africa-press.net\/cameroun\/toutes-les-actualites\/cameroun-braquage-au-domicile-de-lintendant-principal-du-palais-de-lunite","og_locale":"fr_FR","og_type":"article","og_title":"Cameroun : braquage au domicile de l\u2019intendant principal du Palais de l\u2019Unit\u00e9","og_description":"Les braqueurs ont p\u00e9n\u00e9tr\u00e9 la r\u00e9sidence de l\u2019intendant au quartier Ahala \u00e0 Yaound\u00e9 dans la nuit du 12 au 13 septembre ...","og_url":"https:\/\/www.africa-press.net\/cameroun\/toutes-les-actualites\/cameroun-braquage-au-domicile-de-lintendant-principal-du-palais-de-lunite","og_site_name":"Cameroun","article_published_time":"2022-09-13T16:11:52+00:00","article_modified_time":"2022-09-13T18:00:46+00:00","og_image":[{"width":720,"height":447,"url":"https:\/\/static.africa-press.net\/cameroun\/sites\/57\/2022\/09\/img-6320c509b3cc4.jpg","type":"image\/jpeg"}],"author":"cfeditorfr","twitter_card":"summary_large_image","twitter_misc":{"\u00c9crit par":"cfeditorfr","Dur\u00e9e de lecture estim\u00e9e":"1 minute"},"schema":{"@context":"https:\/\/schema.org","@graph":[{"@type":"Article","@id":"https:\/\/www.africa-press.net\/cameroun\/toutes-les-actualites\/cameroun-braquage-au-domicile-de-lintendant-principal-du-palais-de-lunite#article","isPartOf":{"@id":"https:\/\/www.africa-press.net\/cameroun\/toutes-les-actualites\/cameroun-braquage-au-domicile-de-lintendant-principal-du-palais-de-lunite"},"author":{"name":"cfeditorfr","@id":"https:\/\/www.africa-press.net\/cameroun\/#\/schema\/person\/2b1cf3cd81a31e3cd26889ca66d677f1"},"headline":"Cameroun : braquage au domicile de l\u2019intendant principal du Palais de l\u2019Unit\u00e9","datePublished":"2022-09-13T16:11:52+00:00","dateModified":"2022-09-13T18:00:46+00:00","mainEntityOfPage":{"@id":"https:\/\/www.africa-press.net\/cameroun\/toutes-les-actualites\/cameroun-braquage-au-domicile-de-lintendant-principal-du-palais-de-lunite"},"wordCount":213,"commentCount":0,"image":{"@id":"https:\/\/www.africa-press.net\/cameroun\/toutes-les-actualites\/cameroun-braquage-au-domicile-de-lintendant-principal-du-palais-de-lunite#primaryimage"},"thumbnailUrl":"https:\/\/static.africa-press.net\/cameroun\/sites\/57\/2022\/09\/img-6320c509b3cc4.jpg","keywords":["Africa Press","Africa Press-Cameroun","Cameroun"],"articleSection":["Communaut\u00e9","homepage-french","Toutes les actualit\u00e9s"],"inLanguage":"fr-FR","potentialAction":[{"@type":"CommentAction","name":"Comment","target":["https:\/\/www.africa-press.net\/cameroun\/toutes-les-actualites\/cameroun-braquage-au-domicile-de-lintendant-principal-du-palais-de-lunite#respond"]}]},{"@type":"WebPage","@id":"https:\/\/www.africa-press.net\/cameroun\/toutes-les-actualites\/cameroun-braquage-au-domicile-de-lintendant-principal-du-palais-de-lunite","url":"https:\/\/www.africa-press.net\/cameroun\/toutes-les-actualites\/cameroun-braquage-au-domicile-de-lintendant-principal-du-palais-de-lunite","name":"Cameroun : braquage au domicile de l\u2019intendant principal du Palais de l\u2019Unit\u00e9 - Cameroun","isPartOf":{"@id":"https:\/\/www.africa-press.net\/cameroun\/#website"},"primaryImageOfPage":{"@id":"https:\/\/www.africa-press.net\/cameroun\/toutes-les-actualites\/cameroun-braquage-au-domicile-de-lintendant-principal-du-palais-de-lunite#primaryimage"},"image":{"@id":"https:\/\/www.africa-press.net\/cameroun\/toutes-les-actualites\/cameroun-braquage-au-domicile-de-lintendant-principal-du-palais-de-lunite#primaryimage"},"thumbnailUrl":"https:\/\/static.africa-press.net\/cameroun\/sites\/57\/2022\/09\/img-6320c509b3cc4.jpg","datePublished":"2022-09-13T16:11:52+00:00","dateModified":"2022-09-13T18:00:46+00:00","author":{"@id":"https:\/\/www.africa-press.net\/cameroun\/#\/schema\/person\/2b1cf3cd81a31e3cd26889ca66d677f1"},"description":"Les braqueurs ont p\u00e9n\u00e9tr\u00e9 la r\u00e9sidence de l\u2019intendant au quartier Ahala \u00e0 Yaound\u00e9 dans la nuit du 12 au 13 septembre ...","breadcrumb":{"@id":"https:\/\/www.africa-press.net\/cameroun\/toutes-les-actualites\/cameroun-braquage-au-domicile-de-lintendant-principal-du-palais-de-lunite#breadcrumb"},"inLanguage":"fr-FR","potentialAction":[{"@type":"ReadAction","target":["https:\/\/www.africa-press.net\/cameroun\/toutes-les-actualites\/cameroun-braquage-au-domicile-de-lintendant-principal-du-palais-de-lunite"]}]},{"@type":"ImageObject","inLanguage":"fr-FR","@id":"https:\/\/www.africa-press.net\/cameroun\/toutes-les-actualites\/cameroun-braquage-au-domicile-de-lintendant-principal-du-palais-de-lunite#primaryimage","url":"https:\/\/static.africa-press.net\/cameroun\/sites\/57\/2022\/09\/img-6320c509b3cc4.jpg","contentUrl":"https:\/\/static.africa-press.net\/cameroun\/sites\/57\/2022\/09\/img-6320c509b3cc4.jpg","width":720,"height":447,"caption":"Cameroun : braquage au domicile de l\u2019intendant principal du Palais de l\u2019Unit\u00e9"},{"@type":"BreadcrumbList","@id":"https:\/\/www.africa-press.net\/cameroun\/toutes-les-actualites\/cameroun-braquage-au-domicile-de-lintendant-principal-du-palais-de-lunite#breadcrumb","itemListElement":[{"@type":"ListItem","position":1,"name":"Accueil","item":"https:\/\/www.africa-press.net\/cameroun\/"},{"@type":"ListItem","position":2,"name":"Cameroun : braquage au domicile de l\u2019intendant principal du Palais de l\u2019Unit\u00e9"}]},{"@type":"WebSite","@id":"https:\/\/www.africa-press.net\/cameroun\/#website","url":"https:\/\/www.africa-press.net\/cameroun\/","name":"Cameroun","description":"Just another Africa News Agency Sites site","potentialAction":[{"@type":"SearchAction","target":{"@type":"EntryPoint","urlTemplate":"https:\/\/www.africa-press.net\/cameroun\/?s={search_term_string}"},"query-input":{"@type":"PropertyValueSpecification","valueRequired":true,"valueName":"search_term_string"}}],"inLanguage":"fr-FR"},{"@type":"Person","@id":"https:\/\/www.africa-press.net\/cameroun\/#\/schema\/person\/2b1cf3cd81a31e3cd26889ca66d677f1","name":"cfeditorfr"}]}},"_links":{"self":[{"href":"https:\/\/www.africa-press.net\/cameroun\/wp-json\/wp\/v2\/posts\/27289","targetHints":{"allow":["GET"]}}],"collection":[{"href":"https:\/\/www.africa-press.net\/cameroun\/wp-json\/wp\/v2\/posts"}],"about":[{"href":"https:\/\/www.africa-press.net\/cameroun\/wp-json\/wp\/v2\/types\/post"}],"author":[{"embeddable":true,"href":"https:\/\/www.africa-press.net\/cameroun\/wp-json\/wp\/v2\/users\/82"}],"replies":[{"embeddable":true,"href":"https:\/\/www.africa-press.net\/cameroun\/wp-json\/wp\/v2\/comments?post=27289"}],"version-history":[{"count":0,"href":"https:\/\/www.africa-press.net\/cameroun\/wp-json\/wp\/v2\/posts\/27289\/revisions"}],"wp:featuredmedia":[{"embeddable":true,"href":"https:\/\/www.africa-press.net\/cameroun\/wp-json\/wp\/v2\/media\/27288"}],"wp:attachment":[{"href":"https:\/\/www.africa-press.net\/cameroun\/wp-json\/wp\/v2\/media?parent=27289"}],"wp:term":[{"taxonomy":"category","embeddable":true,"href":"https:\/\/www.africa-press.net\/cameroun\/wp-json\/wp\/v2\/categories?post=27289"},{"taxonomy":"post_tag","embeddable":true,"href":"https:\/\/www.africa-press.net\/cameroun\/wp-json\/wp\/v2\/tags?post=27289"}],"curies":[{"name":"wp","href":"https:\/\/api.w.org\/{rel}","templated":true}]}}