{"id":2729,"date":"2021-04-28T19:39:26","date_gmt":"2021-04-28T19:39:26","guid":{"rendered":"https:\/\/www.africa-press.net\/cameroun\/politique\/cameroun-cooperation-la-gestion-durable-des-forets-et-la-tracabilite-des-exploitations-au-coeur-de-la-rencontre-entre-le-ministre-des-forets-jules-doret-ndongo-et-des-diplomates-europeens"},"modified":"2021-04-28T20:22:45","modified_gmt":"2021-04-28T20:22:45","slug":"cameroun-cooperation-la-gestion-durable-des-forets-et-la-tracabilite-des-exploitations-au-coeur-de-la-rencontre-entre-le-ministre-des-forets-jules-doret-ndongo-et-des-diplomates-europeens","status":"publish","type":"post","link":"https:\/\/www.africa-press.net\/cameroun\/toutes-les-actualites\/cameroun-cooperation-la-gestion-durable-des-forets-et-la-tracabilite-des-exploitations-au-coeur-de-la-rencontre-entre-le-ministre-des-forets-jules-doret-ndongo-et-des-diplomates-europeens","title":{"rendered":"Cameroun &#8211; Coop\u00e9ration: La gestion durable des for\u00eats et la tra\u00e7abilit\u00e9 des exploitations au c\u0153ur de la rencontre entre le ministre des For\u00eats Jules Doret Ndongo et des diplomates europ\u00e9ens"},"content":{"rendered":"<p><span style=\"color: #ff6600\"><strong><a href=\"https:\/\/www.africa-press.net\/\">Africa-Press<\/a> &#8211; <a href=\"https:\/\/www.africa-press.net\/cameroun\">Cameroun<\/a>. <\/strong><\/span>Le ministre des For\u00eats et de la Faune (MINFOF) Jules Doret Ndongo a accord\u00e9 une audience \u00e0 des diplomates europ\u00e9ens le 27 avril 2021. Il s\u2019agissait entre autre de l\u2019ambassadeur de la R\u00e9publique f\u00e9d\u00e9rale d\u2019Allemagne au Cameroun, Corinna Fricke, et du tout nouvel ambassadeur, chef de d\u00e9l\u00e9gation de l\u2019Union europ\u00e9enne (UE), Philippe Van Damme. A la table des d\u00e9bats, la gestion durable des for\u00eats et la tra\u00e7abilit\u00e9 des exploitations.<\/p>\n<p>Dans les colonnes du quaotidien \u00e0 capitaux publics Cameroon Tribune en kiosque ce 28 avril 2021, le MINFOF affirme que: \u00abpour que nous puissions aboutir \u00e0 un syst\u00e8me qui puisse permettre d\u2019am\u00e9liorer nos performances, nous avons mis en place, en partenariat avec nos bailleurs, un syst\u00e8me qui permet d\u2019assurer cette gestion durable et de voir comment renforcer les recettes\u00bb.<\/p>\n<p>Pour Corinna Fricke, \u00abnous sommes d\u2019accord avec le minist\u00e8re en charge de la for\u00eat qu\u2019il faut impliquer un syst\u00e8me qui assure une exploitation l\u00e9gale afin de permettre au Cameroun de profiter pleinement de ses richesses naturelles\u00bb, peut-on lire dans les colonnes du journal.<\/p>\n<p>Ainsi dans un premier temps, \u00abil est question de mettre en place la d\u00e9mat\u00e9rialisation des proc\u00e9dures qui est un levier de modernisation de l\u2019administration foresti\u00e8re. Il a \u00e9t\u00e9 mis sur pied \u00e0 cet effet le Syst\u00e8me informatique de gestion des informations foresti\u00e8res de deuxi\u00e8me g\u00e9n\u00e9ration (SIGIF 2)\u00bb.<\/p>\n<p>Pour Philippe Van Damme, \u00abl\u2019Union europ\u00e9enne attache une grande importance \u00e0 la gestion durable du bassin forestier camerounais et plus largement du bassin forestier du Congo tant au niveau environnemental, qu\u2019\u00e9conomique et social. Au niveau de la gestion et du suivi des flux dans le secteur du bois, nous avons convenu qu\u2019il faudra mettre en place un monitoring et inviter la soci\u00e9t\u00e9 civile \u00e0 faire le suivi des syst\u00e8mes qui ont \u00e9t\u00e9 mis en place. Et nous de notre c\u00f4t\u00e9, nous devons r\u00e9pondre des normes internationales n\u00e9goci\u00e9es entre l\u2019UE et un certain nombre de pays\u00bb, note le reporter.<\/p>\n<p>Enfin, \u00abil sera \u00e9galement question pour l\u2019UE et l\u2019Allemagne de mobiliser, en accord avec le MINFOF, des experts ind\u00e9pendants pour \u00e9valuer le syst\u00e8me et voir l\u00e0 o\u00f9 il y a des am\u00e9liorations et des corrections \u00e0 apporter pour que le Cameroun puisse adh\u00e9rer pleinement au Programme pour l\u2019application des r\u00e8glementations foresti\u00e8res, la gouvernance et les \u00e9changes commerciaux, qui donnera une certification de durabilit\u00e9 au bois export\u00e9 par le Cameroun\u00bb, lit-on.<\/p>\n<p><b>Wilfried ONDOA<\/b><\/p>\n","protected":false},"excerpt":{"rendered":"<p>Africa-Press &#8211; Cameroun. Le ministre des For\u00eats et de la Faune (MINFOF) Jules Doret Ndongo a accord\u00e9 une audience \u00e0 des diplomates europ\u00e9ens le 27 avril 2021. Il s\u2019agissait entre autre de l\u2019ambassadeur de la R\u00e9publique f\u00e9d\u00e9rale d\u2019Allemagne au Cameroun, Corinna Fricke, et du tout nouvel ambassadeur, chef de d\u00e9l\u00e9gation de l\u2019Union europ\u00e9enne (UE), Philippe [&hellip;]<\/p>\n","protected":false},"author":82,"featured_media":2728,"comment_status":"open","ping_status":"closed","sticky":false,"template":"","format":"standard","meta":{"footnotes":""},"categories":[21,11,10],"tags":[36,50,49],"class_list":["post-2729","post","type-post","status-publish","format-standard","has-post-thumbnail","hentry","category-communaute","category-homepage-french","category-toutes-les-actualites","tag-africa-press","tag-africa-press-cameroun","tag-cameroun"],"yoast_head":"<!-- This site is optimized with the Yoast SEO Premium plugin v26.1 (Yoast SEO v27.0) - https:\/\/yoast.com\/product\/yoast-seo-premium-wordpress\/ -->\n<title>Cameroun - Coop\u00e9ration: La gestion durable des for\u00eats et la tra\u00e7abilit\u00e9 des exploitations au c\u0153ur de la rencontre entre le ministre des For\u00eats Jules Doret Ndongo et des diplomates europ\u00e9ens - Cameroun<\/title>\n<meta name=\"description\" content=\"Le ministre des For\u00eats et de la Faune (MINFOF) Jules Doret Ndongo a accord\u00e9 une audience \u00e0 des diplomates europ\u00e9ens le 2 ...\" \/>\n<meta name=\"robots\" content=\"index, follow, max-snippet:-1, max-image-preview:large, max-video-preview:-1\" \/>\n<link rel=\"canonical\" href=\"https:\/\/www.africa-press.net\/cameroun\/toutes-les-actualites\/cameroun-cooperation-la-gestion-durable-des-forets-et-la-tracabilite-des-exploitations-au-coeur-de-la-rencontre-entre-le-ministre-des-forets-jules-doret-ndongo-et-des-diplomates-europeens\" \/>\n<meta property=\"og:locale\" content=\"fr_FR\" \/>\n<meta property=\"og:type\" content=\"article\" \/>\n<meta property=\"og:title\" content=\"Cameroun - Coop\u00e9ration: La gestion durable des for\u00eats et la tra\u00e7abilit\u00e9 des exploitations au c\u0153ur de la rencontre entre le ministre des For\u00eats Jules Doret Ndongo et des diplomates europ\u00e9ens\" \/>\n<meta property=\"og:description\" content=\"Le ministre des For\u00eats et de la Faune (MINFOF) Jules Doret Ndongo a accord\u00e9 une audience \u00e0 des diplomates europ\u00e9ens le 2 ...\" \/>\n<meta property=\"og:url\" content=\"https:\/\/www.africa-press.net\/cameroun\/toutes-les-actualites\/cameroun-cooperation-la-gestion-durable-des-forets-et-la-tracabilite-des-exploitations-au-coeur-de-la-rencontre-entre-le-ministre-des-forets-jules-doret-ndongo-et-des-diplomates-europeens\" \/>\n<meta property=\"og:site_name\" content=\"Cameroun\" \/>\n<meta property=\"article:published_time\" content=\"2021-04-28T19:39:26+00:00\" \/>\n<meta property=\"article:modified_time\" content=\"2021-04-28T20:22:45+00:00\" \/>\n<meta property=\"og:image\" content=\"https:\/\/static.africa-press.net\/cameroun\/sites\/57\/2021\/04\/img-6089c3f0d99dc.jpg\" \/>\n\t<meta property=\"og:image:width\" content=\"800\" \/>\n\t<meta property=\"og:image:height\" content=\"600\" \/>\n\t<meta property=\"og:image:type\" content=\"image\/jpeg\" \/>\n<meta name=\"author\" content=\"cfeditorfr\" \/>\n<meta name=\"twitter:card\" content=\"summary_large_image\" \/>\n<meta name=\"twitter:label1\" content=\"\u00c9crit par\" \/>\n\t<meta name=\"twitter:data1\" content=\"cfeditorfr\" \/>\n\t<meta name=\"twitter:label2\" content=\"Dur\u00e9e de lecture estim\u00e9e\" \/>\n\t<meta name=\"twitter:data2\" content=\"2 minutes\" \/>\n<script type=\"application\/ld+json\" class=\"yoast-schema-graph\">{\"@context\":\"https:\/\/schema.org\",\"@graph\":[{\"@type\":\"Article\",\"@id\":\"https:\/\/www.africa-press.net\/cameroun\/toutes-les-actualites\/cameroun-cooperation-la-gestion-durable-des-forets-et-la-tracabilite-des-exploitations-au-coeur-de-la-rencontre-entre-le-ministre-des-forets-jules-doret-ndongo-et-des-diplomates-europeens#article\",\"isPartOf\":{\"@id\":\"https:\/\/www.africa-press.net\/cameroun\/toutes-les-actualites\/cameroun-cooperation-la-gestion-durable-des-forets-et-la-tracabilite-des-exploitations-au-coeur-de-la-rencontre-entre-le-ministre-des-forets-jules-doret-ndongo-et-des-diplomates-europeens\"},\"author\":{\"name\":\"cfeditorfr\",\"@id\":\"https:\/\/www.africa-press.net\/cameroun\/#\/schema\/person\/2b1cf3cd81a31e3cd26889ca66d677f1\"},\"headline\":\"Cameroun &#8211; Coop\u00e9ration: La gestion durable des for\u00eats et la tra\u00e7abilit\u00e9 des exploitations au c\u0153ur de la rencontre entre le ministre des For\u00eats Jules Doret Ndongo et des diplomates europ\u00e9ens\",\"datePublished\":\"2021-04-28T19:39:26+00:00\",\"dateModified\":\"2021-04-28T20:22:45+00:00\",\"mainEntityOfPage\":{\"@id\":\"https:\/\/www.africa-press.net\/cameroun\/toutes-les-actualites\/cameroun-cooperation-la-gestion-durable-des-forets-et-la-tracabilite-des-exploitations-au-coeur-de-la-rencontre-entre-le-ministre-des-forets-jules-doret-ndongo-et-des-diplomates-europeens\"},\"wordCount\":471,\"commentCount\":0,\"image\":{\"@id\":\"https:\/\/www.africa-press.net\/cameroun\/toutes-les-actualites\/cameroun-cooperation-la-gestion-durable-des-forets-et-la-tracabilite-des-exploitations-au-coeur-de-la-rencontre-entre-le-ministre-des-forets-jules-doret-ndongo-et-des-diplomates-europeens#primaryimage\"},\"thumbnailUrl\":\"https:\/\/static.africa-press.net\/cameroun\/sites\/57\/2021\/04\/img-6089c3f0d99dc.jpg\",\"keywords\":[\"Africa Press\",\"Africa Press-Cameroun\",\"Cameroun\"],\"articleSection\":[\"Communaut\u00e9\",\"homepage-french\",\"Toutes les actualit\u00e9s\"],\"inLanguage\":\"fr-FR\",\"potentialAction\":[{\"@type\":\"CommentAction\",\"name\":\"Comment\",\"target\":[\"https:\/\/www.africa-press.net\/cameroun\/toutes-les-actualites\/cameroun-cooperation-la-gestion-durable-des-forets-et-la-tracabilite-des-exploitations-au-coeur-de-la-rencontre-entre-le-ministre-des-forets-jules-doret-ndongo-et-des-diplomates-europeens#respond\"]}]},{\"@type\":\"WebPage\",\"@id\":\"https:\/\/www.africa-press.net\/cameroun\/toutes-les-actualites\/cameroun-cooperation-la-gestion-durable-des-forets-et-la-tracabilite-des-exploitations-au-coeur-de-la-rencontre-entre-le-ministre-des-forets-jules-doret-ndongo-et-des-diplomates-europeens\",\"url\":\"https:\/\/www.africa-press.net\/cameroun\/toutes-les-actualites\/cameroun-cooperation-la-gestion-durable-des-forets-et-la-tracabilite-des-exploitations-au-coeur-de-la-rencontre-entre-le-ministre-des-forets-jules-doret-ndongo-et-des-diplomates-europeens\",\"name\":\"Cameroun - Coop\u00e9ration: La gestion durable des for\u00eats et la tra\u00e7abilit\u00e9 des exploitations au c\u0153ur de la rencontre entre le ministre des For\u00eats Jules Doret Ndongo et des diplomates europ\u00e9ens - Cameroun\",\"isPartOf\":{\"@id\":\"https:\/\/www.africa-press.net\/cameroun\/#website\"},\"primaryImageOfPage\":{\"@id\":\"https:\/\/www.africa-press.net\/cameroun\/toutes-les-actualites\/cameroun-cooperation-la-gestion-durable-des-forets-et-la-tracabilite-des-exploitations-au-coeur-de-la-rencontre-entre-le-ministre-des-forets-jules-doret-ndongo-et-des-diplomates-europeens#primaryimage\"},\"image\":{\"@id\":\"https:\/\/www.africa-press.net\/cameroun\/toutes-les-actualites\/cameroun-cooperation-la-gestion-durable-des-forets-et-la-tracabilite-des-exploitations-au-coeur-de-la-rencontre-entre-le-ministre-des-forets-jules-doret-ndongo-et-des-diplomates-europeens#primaryimage\"},\"thumbnailUrl\":\"https:\/\/static.africa-press.net\/cameroun\/sites\/57\/2021\/04\/img-6089c3f0d99dc.jpg\",\"datePublished\":\"2021-04-28T19:39:26+00:00\",\"dateModified\":\"2021-04-28T20:22:45+00:00\",\"author\":{\"@id\":\"https:\/\/www.africa-press.net\/cameroun\/#\/schema\/person\/2b1cf3cd81a31e3cd26889ca66d677f1\"},\"description\":\"Le ministre des For\u00eats et de la Faune (MINFOF) Jules Doret Ndongo a accord\u00e9 une audience \u00e0 des diplomates europ\u00e9ens le 2 ...\",\"breadcrumb\":{\"@id\":\"https:\/\/www.africa-press.net\/cameroun\/toutes-les-actualites\/cameroun-cooperation-la-gestion-durable-des-forets-et-la-tracabilite-des-exploitations-au-coeur-de-la-rencontre-entre-le-ministre-des-forets-jules-doret-ndongo-et-des-diplomates-europeens#breadcrumb\"},\"inLanguage\":\"fr-FR\",\"potentialAction\":[{\"@type\":\"ReadAction\",\"target\":[\"https:\/\/www.africa-press.net\/cameroun\/toutes-les-actualites\/cameroun-cooperation-la-gestion-durable-des-forets-et-la-tracabilite-des-exploitations-au-coeur-de-la-rencontre-entre-le-ministre-des-forets-jules-doret-ndongo-et-des-diplomates-europeens\"]}]},{\"@type\":\"ImageObject\",\"inLanguage\":\"fr-FR\",\"@id\":\"https:\/\/www.africa-press.net\/cameroun\/toutes-les-actualites\/cameroun-cooperation-la-gestion-durable-des-forets-et-la-tracabilite-des-exploitations-au-coeur-de-la-rencontre-entre-le-ministre-des-forets-jules-doret-ndongo-et-des-diplomates-europeens#primaryimage\",\"url\":\"https:\/\/static.africa-press.net\/cameroun\/sites\/57\/2021\/04\/img-6089c3f0d99dc.jpg\",\"contentUrl\":\"https:\/\/static.africa-press.net\/cameroun\/sites\/57\/2021\/04\/img-6089c3f0d99dc.jpg\",\"width\":800,\"height\":600,\"caption\":\"Cameroun - Coop\u00e9ration: La gestion durable des for\u00eats et la tra\u00e7abilit\u00e9 des exploitations au c\u0153ur de la rencontre entre le ministre des For\u00eats Jules Doret Ndongo et des diplomates europ\u00e9ens\"},{\"@type\":\"BreadcrumbList\",\"@id\":\"https:\/\/www.africa-press.net\/cameroun\/toutes-les-actualites\/cameroun-cooperation-la-gestion-durable-des-forets-et-la-tracabilite-des-exploitations-au-coeur-de-la-rencontre-entre-le-ministre-des-forets-jules-doret-ndongo-et-des-diplomates-europeens#breadcrumb\",\"itemListElement\":[{\"@type\":\"ListItem\",\"position\":1,\"name\":\"Accueil\",\"item\":\"https:\/\/www.africa-press.net\/cameroun\/\"},{\"@type\":\"ListItem\",\"position\":2,\"name\":\"Cameroun &#8211; Coop\u00e9ration: La gestion durable des for\u00eats et la tra\u00e7abilit\u00e9 des exploitations au c\u0153ur de la rencontre entre le ministre des For\u00eats Jules Doret Ndongo et des diplomates europ\u00e9ens\"}]},{\"@type\":\"WebSite\",\"@id\":\"https:\/\/www.africa-press.net\/cameroun\/#website\",\"url\":\"https:\/\/www.africa-press.net\/cameroun\/\",\"name\":\"Cameroun\",\"description\":\"Just another Africa News Agency Sites site\",\"potentialAction\":[{\"@type\":\"SearchAction\",\"target\":{\"@type\":\"EntryPoint\",\"urlTemplate\":\"https:\/\/www.africa-press.net\/cameroun\/?s={search_term_string}\"},\"query-input\":{\"@type\":\"PropertyValueSpecification\",\"valueRequired\":true,\"valueName\":\"search_term_string\"}}],\"inLanguage\":\"fr-FR\"},{\"@type\":\"Person\",\"@id\":\"https:\/\/www.africa-press.net\/cameroun\/#\/schema\/person\/2b1cf3cd81a31e3cd26889ca66d677f1\",\"name\":\"cfeditorfr\"}]}<\/script>\n<!-- \/ Yoast SEO Premium plugin. -->","yoast_head_json":{"title":"Cameroun - Coop\u00e9ration: La gestion durable des for\u00eats et la tra\u00e7abilit\u00e9 des exploitations au c\u0153ur de la rencontre entre le ministre des For\u00eats Jules Doret Ndongo et des diplomates europ\u00e9ens - Cameroun","description":"Le ministre des For\u00eats et de la Faune (MINFOF) Jules Doret Ndongo a accord\u00e9 une audience \u00e0 des diplomates europ\u00e9ens le 2 ...","robots":{"index":"index","follow":"follow","max-snippet":"max-snippet:-1","max-image-preview":"max-image-preview:large","max-video-preview":"max-video-preview:-1"},"canonical":"https:\/\/www.africa-press.net\/cameroun\/toutes-les-actualites\/cameroun-cooperation-la-gestion-durable-des-forets-et-la-tracabilite-des-exploitations-au-coeur-de-la-rencontre-entre-le-ministre-des-forets-jules-doret-ndongo-et-des-diplomates-europeens","og_locale":"fr_FR","og_type":"article","og_title":"Cameroun - Coop\u00e9ration: La gestion durable des for\u00eats et la tra\u00e7abilit\u00e9 des exploitations au c\u0153ur de la rencontre entre le ministre des For\u00eats Jules Doret Ndongo et des diplomates europ\u00e9ens","og_description":"Le ministre des For\u00eats et de la Faune (MINFOF) Jules Doret Ndongo a accord\u00e9 une audience \u00e0 des diplomates europ\u00e9ens le 2 ...","og_url":"https:\/\/www.africa-press.net\/cameroun\/toutes-les-actualites\/cameroun-cooperation-la-gestion-durable-des-forets-et-la-tracabilite-des-exploitations-au-coeur-de-la-rencontre-entre-le-ministre-des-forets-jules-doret-ndongo-et-des-diplomates-europeens","og_site_name":"Cameroun","article_published_time":"2021-04-28T19:39:26+00:00","article_modified_time":"2021-04-28T20:22:45+00:00","og_image":[{"width":800,"height":600,"url":"https:\/\/static.africa-press.net\/cameroun\/sites\/57\/2021\/04\/img-6089c3f0d99dc.jpg","type":"image\/jpeg"}],"author":"cfeditorfr","twitter_card":"summary_large_image","twitter_misc":{"\u00c9crit par":"cfeditorfr","Dur\u00e9e de lecture estim\u00e9e":"2 minutes"},"schema":{"@context":"https:\/\/schema.org","@graph":[{"@type":"Article","@id":"https:\/\/www.africa-press.net\/cameroun\/toutes-les-actualites\/cameroun-cooperation-la-gestion-durable-des-forets-et-la-tracabilite-des-exploitations-au-coeur-de-la-rencontre-entre-le-ministre-des-forets-jules-doret-ndongo-et-des-diplomates-europeens#article","isPartOf":{"@id":"https:\/\/www.africa-press.net\/cameroun\/toutes-les-actualites\/cameroun-cooperation-la-gestion-durable-des-forets-et-la-tracabilite-des-exploitations-au-coeur-de-la-rencontre-entre-le-ministre-des-forets-jules-doret-ndongo-et-des-diplomates-europeens"},"author":{"name":"cfeditorfr","@id":"https:\/\/www.africa-press.net\/cameroun\/#\/schema\/person\/2b1cf3cd81a31e3cd26889ca66d677f1"},"headline":"Cameroun &#8211; Coop\u00e9ration: La gestion durable des for\u00eats et la tra\u00e7abilit\u00e9 des exploitations au c\u0153ur de la rencontre entre le ministre des For\u00eats Jules Doret Ndongo et des diplomates europ\u00e9ens","datePublished":"2021-04-28T19:39:26+00:00","dateModified":"2021-04-28T20:22:45+00:00","mainEntityOfPage":{"@id":"https:\/\/www.africa-press.net\/cameroun\/toutes-les-actualites\/cameroun-cooperation-la-gestion-durable-des-forets-et-la-tracabilite-des-exploitations-au-coeur-de-la-rencontre-entre-le-ministre-des-forets-jules-doret-ndongo-et-des-diplomates-europeens"},"wordCount":471,"commentCount":0,"image":{"@id":"https:\/\/www.africa-press.net\/cameroun\/toutes-les-actualites\/cameroun-cooperation-la-gestion-durable-des-forets-et-la-tracabilite-des-exploitations-au-coeur-de-la-rencontre-entre-le-ministre-des-forets-jules-doret-ndongo-et-des-diplomates-europeens#primaryimage"},"thumbnailUrl":"https:\/\/static.africa-press.net\/cameroun\/sites\/57\/2021\/04\/img-6089c3f0d99dc.jpg","keywords":["Africa Press","Africa Press-Cameroun","Cameroun"],"articleSection":["Communaut\u00e9","homepage-french","Toutes les actualit\u00e9s"],"inLanguage":"fr-FR","potentialAction":[{"@type":"CommentAction","name":"Comment","target":["https:\/\/www.africa-press.net\/cameroun\/toutes-les-actualites\/cameroun-cooperation-la-gestion-durable-des-forets-et-la-tracabilite-des-exploitations-au-coeur-de-la-rencontre-entre-le-ministre-des-forets-jules-doret-ndongo-et-des-diplomates-europeens#respond"]}]},{"@type":"WebPage","@id":"https:\/\/www.africa-press.net\/cameroun\/toutes-les-actualites\/cameroun-cooperation-la-gestion-durable-des-forets-et-la-tracabilite-des-exploitations-au-coeur-de-la-rencontre-entre-le-ministre-des-forets-jules-doret-ndongo-et-des-diplomates-europeens","url":"https:\/\/www.africa-press.net\/cameroun\/toutes-les-actualites\/cameroun-cooperation-la-gestion-durable-des-forets-et-la-tracabilite-des-exploitations-au-coeur-de-la-rencontre-entre-le-ministre-des-forets-jules-doret-ndongo-et-des-diplomates-europeens","name":"Cameroun - Coop\u00e9ration: La gestion durable des for\u00eats et la tra\u00e7abilit\u00e9 des exploitations au c\u0153ur de la rencontre entre le ministre des For\u00eats Jules Doret Ndongo et des diplomates europ\u00e9ens - Cameroun","isPartOf":{"@id":"https:\/\/www.africa-press.net\/cameroun\/#website"},"primaryImageOfPage":{"@id":"https:\/\/www.africa-press.net\/cameroun\/toutes-les-actualites\/cameroun-cooperation-la-gestion-durable-des-forets-et-la-tracabilite-des-exploitations-au-coeur-de-la-rencontre-entre-le-ministre-des-forets-jules-doret-ndongo-et-des-diplomates-europeens#primaryimage"},"image":{"@id":"https:\/\/www.africa-press.net\/cameroun\/toutes-les-actualites\/cameroun-cooperation-la-gestion-durable-des-forets-et-la-tracabilite-des-exploitations-au-coeur-de-la-rencontre-entre-le-ministre-des-forets-jules-doret-ndongo-et-des-diplomates-europeens#primaryimage"},"thumbnailUrl":"https:\/\/static.africa-press.net\/cameroun\/sites\/57\/2021\/04\/img-6089c3f0d99dc.jpg","datePublished":"2021-04-28T19:39:26+00:00","dateModified":"2021-04-28T20:22:45+00:00","author":{"@id":"https:\/\/www.africa-press.net\/cameroun\/#\/schema\/person\/2b1cf3cd81a31e3cd26889ca66d677f1"},"description":"Le ministre des For\u00eats et de la Faune (MINFOF) Jules Doret Ndongo a accord\u00e9 une audience \u00e0 des diplomates europ\u00e9ens le 2 ...","breadcrumb":{"@id":"https:\/\/www.africa-press.net\/cameroun\/toutes-les-actualites\/cameroun-cooperation-la-gestion-durable-des-forets-et-la-tracabilite-des-exploitations-au-coeur-de-la-rencontre-entre-le-ministre-des-forets-jules-doret-ndongo-et-des-diplomates-europeens#breadcrumb"},"inLanguage":"fr-FR","potentialAction":[{"@type":"ReadAction","target":["https:\/\/www.africa-press.net\/cameroun\/toutes-les-actualites\/cameroun-cooperation-la-gestion-durable-des-forets-et-la-tracabilite-des-exploitations-au-coeur-de-la-rencontre-entre-le-ministre-des-forets-jules-doret-ndongo-et-des-diplomates-europeens"]}]},{"@type":"ImageObject","inLanguage":"fr-FR","@id":"https:\/\/www.africa-press.net\/cameroun\/toutes-les-actualites\/cameroun-cooperation-la-gestion-durable-des-forets-et-la-tracabilite-des-exploitations-au-coeur-de-la-rencontre-entre-le-ministre-des-forets-jules-doret-ndongo-et-des-diplomates-europeens#primaryimage","url":"https:\/\/static.africa-press.net\/cameroun\/sites\/57\/2021\/04\/img-6089c3f0d99dc.jpg","contentUrl":"https:\/\/static.africa-press.net\/cameroun\/sites\/57\/2021\/04\/img-6089c3f0d99dc.jpg","width":800,"height":600,"caption":"Cameroun - Coop\u00e9ration: La gestion durable des for\u00eats et la tra\u00e7abilit\u00e9 des exploitations au c\u0153ur de la rencontre entre le ministre des For\u00eats Jules Doret Ndongo et des diplomates europ\u00e9ens"},{"@type":"BreadcrumbList","@id":"https:\/\/www.africa-press.net\/cameroun\/toutes-les-actualites\/cameroun-cooperation-la-gestion-durable-des-forets-et-la-tracabilite-des-exploitations-au-coeur-de-la-rencontre-entre-le-ministre-des-forets-jules-doret-ndongo-et-des-diplomates-europeens#breadcrumb","itemListElement":[{"@type":"ListItem","position":1,"name":"Accueil","item":"https:\/\/www.africa-press.net\/cameroun\/"},{"@type":"ListItem","position":2,"name":"Cameroun &#8211; Coop\u00e9ration: La gestion durable des for\u00eats et la tra\u00e7abilit\u00e9 des exploitations au c\u0153ur de la rencontre entre le ministre des For\u00eats Jules Doret Ndongo et des diplomates europ\u00e9ens"}]},{"@type":"WebSite","@id":"https:\/\/www.africa-press.net\/cameroun\/#website","url":"https:\/\/www.africa-press.net\/cameroun\/","name":"Cameroun","description":"Just another Africa News Agency Sites site","potentialAction":[{"@type":"SearchAction","target":{"@type":"EntryPoint","urlTemplate":"https:\/\/www.africa-press.net\/cameroun\/?s={search_term_string}"},"query-input":{"@type":"PropertyValueSpecification","valueRequired":true,"valueName":"search_term_string"}}],"inLanguage":"fr-FR"},{"@type":"Person","@id":"https:\/\/www.africa-press.net\/cameroun\/#\/schema\/person\/2b1cf3cd81a31e3cd26889ca66d677f1","name":"cfeditorfr"}]}},"_links":{"self":[{"href":"https:\/\/www.africa-press.net\/cameroun\/wp-json\/wp\/v2\/posts\/2729","targetHints":{"allow":["GET"]}}],"collection":[{"href":"https:\/\/www.africa-press.net\/cameroun\/wp-json\/wp\/v2\/posts"}],"about":[{"href":"https:\/\/www.africa-press.net\/cameroun\/wp-json\/wp\/v2\/types\/post"}],"author":[{"embeddable":true,"href":"https:\/\/www.africa-press.net\/cameroun\/wp-json\/wp\/v2\/users\/82"}],"replies":[{"embeddable":true,"href":"https:\/\/www.africa-press.net\/cameroun\/wp-json\/wp\/v2\/comments?post=2729"}],"version-history":[{"count":0,"href":"https:\/\/www.africa-press.net\/cameroun\/wp-json\/wp\/v2\/posts\/2729\/revisions"}],"wp:featuredmedia":[{"embeddable":true,"href":"https:\/\/www.africa-press.net\/cameroun\/wp-json\/wp\/v2\/media\/2728"}],"wp:attachment":[{"href":"https:\/\/www.africa-press.net\/cameroun\/wp-json\/wp\/v2\/media?parent=2729"}],"wp:term":[{"taxonomy":"category","embeddable":true,"href":"https:\/\/www.africa-press.net\/cameroun\/wp-json\/wp\/v2\/categories?post=2729"},{"taxonomy":"post_tag","embeddable":true,"href":"https:\/\/www.africa-press.net\/cameroun\/wp-json\/wp\/v2\/tags?post=2729"}],"curies":[{"name":"wp","href":"https:\/\/api.w.org\/{rel}","templated":true}]}}