{"id":27292,"date":"2022-09-13T16:23:12","date_gmt":"2022-09-13T16:23:12","guid":{"rendered":"https:\/\/www.africa-press.net\/cameroun\/politique\/cameroun-crise-anglophone-au-moins-six-separatistes-neutralises-par-larmee"},"modified":"2022-09-13T18:01:53","modified_gmt":"2022-09-13T18:01:53","slug":"cameroun-crise-anglophone-au-moins-six-separatistes-neutralises-par-larmee","status":"publish","type":"post","link":"https:\/\/www.africa-press.net\/cameroun\/politique\/cameroun-crise-anglophone-au-moins-six-separatistes-neutralises-par-larmee","title":{"rendered":"Cameroun-crise anglophone : au moins six s\u00e9paratistes neutralis\u00e9s par l\u2019arm\u00e9e"},"content":{"rendered":"<p><span style=\"color: #ff6600\"><strong>Africa-Press &#8211; Cameroun. <\/strong><\/span><b>Les forces de d\u00e9fense et de s\u00e9curit\u00e9 ont neutralis\u00e9 des combattants s\u00e9cessionnistes dans la r\u00e9gion du Nord-Ouest au cours du week-end dernier.<\/b><\/p>\n<p>De sources m\u00e9diatiques, au moins six combattants s\u00e9paratistes ont perdu la vie au cours des affrontements. Ceux-ci les ont oppos\u00e9s aux forces de d\u00e9fense et de s\u00e9curit\u00e9 samedi 10 et dimanche 11 septembre 2022. C\u2019\u00e9tait dans le d\u00e9partement du Bui, r\u00e9gion du Nord-Ouest. Des sources m\u00e9diatiques informent qu\u2019aucune perte n\u2019a \u00e9t\u00e9 signal\u00e9e du c\u00f4t\u00e9 du gouvernement.<\/p>\n<p>Selon les populations locales et les sources s\u00e9curitaires, les s\u00e9paratistes ont install\u00e9 plusieurs camps dans le d\u00e9partement du Bui. Pour la s\u00e9curit\u00e9 des personnes et des biens ainsi que pour la d\u00e9fense de l\u2019int\u00e9grit\u00e9 du territoire, les forces se sont attaqu\u00e9es \u00e0 ces hommes arm\u00e9s qui menacent la paix dans des localit\u00e9s de la r\u00e9gion et plus particuli\u00e8rement chaque d\u00e9but d\u2019ann\u00e9e scolaire.<\/p>\n<p>Depuis la rentr\u00e9e scolaire du 5 septembre dernier, les s\u00e9paratistes tendent \u00e0 multiplier les attaques dans les deux r\u00e9gions en crise depuis 2016. Le 6 septembre, six civils voyageant \u00e0 bord d\u2019un car ont \u00e9t\u00e9 tu\u00e9s dans la localit\u00e9 de Muyuka. Quelques jours apr\u00e8s, entre le 8 et le 9 septembre, l\u2019arm\u00e9e a neutralis\u00e9 au moins trois combattants du camp adverse dans le d\u00e9partement de la Mezam, r\u00e9gion du Nord-Ouest. Luttant pour l\u2019ind\u00e9pendance d\u2019un certain Etat appel\u00e9 \u00ab Ambazonie \u00bb, les s\u00e9cessionnistes ont impos\u00e9 la fermeture des \u00e9tablissements scolaires depuis au moins cinq ans.<\/p>\n<p><strong>Pour plus d&rsquo;informations et d&rsquo;analyses sur la <a href=\"https:\/\/www.africa-press.net\/cameroun\">Cameroun<\/a>, suivez <a href=\"https:\/\/www.africa-press.net\/\">Africa-Press<\/a><\/strong><\/p>\n","protected":false},"excerpt":{"rendered":"<p>Africa-Press &#8211; Cameroun. Les forces de d\u00e9fense et de s\u00e9curit\u00e9 ont neutralis\u00e9 des combattants s\u00e9cessionnistes dans la r\u00e9gion du Nord-Ouest au cours du week-end dernier. De sources m\u00e9diatiques, au moins six combattants s\u00e9paratistes ont perdu la vie au cours des affrontements. Ceux-ci les ont oppos\u00e9s aux forces de d\u00e9fense et de s\u00e9curit\u00e9 samedi 10 et [&hellip;]<\/p>\n","protected":false},"author":82,"featured_media":27291,"comment_status":"open","ping_status":"closed","sticky":false,"template":"","format":"standard","meta":{"footnotes":""},"categories":[11,2,10],"tags":[36,50,49],"class_list":["post-27292","post","type-post","status-publish","format-standard","has-post-thumbnail","hentry","category-homepage-french","category-politique","category-toutes-les-actualites","tag-africa-press","tag-africa-press-cameroun","tag-cameroun"],"yoast_head":"<!-- This site is optimized with the Yoast SEO Premium plugin v26.1 (Yoast SEO v27.0) - https:\/\/yoast.com\/product\/yoast-seo-premium-wordpress\/ -->\n<title>Cameroun-crise anglophone : au moins six s\u00e9paratistes neutralis\u00e9s par l\u2019arm\u00e9e - Cameroun<\/title>\n<meta name=\"description\" content=\"Les forces de d\u00e9fense et de s\u00e9curit\u00e9 ont neutralis\u00e9 des combattants s\u00e9cessionnistes dans la r\u00e9gion du Nord-Ouest au c ...\" \/>\n<meta name=\"robots\" content=\"index, follow, max-snippet:-1, max-image-preview:large, max-video-preview:-1\" \/>\n<link rel=\"canonical\" href=\"https:\/\/www.africa-press.net\/cameroun\/politique\/cameroun-crise-anglophone-au-moins-six-separatistes-neutralises-par-larmee\" \/>\n<meta property=\"og:locale\" content=\"fr_FR\" \/>\n<meta property=\"og:type\" content=\"article\" \/>\n<meta property=\"og:title\" content=\"Cameroun-crise anglophone : au moins six s\u00e9paratistes neutralis\u00e9s par l\u2019arm\u00e9e\" \/>\n<meta property=\"og:description\" content=\"Les forces de d\u00e9fense et de s\u00e9curit\u00e9 ont neutralis\u00e9 des combattants s\u00e9cessionnistes dans la r\u00e9gion du Nord-Ouest au c ...\" \/>\n<meta property=\"og:url\" content=\"https:\/\/www.africa-press.net\/cameroun\/politique\/cameroun-crise-anglophone-au-moins-six-separatistes-neutralises-par-larmee\" \/>\n<meta property=\"og:site_name\" content=\"Cameroun\" \/>\n<meta property=\"article:published_time\" content=\"2022-09-13T16:23:12+00:00\" \/>\n<meta property=\"article:modified_time\" content=\"2022-09-13T18:01:53+00:00\" \/>\n<meta property=\"og:image\" content=\"https:\/\/static.africa-press.net\/cameroun\/sites\/57\/2022\/09\/img-6320c5578464d.jpg\" \/>\n\t<meta property=\"og:image:width\" content=\"780\" \/>\n\t<meta property=\"og:image:height\" content=\"440\" \/>\n\t<meta property=\"og:image:type\" content=\"image\/jpeg\" \/>\n<meta name=\"author\" content=\"cfeditorfr\" \/>\n<meta name=\"twitter:card\" content=\"summary_large_image\" \/>\n<meta name=\"twitter:label1\" content=\"\u00c9crit par\" \/>\n\t<meta name=\"twitter:data1\" content=\"cfeditorfr\" \/>\n\t<meta name=\"twitter:label2\" content=\"Dur\u00e9e de lecture estim\u00e9e\" \/>\n\t<meta name=\"twitter:data2\" content=\"2 minutes\" \/>\n<script type=\"application\/ld+json\" class=\"yoast-schema-graph\">{\"@context\":\"https:\/\/schema.org\",\"@graph\":[{\"@type\":\"Article\",\"@id\":\"https:\/\/www.africa-press.net\/cameroun\/politique\/cameroun-crise-anglophone-au-moins-six-separatistes-neutralises-par-larmee#article\",\"isPartOf\":{\"@id\":\"https:\/\/www.africa-press.net\/cameroun\/politique\/cameroun-crise-anglophone-au-moins-six-separatistes-neutralises-par-larmee\"},\"author\":{\"name\":\"cfeditorfr\",\"@id\":\"https:\/\/www.africa-press.net\/cameroun\/#\/schema\/person\/2b1cf3cd81a31e3cd26889ca66d677f1\"},\"headline\":\"Cameroun-crise anglophone : au moins six s\u00e9paratistes neutralis\u00e9s par l\u2019arm\u00e9e\",\"datePublished\":\"2022-09-13T16:23:12+00:00\",\"dateModified\":\"2022-09-13T18:01:53+00:00\",\"mainEntityOfPage\":{\"@id\":\"https:\/\/www.africa-press.net\/cameroun\/politique\/cameroun-crise-anglophone-au-moins-six-separatistes-neutralises-par-larmee\"},\"wordCount\":295,\"commentCount\":0,\"image\":{\"@id\":\"https:\/\/www.africa-press.net\/cameroun\/politique\/cameroun-crise-anglophone-au-moins-six-separatistes-neutralises-par-larmee#primaryimage\"},\"thumbnailUrl\":\"https:\/\/static.africa-press.net\/cameroun\/sites\/57\/2022\/09\/img-6320c5578464d.jpg\",\"keywords\":[\"Africa Press\",\"Africa Press-Cameroun\",\"Cameroun\"],\"articleSection\":[\"homepage-french\",\"Politique\",\"Toutes les actualit\u00e9s\"],\"inLanguage\":\"fr-FR\",\"potentialAction\":[{\"@type\":\"CommentAction\",\"name\":\"Comment\",\"target\":[\"https:\/\/www.africa-press.net\/cameroun\/politique\/cameroun-crise-anglophone-au-moins-six-separatistes-neutralises-par-larmee#respond\"]}]},{\"@type\":\"WebPage\",\"@id\":\"https:\/\/www.africa-press.net\/cameroun\/politique\/cameroun-crise-anglophone-au-moins-six-separatistes-neutralises-par-larmee\",\"url\":\"https:\/\/www.africa-press.net\/cameroun\/politique\/cameroun-crise-anglophone-au-moins-six-separatistes-neutralises-par-larmee\",\"name\":\"Cameroun-crise anglophone : au moins six s\u00e9paratistes neutralis\u00e9s par l\u2019arm\u00e9e - Cameroun\",\"isPartOf\":{\"@id\":\"https:\/\/www.africa-press.net\/cameroun\/#website\"},\"primaryImageOfPage\":{\"@id\":\"https:\/\/www.africa-press.net\/cameroun\/politique\/cameroun-crise-anglophone-au-moins-six-separatistes-neutralises-par-larmee#primaryimage\"},\"image\":{\"@id\":\"https:\/\/www.africa-press.net\/cameroun\/politique\/cameroun-crise-anglophone-au-moins-six-separatistes-neutralises-par-larmee#primaryimage\"},\"thumbnailUrl\":\"https:\/\/static.africa-press.net\/cameroun\/sites\/57\/2022\/09\/img-6320c5578464d.jpg\",\"datePublished\":\"2022-09-13T16:23:12+00:00\",\"dateModified\":\"2022-09-13T18:01:53+00:00\",\"author\":{\"@id\":\"https:\/\/www.africa-press.net\/cameroun\/#\/schema\/person\/2b1cf3cd81a31e3cd26889ca66d677f1\"},\"description\":\"Les forces de d\u00e9fense et de s\u00e9curit\u00e9 ont neutralis\u00e9 des combattants s\u00e9cessionnistes dans la r\u00e9gion du Nord-Ouest au c ...\",\"breadcrumb\":{\"@id\":\"https:\/\/www.africa-press.net\/cameroun\/politique\/cameroun-crise-anglophone-au-moins-six-separatistes-neutralises-par-larmee#breadcrumb\"},\"inLanguage\":\"fr-FR\",\"potentialAction\":[{\"@type\":\"ReadAction\",\"target\":[\"https:\/\/www.africa-press.net\/cameroun\/politique\/cameroun-crise-anglophone-au-moins-six-separatistes-neutralises-par-larmee\"]}]},{\"@type\":\"ImageObject\",\"inLanguage\":\"fr-FR\",\"@id\":\"https:\/\/www.africa-press.net\/cameroun\/politique\/cameroun-crise-anglophone-au-moins-six-separatistes-neutralises-par-larmee#primaryimage\",\"url\":\"https:\/\/static.africa-press.net\/cameroun\/sites\/57\/2022\/09\/img-6320c5578464d.jpg\",\"contentUrl\":\"https:\/\/static.africa-press.net\/cameroun\/sites\/57\/2022\/09\/img-6320c5578464d.jpg\",\"width\":780,\"height\":440,\"caption\":\"Cameroun-crise anglophone : au moins six s\u00e9paratistes neutralis\u00e9s par l\u2019arm\u00e9e\"},{\"@type\":\"BreadcrumbList\",\"@id\":\"https:\/\/www.africa-press.net\/cameroun\/politique\/cameroun-crise-anglophone-au-moins-six-separatistes-neutralises-par-larmee#breadcrumb\",\"itemListElement\":[{\"@type\":\"ListItem\",\"position\":1,\"name\":\"Accueil\",\"item\":\"https:\/\/www.africa-press.net\/cameroun\/\"},{\"@type\":\"ListItem\",\"position\":2,\"name\":\"Cameroun-crise anglophone : au moins six s\u00e9paratistes neutralis\u00e9s par l\u2019arm\u00e9e\"}]},{\"@type\":\"WebSite\",\"@id\":\"https:\/\/www.africa-press.net\/cameroun\/#website\",\"url\":\"https:\/\/www.africa-press.net\/cameroun\/\",\"name\":\"Cameroun\",\"description\":\"Just another Africa News Agency Sites site\",\"potentialAction\":[{\"@type\":\"SearchAction\",\"target\":{\"@type\":\"EntryPoint\",\"urlTemplate\":\"https:\/\/www.africa-press.net\/cameroun\/?s={search_term_string}\"},\"query-input\":{\"@type\":\"PropertyValueSpecification\",\"valueRequired\":true,\"valueName\":\"search_term_string\"}}],\"inLanguage\":\"fr-FR\"},{\"@type\":\"Person\",\"@id\":\"https:\/\/www.africa-press.net\/cameroun\/#\/schema\/person\/2b1cf3cd81a31e3cd26889ca66d677f1\",\"name\":\"cfeditorfr\"}]}<\/script>\n<!-- \/ Yoast SEO Premium plugin. -->","yoast_head_json":{"title":"Cameroun-crise anglophone : au moins six s\u00e9paratistes neutralis\u00e9s par l\u2019arm\u00e9e - Cameroun","description":"Les forces de d\u00e9fense et de s\u00e9curit\u00e9 ont neutralis\u00e9 des combattants s\u00e9cessionnistes dans la r\u00e9gion du Nord-Ouest au c ...","robots":{"index":"index","follow":"follow","max-snippet":"max-snippet:-1","max-image-preview":"max-image-preview:large","max-video-preview":"max-video-preview:-1"},"canonical":"https:\/\/www.africa-press.net\/cameroun\/politique\/cameroun-crise-anglophone-au-moins-six-separatistes-neutralises-par-larmee","og_locale":"fr_FR","og_type":"article","og_title":"Cameroun-crise anglophone : au moins six s\u00e9paratistes neutralis\u00e9s par l\u2019arm\u00e9e","og_description":"Les forces de d\u00e9fense et de s\u00e9curit\u00e9 ont neutralis\u00e9 des combattants s\u00e9cessionnistes dans la r\u00e9gion du Nord-Ouest au c ...","og_url":"https:\/\/www.africa-press.net\/cameroun\/politique\/cameroun-crise-anglophone-au-moins-six-separatistes-neutralises-par-larmee","og_site_name":"Cameroun","article_published_time":"2022-09-13T16:23:12+00:00","article_modified_time":"2022-09-13T18:01:53+00:00","og_image":[{"width":780,"height":440,"url":"https:\/\/static.africa-press.net\/cameroun\/sites\/57\/2022\/09\/img-6320c5578464d.jpg","type":"image\/jpeg"}],"author":"cfeditorfr","twitter_card":"summary_large_image","twitter_misc":{"\u00c9crit par":"cfeditorfr","Dur\u00e9e de lecture estim\u00e9e":"2 minutes"},"schema":{"@context":"https:\/\/schema.org","@graph":[{"@type":"Article","@id":"https:\/\/www.africa-press.net\/cameroun\/politique\/cameroun-crise-anglophone-au-moins-six-separatistes-neutralises-par-larmee#article","isPartOf":{"@id":"https:\/\/www.africa-press.net\/cameroun\/politique\/cameroun-crise-anglophone-au-moins-six-separatistes-neutralises-par-larmee"},"author":{"name":"cfeditorfr","@id":"https:\/\/www.africa-press.net\/cameroun\/#\/schema\/person\/2b1cf3cd81a31e3cd26889ca66d677f1"},"headline":"Cameroun-crise anglophone : au moins six s\u00e9paratistes neutralis\u00e9s par l\u2019arm\u00e9e","datePublished":"2022-09-13T16:23:12+00:00","dateModified":"2022-09-13T18:01:53+00:00","mainEntityOfPage":{"@id":"https:\/\/www.africa-press.net\/cameroun\/politique\/cameroun-crise-anglophone-au-moins-six-separatistes-neutralises-par-larmee"},"wordCount":295,"commentCount":0,"image":{"@id":"https:\/\/www.africa-press.net\/cameroun\/politique\/cameroun-crise-anglophone-au-moins-six-separatistes-neutralises-par-larmee#primaryimage"},"thumbnailUrl":"https:\/\/static.africa-press.net\/cameroun\/sites\/57\/2022\/09\/img-6320c5578464d.jpg","keywords":["Africa Press","Africa Press-Cameroun","Cameroun"],"articleSection":["homepage-french","Politique","Toutes les actualit\u00e9s"],"inLanguage":"fr-FR","potentialAction":[{"@type":"CommentAction","name":"Comment","target":["https:\/\/www.africa-press.net\/cameroun\/politique\/cameroun-crise-anglophone-au-moins-six-separatistes-neutralises-par-larmee#respond"]}]},{"@type":"WebPage","@id":"https:\/\/www.africa-press.net\/cameroun\/politique\/cameroun-crise-anglophone-au-moins-six-separatistes-neutralises-par-larmee","url":"https:\/\/www.africa-press.net\/cameroun\/politique\/cameroun-crise-anglophone-au-moins-six-separatistes-neutralises-par-larmee","name":"Cameroun-crise anglophone : au moins six s\u00e9paratistes neutralis\u00e9s par l\u2019arm\u00e9e - Cameroun","isPartOf":{"@id":"https:\/\/www.africa-press.net\/cameroun\/#website"},"primaryImageOfPage":{"@id":"https:\/\/www.africa-press.net\/cameroun\/politique\/cameroun-crise-anglophone-au-moins-six-separatistes-neutralises-par-larmee#primaryimage"},"image":{"@id":"https:\/\/www.africa-press.net\/cameroun\/politique\/cameroun-crise-anglophone-au-moins-six-separatistes-neutralises-par-larmee#primaryimage"},"thumbnailUrl":"https:\/\/static.africa-press.net\/cameroun\/sites\/57\/2022\/09\/img-6320c5578464d.jpg","datePublished":"2022-09-13T16:23:12+00:00","dateModified":"2022-09-13T18:01:53+00:00","author":{"@id":"https:\/\/www.africa-press.net\/cameroun\/#\/schema\/person\/2b1cf3cd81a31e3cd26889ca66d677f1"},"description":"Les forces de d\u00e9fense et de s\u00e9curit\u00e9 ont neutralis\u00e9 des combattants s\u00e9cessionnistes dans la r\u00e9gion du Nord-Ouest au c ...","breadcrumb":{"@id":"https:\/\/www.africa-press.net\/cameroun\/politique\/cameroun-crise-anglophone-au-moins-six-separatistes-neutralises-par-larmee#breadcrumb"},"inLanguage":"fr-FR","potentialAction":[{"@type":"ReadAction","target":["https:\/\/www.africa-press.net\/cameroun\/politique\/cameroun-crise-anglophone-au-moins-six-separatistes-neutralises-par-larmee"]}]},{"@type":"ImageObject","inLanguage":"fr-FR","@id":"https:\/\/www.africa-press.net\/cameroun\/politique\/cameroun-crise-anglophone-au-moins-six-separatistes-neutralises-par-larmee#primaryimage","url":"https:\/\/static.africa-press.net\/cameroun\/sites\/57\/2022\/09\/img-6320c5578464d.jpg","contentUrl":"https:\/\/static.africa-press.net\/cameroun\/sites\/57\/2022\/09\/img-6320c5578464d.jpg","width":780,"height":440,"caption":"Cameroun-crise anglophone : au moins six s\u00e9paratistes neutralis\u00e9s par l\u2019arm\u00e9e"},{"@type":"BreadcrumbList","@id":"https:\/\/www.africa-press.net\/cameroun\/politique\/cameroun-crise-anglophone-au-moins-six-separatistes-neutralises-par-larmee#breadcrumb","itemListElement":[{"@type":"ListItem","position":1,"name":"Accueil","item":"https:\/\/www.africa-press.net\/cameroun\/"},{"@type":"ListItem","position":2,"name":"Cameroun-crise anglophone : au moins six s\u00e9paratistes neutralis\u00e9s par l\u2019arm\u00e9e"}]},{"@type":"WebSite","@id":"https:\/\/www.africa-press.net\/cameroun\/#website","url":"https:\/\/www.africa-press.net\/cameroun\/","name":"Cameroun","description":"Just another Africa News Agency Sites site","potentialAction":[{"@type":"SearchAction","target":{"@type":"EntryPoint","urlTemplate":"https:\/\/www.africa-press.net\/cameroun\/?s={search_term_string}"},"query-input":{"@type":"PropertyValueSpecification","valueRequired":true,"valueName":"search_term_string"}}],"inLanguage":"fr-FR"},{"@type":"Person","@id":"https:\/\/www.africa-press.net\/cameroun\/#\/schema\/person\/2b1cf3cd81a31e3cd26889ca66d677f1","name":"cfeditorfr"}]}},"_links":{"self":[{"href":"https:\/\/www.africa-press.net\/cameroun\/wp-json\/wp\/v2\/posts\/27292","targetHints":{"allow":["GET"]}}],"collection":[{"href":"https:\/\/www.africa-press.net\/cameroun\/wp-json\/wp\/v2\/posts"}],"about":[{"href":"https:\/\/www.africa-press.net\/cameroun\/wp-json\/wp\/v2\/types\/post"}],"author":[{"embeddable":true,"href":"https:\/\/www.africa-press.net\/cameroun\/wp-json\/wp\/v2\/users\/82"}],"replies":[{"embeddable":true,"href":"https:\/\/www.africa-press.net\/cameroun\/wp-json\/wp\/v2\/comments?post=27292"}],"version-history":[{"count":0,"href":"https:\/\/www.africa-press.net\/cameroun\/wp-json\/wp\/v2\/posts\/27292\/revisions"}],"wp:featuredmedia":[{"embeddable":true,"href":"https:\/\/www.africa-press.net\/cameroun\/wp-json\/wp\/v2\/media\/27291"}],"wp:attachment":[{"href":"https:\/\/www.africa-press.net\/cameroun\/wp-json\/wp\/v2\/media?parent=27292"}],"wp:term":[{"taxonomy":"category","embeddable":true,"href":"https:\/\/www.africa-press.net\/cameroun\/wp-json\/wp\/v2\/categories?post=27292"},{"taxonomy":"post_tag","embeddable":true,"href":"https:\/\/www.africa-press.net\/cameroun\/wp-json\/wp\/v2\/tags?post=27292"}],"curies":[{"name":"wp","href":"https:\/\/api.w.org\/{rel}","templated":true}]}}